{"id":10022,"date":"2021-05-28T14:21:33","date_gmt":"2021-05-28T12:21:33","guid":{"rendered":"https:\/\/pensium.es\/retomar-normalidad-tras-covid\/"},"modified":"2021-06-04T11:38:50","modified_gmt":"2021-06-04T09:38:50","slug":"retomar-normalidad-tras-covid","status":"publish","type":"post","link":"https:\/\/pensium.es\/ca\/retomar-normalidad-tras-covid\/","title":{"rendered":"Retomar la normalidad tras el Covid-19"},"content":{"rendered":"\n\n<div class=\"kk-star-ratings kksr-auto kksr-align-left kksr-valign-top\"\n    data-payload='{&quot;align&quot;:&quot;left&quot;,&quot;id&quot;:&quot;10022&quot;,&quot;slug&quot;:&quot;default&quot;,&quot;valign&quot;:&quot;top&quot;,&quot;ignore&quot;:&quot;&quot;,&quot;reference&quot;:&quot;auto&quot;,&quot;class&quot;:&quot;&quot;,&quot;count&quot;:&quot;1&quot;,&quot;legendonly&quot;:&quot;&quot;,&quot;readonly&quot;:&quot;&quot;,&quot;score&quot;:&quot;5&quot;,&quot;starsonly&quot;:&quot;&quot;,&quot;best&quot;:&quot;5&quot;,&quot;gap&quot;:&quot;5&quot;,&quot;greet&quot;:&quot;Rate this post&quot;,&quot;legend&quot;:&quot;5\\\/5 - (1 vote)&quot;,&quot;size&quot;:&quot;24&quot;,&quot;title&quot;:&quot;Retomar la normalidad tras el Covid-19&quot;,&quot;width&quot;:&quot;142.5&quot;,&quot;_legend&quot;:&quot;{score}\\\/{best} - ({count} {votes})&quot;,&quot;font_factor&quot;:&quot;1.25&quot;}'>\n            \n<div class=\"kksr-stars\">\n    \n<div class=\"kksr-stars-inactive\">\n            <div class=\"kksr-star\" data-star=\"1\" style=\"padding-right: 5px\">\n            \n\n<div class=\"kksr-icon\" style=\"width: 24px; height: 24px;\"><\/div>\n        <\/div>\n            <div class=\"kksr-star\" data-star=\"2\" style=\"padding-right: 5px\">\n            \n\n<div class=\"kksr-icon\" style=\"width: 24px; height: 24px;\"><\/div>\n        <\/div>\n            <div class=\"kksr-star\" data-star=\"3\" style=\"padding-right: 5px\">\n            \n\n<div class=\"kksr-icon\" style=\"width: 24px; height: 24px;\"><\/div>\n        <\/div>\n            <div class=\"kksr-star\" data-star=\"4\" style=\"padding-right: 5px\">\n            \n\n<div class=\"kksr-icon\" style=\"width: 24px; height: 24px;\"><\/div>\n        <\/div>\n            <div class=\"kksr-star\" data-star=\"5\" style=\"padding-right: 5px\">\n            \n\n<div class=\"kksr-icon\" style=\"width: 24px; height: 24px;\"><\/div>\n        <\/div>\n    <\/div>\n    \n<div class=\"kksr-stars-active\" style=\"width: 142.5px;\">\n            <div class=\"kksr-star\" style=\"padding-right: 5px\">\n            \n\n<div class=\"kksr-icon\" style=\"width: 24px; height: 24px;\"><\/div>\n        <\/div>\n            <div class=\"kksr-star\" style=\"padding-right: 5px\">\n            \n\n<div class=\"kksr-icon\" style=\"width: 24px; height: 24px;\"><\/div>\n        <\/div>\n            <div class=\"kksr-star\" style=\"padding-right: 5px\">\n            \n\n<div class=\"kksr-icon\" style=\"width: 24px; height: 24px;\"><\/div>\n        <\/div>\n            <div class=\"kksr-star\" style=\"padding-right: 5px\">\n            \n\n<div class=\"kksr-icon\" style=\"width: 24px; height: 24px;\"><\/div>\n        <\/div>\n            <div class=\"kksr-star\" style=\"padding-right: 5px\">\n            \n\n<div class=\"kksr-icon\" style=\"width: 24px; height: 24px;\"><\/div>\n        <\/div>\n    <\/div>\n<\/div>\n                \n\n<div class=\"kksr-legend\" style=\"font-size: 19.2px;\">\n            5\/5 - (1 vote)    <\/div>\n    <\/div>\n<p>Hasta hace poco m\u00e1s de un a\u00f1o est\u00e1bamos acostumbrados a ver las crisis humanitarias a trav\u00e9s de las pantallas; las observ\u00e1bamos desde la lejan\u00eda. Sin embargo, la pandemia del Covid-19 se ha metido en nuestras casas en el sentido m\u00e1s literal y nos ha hecho vivir una experiencia social traum\u00e1tica, por la p\u00e9rdida de vidas humanas, el colapso de los sistemas sanitarios, el sufrimiento de personas afectadas por el virus, el confinamiento, etc.<\/p>\n<p>Pero poco a poco vamos retomando la normalidad. Una nueva normalidad que nada tiene que ver con la vida anterior al Covid-19.<\/p>\n<p>Las personas mayores son las que se han visto m\u00e1s afectadas, y el hecho de no poder ver a sus allegados ha sido lo peor para ellos. Esta pandemia ha puesto en manifiesto la importancia de la familia y los entornos m\u00e1s pr\u00f3ximos. Es muy importante que los mayores puedan sentirse cerca de los suyos y, por fin, ya ha llegado la hora de reemprender el contacto con la familia.<\/p>\n<p><span style=\"color: #e86322;\"><strong>Retomar viejas costumbres no significa dejar de tomar precauciones<\/strong><\/span><\/p>\n<p>Aunque todos tengamos muchas ganas de abrazarnos y de realizar actividades con nuestros familiares y amigos, no debemos perder de vista que, igual que la pandemia nos oblig\u00f3 a cambiar nuestros h\u00e1bitos y a adaptarnos a un nuevo entorno, <strong>el retorno a la actividad social tambi\u00e9n requiere cierta adaptaci\u00f3n<\/strong> para asegurarnos de que lo hacemos de forma segura, especialmente en el caso de las personas mayores.<\/p>\n<p>Ahora ya podemos visitar a nuestros padres, abuelos, familiares, etc., pero si se trata de personas mayores, y especialmente si son personas que est\u00e1n en una residencia, debemos ser cuidadosos. Aunque en casi su totalidad las personas mayores ya est\u00e1n vacunadas, hay otros aspectos importantes que debemos tener en cuenta. Debemos ser conscientes de que su actividad diaria a d\u00eda de hoy no es igual a la que ten\u00edan antes de la pandemia. Si antes les hac\u00edamos visitas dos veces a la semana y d\u00e1bamos largos paseos con ellos, ahora podemos retomarlos, pero adaptando la actividad a su situaci\u00f3n actual, ya que tras muchos meses de menor actividad, posiblemente necesiten algo de tiempo para adquirir de nuevo ese ritmo que ten\u00edan antes de la pandemia.<\/p>\n<p>Tambi\u00e9n es importante organizar las visitas y encuentros familiares con mayores. Seguro que tanto nosotros como ellos estamos deseosos de vernos todos a la vez, pero debemos seguir cumpliendo los protocolos y normativas de seguridad indicados por las autoridades sanitarias, a\u00fan estando vacunados: respetar la distancia de seguridad, mantener el lavado de manos y uso de mascarilla.<\/p>\n<p>Por otro lado, debemos evitar situaciones que acaben siendo estresantes para ellos. En este sentido, ser\u00e1 mucho mejor para la persona mayor ir viendo a la familia poco a poco, en peque\u00f1os grupos de m\u00e1ximo tres personas, que organizar un gran encuentro. Adem\u00e1s, este tipo de visitas m\u00e1s repartidas en el tiempo permite a las personas mayores tener peque\u00f1as ilusiones diarias, lo que sin duda ser\u00e1 positivo para su bienestar emocional.<\/p>\n<p>Convivir con el Covid-19 nos ha ense\u00f1ado la fragilidad del ser humano y la importancia del afecto y del contacto familiar. Pero tambi\u00e9n nos ha demostrado la gran capacidad de adaptaci\u00f3n que podemos tener, y este es un aspecto que debemos seguir aplicando para que la desescalada y la vuelta a la normalidad sea lo m\u00e1s segura posible para todos.<\/p>\n","protected":false},"excerpt":{"rendered":"<p>Hasta hace poco m\u00e1s de un a\u00f1o est\u00e1bamos acostumbrados a ver las crisis humanitarias a trav\u00e9s de las pantallas; las observ\u00e1bamos desde la lejan\u00eda. Sin embargo, la pandemia del Covid-19 se ha metido en nuestras casas en el sentido m\u00e1s literal y nos ha hecho vivir una experiencia social traum\u00e1tica, por la p\u00e9rdida de vidas &#8230; <a class=\"excerpt-readmore\" href=\"https:\/\/pensium.es\/ca\/retomar-normalidad-tras-covid\/\">Read More<\/a><\/p>\n","protected":false},"author":4,"featured_media":9920,"comment_status":"open","ping_status":"closed","sticky":false,"template":"","format":"standard","meta":{"footnotes":""},"categories":[],"tags":[],"class_list":["post-10022","post","type-post","status-publish","format-standard","has-post-thumbnail","hentry"],"yoast_head":"<!-- This site is optimized with the Yoast SEO plugin v27.3 - https:\/\/yoast.com\/product\/yoast-seo-wordpress\/ -->\n<title>Retomar la normalidad tras el Covid-19<\/title>\n<meta name=\"description\" content=\"Poco a poco vamos viendo luz al final del t\u00fanel, pero \u00bfqu\u00e9 nos depara la nueva normalidad tras el covid? \u00bfqu\u00e9 podemos esperar?\" \/>\n<meta name=\"robots\" content=\"index, follow, max-snippet:-1, max-image-preview:large, max-video-preview:-1\" \/>\n<link rel=\"canonical\" href=\"https:\/\/pensium.es\/ca\/retomar-normalidad-tras-covid\/\" \/>\n<meta property=\"og:locale\" content=\"ca_ES\" \/>\n<meta property=\"og:type\" content=\"article\" \/>\n<meta property=\"og:title\" content=\"Retomar la normalidad tras el Covid-19\" \/>\n<meta property=\"og:description\" content=\"Poco a poco vamos viendo luz al final del t\u00fanel, pero \u00bfqu\u00e9 nos depara la nueva normalidad tras el covid? \u00bfqu\u00e9 podemos esperar?\" \/>\n<meta property=\"og:url\" content=\"https:\/\/pensium.es\/retomar-normalidad-tras-covid\" \/>\n<meta property=\"og:site_name\" content=\"Pensium\" \/>\n<meta property=\"article:publisher\" content=\"https:\/\/www.facebook.com\/pensium.es\/\" \/>\n<meta property=\"article:published_time\" content=\"2021-05-28T12:21:33+00:00\" \/>\n<meta property=\"article:modified_time\" content=\"2021-06-04T09:38:50+00:00\" \/>\n<meta property=\"og:image\" content=\"https:\/\/pensium.es\/wp-content\/uploads\/2021\/05\/normalidad-tras-covid.png\" \/>\n\t<meta property=\"og:image:width\" content=\"945\" \/>\n\t<meta property=\"og:image:height\" content=\"456\" \/>\n\t<meta property=\"og:image:type\" content=\"image\/png\" \/>\n<meta name=\"author\" content=\"Pensium\" \/>\n<meta name=\"twitter:card\" content=\"summary_large_image\" \/>\n<meta name=\"twitter:label1\" content=\"Escrit per\" \/>\n\t<meta name=\"twitter:data1\" content=\"Pensium\" \/>\n\t<meta name=\"twitter:label2\" content=\"Temps estimat de lectura\" \/>\n\t<meta name=\"twitter:data2\" content=\"3 minuts\" \/>\n<script type=\"application\/ld+json\" class=\"yoast-schema-graph\">{\"@context\":\"https:\\\/\\\/schema.org\",\"@graph\":[{\"@type\":\"Article\",\"@id\":\"https:\\\/\\\/pensium.es\\\/retomar-normalidad-tras-covid#article\",\"isPartOf\":{\"@id\":\"https:\\\/\\\/pensium.es\\\/ca\\\/retomar-normalidad-tras-covid\\\/\"},\"author\":{\"name\":\"Pensium\",\"@id\":\"https:\\\/\\\/pensium.es\\\/ca\\\/#\\\/schema\\\/person\\\/3b2c54086c781c3b9d4903a784f4049f\"},\"headline\":\"Retomar la normalidad tras el Covid-19\",\"datePublished\":\"2021-05-28T12:21:33+00:00\",\"dateModified\":\"2021-06-04T09:38:50+00:00\",\"mainEntityOfPage\":{\"@id\":\"https:\\\/\\\/pensium.es\\\/ca\\\/retomar-normalidad-tras-covid\\\/\"},\"wordCount\":593,\"commentCount\":0,\"image\":{\"@id\":\"https:\\\/\\\/pensium.es\\\/retomar-normalidad-tras-covid#primaryimage\"},\"thumbnailUrl\":\"https:\\\/\\\/pensium.es\\\/wp-content\\\/uploads\\\/2021\\\/05\\\/normalidad-tras-covid.png\",\"inLanguage\":\"ca\",\"potentialAction\":[{\"@type\":\"CommentAction\",\"name\":\"Comment\",\"target\":[\"https:\\\/\\\/pensium.es\\\/retomar-normalidad-tras-covid#respond\"]}]},{\"@type\":\"WebPage\",\"@id\":\"https:\\\/\\\/pensium.es\\\/ca\\\/retomar-normalidad-tras-covid\\\/\",\"url\":\"https:\\\/\\\/pensium.es\\\/retomar-normalidad-tras-covid\",\"name\":\"Retomar la normalidad tras el Covid-19\",\"isPartOf\":{\"@id\":\"https:\\\/\\\/pensium.es\\\/ca\\\/#website\"},\"primaryImageOfPage\":{\"@id\":\"https:\\\/\\\/pensium.es\\\/retomar-normalidad-tras-covid#primaryimage\"},\"image\":{\"@id\":\"https:\\\/\\\/pensium.es\\\/retomar-normalidad-tras-covid#primaryimage\"},\"thumbnailUrl\":\"https:\\\/\\\/pensium.es\\\/wp-content\\\/uploads\\\/2021\\\/05\\\/normalidad-tras-covid.png\",\"datePublished\":\"2021-05-28T12:21:33+00:00\",\"dateModified\":\"2021-06-04T09:38:50+00:00\",\"author\":{\"@id\":\"https:\\\/\\\/pensium.es\\\/ca\\\/#\\\/schema\\\/person\\\/3b2c54086c781c3b9d4903a784f4049f\"},\"description\":\"Poco a poco vamos viendo luz al final del t\u00fanel, pero \u00bfqu\u00e9 nos depara la nueva normalidad tras el covid? \u00bfqu\u00e9 podemos esperar?\",\"breadcrumb\":{\"@id\":\"https:\\\/\\\/pensium.es\\\/retomar-normalidad-tras-covid#breadcrumb\"},\"inLanguage\":\"ca\",\"potentialAction\":[{\"@type\":\"ReadAction\",\"target\":[\"https:\\\/\\\/pensium.es\\\/retomar-normalidad-tras-covid\"]}]},{\"@type\":\"ImageObject\",\"inLanguage\":\"ca\",\"@id\":\"https:\\\/\\\/pensium.es\\\/retomar-normalidad-tras-covid#primaryimage\",\"url\":\"https:\\\/\\\/pensium.es\\\/wp-content\\\/uploads\\\/2021\\\/05\\\/normalidad-tras-covid.png\",\"contentUrl\":\"https:\\\/\\\/pensium.es\\\/wp-content\\\/uploads\\\/2021\\\/05\\\/normalidad-tras-covid.png\",\"width\":945,\"height\":456,\"caption\":\"nueva normalidad\"},{\"@type\":\"BreadcrumbList\",\"@id\":\"https:\\\/\\\/pensium.es\\\/retomar-normalidad-tras-covid#breadcrumb\",\"itemListElement\":[{\"@type\":\"ListItem\",\"position\":1,\"name\":\"Inicio\",\"item\":\"https:\\\/\\\/pensium.es\\\/ca\\\/\"},{\"@type\":\"ListItem\",\"position\":2,\"name\":\"Retomar la normalidad tras el Covid-19\"}]},{\"@type\":\"WebSite\",\"@id\":\"https:\\\/\\\/pensium.es\\\/ca\\\/#website\",\"url\":\"https:\\\/\\\/pensium.es\\\/ca\\\/\",\"name\":\"Pensium\",\"description\":\"Paga la resid\u00e8ncia de la gent gran amb l'avan\u00e7ament del lloguer de l'habitatge\",\"potentialAction\":[{\"@type\":\"SearchAction\",\"target\":{\"@type\":\"EntryPoint\",\"urlTemplate\":\"https:\\\/\\\/pensium.es\\\/ca\\\/?s={search_term_string}\"},\"query-input\":{\"@type\":\"PropertyValueSpecification\",\"valueRequired\":true,\"valueName\":\"search_term_string\"}}],\"inLanguage\":\"ca\"},{\"@type\":\"Person\",\"@id\":\"https:\\\/\\\/pensium.es\\\/ca\\\/#\\\/schema\\\/person\\\/3b2c54086c781c3b9d4903a784f4049f\",\"name\":\"Pensium\",\"image\":{\"@type\":\"ImageObject\",\"inLanguage\":\"ca\",\"@id\":\"https:\\\/\\\/secure.gravatar.com\\\/avatar\\\/676b3457f9f57981f28982fb1f950341359281c6cba0f3f7366cd94ca4f532bd?s=96&d=mm&r=g\",\"url\":\"https:\\\/\\\/secure.gravatar.com\\\/avatar\\\/676b3457f9f57981f28982fb1f950341359281c6cba0f3f7366cd94ca4f532bd?s=96&d=mm&r=g\",\"contentUrl\":\"https:\\\/\\\/secure.gravatar.com\\\/avatar\\\/676b3457f9f57981f28982fb1f950341359281c6cba0f3f7366cd94ca4f532bd?s=96&d=mm&r=g\",\"caption\":\"Pensium\"},\"url\":\"https:\\\/\\\/pensium.es\\\/ca\\\/author\\\/pensium-2\\\/\"}]}<\/script>\n<!-- \/ Yoast SEO plugin. -->","yoast_head_json":{"title":"Retomar la normalidad tras el Covid-19","description":"Poco a poco vamos viendo luz al final del t\u00fanel, pero \u00bfqu\u00e9 nos depara la nueva normalidad tras el covid? \u00bfqu\u00e9 podemos esperar?","robots":{"index":"index","follow":"follow","max-snippet":"max-snippet:-1","max-image-preview":"max-image-preview:large","max-video-preview":"max-video-preview:-1"},"canonical":"https:\/\/pensium.es\/ca\/retomar-normalidad-tras-covid\/","og_locale":"ca_ES","og_type":"article","og_title":"Retomar la normalidad tras el Covid-19","og_description":"Poco a poco vamos viendo luz al final del t\u00fanel, pero \u00bfqu\u00e9 nos depara la nueva normalidad tras el covid? \u00bfqu\u00e9 podemos esperar?","og_url":"https:\/\/pensium.es\/retomar-normalidad-tras-covid","og_site_name":"Pensium","article_publisher":"https:\/\/www.facebook.com\/pensium.es\/","article_published_time":"2021-05-28T12:21:33+00:00","article_modified_time":"2021-06-04T09:38:50+00:00","og_image":[{"width":945,"height":456,"url":"https:\/\/pensium.es\/wp-content\/uploads\/2021\/05\/normalidad-tras-covid.png","type":"image\/png"}],"author":"Pensium","twitter_card":"summary_large_image","twitter_misc":{"Escrit per":"Pensium","Temps estimat de lectura":"3 minuts"},"schema":{"@context":"https:\/\/schema.org","@graph":[{"@type":"Article","@id":"https:\/\/pensium.es\/retomar-normalidad-tras-covid#article","isPartOf":{"@id":"https:\/\/pensium.es\/ca\/retomar-normalidad-tras-covid\/"},"author":{"name":"Pensium","@id":"https:\/\/pensium.es\/ca\/#\/schema\/person\/3b2c54086c781c3b9d4903a784f4049f"},"headline":"Retomar la normalidad tras el Covid-19","datePublished":"2021-05-28T12:21:33+00:00","dateModified":"2021-06-04T09:38:50+00:00","mainEntityOfPage":{"@id":"https:\/\/pensium.es\/ca\/retomar-normalidad-tras-covid\/"},"wordCount":593,"commentCount":0,"image":{"@id":"https:\/\/pensium.es\/retomar-normalidad-tras-covid#primaryimage"},"thumbnailUrl":"https:\/\/pensium.es\/wp-content\/uploads\/2021\/05\/normalidad-tras-covid.png","inLanguage":"ca","potentialAction":[{"@type":"CommentAction","name":"Comment","target":["https:\/\/pensium.es\/retomar-normalidad-tras-covid#respond"]}]},{"@type":"WebPage","@id":"https:\/\/pensium.es\/ca\/retomar-normalidad-tras-covid\/","url":"https:\/\/pensium.es\/retomar-normalidad-tras-covid","name":"Retomar la normalidad tras el Covid-19","isPartOf":{"@id":"https:\/\/pensium.es\/ca\/#website"},"primaryImageOfPage":{"@id":"https:\/\/pensium.es\/retomar-normalidad-tras-covid#primaryimage"},"image":{"@id":"https:\/\/pensium.es\/retomar-normalidad-tras-covid#primaryimage"},"thumbnailUrl":"https:\/\/pensium.es\/wp-content\/uploads\/2021\/05\/normalidad-tras-covid.png","datePublished":"2021-05-28T12:21:33+00:00","dateModified":"2021-06-04T09:38:50+00:00","author":{"@id":"https:\/\/pensium.es\/ca\/#\/schema\/person\/3b2c54086c781c3b9d4903a784f4049f"},"description":"Poco a poco vamos viendo luz al final del t\u00fanel, pero \u00bfqu\u00e9 nos depara la nueva normalidad tras el covid? \u00bfqu\u00e9 podemos esperar?","breadcrumb":{"@id":"https:\/\/pensium.es\/retomar-normalidad-tras-covid#breadcrumb"},"inLanguage":"ca","potentialAction":[{"@type":"ReadAction","target":["https:\/\/pensium.es\/retomar-normalidad-tras-covid"]}]},{"@type":"ImageObject","inLanguage":"ca","@id":"https:\/\/pensium.es\/retomar-normalidad-tras-covid#primaryimage","url":"https:\/\/pensium.es\/wp-content\/uploads\/2021\/05\/normalidad-tras-covid.png","contentUrl":"https:\/\/pensium.es\/wp-content\/uploads\/2021\/05\/normalidad-tras-covid.png","width":945,"height":456,"caption":"nueva normalidad"},{"@type":"BreadcrumbList","@id":"https:\/\/pensium.es\/retomar-normalidad-tras-covid#breadcrumb","itemListElement":[{"@type":"ListItem","position":1,"name":"Inicio","item":"https:\/\/pensium.es\/ca\/"},{"@type":"ListItem","position":2,"name":"Retomar la normalidad tras el Covid-19"}]},{"@type":"WebSite","@id":"https:\/\/pensium.es\/ca\/#website","url":"https:\/\/pensium.es\/ca\/","name":"Pensium","description":"Paga la resid\u00e8ncia de la gent gran amb l'avan\u00e7ament del lloguer de l'habitatge","potentialAction":[{"@type":"SearchAction","target":{"@type":"EntryPoint","urlTemplate":"https:\/\/pensium.es\/ca\/?s={search_term_string}"},"query-input":{"@type":"PropertyValueSpecification","valueRequired":true,"valueName":"search_term_string"}}],"inLanguage":"ca"},{"@type":"Person","@id":"https:\/\/pensium.es\/ca\/#\/schema\/person\/3b2c54086c781c3b9d4903a784f4049f","name":"Pensium","image":{"@type":"ImageObject","inLanguage":"ca","@id":"https:\/\/secure.gravatar.com\/avatar\/676b3457f9f57981f28982fb1f950341359281c6cba0f3f7366cd94ca4f532bd?s=96&d=mm&r=g","url":"https:\/\/secure.gravatar.com\/avatar\/676b3457f9f57981f28982fb1f950341359281c6cba0f3f7366cd94ca4f532bd?s=96&d=mm&r=g","contentUrl":"https:\/\/secure.gravatar.com\/avatar\/676b3457f9f57981f28982fb1f950341359281c6cba0f3f7366cd94ca4f532bd?s=96&d=mm&r=g","caption":"Pensium"},"url":"https:\/\/pensium.es\/ca\/author\/pensium-2\/"}]}},"_links":{"self":[{"href":"https:\/\/pensium.es\/ca\/wp-json\/wp\/v2\/posts\/10022","targetHints":{"allow":["GET"]}}],"collection":[{"href":"https:\/\/pensium.es\/ca\/wp-json\/wp\/v2\/posts"}],"about":[{"href":"https:\/\/pensium.es\/ca\/wp-json\/wp\/v2\/types\/post"}],"author":[{"embeddable":true,"href":"https:\/\/pensium.es\/ca\/wp-json\/wp\/v2\/users\/4"}],"replies":[{"embeddable":true,"href":"https:\/\/pensium.es\/ca\/wp-json\/wp\/v2\/comments?post=10022"}],"version-history":[{"count":1,"href":"https:\/\/pensium.es\/ca\/wp-json\/wp\/v2\/posts\/10022\/revisions"}],"predecessor-version":[{"id":10023,"href":"https:\/\/pensium.es\/ca\/wp-json\/wp\/v2\/posts\/10022\/revisions\/10023"}],"wp:featuredmedia":[{"embeddable":true,"href":"https:\/\/pensium.es\/ca\/wp-json\/wp\/v2\/media\/9920"}],"wp:attachment":[{"href":"https:\/\/pensium.es\/ca\/wp-json\/wp\/v2\/media?parent=10022"}],"wp:term":[{"taxonomy":"category","embeddable":true,"href":"https:\/\/pensium.es\/ca\/wp-json\/wp\/v2\/categories?post=10022"},{"taxonomy":"post_tag","embeddable":true,"href":"https:\/\/pensium.es\/ca\/wp-json\/wp\/v2\/tags?post=10022"}],"curies":[{"name":"wp","href":"https:\/\/api.w.org\/{rel}","templated":true}]}}