{"id":10488,"date":"2021-08-03T16:07:13","date_gmt":"2021-08-03T14:07:13","guid":{"rendered":"https:\/\/pensium.es\/soledad-personas-mayores-verano\/"},"modified":"2021-08-03T16:09:21","modified_gmt":"2021-08-03T14:09:21","slug":"soledad-personas-mayores-verano","status":"publish","type":"post","link":"https:\/\/pensium.es\/ca\/soledad-personas-mayores-verano\/","title":{"rendered":"La soledad en las personas mayores en verano"},"content":{"rendered":"\n\n<div class=\"kk-star-ratings kksr-auto kksr-align-left kksr-valign-top\"\n    data-payload='{&quot;align&quot;:&quot;left&quot;,&quot;id&quot;:&quot;10488&quot;,&quot;slug&quot;:&quot;default&quot;,&quot;valign&quot;:&quot;top&quot;,&quot;ignore&quot;:&quot;&quot;,&quot;reference&quot;:&quot;auto&quot;,&quot;class&quot;:&quot;&quot;,&quot;count&quot;:&quot;0&quot;,&quot;legendonly&quot;:&quot;&quot;,&quot;readonly&quot;:&quot;&quot;,&quot;score&quot;:&quot;0&quot;,&quot;starsonly&quot;:&quot;&quot;,&quot;best&quot;:&quot;5&quot;,&quot;gap&quot;:&quot;5&quot;,&quot;greet&quot;:&quot;Rate this post&quot;,&quot;legend&quot;:&quot;0\\\/5 - (0 votes)&quot;,&quot;size&quot;:&quot;24&quot;,&quot;title&quot;:&quot;La soledad en las personas mayores en verano&quot;,&quot;width&quot;:&quot;0&quot;,&quot;_legend&quot;:&quot;{score}\\\/{best} - ({count} {votes})&quot;,&quot;font_factor&quot;:&quot;1.25&quot;}'>\n            \n<div class=\"kksr-stars\">\n    \n<div class=\"kksr-stars-inactive\">\n            <div class=\"kksr-star\" data-star=\"1\" style=\"padding-right: 5px\">\n            \n\n<div class=\"kksr-icon\" style=\"width: 24px; height: 24px;\"><\/div>\n        <\/div>\n            <div class=\"kksr-star\" data-star=\"2\" style=\"padding-right: 5px\">\n            \n\n<div class=\"kksr-icon\" style=\"width: 24px; height: 24px;\"><\/div>\n        <\/div>\n            <div class=\"kksr-star\" data-star=\"3\" style=\"padding-right: 5px\">\n            \n\n<div class=\"kksr-icon\" style=\"width: 24px; height: 24px;\"><\/div>\n        <\/div>\n            <div class=\"kksr-star\" data-star=\"4\" style=\"padding-right: 5px\">\n            \n\n<div class=\"kksr-icon\" style=\"width: 24px; height: 24px;\"><\/div>\n        <\/div>\n            <div class=\"kksr-star\" data-star=\"5\" style=\"padding-right: 5px\">\n            \n\n<div class=\"kksr-icon\" style=\"width: 24px; height: 24px;\"><\/div>\n        <\/div>\n    <\/div>\n    \n<div class=\"kksr-stars-active\" style=\"width: 0px;\">\n            <div class=\"kksr-star\" style=\"padding-right: 5px\">\n            \n\n<div class=\"kksr-icon\" style=\"width: 24px; height: 24px;\"><\/div>\n        <\/div>\n            <div class=\"kksr-star\" style=\"padding-right: 5px\">\n            \n\n<div class=\"kksr-icon\" style=\"width: 24px; height: 24px;\"><\/div>\n        <\/div>\n            <div class=\"kksr-star\" style=\"padding-right: 5px\">\n            \n\n<div class=\"kksr-icon\" style=\"width: 24px; height: 24px;\"><\/div>\n        <\/div>\n            <div class=\"kksr-star\" style=\"padding-right: 5px\">\n            \n\n<div class=\"kksr-icon\" style=\"width: 24px; height: 24px;\"><\/div>\n        <\/div>\n            <div class=\"kksr-star\" style=\"padding-right: 5px\">\n            \n\n<div class=\"kksr-icon\" style=\"width: 24px; height: 24px;\"><\/div>\n        <\/div>\n    <\/div>\n<\/div>\n                \n\n<div class=\"kksr-legend\" style=\"font-size: 19.2px;\">\n            <span class=\"kksr-muted\">Rate this post<\/span>\n    <\/div>\n    <\/div>\n<p>A menudo hablamos de la <span style=\"text-decoration: underline;\"><span style=\"color: #e86322;\"><a style=\"color: #e86322; text-decoration: underline;\" href=\"https:\/\/pensium.es\/la-soledad-en-la-tercera-edad\/\">soledad en la tercera edad<\/a><\/span><\/span> cuando se acercan \u00e9pocas navide\u00f1as, unas fechas en las que los mayores que no pueden estar con sus familias se pueden llegar a sentir especialmente solos.<\/p>\n<p>Sin embargo, seg\u00fan varios estudios estad\u00edsticos realizados por el Instituto de Mayores y Servicios Sociales (IMSERSO), el verano tambi\u00e9n resulta ser una \u00e9poca complicada para muchas personas mayores a nivel emocional. Si hablamos de cifras, los \u00faltimos estudios confirman que el 11,4% de las personas mayores se sienten solas a diario. Cifra que aumenta con la llegada del verano, coincidiendo con el per\u00edodo de viajes vacacionales de familiares, amigos y vecinos.<\/p>\n<p>Si a ello le sumamos que, debido a las altas temperaturas t\u00edpicas en esta \u00e9poca del a\u00f1o y a la necesidad de ser prudentes en las interacciones sociales por la situaci\u00f3n de pandemia, los contactos con el exterior son menos frecuentes, la situaci\u00f3n empeora.<\/p>\n<p>Y es que se est\u00e1 empezando a demostrar que la soledad puede tener un fuerte impacto en la salud de las personas mayores, tanto a nivel f\u00edsico como a nivel psicol\u00f3gico. Seg\u00fan concluyen varias investigaciones, la soledad no deseada empeora el funcionamiento vascular, aumenta la presi\u00f3n sist\u00f3lica, eleva las alteraciones del sistema inmune, acent\u00faa la obesidad y empeora la movilidad. A nivel psicol\u00f3gico, los mayores que viven en situaci\u00f3n de soledad no deseada\u00a0tienen mayor riesgo de sufrir depresi\u00f3n o Alzheimer, m\u00e1s problemas de sue\u00f1o y mayor deterioro cognitivo.<\/p>\n<p>Por todo ello, es de vital importancia tener en mente los familiares mayores cuando planificamos las vacaciones. Si bien es perfectamente posible <span style=\"text-decoration: underline; color: #e86322;\"><a style=\"color: #e86322; text-decoration: underline;\" href=\"https:\/\/pensium.es\/vacaciones-personas-mayores\/\">viajar con personas mayores<\/a><\/span> e incluirlas en los planes familiares de verano, es cierto que en muchas ocasiones puede resultar complicado.<\/p>\n<p>En tal caso, lo recomendable siempre es coordinar las vacaciones familiares de tal modo que la persona mayor no se quede muchos d\u00edas sola sin ning\u00fan familiar cerca. En caso que esto tampoco sea posible, siempre tenemos la opci\u00f3n de contratar un cuidador profesional durante esos d\u00edas.<\/p>\n<p>Es habitual pensar que, si siempre estamos all\u00ed, no va a pasar nada por ausentarnos un par de semanas al a\u00f1o. Pero para la persona que se queda sola estos pocos d\u00edas se hacen eternos, y a\u00fan m\u00e1s si el estado de salud es delicado. Adem\u00e1s, despu\u00e9s de todo lo que hemos vivido el \u00faltimo a\u00f1o y medio, muchas personas est\u00e1n psicol\u00f3gicamente vulnerables y cualquier cambio de rutina que suponga incrementar el sentimiento de soledad no va ser para nada positivo.<\/p>\n<p>Si se da el caso que el familiar mayor goza de buena salud pero no se ve con ganas de unirse a las vacaciones familiares, es bueno planificar algunas actividades grupales para estos d\u00edas, que le incentiven a salir de casa y a estar en contacto con otras personas.<\/p>\n<p>Tal es la importancia de este tema, que cada vez son m\u00e1s las entidades que llevan a cabo accione para mitigar la soledad de las personas mayores. Algunos ejemplos son la <span style=\"text-decoration: underline; color: #e86322;\"><a style=\"color: #e86322; text-decoration: underline;\" href=\"http:\/\/www.amigosdelosmayores.org\/\">Fundaci\u00f3n Amigos de los Mayores<\/a><\/span>, que hace ya 34 a\u00f1os que lleva a cabo acciones sociales para luchar contra la soledad de las personas mayores en verano, reforzando el acompa\u00f1amiento emocional a los mayores y organizando un programa de actividades extraordinarias para evitar que aumente su soledad durante los meses de verano. O <span style=\"text-decoration: underline;\"><span style=\"color: #e86322;\"><a style=\"color: #e86322; text-decoration: underline;\" href=\"https:\/\/adoptaunabuelo.org\/\">Adopta un abuelo<\/a><\/span><\/span>, que promueve acciones tan diversas como visitas a personas mayores en sus casas o en la residencia, env\u00edo de cartas a personas mayores, acompa\u00f1amiento telef\u00f3nico, talleres, etc.<\/p>\n<p>La familia es importante, pero cuando est\u00e1 lejos o no dispone del tiempo necesario, estas entidades ayudan a que las personas mayores mantengan el aliciente del contacto con personas que pueden llegar a ser para ellos como su segunda familia.<\/p>\n","protected":false},"excerpt":{"rendered":"<p>A menudo hablamos de la soledad en la tercera edad cuando se acercan \u00e9pocas navide\u00f1as, unas fechas en las que los mayores que no pueden estar con sus familias se pueden llegar a sentir especialmente solos. Sin embargo, seg\u00fan varios estudios estad\u00edsticos realizados por el Instituto de Mayores y Servicios Sociales (IMSERSO), el verano tambi\u00e9n &#8230; <a class=\"excerpt-readmore\" href=\"https:\/\/pensium.es\/ca\/soledad-personas-mayores-verano\/\">Read More<\/a><\/p>\n","protected":false},"author":4,"featured_media":10482,"comment_status":"open","ping_status":"closed","sticky":false,"template":"","format":"standard","meta":{"footnotes":""},"categories":[323],"tags":[],"class_list":["post-10488","post","type-post","status-publish","format-standard","has-post-thumbnail","hentry","category-general-ca"],"yoast_head":"<!-- This site is optimized with the Yoast SEO plugin v27.3 - https:\/\/yoast.com\/product\/yoast-seo-wordpress\/ -->\n<title>La soledad en las personas mayores en verano - Pensium.es<\/title>\n<meta name=\"description\" content=\"La soledad es uno de los grandes males en la tercera edad, especialmente en navidades y en verano. Conoce las opciones para evitarlo.\" \/>\n<meta name=\"robots\" content=\"index, follow, max-snippet:-1, max-image-preview:large, max-video-preview:-1\" \/>\n<link rel=\"canonical\" href=\"https:\/\/pensium.es\/ca\/soledad-personas-mayores-verano\/\" \/>\n<meta property=\"og:locale\" content=\"ca_ES\" \/>\n<meta property=\"og:type\" content=\"article\" \/>\n<meta property=\"og:title\" content=\"La soledad en las personas mayores en verano - Pensium.es\" \/>\n<meta property=\"og:description\" content=\"La soledad es uno de los grandes males en la tercera edad, especialmente en navidades y en verano. Conoce las opciones para evitarlo.\" \/>\n<meta property=\"og:url\" content=\"https:\/\/pensium.es\/soledad-personas-mayores-verano\/\" \/>\n<meta property=\"og:site_name\" content=\"Pensium\" \/>\n<meta property=\"article:publisher\" content=\"https:\/\/www.facebook.com\/pensium.es\/\" \/>\n<meta property=\"article:published_time\" content=\"2021-08-03T14:07:13+00:00\" \/>\n<meta property=\"article:modified_time\" content=\"2021-08-03T14:09:21+00:00\" \/>\n<meta property=\"og:image\" content=\"https:\/\/pensium.es\/wp-content\/uploads\/2021\/08\/soledad-tercera-edad.jpg\" \/>\n\t<meta property=\"og:image:width\" content=\"945\" \/>\n\t<meta property=\"og:image:height\" content=\"455\" \/>\n\t<meta property=\"og:image:type\" content=\"image\/jpeg\" \/>\n<meta name=\"author\" content=\"Pensium\" \/>\n<meta name=\"twitter:card\" content=\"summary_large_image\" \/>\n<meta name=\"twitter:label1\" content=\"Escrit per\" \/>\n\t<meta name=\"twitter:data1\" content=\"Pensium\" \/>\n\t<meta name=\"twitter:label2\" content=\"Temps estimat de lectura\" \/>\n\t<meta name=\"twitter:data2\" content=\"3 minuts\" \/>\n<script type=\"application\/ld+json\" class=\"yoast-schema-graph\">{\"@context\":\"https:\\\/\\\/schema.org\",\"@graph\":[{\"@type\":\"Article\",\"@id\":\"https:\\\/\\\/pensium.es\\\/soledad-personas-mayores-verano\\\/#article\",\"isPartOf\":{\"@id\":\"https:\\\/\\\/pensium.es\\\/ca\\\/soledad-personas-mayores-verano\\\/\"},\"author\":{\"name\":\"Pensium\",\"@id\":\"https:\\\/\\\/pensium.es\\\/ca\\\/#\\\/schema\\\/person\\\/3b2c54086c781c3b9d4903a784f4049f\"},\"headline\":\"La soledad en las personas mayores en verano\",\"datePublished\":\"2021-08-03T14:07:13+00:00\",\"dateModified\":\"2021-08-03T14:09:21+00:00\",\"mainEntityOfPage\":{\"@id\":\"https:\\\/\\\/pensium.es\\\/ca\\\/soledad-personas-mayores-verano\\\/\"},\"wordCount\":661,\"commentCount\":0,\"image\":{\"@id\":\"https:\\\/\\\/pensium.es\\\/soledad-personas-mayores-verano\\\/#primaryimage\"},\"thumbnailUrl\":\"https:\\\/\\\/pensium.es\\\/wp-content\\\/uploads\\\/2021\\\/08\\\/soledad-tercera-edad.jpg\",\"articleSection\":[\"General\"],\"inLanguage\":\"ca\",\"potentialAction\":[{\"@type\":\"CommentAction\",\"name\":\"Comment\",\"target\":[\"https:\\\/\\\/pensium.es\\\/soledad-personas-mayores-verano\\\/#respond\"]}]},{\"@type\":\"WebPage\",\"@id\":\"https:\\\/\\\/pensium.es\\\/ca\\\/soledad-personas-mayores-verano\\\/\",\"url\":\"https:\\\/\\\/pensium.es\\\/soledad-personas-mayores-verano\\\/\",\"name\":\"La soledad en las personas mayores en verano - Pensium.es\",\"isPartOf\":{\"@id\":\"https:\\\/\\\/pensium.es\\\/ca\\\/#website\"},\"primaryImageOfPage\":{\"@id\":\"https:\\\/\\\/pensium.es\\\/soledad-personas-mayores-verano\\\/#primaryimage\"},\"image\":{\"@id\":\"https:\\\/\\\/pensium.es\\\/soledad-personas-mayores-verano\\\/#primaryimage\"},\"thumbnailUrl\":\"https:\\\/\\\/pensium.es\\\/wp-content\\\/uploads\\\/2021\\\/08\\\/soledad-tercera-edad.jpg\",\"datePublished\":\"2021-08-03T14:07:13+00:00\",\"dateModified\":\"2021-08-03T14:09:21+00:00\",\"author\":{\"@id\":\"https:\\\/\\\/pensium.es\\\/ca\\\/#\\\/schema\\\/person\\\/3b2c54086c781c3b9d4903a784f4049f\"},\"description\":\"La soledad es uno de los grandes males en la tercera edad, especialmente en navidades y en verano. Conoce las opciones para evitarlo.\",\"breadcrumb\":{\"@id\":\"https:\\\/\\\/pensium.es\\\/soledad-personas-mayores-verano\\\/#breadcrumb\"},\"inLanguage\":\"ca\",\"potentialAction\":[{\"@type\":\"ReadAction\",\"target\":[\"https:\\\/\\\/pensium.es\\\/soledad-personas-mayores-verano\\\/\"]}]},{\"@type\":\"ImageObject\",\"inLanguage\":\"ca\",\"@id\":\"https:\\\/\\\/pensium.es\\\/soledad-personas-mayores-verano\\\/#primaryimage\",\"url\":\"https:\\\/\\\/pensium.es\\\/wp-content\\\/uploads\\\/2021\\\/08\\\/soledad-tercera-edad.jpg\",\"contentUrl\":\"https:\\\/\\\/pensium.es\\\/wp-content\\\/uploads\\\/2021\\\/08\\\/soledad-tercera-edad.jpg\",\"width\":945,\"height\":455,\"caption\":\"soledad de las personas mayores en verano\"},{\"@type\":\"BreadcrumbList\",\"@id\":\"https:\\\/\\\/pensium.es\\\/soledad-personas-mayores-verano\\\/#breadcrumb\",\"itemListElement\":[{\"@type\":\"ListItem\",\"position\":1,\"name\":\"Inicio\",\"item\":\"https:\\\/\\\/pensium.es\\\/ca\\\/\"},{\"@type\":\"ListItem\",\"position\":2,\"name\":\"La soledad en las personas mayores en verano\"}]},{\"@type\":\"WebSite\",\"@id\":\"https:\\\/\\\/pensium.es\\\/ca\\\/#website\",\"url\":\"https:\\\/\\\/pensium.es\\\/ca\\\/\",\"name\":\"Pensium\",\"description\":\"Paga la resid\u00e8ncia de la gent gran amb l'avan\u00e7ament del lloguer de l'habitatge\",\"potentialAction\":[{\"@type\":\"SearchAction\",\"target\":{\"@type\":\"EntryPoint\",\"urlTemplate\":\"https:\\\/\\\/pensium.es\\\/ca\\\/?s={search_term_string}\"},\"query-input\":{\"@type\":\"PropertyValueSpecification\",\"valueRequired\":true,\"valueName\":\"search_term_string\"}}],\"inLanguage\":\"ca\"},{\"@type\":\"Person\",\"@id\":\"https:\\\/\\\/pensium.es\\\/ca\\\/#\\\/schema\\\/person\\\/3b2c54086c781c3b9d4903a784f4049f\",\"name\":\"Pensium\",\"image\":{\"@type\":\"ImageObject\",\"inLanguage\":\"ca\",\"@id\":\"https:\\\/\\\/secure.gravatar.com\\\/avatar\\\/676b3457f9f57981f28982fb1f950341359281c6cba0f3f7366cd94ca4f532bd?s=96&d=mm&r=g\",\"url\":\"https:\\\/\\\/secure.gravatar.com\\\/avatar\\\/676b3457f9f57981f28982fb1f950341359281c6cba0f3f7366cd94ca4f532bd?s=96&d=mm&r=g\",\"contentUrl\":\"https:\\\/\\\/secure.gravatar.com\\\/avatar\\\/676b3457f9f57981f28982fb1f950341359281c6cba0f3f7366cd94ca4f532bd?s=96&d=mm&r=g\",\"caption\":\"Pensium\"},\"url\":\"https:\\\/\\\/pensium.es\\\/ca\\\/author\\\/pensium-2\\\/\"}]}<\/script>\n<!-- \/ Yoast SEO plugin. -->","yoast_head_json":{"title":"La soledad en las personas mayores en verano - Pensium.es","description":"La soledad es uno de los grandes males en la tercera edad, especialmente en navidades y en verano. Conoce las opciones para evitarlo.","robots":{"index":"index","follow":"follow","max-snippet":"max-snippet:-1","max-image-preview":"max-image-preview:large","max-video-preview":"max-video-preview:-1"},"canonical":"https:\/\/pensium.es\/ca\/soledad-personas-mayores-verano\/","og_locale":"ca_ES","og_type":"article","og_title":"La soledad en las personas mayores en verano - Pensium.es","og_description":"La soledad es uno de los grandes males en la tercera edad, especialmente en navidades y en verano. Conoce las opciones para evitarlo.","og_url":"https:\/\/pensium.es\/soledad-personas-mayores-verano\/","og_site_name":"Pensium","article_publisher":"https:\/\/www.facebook.com\/pensium.es\/","article_published_time":"2021-08-03T14:07:13+00:00","article_modified_time":"2021-08-03T14:09:21+00:00","og_image":[{"width":945,"height":455,"url":"https:\/\/pensium.es\/wp-content\/uploads\/2021\/08\/soledad-tercera-edad.jpg","type":"image\/jpeg"}],"author":"Pensium","twitter_card":"summary_large_image","twitter_misc":{"Escrit per":"Pensium","Temps estimat de lectura":"3 minuts"},"schema":{"@context":"https:\/\/schema.org","@graph":[{"@type":"Article","@id":"https:\/\/pensium.es\/soledad-personas-mayores-verano\/#article","isPartOf":{"@id":"https:\/\/pensium.es\/ca\/soledad-personas-mayores-verano\/"},"author":{"name":"Pensium","@id":"https:\/\/pensium.es\/ca\/#\/schema\/person\/3b2c54086c781c3b9d4903a784f4049f"},"headline":"La soledad en las personas mayores en verano","datePublished":"2021-08-03T14:07:13+00:00","dateModified":"2021-08-03T14:09:21+00:00","mainEntityOfPage":{"@id":"https:\/\/pensium.es\/ca\/soledad-personas-mayores-verano\/"},"wordCount":661,"commentCount":0,"image":{"@id":"https:\/\/pensium.es\/soledad-personas-mayores-verano\/#primaryimage"},"thumbnailUrl":"https:\/\/pensium.es\/wp-content\/uploads\/2021\/08\/soledad-tercera-edad.jpg","articleSection":["General"],"inLanguage":"ca","potentialAction":[{"@type":"CommentAction","name":"Comment","target":["https:\/\/pensium.es\/soledad-personas-mayores-verano\/#respond"]}]},{"@type":"WebPage","@id":"https:\/\/pensium.es\/ca\/soledad-personas-mayores-verano\/","url":"https:\/\/pensium.es\/soledad-personas-mayores-verano\/","name":"La soledad en las personas mayores en verano - Pensium.es","isPartOf":{"@id":"https:\/\/pensium.es\/ca\/#website"},"primaryImageOfPage":{"@id":"https:\/\/pensium.es\/soledad-personas-mayores-verano\/#primaryimage"},"image":{"@id":"https:\/\/pensium.es\/soledad-personas-mayores-verano\/#primaryimage"},"thumbnailUrl":"https:\/\/pensium.es\/wp-content\/uploads\/2021\/08\/soledad-tercera-edad.jpg","datePublished":"2021-08-03T14:07:13+00:00","dateModified":"2021-08-03T14:09:21+00:00","author":{"@id":"https:\/\/pensium.es\/ca\/#\/schema\/person\/3b2c54086c781c3b9d4903a784f4049f"},"description":"La soledad es uno de los grandes males en la tercera edad, especialmente en navidades y en verano. Conoce las opciones para evitarlo.","breadcrumb":{"@id":"https:\/\/pensium.es\/soledad-personas-mayores-verano\/#breadcrumb"},"inLanguage":"ca","potentialAction":[{"@type":"ReadAction","target":["https:\/\/pensium.es\/soledad-personas-mayores-verano\/"]}]},{"@type":"ImageObject","inLanguage":"ca","@id":"https:\/\/pensium.es\/soledad-personas-mayores-verano\/#primaryimage","url":"https:\/\/pensium.es\/wp-content\/uploads\/2021\/08\/soledad-tercera-edad.jpg","contentUrl":"https:\/\/pensium.es\/wp-content\/uploads\/2021\/08\/soledad-tercera-edad.jpg","width":945,"height":455,"caption":"soledad de las personas mayores en verano"},{"@type":"BreadcrumbList","@id":"https:\/\/pensium.es\/soledad-personas-mayores-verano\/#breadcrumb","itemListElement":[{"@type":"ListItem","position":1,"name":"Inicio","item":"https:\/\/pensium.es\/ca\/"},{"@type":"ListItem","position":2,"name":"La soledad en las personas mayores en verano"}]},{"@type":"WebSite","@id":"https:\/\/pensium.es\/ca\/#website","url":"https:\/\/pensium.es\/ca\/","name":"Pensium","description":"Paga la resid\u00e8ncia de la gent gran amb l'avan\u00e7ament del lloguer de l'habitatge","potentialAction":[{"@type":"SearchAction","target":{"@type":"EntryPoint","urlTemplate":"https:\/\/pensium.es\/ca\/?s={search_term_string}"},"query-input":{"@type":"PropertyValueSpecification","valueRequired":true,"valueName":"search_term_string"}}],"inLanguage":"ca"},{"@type":"Person","@id":"https:\/\/pensium.es\/ca\/#\/schema\/person\/3b2c54086c781c3b9d4903a784f4049f","name":"Pensium","image":{"@type":"ImageObject","inLanguage":"ca","@id":"https:\/\/secure.gravatar.com\/avatar\/676b3457f9f57981f28982fb1f950341359281c6cba0f3f7366cd94ca4f532bd?s=96&d=mm&r=g","url":"https:\/\/secure.gravatar.com\/avatar\/676b3457f9f57981f28982fb1f950341359281c6cba0f3f7366cd94ca4f532bd?s=96&d=mm&r=g","contentUrl":"https:\/\/secure.gravatar.com\/avatar\/676b3457f9f57981f28982fb1f950341359281c6cba0f3f7366cd94ca4f532bd?s=96&d=mm&r=g","caption":"Pensium"},"url":"https:\/\/pensium.es\/ca\/author\/pensium-2\/"}]}},"_links":{"self":[{"href":"https:\/\/pensium.es\/ca\/wp-json\/wp\/v2\/posts\/10488","targetHints":{"allow":["GET"]}}],"collection":[{"href":"https:\/\/pensium.es\/ca\/wp-json\/wp\/v2\/posts"}],"about":[{"href":"https:\/\/pensium.es\/ca\/wp-json\/wp\/v2\/types\/post"}],"author":[{"embeddable":true,"href":"https:\/\/pensium.es\/ca\/wp-json\/wp\/v2\/users\/4"}],"replies":[{"embeddable":true,"href":"https:\/\/pensium.es\/ca\/wp-json\/wp\/v2\/comments?post=10488"}],"version-history":[{"count":1,"href":"https:\/\/pensium.es\/ca\/wp-json\/wp\/v2\/posts\/10488\/revisions"}],"predecessor-version":[{"id":10489,"href":"https:\/\/pensium.es\/ca\/wp-json\/wp\/v2\/posts\/10488\/revisions\/10489"}],"wp:featuredmedia":[{"embeddable":true,"href":"https:\/\/pensium.es\/ca\/wp-json\/wp\/v2\/media\/10482"}],"wp:attachment":[{"href":"https:\/\/pensium.es\/ca\/wp-json\/wp\/v2\/media?parent=10488"}],"wp:term":[{"taxonomy":"category","embeddable":true,"href":"https:\/\/pensium.es\/ca\/wp-json\/wp\/v2\/categories?post=10488"},{"taxonomy":"post_tag","embeddable":true,"href":"https:\/\/pensium.es\/ca\/wp-json\/wp\/v2\/tags?post=10488"}],"curies":[{"name":"wp","href":"https:\/\/api.w.org\/{rel}","templated":true}]}}