{"id":10608,"date":"2021-08-27T12:21:23","date_gmt":"2021-08-27T10:21:23","guid":{"rendered":"https:\/\/pensium.es\/?p=10608"},"modified":"2025-01-20T13:30:51","modified_gmt":"2025-01-20T11:30:51","slug":"bde-aceleracion-tasa-dependencia","status":"publish","type":"post","link":"https:\/\/pensium.es\/ca\/bde-aceleracion-tasa-dependencia\/","title":{"rendered":"El BdE prev\u00e9 una importante aceleraci\u00f3n de la tasa de dependencia en los pr\u00f3ximos a\u00f1os"},"content":{"rendered":"\n\n<div class=\"kk-star-ratings kksr-auto kksr-align-left kksr-valign-top\"\n    data-payload='{&quot;align&quot;:&quot;left&quot;,&quot;id&quot;:&quot;10608&quot;,&quot;slug&quot;:&quot;default&quot;,&quot;valign&quot;:&quot;top&quot;,&quot;ignore&quot;:&quot;&quot;,&quot;reference&quot;:&quot;auto&quot;,&quot;class&quot;:&quot;&quot;,&quot;count&quot;:&quot;0&quot;,&quot;legendonly&quot;:&quot;&quot;,&quot;readonly&quot;:&quot;&quot;,&quot;score&quot;:&quot;0&quot;,&quot;starsonly&quot;:&quot;&quot;,&quot;best&quot;:&quot;5&quot;,&quot;gap&quot;:&quot;5&quot;,&quot;greet&quot;:&quot;Rate this post&quot;,&quot;legend&quot;:&quot;0\\\/5 - (0 votes)&quot;,&quot;size&quot;:&quot;24&quot;,&quot;title&quot;:&quot;El BdE prev\u00e9 una importante aceleraci\u00f3n de la tasa de dependencia en los pr\u00f3ximos a\u00f1os&quot;,&quot;width&quot;:&quot;0&quot;,&quot;_legend&quot;:&quot;{score}\\\/{best} - ({count} {votes})&quot;,&quot;font_factor&quot;:&quot;1.25&quot;}'>\n            \n<div class=\"kksr-stars\">\n    \n<div class=\"kksr-stars-inactive\">\n            <div class=\"kksr-star\" data-star=\"1\" style=\"padding-right: 5px\">\n            \n\n<div class=\"kksr-icon\" style=\"width: 24px; height: 24px;\"><\/div>\n        <\/div>\n            <div class=\"kksr-star\" data-star=\"2\" style=\"padding-right: 5px\">\n            \n\n<div class=\"kksr-icon\" style=\"width: 24px; height: 24px;\"><\/div>\n        <\/div>\n            <div class=\"kksr-star\" data-star=\"3\" style=\"padding-right: 5px\">\n            \n\n<div class=\"kksr-icon\" style=\"width: 24px; height: 24px;\"><\/div>\n        <\/div>\n            <div class=\"kksr-star\" data-star=\"4\" style=\"padding-right: 5px\">\n            \n\n<div class=\"kksr-icon\" style=\"width: 24px; height: 24px;\"><\/div>\n        <\/div>\n            <div class=\"kksr-star\" data-star=\"5\" style=\"padding-right: 5px\">\n            \n\n<div class=\"kksr-icon\" style=\"width: 24px; height: 24px;\"><\/div>\n        <\/div>\n    <\/div>\n    \n<div class=\"kksr-stars-active\" style=\"width: 0px;\">\n            <div class=\"kksr-star\" style=\"padding-right: 5px\">\n            \n\n<div class=\"kksr-icon\" style=\"width: 24px; height: 24px;\"><\/div>\n        <\/div>\n            <div class=\"kksr-star\" style=\"padding-right: 5px\">\n            \n\n<div class=\"kksr-icon\" style=\"width: 24px; height: 24px;\"><\/div>\n        <\/div>\n            <div class=\"kksr-star\" style=\"padding-right: 5px\">\n            \n\n<div class=\"kksr-icon\" style=\"width: 24px; height: 24px;\"><\/div>\n        <\/div>\n            <div class=\"kksr-star\" style=\"padding-right: 5px\">\n            \n\n<div class=\"kksr-icon\" style=\"width: 24px; height: 24px;\"><\/div>\n        <\/div>\n            <div class=\"kksr-star\" style=\"padding-right: 5px\">\n            \n\n<div class=\"kksr-icon\" style=\"width: 24px; height: 24px;\"><\/div>\n        <\/div>\n    <\/div>\n<\/div>\n                \n\n<div class=\"kksr-legend\" style=\"font-size: 19.2px;\">\n            <span class=\"kksr-muted\">Rate this post<\/span>\n    <\/div>\n    <\/div>\n<p>Hace pocos d\u00edas, en la sesi\u00f3n inaugural del \u201cI Foro de envejecimiento: repercusiones del envejecimiento en la econom\u00eda espa\u00f1ola\u201d organizado por la Fundaci\u00f3n Edad &amp; Vida, el director general de Econom\u00eda y Estad\u00edstica del Banco de Espa\u00f1a, \u00d3scar Arce, asegur\u00f3 que Espa\u00f1a experimentar\u00e1 en los pr\u00f3ximos a\u00f1os el mayor aumento de la tasa de dependencia en Europa. Seg\u00fan Arce, <strong>en el 2050 por cada dos personas mayores de 65 a\u00f1os habr\u00e1 solo tres personas activas laboralmente.<\/strong><\/p>\n<p>Esto quiere decir <strong>que la tasa de dependencia de\u00a0pensionista\/trabajadores en activo <\/strong>(relaci\u00f3n entre las personas en edad de jubilaci\u00f3n respecto las personas en edad laboral)<strong> sufrir\u00e1 una aceleraci\u00f3n nunca vivida hasta el momento en nuestro pa\u00eds<\/strong>, lo que genera un importante reto social y econ\u00f3mico a medio plazo.<\/p>\n<p>M\u00e1s all\u00e1 del aumento del gasto en pensiones, cifrado entre el 4,7 y 12,2 puntos porcentuales del PIB en 2050, como sociedad deberemos enfrentarnos a otros retos de gran magnitud.<\/p>\n<h2><span style=\"color: #e86322;\"><strong>Retos ante el envejecimiento de la poblaci\u00f3n<\/strong><\/span><\/h2>\n<p><span style=\"color: #e86322;\"><strong>Aumento del gasto en sanidad y cuidados de larga duraci\u00f3n<\/strong><\/span><\/p>\n<p>Seg\u00fan Arce, el aumento del gasto en sanidad y cuidados de larga duraci\u00f3n se estima en casi 2 puntos porcentuales del PIB 2019-2050.<\/p>\n<p>Ello implicar\u00e1, muy probablemente, un aumento considerable de la necesidad de servicios asistenciales privados para afrontar situaciones de salud delicadas una vez llegados a la vejez. Ante ello, la duda evidentemente es: \u00bfSi las pensiones ya est\u00e1n en entredicho, las familias dispondr\u00e1n de suficiente liquidez como para asumir los costes de esa asistencia privada? \u00bfHabr\u00e1 m\u00e1s ayudas por parte del Estado para afrontar esta situaci\u00f3n?<\/p>\n<p><span style=\"color: #e86322;\"><strong>Ahorro y\/o monetizaci\u00f3n del capital inmobiliario<\/strong><\/span><\/p>\n<p>Lleguemos a la vejez en mejor o peor estado de salud, esperar que podamos vivir meramente de la pensi\u00f3n es ser muy optimista visto el panorama que se dibuja, con lo que es primordial ser previsor y adoptar sistemas de ahorro que nos permitan tener liquidez suficiente para mantener una buena calidad de vida cuando ya no podamos seguir laboralmente activos.<\/p>\n<p>Otra opci\u00f3n en este sentido, ser\u00e1 contemplar alternativas de monetizaci\u00f3n del capital inmobiliario, como la que ofrece <span style=\"text-decoration: underline;\"><span style=\"color: #e86322;\"><a style=\"color: #e86322; text-decoration: underline;\" href=\"https:\/\/pensium.es\/\">Pensium<\/a><\/span><\/span>, para lograr obtener liquidez a trav\u00e9s de los activos inmobiliarios sin riesgo de perder el patrimonio.<strong>\u00a0<\/strong><\/p>\n<p><span style=\"color: #e86322;\"><strong>Empleabilidad<\/strong><\/span><\/p>\n<p>Otro de los retos a los que nos tendremos que enfrentar es el mantenimiento y el aumento de la empleabilidad.<\/p>\n<p>Seg\u00fan Arce, a d\u00eda de hoy la inversi\u00f3n en formaci\u00f3n disminuye conforme se van cumpliendo a\u00f1os y ello dificulta el mantenimiento en activo de los trabajadores de m\u00e1s edad. Para afrontar lo que est\u00e1 por venir, es primordial invertir en formaci\u00f3n y reciclaje de los trabajadores de edad avanzada para lograr mantener la situaci\u00f3n laboral activa durante m\u00e1s tiempo.<\/p>\n<p>Si bien es cierto que con los a\u00f1os las personas ganan experiencia y conocimiento en \u00e1reas como organizaci\u00f3n y planificaci\u00f3n, pueden aparecer dificultades para seguir el ritmo de avance vertiginoso de toda lo relacionado con el \u00e1mbito digital y de nuevas tecnolog\u00edas.<\/p>\n<p>&nbsp;<\/p>\n<p>Sea como sea, conociendo el reto que tenemos por delante como sociedad lo mejor ser\u00e1 que nos pongamos manos a la obra.<\/p>\n","protected":false},"excerpt":{"rendered":"<p>Hace pocos d\u00edas, en la sesi\u00f3n inaugural del \u201cI Foro de envejecimiento: repercusiones del envejecimiento en la econom\u00eda espa\u00f1ola\u201d organizado por la Fundaci\u00f3n Edad &amp; Vida, el director general de Econom\u00eda y Estad\u00edstica del Banco de Espa\u00f1a, \u00d3scar Arce, asegur\u00f3 que Espa\u00f1a experimentar\u00e1 en los pr\u00f3ximos a\u00f1os el mayor aumento de la tasa de dependencia &#8230; <a class=\"excerpt-readmore\" href=\"https:\/\/pensium.es\/ca\/bde-aceleracion-tasa-dependencia\/\">Read More<\/a><\/p>\n","protected":false},"author":4,"featured_media":10057,"comment_status":"open","ping_status":"closed","sticky":false,"template":"","format":"standard","meta":{"footnotes":""},"categories":[317],"tags":[],"class_list":["post-10608","post","type-post","status-publish","format-standard","has-post-thumbnail","hentry","category-dependencia-ca"],"yoast_head":"<!-- This site is optimized with the Yoast SEO plugin v27.3 - https:\/\/yoast.com\/product\/yoast-seo-wordpress\/ -->\n<title>Aceleraci\u00f3n de la tasa de dependencia en los pr\u00f3ximos a\u00f1os<\/title>\n<meta name=\"description\" content=\"El BdE prev\u00e9 una importante aceleraci\u00f3n de la tasa de dependencia en los pr\u00f3ximos a\u00f1os. Retos ante el envejecimiento de la poblaci\u00f3n\" \/>\n<meta name=\"robots\" content=\"index, follow, max-snippet:-1, max-image-preview:large, max-video-preview:-1\" \/>\n<link rel=\"canonical\" href=\"https:\/\/pensium.es\/ca\/bde-aceleracion-tasa-dependencia\/\" \/>\n<meta property=\"og:locale\" content=\"ca_ES\" \/>\n<meta property=\"og:type\" content=\"article\" \/>\n<meta property=\"og:title\" content=\"Aceleraci\u00f3n de la tasa de dependencia en los pr\u00f3ximos a\u00f1os\" \/>\n<meta property=\"og:description\" content=\"El BdE prev\u00e9 una importante aceleraci\u00f3n de la tasa de dependencia en los pr\u00f3ximos a\u00f1os. Retos ante el envejecimiento de la poblaci\u00f3n\" \/>\n<meta property=\"og:url\" content=\"https:\/\/pensium.es\/ca\/bde-aceleracion-tasa-dependencia\/\" \/>\n<meta property=\"og:site_name\" content=\"Pensium\" \/>\n<meta property=\"article:publisher\" content=\"https:\/\/www.facebook.com\/pensium.es\/\" \/>\n<meta property=\"article:published_time\" content=\"2021-08-27T10:21:23+00:00\" \/>\n<meta property=\"article:modified_time\" content=\"2025-01-20T11:30:51+00:00\" \/>\n<meta property=\"og:image\" content=\"https:\/\/pensium.es\/wp-content\/uploads\/2021\/06\/aumento-dependencia.png\" \/>\n\t<meta property=\"og:image:width\" content=\"945\" \/>\n\t<meta property=\"og:image:height\" content=\"455\" \/>\n\t<meta property=\"og:image:type\" content=\"image\/png\" \/>\n<meta name=\"author\" content=\"Pensium\" \/>\n<meta name=\"twitter:card\" content=\"summary_large_image\" \/>\n<meta name=\"twitter:label1\" content=\"Escrit per\" \/>\n\t<meta name=\"twitter:data1\" content=\"Pensium\" \/>\n\t<meta name=\"twitter:label2\" content=\"Temps estimat de lectura\" \/>\n\t<meta name=\"twitter:data2\" content=\"3 minuts\" \/>\n<script type=\"application\/ld+json\" class=\"yoast-schema-graph\">{\"@context\":\"https:\\\/\\\/schema.org\",\"@graph\":[{\"@type\":\"Article\",\"@id\":\"https:\\\/\\\/pensium.es\\\/ca\\\/bde-aceleracion-tasa-dependencia\\\/#article\",\"isPartOf\":{\"@id\":\"https:\\\/\\\/pensium.es\\\/ca\\\/bde-aceleracion-tasa-dependencia\\\/\"},\"author\":{\"name\":\"Pensium\",\"@id\":\"https:\\\/\\\/pensium.es\\\/ca\\\/#\\\/schema\\\/person\\\/3b2c54086c781c3b9d4903a784f4049f\"},\"headline\":\"El BdE prev\u00e9 una importante aceleraci\u00f3n de la tasa de dependencia en los pr\u00f3ximos a\u00f1os\",\"datePublished\":\"2021-08-27T10:21:23+00:00\",\"dateModified\":\"2025-01-20T11:30:51+00:00\",\"mainEntityOfPage\":{\"@id\":\"https:\\\/\\\/pensium.es\\\/ca\\\/bde-aceleracion-tasa-dependencia\\\/\"},\"wordCount\":565,\"commentCount\":0,\"image\":{\"@id\":\"https:\\\/\\\/pensium.es\\\/ca\\\/bde-aceleracion-tasa-dependencia\\\/#primaryimage\"},\"thumbnailUrl\":\"https:\\\/\\\/pensium.es\\\/wp-content\\\/uploads\\\/2021\\\/06\\\/aumento-dependencia.png\",\"articleSection\":[\"Depend\u00e8ncia\"],\"inLanguage\":\"ca\",\"potentialAction\":[{\"@type\":\"CommentAction\",\"name\":\"Comment\",\"target\":[\"https:\\\/\\\/pensium.es\\\/ca\\\/bde-aceleracion-tasa-dependencia\\\/#respond\"]}]},{\"@type\":\"WebPage\",\"@id\":\"https:\\\/\\\/pensium.es\\\/ca\\\/bde-aceleracion-tasa-dependencia\\\/\",\"url\":\"https:\\\/\\\/pensium.es\\\/ca\\\/bde-aceleracion-tasa-dependencia\\\/\",\"name\":\"Aceleraci\u00f3n de la tasa de dependencia en los pr\u00f3ximos a\u00f1os\",\"isPartOf\":{\"@id\":\"https:\\\/\\\/pensium.es\\\/ca\\\/#website\"},\"primaryImageOfPage\":{\"@id\":\"https:\\\/\\\/pensium.es\\\/ca\\\/bde-aceleracion-tasa-dependencia\\\/#primaryimage\"},\"image\":{\"@id\":\"https:\\\/\\\/pensium.es\\\/ca\\\/bde-aceleracion-tasa-dependencia\\\/#primaryimage\"},\"thumbnailUrl\":\"https:\\\/\\\/pensium.es\\\/wp-content\\\/uploads\\\/2021\\\/06\\\/aumento-dependencia.png\",\"datePublished\":\"2021-08-27T10:21:23+00:00\",\"dateModified\":\"2025-01-20T11:30:51+00:00\",\"author\":{\"@id\":\"https:\\\/\\\/pensium.es\\\/ca\\\/#\\\/schema\\\/person\\\/3b2c54086c781c3b9d4903a784f4049f\"},\"description\":\"El BdE prev\u00e9 una importante aceleraci\u00f3n de la tasa de dependencia en los pr\u00f3ximos a\u00f1os. Retos ante el envejecimiento de la poblaci\u00f3n\",\"breadcrumb\":{\"@id\":\"https:\\\/\\\/pensium.es\\\/ca\\\/bde-aceleracion-tasa-dependencia\\\/#breadcrumb\"},\"inLanguage\":\"ca\",\"potentialAction\":[{\"@type\":\"ReadAction\",\"target\":[\"https:\\\/\\\/pensium.es\\\/ca\\\/bde-aceleracion-tasa-dependencia\\\/\"]}]},{\"@type\":\"ImageObject\",\"inLanguage\":\"ca\",\"@id\":\"https:\\\/\\\/pensium.es\\\/ca\\\/bde-aceleracion-tasa-dependencia\\\/#primaryimage\",\"url\":\"https:\\\/\\\/pensium.es\\\/wp-content\\\/uploads\\\/2021\\\/06\\\/aumento-dependencia.png\",\"contentUrl\":\"https:\\\/\\\/pensium.es\\\/wp-content\\\/uploads\\\/2021\\\/06\\\/aumento-dependencia.png\",\"width\":945,\"height\":455,\"caption\":\"aumento tasa dependencia espa\u00f1a\"},{\"@type\":\"BreadcrumbList\",\"@id\":\"https:\\\/\\\/pensium.es\\\/ca\\\/bde-aceleracion-tasa-dependencia\\\/#breadcrumb\",\"itemListElement\":[{\"@type\":\"ListItem\",\"position\":1,\"name\":\"Inicio\",\"item\":\"https:\\\/\\\/pensium.es\\\/ca\\\/\"},{\"@type\":\"ListItem\",\"position\":2,\"name\":\"El BdE prev\u00e9 una importante aceleraci\u00f3n de la tasa de dependencia en los pr\u00f3ximos a\u00f1os\"}]},{\"@type\":\"WebSite\",\"@id\":\"https:\\\/\\\/pensium.es\\\/ca\\\/#website\",\"url\":\"https:\\\/\\\/pensium.es\\\/ca\\\/\",\"name\":\"Pensium\",\"description\":\"Paga la resid\u00e8ncia de la gent gran amb l'avan\u00e7ament del lloguer de l'habitatge\",\"potentialAction\":[{\"@type\":\"SearchAction\",\"target\":{\"@type\":\"EntryPoint\",\"urlTemplate\":\"https:\\\/\\\/pensium.es\\\/ca\\\/?s={search_term_string}\"},\"query-input\":{\"@type\":\"PropertyValueSpecification\",\"valueRequired\":true,\"valueName\":\"search_term_string\"}}],\"inLanguage\":\"ca\"},{\"@type\":\"Person\",\"@id\":\"https:\\\/\\\/pensium.es\\\/ca\\\/#\\\/schema\\\/person\\\/3b2c54086c781c3b9d4903a784f4049f\",\"name\":\"Pensium\",\"image\":{\"@type\":\"ImageObject\",\"inLanguage\":\"ca\",\"@id\":\"https:\\\/\\\/secure.gravatar.com\\\/avatar\\\/676b3457f9f57981f28982fb1f950341359281c6cba0f3f7366cd94ca4f532bd?s=96&d=mm&r=g\",\"url\":\"https:\\\/\\\/secure.gravatar.com\\\/avatar\\\/676b3457f9f57981f28982fb1f950341359281c6cba0f3f7366cd94ca4f532bd?s=96&d=mm&r=g\",\"contentUrl\":\"https:\\\/\\\/secure.gravatar.com\\\/avatar\\\/676b3457f9f57981f28982fb1f950341359281c6cba0f3f7366cd94ca4f532bd?s=96&d=mm&r=g\",\"caption\":\"Pensium\"},\"url\":\"https:\\\/\\\/pensium.es\\\/ca\\\/author\\\/pensium-2\\\/\"}]}<\/script>\n<!-- \/ Yoast SEO plugin. -->","yoast_head_json":{"title":"Aceleraci\u00f3n de la tasa de dependencia en los pr\u00f3ximos a\u00f1os","description":"El BdE prev\u00e9 una importante aceleraci\u00f3n de la tasa de dependencia en los pr\u00f3ximos a\u00f1os. Retos ante el envejecimiento de la poblaci\u00f3n","robots":{"index":"index","follow":"follow","max-snippet":"max-snippet:-1","max-image-preview":"max-image-preview:large","max-video-preview":"max-video-preview:-1"},"canonical":"https:\/\/pensium.es\/ca\/bde-aceleracion-tasa-dependencia\/","og_locale":"ca_ES","og_type":"article","og_title":"Aceleraci\u00f3n de la tasa de dependencia en los pr\u00f3ximos a\u00f1os","og_description":"El BdE prev\u00e9 una importante aceleraci\u00f3n de la tasa de dependencia en los pr\u00f3ximos a\u00f1os. Retos ante el envejecimiento de la poblaci\u00f3n","og_url":"https:\/\/pensium.es\/ca\/bde-aceleracion-tasa-dependencia\/","og_site_name":"Pensium","article_publisher":"https:\/\/www.facebook.com\/pensium.es\/","article_published_time":"2021-08-27T10:21:23+00:00","article_modified_time":"2025-01-20T11:30:51+00:00","og_image":[{"width":945,"height":455,"url":"https:\/\/pensium.es\/wp-content\/uploads\/2021\/06\/aumento-dependencia.png","type":"image\/png"}],"author":"Pensium","twitter_card":"summary_large_image","twitter_misc":{"Escrit per":"Pensium","Temps estimat de lectura":"3 minuts"},"schema":{"@context":"https:\/\/schema.org","@graph":[{"@type":"Article","@id":"https:\/\/pensium.es\/ca\/bde-aceleracion-tasa-dependencia\/#article","isPartOf":{"@id":"https:\/\/pensium.es\/ca\/bde-aceleracion-tasa-dependencia\/"},"author":{"name":"Pensium","@id":"https:\/\/pensium.es\/ca\/#\/schema\/person\/3b2c54086c781c3b9d4903a784f4049f"},"headline":"El BdE prev\u00e9 una importante aceleraci\u00f3n de la tasa de dependencia en los pr\u00f3ximos a\u00f1os","datePublished":"2021-08-27T10:21:23+00:00","dateModified":"2025-01-20T11:30:51+00:00","mainEntityOfPage":{"@id":"https:\/\/pensium.es\/ca\/bde-aceleracion-tasa-dependencia\/"},"wordCount":565,"commentCount":0,"image":{"@id":"https:\/\/pensium.es\/ca\/bde-aceleracion-tasa-dependencia\/#primaryimage"},"thumbnailUrl":"https:\/\/pensium.es\/wp-content\/uploads\/2021\/06\/aumento-dependencia.png","articleSection":["Depend\u00e8ncia"],"inLanguage":"ca","potentialAction":[{"@type":"CommentAction","name":"Comment","target":["https:\/\/pensium.es\/ca\/bde-aceleracion-tasa-dependencia\/#respond"]}]},{"@type":"WebPage","@id":"https:\/\/pensium.es\/ca\/bde-aceleracion-tasa-dependencia\/","url":"https:\/\/pensium.es\/ca\/bde-aceleracion-tasa-dependencia\/","name":"Aceleraci\u00f3n de la tasa de dependencia en los pr\u00f3ximos a\u00f1os","isPartOf":{"@id":"https:\/\/pensium.es\/ca\/#website"},"primaryImageOfPage":{"@id":"https:\/\/pensium.es\/ca\/bde-aceleracion-tasa-dependencia\/#primaryimage"},"image":{"@id":"https:\/\/pensium.es\/ca\/bde-aceleracion-tasa-dependencia\/#primaryimage"},"thumbnailUrl":"https:\/\/pensium.es\/wp-content\/uploads\/2021\/06\/aumento-dependencia.png","datePublished":"2021-08-27T10:21:23+00:00","dateModified":"2025-01-20T11:30:51+00:00","author":{"@id":"https:\/\/pensium.es\/ca\/#\/schema\/person\/3b2c54086c781c3b9d4903a784f4049f"},"description":"El BdE prev\u00e9 una importante aceleraci\u00f3n de la tasa de dependencia en los pr\u00f3ximos a\u00f1os. Retos ante el envejecimiento de la poblaci\u00f3n","breadcrumb":{"@id":"https:\/\/pensium.es\/ca\/bde-aceleracion-tasa-dependencia\/#breadcrumb"},"inLanguage":"ca","potentialAction":[{"@type":"ReadAction","target":["https:\/\/pensium.es\/ca\/bde-aceleracion-tasa-dependencia\/"]}]},{"@type":"ImageObject","inLanguage":"ca","@id":"https:\/\/pensium.es\/ca\/bde-aceleracion-tasa-dependencia\/#primaryimage","url":"https:\/\/pensium.es\/wp-content\/uploads\/2021\/06\/aumento-dependencia.png","contentUrl":"https:\/\/pensium.es\/wp-content\/uploads\/2021\/06\/aumento-dependencia.png","width":945,"height":455,"caption":"aumento tasa dependencia espa\u00f1a"},{"@type":"BreadcrumbList","@id":"https:\/\/pensium.es\/ca\/bde-aceleracion-tasa-dependencia\/#breadcrumb","itemListElement":[{"@type":"ListItem","position":1,"name":"Inicio","item":"https:\/\/pensium.es\/ca\/"},{"@type":"ListItem","position":2,"name":"El BdE prev\u00e9 una importante aceleraci\u00f3n de la tasa de dependencia en los pr\u00f3ximos a\u00f1os"}]},{"@type":"WebSite","@id":"https:\/\/pensium.es\/ca\/#website","url":"https:\/\/pensium.es\/ca\/","name":"Pensium","description":"Paga la resid\u00e8ncia de la gent gran amb l'avan\u00e7ament del lloguer de l'habitatge","potentialAction":[{"@type":"SearchAction","target":{"@type":"EntryPoint","urlTemplate":"https:\/\/pensium.es\/ca\/?s={search_term_string}"},"query-input":{"@type":"PropertyValueSpecification","valueRequired":true,"valueName":"search_term_string"}}],"inLanguage":"ca"},{"@type":"Person","@id":"https:\/\/pensium.es\/ca\/#\/schema\/person\/3b2c54086c781c3b9d4903a784f4049f","name":"Pensium","image":{"@type":"ImageObject","inLanguage":"ca","@id":"https:\/\/secure.gravatar.com\/avatar\/676b3457f9f57981f28982fb1f950341359281c6cba0f3f7366cd94ca4f532bd?s=96&d=mm&r=g","url":"https:\/\/secure.gravatar.com\/avatar\/676b3457f9f57981f28982fb1f950341359281c6cba0f3f7366cd94ca4f532bd?s=96&d=mm&r=g","contentUrl":"https:\/\/secure.gravatar.com\/avatar\/676b3457f9f57981f28982fb1f950341359281c6cba0f3f7366cd94ca4f532bd?s=96&d=mm&r=g","caption":"Pensium"},"url":"https:\/\/pensium.es\/ca\/author\/pensium-2\/"}]}},"_links":{"self":[{"href":"https:\/\/pensium.es\/ca\/wp-json\/wp\/v2\/posts\/10608","targetHints":{"allow":["GET"]}}],"collection":[{"href":"https:\/\/pensium.es\/ca\/wp-json\/wp\/v2\/posts"}],"about":[{"href":"https:\/\/pensium.es\/ca\/wp-json\/wp\/v2\/types\/post"}],"author":[{"embeddable":true,"href":"https:\/\/pensium.es\/ca\/wp-json\/wp\/v2\/users\/4"}],"replies":[{"embeddable":true,"href":"https:\/\/pensium.es\/ca\/wp-json\/wp\/v2\/comments?post=10608"}],"version-history":[{"count":2,"href":"https:\/\/pensium.es\/ca\/wp-json\/wp\/v2\/posts\/10608\/revisions"}],"predecessor-version":[{"id":10678,"href":"https:\/\/pensium.es\/ca\/wp-json\/wp\/v2\/posts\/10608\/revisions\/10678"}],"wp:featuredmedia":[{"embeddable":true,"href":"https:\/\/pensium.es\/ca\/wp-json\/wp\/v2\/media\/10057"}],"wp:attachment":[{"href":"https:\/\/pensium.es\/ca\/wp-json\/wp\/v2\/media?parent=10608"}],"wp:term":[{"taxonomy":"category","embeddable":true,"href":"https:\/\/pensium.es\/ca\/wp-json\/wp\/v2\/categories?post=10608"},{"taxonomy":"post_tag","embeddable":true,"href":"https:\/\/pensium.es\/ca\/wp-json\/wp\/v2\/tags?post=10608"}],"curies":[{"name":"wp","href":"https:\/\/api.w.org\/{rel}","templated":true}]}}