{"id":10631,"date":"2021-07-26T12:30:51","date_gmt":"2021-07-26T10:30:51","guid":{"rendered":"https:\/\/pensium.es\/?p=10631"},"modified":"2021-08-27T12:31:48","modified_gmt":"2021-08-27T10:31:48","slug":"libros-peliculas-abuelos","status":"publish","type":"post","link":"https:\/\/pensium.es\/ca\/libros-peliculas-abuelos\/","title":{"rendered":"Libros y pel\u00edculas con abuelos como protagonistas"},"content":{"rendered":"\n\n<div class=\"kk-star-ratings kksr-auto kksr-align-left kksr-valign-top\"\n    data-payload='{&quot;align&quot;:&quot;left&quot;,&quot;id&quot;:&quot;10631&quot;,&quot;slug&quot;:&quot;default&quot;,&quot;valign&quot;:&quot;top&quot;,&quot;ignore&quot;:&quot;&quot;,&quot;reference&quot;:&quot;auto&quot;,&quot;class&quot;:&quot;&quot;,&quot;count&quot;:&quot;0&quot;,&quot;legendonly&quot;:&quot;&quot;,&quot;readonly&quot;:&quot;&quot;,&quot;score&quot;:&quot;0&quot;,&quot;starsonly&quot;:&quot;&quot;,&quot;best&quot;:&quot;5&quot;,&quot;gap&quot;:&quot;5&quot;,&quot;greet&quot;:&quot;Rate this post&quot;,&quot;legend&quot;:&quot;0\\\/5 - (0 votes)&quot;,&quot;size&quot;:&quot;24&quot;,&quot;title&quot;:&quot;Libros y pel\u00edculas con abuelos como protagonistas&quot;,&quot;width&quot;:&quot;0&quot;,&quot;_legend&quot;:&quot;{score}\\\/{best} - ({count} {votes})&quot;,&quot;font_factor&quot;:&quot;1.25&quot;}'>\n            \n<div class=\"kksr-stars\">\n    \n<div class=\"kksr-stars-inactive\">\n            <div class=\"kksr-star\" data-star=\"1\" style=\"padding-right: 5px\">\n            \n\n<div class=\"kksr-icon\" style=\"width: 24px; height: 24px;\"><\/div>\n        <\/div>\n            <div class=\"kksr-star\" data-star=\"2\" style=\"padding-right: 5px\">\n            \n\n<div class=\"kksr-icon\" style=\"width: 24px; height: 24px;\"><\/div>\n        <\/div>\n            <div class=\"kksr-star\" data-star=\"3\" style=\"padding-right: 5px\">\n            \n\n<div class=\"kksr-icon\" style=\"width: 24px; height: 24px;\"><\/div>\n        <\/div>\n            <div class=\"kksr-star\" data-star=\"4\" style=\"padding-right: 5px\">\n            \n\n<div class=\"kksr-icon\" style=\"width: 24px; height: 24px;\"><\/div>\n        <\/div>\n            <div class=\"kksr-star\" data-star=\"5\" style=\"padding-right: 5px\">\n            \n\n<div class=\"kksr-icon\" style=\"width: 24px; height: 24px;\"><\/div>\n        <\/div>\n    <\/div>\n    \n<div class=\"kksr-stars-active\" style=\"width: 0px;\">\n            <div class=\"kksr-star\" style=\"padding-right: 5px\">\n            \n\n<div class=\"kksr-icon\" style=\"width: 24px; height: 24px;\"><\/div>\n        <\/div>\n            <div class=\"kksr-star\" style=\"padding-right: 5px\">\n            \n\n<div class=\"kksr-icon\" style=\"width: 24px; height: 24px;\"><\/div>\n        <\/div>\n            <div class=\"kksr-star\" style=\"padding-right: 5px\">\n            \n\n<div class=\"kksr-icon\" style=\"width: 24px; height: 24px;\"><\/div>\n        <\/div>\n            <div class=\"kksr-star\" style=\"padding-right: 5px\">\n            \n\n<div class=\"kksr-icon\" style=\"width: 24px; height: 24px;\"><\/div>\n        <\/div>\n            <div class=\"kksr-star\" style=\"padding-right: 5px\">\n            \n\n<div class=\"kksr-icon\" style=\"width: 24px; height: 24px;\"><\/div>\n        <\/div>\n    <\/div>\n<\/div>\n                \n\n<div class=\"kksr-legend\" style=\"font-size: 19.2px;\">\n            <span class=\"kksr-muted\">Rate this post<\/span>\n    <\/div>\n    <\/div>\n<p>Hoy, 26 de julio, se celebra en Espa\u00f1a el D\u00eda de los Abuelos. Un d\u00eda especialmente enfocado a rendir homenaje a ese rol tan importante y entra\u00f1able que desarrollan los abuelos en el seno familiar, creando ese v\u00ednculo tan especial como es el de abuelo-nieto.<\/p>\n<p>En otras ocasiones, ya hemos hablado de la<span style=\"text-decoration: underline;\"><span style=\"color: #e86322; text-decoration: underline;\"> <a style=\"color: #e86322; text-decoration: underline;\" href=\"https:\/\/pensium.es\/la-relacion-entre-abuelos-y-nietos\/\">relaci\u00f3n entre abuelos y nietos<\/a> <\/span><\/span>y os hemos dado <span style=\"text-decoration: underline;\"><span style=\"color: #e86322;\"><a style=\"color: #e86322; text-decoration: underline;\" href=\"https:\/\/pensium.es\/ideas-dia-abuelos\/\">ideas para celebrar el D\u00eda de los Abuelos<\/a><\/span><\/span> a lo grande.<\/p>\n<p>Hoy vamos a enfocarnos hacia el cine y la lectura y vamos a proponeros pel\u00edculas y libros en los que los abuelos son los protagonistas. \u00a1Empezamos!<\/p>\n<h2><span style=\"color: #e86322;\"><strong>Libros<\/strong><\/span><\/h2>\n<p>Os proponemos una serie de libros diferentes que buscan ayudar a los m\u00e1s j\u00f3venes a descubrir el valor de sus abuelos. Porque convertir a los abuelos y abuelas en algo importante en nuestras vidas es la mejor manera de honrarlos.<\/p>\n<p><span style=\"color: #e86322;\"><strong>Querida abuela: entre tu y yo<\/strong><\/span><\/p>\n<p>Este libro, recomendado para cualquier edad, centra el protagonismo en la abuela y permite a los nietos descubrirla, desde otro punto de vista, a trav\u00e9s de 50 preguntas como: \u00bfQui\u00e9nes fueron sus mejores amigos cuando era joven? \u00bfCu\u00e1les son sus primeros recuerdos?<\/p>\n<p>En el libro la abuela podr\u00e1 explicar an\u00e9cdotas, vivencias, a\u00f1adir fotograf\u00edas\u2026 y, una vez completado, devolverlo a su nieto\/a. \u00a1Un recuerdo que seguro que siempre conservar\u00e9i<\/p>\n<p><span style=\"color: #e86322;\"><strong>Este libro es de mi abuelo<\/strong><\/span><\/p>\n<p>Si antes os hemos propuesto un libro centrado en las abuelas, es justo que en nuestro listado incluyamos uno que ponga el foco en los abuelos. En este caso os presentamos un libro, ideal para ni\u00f1os de 3 a 9 a\u00f1os, con adhesivos y actividades para escribir y dibujar sobre la vida, aficiones y gustos de los abuelos. \u00a1Toda una experiencia!<\/p>\n<p><span style=\"color: #e86322;\"><strong>Cosas que me gustan de mis abuelos<\/strong><\/span><\/p>\n<p>Un precioso libro, para ni\u00f1os de entre 3 y 6 a\u00f1os, en el que el protagonista nos cuenta lo bien que se siente y se lo pasa con cada uno de sus abuelos, qu\u00e9 les gusta hacer juntos y cuanto se llegan a querer.<\/p>\n<p><span style=\"color: #e86322;\"><strong>La incre\u00edble historia de\u2026la abuela g\u00e1nster<\/strong><\/span><\/p>\n<p>Otro libro, en este caso para ni\u00f1os de 9 a 12 a\u00f1os, que seguro que os sorprender\u00e1. La abuela de Ben es, aparentemente, la t\u00edpica abuelita de manual, pero esconde un secreto: \u00a1es una ladrona de joyas perseguida a nivel internacional! Como os pod\u00e9is imaginar la historia ser\u00e1 de lo m\u00e1s interesante y seguro que, de leerlo conjuntamente abuela y nieto, les mantendr\u00e1 absortos durante largos ratos.<\/p>\n<p>&nbsp;<\/p>\n<h2><span style=\"color: #e86322;\"><strong>Pel\u00edculas<\/strong><\/span><\/h2>\n<p>Estas pel\u00edculas muestran la necesidad de las personas mayores de demostrar que a\u00fan tienen su papel, y como la interacci\u00f3n con las generaciones m\u00e1s j\u00f3venes puede hacer aflorar sentimientos escondidos.<\/p>\n<p><span style=\"color: #e86322;\"><strong>Abuelos<\/strong><\/span><\/p>\n<p>Pel\u00edcula Espa\u00f1ola, dirigida por Santiago Requejo, en la que tres abuelos desempleados, sinti\u00e9ndose desfasados en un mundo en el que la imagen, la juventud y la tecnolog\u00eda lo dominan todo, deciden emprender y demostrar que ellos a\u00fan tienen mucho que aportar.<\/p>\n<p><strong><span style=\"color: #e86322;\">As\u00ed nos va<\/span> <\/strong><\/p>\n<p>Un film americano, dirigido por Rob Reiner, en el que podemos ver como\u00a0la vida de un solitario y amargado agente inmobiliario cambia dr\u00e1sticamente cuando descubre que tiene una nieta a la que debe cuidar por un tiempo.<\/p>\n<p><strong><span style=\"color: #e86322;\">Abuelos al poder<\/span> <\/strong><\/p>\n<p>Una divertida comedia americana en la que dos abuelos deben cuidar a sus tres nietos debido a que los padres se ven obligados a viajar por trabajo. Todo parece ir bien, hasta que los m\u00e9todos educativos modernos chocan con los de la vieja escuela. A partir de aqu\u00ed, \u00a1los problemas est\u00e1n servidos!<\/p>\n<p><strong><span style=\"color: #e86322;\">Up: una aventura de altura<\/span> <\/strong><\/p>\n<p>Una conocida pel\u00edcula de animaci\u00f3n en la que un vendedor de globos retirado y viudo se embarca en una aventura a\u00e9rea despu\u00e9s del fallecimiento de su esposa, sin darse cuenta que lleva a un pasajero inesperado: un ni\u00f1o explorador.<\/p>\n<p>&nbsp;<\/p>\n<p><span style=\"text-decoration: underline;\"><span style=\"color: #e86322;\"><a style=\"color: #e86322; text-decoration: underline;\" href=\"https:\/\/pensium.es\/\">Pensium<\/a><\/span><\/span> desea un Feliz d\u00eda de los abuelos a todas las personas mayores, abuelos o no, que en alg\u00fan momento hayan ense\u00f1ado algo a los m\u00e1s j\u00f3venes o que hayan aprendido algo de ellos.<\/p>\n","protected":false},"excerpt":{"rendered":"<p>Hoy, 26 de julio, se celebra en Espa\u00f1a el D\u00eda de los Abuelos. Un d\u00eda especialmente enfocado a rendir homenaje a ese rol tan importante y entra\u00f1able que desarrollan los abuelos en el seno familiar, creando ese v\u00ednculo tan especial como es el de abuelo-nieto. En otras ocasiones, ya hemos hablado de la relaci\u00f3n entre &#8230; <a class=\"excerpt-readmore\" href=\"https:\/\/pensium.es\/ca\/libros-peliculas-abuelos\/\">Read More<\/a><\/p>\n","protected":false},"author":4,"featured_media":10471,"comment_status":"open","ping_status":"closed","sticky":false,"template":"","format":"standard","meta":{"footnotes":""},"categories":[323],"tags":[],"class_list":["post-10631","post","type-post","status-publish","format-standard","has-post-thumbnail","hentry","category-general-ca"],"yoast_head":"<!-- This site is optimized with the Yoast SEO plugin v27.3 - https:\/\/yoast.com\/product\/yoast-seo-wordpress\/ -->\n<title>Libros y pel\u00edculas con abuelos como protagonistas<\/title>\n<meta name=\"robots\" content=\"index, follow, max-snippet:-1, max-image-preview:large, max-video-preview:-1\" \/>\n<link rel=\"canonical\" href=\"https:\/\/pensium.es\/ca\/libros-peliculas-abuelos\/\" \/>\n<meta property=\"og:locale\" content=\"ca_ES\" \/>\n<meta property=\"og:type\" content=\"article\" \/>\n<meta property=\"og:title\" content=\"Libros y pel\u00edculas con abuelos como protagonistas\" \/>\n<meta property=\"og:description\" content=\"Hoy, 26 de julio, se celebra en Espa\u00f1a el D\u00eda de los Abuelos. Un d\u00eda especialmente enfocado a rendir homenaje a ese rol tan importante y entra\u00f1able que desarrollan los abuelos en el seno familiar, creando ese v\u00ednculo tan especial como es el de abuelo-nieto. En otras ocasiones, ya hemos hablado de la relaci\u00f3n entre ... Read More\" \/>\n<meta property=\"og:url\" content=\"https:\/\/pensium.es\/libros-peliculas-abuelos\/\" \/>\n<meta property=\"og:site_name\" content=\"Pensium\" \/>\n<meta property=\"article:publisher\" content=\"https:\/\/www.facebook.com\/pensium.es\/\" \/>\n<meta property=\"article:published_time\" content=\"2021-07-26T10:30:51+00:00\" \/>\n<meta property=\"article:modified_time\" content=\"2021-08-27T10:31:48+00:00\" \/>\n<meta property=\"og:image\" content=\"https:\/\/pensium.es\/wp-content\/uploads\/2021\/07\/libros-peliculas-abuelos.jpg\" \/>\n\t<meta property=\"og:image:width\" content=\"928\" \/>\n\t<meta property=\"og:image:height\" content=\"441\" \/>\n\t<meta property=\"og:image:type\" content=\"image\/jpeg\" \/>\n<meta name=\"author\" content=\"Pensium\" \/>\n<meta name=\"twitter:card\" content=\"summary_large_image\" \/>\n<meta name=\"twitter:label1\" content=\"Escrit per\" \/>\n\t<meta name=\"twitter:data1\" content=\"Pensium\" \/>\n\t<meta name=\"twitter:label2\" content=\"Temps estimat de lectura\" \/>\n\t<meta name=\"twitter:data2\" content=\"3 minuts\" \/>\n<script type=\"application\/ld+json\" class=\"yoast-schema-graph\">{\"@context\":\"https:\\\/\\\/schema.org\",\"@graph\":[{\"@type\":\"Article\",\"@id\":\"https:\\\/\\\/pensium.es\\\/libros-peliculas-abuelos\\\/#article\",\"isPartOf\":{\"@id\":\"https:\\\/\\\/pensium.es\\\/ca\\\/libros-peliculas-abuelos\\\/\"},\"author\":{\"name\":\"Pensium\",\"@id\":\"https:\\\/\\\/pensium.es\\\/ca\\\/#\\\/schema\\\/person\\\/3b2c54086c781c3b9d4903a784f4049f\"},\"headline\":\"Libros y pel\u00edculas con abuelos como protagonistas\",\"datePublished\":\"2021-07-26T10:30:51+00:00\",\"dateModified\":\"2021-08-27T10:31:48+00:00\",\"mainEntityOfPage\":{\"@id\":\"https:\\\/\\\/pensium.es\\\/ca\\\/libros-peliculas-abuelos\\\/\"},\"wordCount\":708,\"commentCount\":0,\"image\":{\"@id\":\"https:\\\/\\\/pensium.es\\\/libros-peliculas-abuelos\\\/#primaryimage\"},\"thumbnailUrl\":\"https:\\\/\\\/pensium.es\\\/wp-content\\\/uploads\\\/2021\\\/07\\\/libros-peliculas-abuelos.jpg\",\"articleSection\":[\"General\"],\"inLanguage\":\"ca\",\"potentialAction\":[{\"@type\":\"CommentAction\",\"name\":\"Comment\",\"target\":[\"https:\\\/\\\/pensium.es\\\/libros-peliculas-abuelos\\\/#respond\"]}]},{\"@type\":\"WebPage\",\"@id\":\"https:\\\/\\\/pensium.es\\\/ca\\\/libros-peliculas-abuelos\\\/\",\"url\":\"https:\\\/\\\/pensium.es\\\/libros-peliculas-abuelos\\\/\",\"name\":\"Libros y pel\u00edculas con abuelos como protagonistas\",\"isPartOf\":{\"@id\":\"https:\\\/\\\/pensium.es\\\/ca\\\/#website\"},\"primaryImageOfPage\":{\"@id\":\"https:\\\/\\\/pensium.es\\\/libros-peliculas-abuelos\\\/#primaryimage\"},\"image\":{\"@id\":\"https:\\\/\\\/pensium.es\\\/libros-peliculas-abuelos\\\/#primaryimage\"},\"thumbnailUrl\":\"https:\\\/\\\/pensium.es\\\/wp-content\\\/uploads\\\/2021\\\/07\\\/libros-peliculas-abuelos.jpg\",\"datePublished\":\"2021-07-26T10:30:51+00:00\",\"dateModified\":\"2021-08-27T10:31:48+00:00\",\"author\":{\"@id\":\"https:\\\/\\\/pensium.es\\\/ca\\\/#\\\/schema\\\/person\\\/3b2c54086c781c3b9d4903a784f4049f\"},\"breadcrumb\":{\"@id\":\"https:\\\/\\\/pensium.es\\\/libros-peliculas-abuelos\\\/#breadcrumb\"},\"inLanguage\":\"ca\",\"potentialAction\":[{\"@type\":\"ReadAction\",\"target\":[\"https:\\\/\\\/pensium.es\\\/libros-peliculas-abuelos\\\/\"]}]},{\"@type\":\"ImageObject\",\"inLanguage\":\"ca\",\"@id\":\"https:\\\/\\\/pensium.es\\\/libros-peliculas-abuelos\\\/#primaryimage\",\"url\":\"https:\\\/\\\/pensium.es\\\/wp-content\\\/uploads\\\/2021\\\/07\\\/libros-peliculas-abuelos.jpg\",\"contentUrl\":\"https:\\\/\\\/pensium.es\\\/wp-content\\\/uploads\\\/2021\\\/07\\\/libros-peliculas-abuelos.jpg\",\"width\":928,\"height\":441,\"caption\":\"libros y peliculas de abuelos\"},{\"@type\":\"BreadcrumbList\",\"@id\":\"https:\\\/\\\/pensium.es\\\/libros-peliculas-abuelos\\\/#breadcrumb\",\"itemListElement\":[{\"@type\":\"ListItem\",\"position\":1,\"name\":\"Inicio\",\"item\":\"https:\\\/\\\/pensium.es\\\/ca\\\/\"},{\"@type\":\"ListItem\",\"position\":2,\"name\":\"Libros y pel\u00edculas con abuelos como protagonistas\"}]},{\"@type\":\"WebSite\",\"@id\":\"https:\\\/\\\/pensium.es\\\/ca\\\/#website\",\"url\":\"https:\\\/\\\/pensium.es\\\/ca\\\/\",\"name\":\"Pensium\",\"description\":\"Paga la resid\u00e8ncia de la gent gran amb l'avan\u00e7ament del lloguer de l'habitatge\",\"potentialAction\":[{\"@type\":\"SearchAction\",\"target\":{\"@type\":\"EntryPoint\",\"urlTemplate\":\"https:\\\/\\\/pensium.es\\\/ca\\\/?s={search_term_string}\"},\"query-input\":{\"@type\":\"PropertyValueSpecification\",\"valueRequired\":true,\"valueName\":\"search_term_string\"}}],\"inLanguage\":\"ca\"},{\"@type\":\"Person\",\"@id\":\"https:\\\/\\\/pensium.es\\\/ca\\\/#\\\/schema\\\/person\\\/3b2c54086c781c3b9d4903a784f4049f\",\"name\":\"Pensium\",\"image\":{\"@type\":\"ImageObject\",\"inLanguage\":\"ca\",\"@id\":\"https:\\\/\\\/secure.gravatar.com\\\/avatar\\\/676b3457f9f57981f28982fb1f950341359281c6cba0f3f7366cd94ca4f532bd?s=96&d=mm&r=g\",\"url\":\"https:\\\/\\\/secure.gravatar.com\\\/avatar\\\/676b3457f9f57981f28982fb1f950341359281c6cba0f3f7366cd94ca4f532bd?s=96&d=mm&r=g\",\"contentUrl\":\"https:\\\/\\\/secure.gravatar.com\\\/avatar\\\/676b3457f9f57981f28982fb1f950341359281c6cba0f3f7366cd94ca4f532bd?s=96&d=mm&r=g\",\"caption\":\"Pensium\"},\"url\":\"https:\\\/\\\/pensium.es\\\/ca\\\/author\\\/pensium-2\\\/\"}]}<\/script>\n<!-- \/ Yoast SEO plugin. -->","yoast_head_json":{"title":"Libros y pel\u00edculas con abuelos como protagonistas","robots":{"index":"index","follow":"follow","max-snippet":"max-snippet:-1","max-image-preview":"max-image-preview:large","max-video-preview":"max-video-preview:-1"},"canonical":"https:\/\/pensium.es\/ca\/libros-peliculas-abuelos\/","og_locale":"ca_ES","og_type":"article","og_title":"Libros y pel\u00edculas con abuelos como protagonistas","og_description":"Hoy, 26 de julio, se celebra en Espa\u00f1a el D\u00eda de los Abuelos. Un d\u00eda especialmente enfocado a rendir homenaje a ese rol tan importante y entra\u00f1able que desarrollan los abuelos en el seno familiar, creando ese v\u00ednculo tan especial como es el de abuelo-nieto. En otras ocasiones, ya hemos hablado de la relaci\u00f3n entre ... Read More","og_url":"https:\/\/pensium.es\/libros-peliculas-abuelos\/","og_site_name":"Pensium","article_publisher":"https:\/\/www.facebook.com\/pensium.es\/","article_published_time":"2021-07-26T10:30:51+00:00","article_modified_time":"2021-08-27T10:31:48+00:00","og_image":[{"width":928,"height":441,"url":"https:\/\/pensium.es\/wp-content\/uploads\/2021\/07\/libros-peliculas-abuelos.jpg","type":"image\/jpeg"}],"author":"Pensium","twitter_card":"summary_large_image","twitter_misc":{"Escrit per":"Pensium","Temps estimat de lectura":"3 minuts"},"schema":{"@context":"https:\/\/schema.org","@graph":[{"@type":"Article","@id":"https:\/\/pensium.es\/libros-peliculas-abuelos\/#article","isPartOf":{"@id":"https:\/\/pensium.es\/ca\/libros-peliculas-abuelos\/"},"author":{"name":"Pensium","@id":"https:\/\/pensium.es\/ca\/#\/schema\/person\/3b2c54086c781c3b9d4903a784f4049f"},"headline":"Libros y pel\u00edculas con abuelos como protagonistas","datePublished":"2021-07-26T10:30:51+00:00","dateModified":"2021-08-27T10:31:48+00:00","mainEntityOfPage":{"@id":"https:\/\/pensium.es\/ca\/libros-peliculas-abuelos\/"},"wordCount":708,"commentCount":0,"image":{"@id":"https:\/\/pensium.es\/libros-peliculas-abuelos\/#primaryimage"},"thumbnailUrl":"https:\/\/pensium.es\/wp-content\/uploads\/2021\/07\/libros-peliculas-abuelos.jpg","articleSection":["General"],"inLanguage":"ca","potentialAction":[{"@type":"CommentAction","name":"Comment","target":["https:\/\/pensium.es\/libros-peliculas-abuelos\/#respond"]}]},{"@type":"WebPage","@id":"https:\/\/pensium.es\/ca\/libros-peliculas-abuelos\/","url":"https:\/\/pensium.es\/libros-peliculas-abuelos\/","name":"Libros y pel\u00edculas con abuelos como protagonistas","isPartOf":{"@id":"https:\/\/pensium.es\/ca\/#website"},"primaryImageOfPage":{"@id":"https:\/\/pensium.es\/libros-peliculas-abuelos\/#primaryimage"},"image":{"@id":"https:\/\/pensium.es\/libros-peliculas-abuelos\/#primaryimage"},"thumbnailUrl":"https:\/\/pensium.es\/wp-content\/uploads\/2021\/07\/libros-peliculas-abuelos.jpg","datePublished":"2021-07-26T10:30:51+00:00","dateModified":"2021-08-27T10:31:48+00:00","author":{"@id":"https:\/\/pensium.es\/ca\/#\/schema\/person\/3b2c54086c781c3b9d4903a784f4049f"},"breadcrumb":{"@id":"https:\/\/pensium.es\/libros-peliculas-abuelos\/#breadcrumb"},"inLanguage":"ca","potentialAction":[{"@type":"ReadAction","target":["https:\/\/pensium.es\/libros-peliculas-abuelos\/"]}]},{"@type":"ImageObject","inLanguage":"ca","@id":"https:\/\/pensium.es\/libros-peliculas-abuelos\/#primaryimage","url":"https:\/\/pensium.es\/wp-content\/uploads\/2021\/07\/libros-peliculas-abuelos.jpg","contentUrl":"https:\/\/pensium.es\/wp-content\/uploads\/2021\/07\/libros-peliculas-abuelos.jpg","width":928,"height":441,"caption":"libros y peliculas de abuelos"},{"@type":"BreadcrumbList","@id":"https:\/\/pensium.es\/libros-peliculas-abuelos\/#breadcrumb","itemListElement":[{"@type":"ListItem","position":1,"name":"Inicio","item":"https:\/\/pensium.es\/ca\/"},{"@type":"ListItem","position":2,"name":"Libros y pel\u00edculas con abuelos como protagonistas"}]},{"@type":"WebSite","@id":"https:\/\/pensium.es\/ca\/#website","url":"https:\/\/pensium.es\/ca\/","name":"Pensium","description":"Paga la resid\u00e8ncia de la gent gran amb l'avan\u00e7ament del lloguer de l'habitatge","potentialAction":[{"@type":"SearchAction","target":{"@type":"EntryPoint","urlTemplate":"https:\/\/pensium.es\/ca\/?s={search_term_string}"},"query-input":{"@type":"PropertyValueSpecification","valueRequired":true,"valueName":"search_term_string"}}],"inLanguage":"ca"},{"@type":"Person","@id":"https:\/\/pensium.es\/ca\/#\/schema\/person\/3b2c54086c781c3b9d4903a784f4049f","name":"Pensium","image":{"@type":"ImageObject","inLanguage":"ca","@id":"https:\/\/secure.gravatar.com\/avatar\/676b3457f9f57981f28982fb1f950341359281c6cba0f3f7366cd94ca4f532bd?s=96&d=mm&r=g","url":"https:\/\/secure.gravatar.com\/avatar\/676b3457f9f57981f28982fb1f950341359281c6cba0f3f7366cd94ca4f532bd?s=96&d=mm&r=g","contentUrl":"https:\/\/secure.gravatar.com\/avatar\/676b3457f9f57981f28982fb1f950341359281c6cba0f3f7366cd94ca4f532bd?s=96&d=mm&r=g","caption":"Pensium"},"url":"https:\/\/pensium.es\/ca\/author\/pensium-2\/"}]}},"_links":{"self":[{"href":"https:\/\/pensium.es\/ca\/wp-json\/wp\/v2\/posts\/10631","targetHints":{"allow":["GET"]}}],"collection":[{"href":"https:\/\/pensium.es\/ca\/wp-json\/wp\/v2\/posts"}],"about":[{"href":"https:\/\/pensium.es\/ca\/wp-json\/wp\/v2\/types\/post"}],"author":[{"embeddable":true,"href":"https:\/\/pensium.es\/ca\/wp-json\/wp\/v2\/users\/4"}],"replies":[{"embeddable":true,"href":"https:\/\/pensium.es\/ca\/wp-json\/wp\/v2\/comments?post=10631"}],"version-history":[{"count":2,"href":"https:\/\/pensium.es\/ca\/wp-json\/wp\/v2\/posts\/10631\/revisions"}],"predecessor-version":[{"id":10633,"href":"https:\/\/pensium.es\/ca\/wp-json\/wp\/v2\/posts\/10631\/revisions\/10633"}],"wp:featuredmedia":[{"embeddable":true,"href":"https:\/\/pensium.es\/ca\/wp-json\/wp\/v2\/media\/10471"}],"wp:attachment":[{"href":"https:\/\/pensium.es\/ca\/wp-json\/wp\/v2\/media?parent=10631"}],"wp:term":[{"taxonomy":"category","embeddable":true,"href":"https:\/\/pensium.es\/ca\/wp-json\/wp\/v2\/categories?post=10631"},{"taxonomy":"post_tag","embeddable":true,"href":"https:\/\/pensium.es\/ca\/wp-json\/wp\/v2\/tags?post=10631"}],"curies":[{"name":"wp","href":"https:\/\/api.w.org\/{rel}","templated":true}]}}