{"id":10700,"date":"2021-09-08T12:50:18","date_gmt":"2021-09-08T10:50:18","guid":{"rendered":"https:\/\/pensium.es\/residencias-mayores-espana\/"},"modified":"2021-09-08T13:08:16","modified_gmt":"2021-09-08T11:08:16","slug":"residencias-mayores-espana","status":"publish","type":"post","link":"https:\/\/pensium.es\/ca\/residencias-mayores-espana\/","title":{"rendered":"\u00bfCu\u00e1ntas residencias de mayores hay en Espa\u00f1a?"},"content":{"rendered":"\n\n<div class=\"kk-star-ratings kksr-auto kksr-align-left kksr-valign-top\"\n    data-payload='{&quot;align&quot;:&quot;left&quot;,&quot;id&quot;:&quot;10700&quot;,&quot;slug&quot;:&quot;default&quot;,&quot;valign&quot;:&quot;top&quot;,&quot;ignore&quot;:&quot;&quot;,&quot;reference&quot;:&quot;auto&quot;,&quot;class&quot;:&quot;&quot;,&quot;count&quot;:&quot;0&quot;,&quot;legendonly&quot;:&quot;&quot;,&quot;readonly&quot;:&quot;&quot;,&quot;score&quot;:&quot;0&quot;,&quot;starsonly&quot;:&quot;&quot;,&quot;best&quot;:&quot;5&quot;,&quot;gap&quot;:&quot;5&quot;,&quot;greet&quot;:&quot;Rate this post&quot;,&quot;legend&quot;:&quot;0\\\/5 - (0 votes)&quot;,&quot;size&quot;:&quot;24&quot;,&quot;title&quot;:&quot;\u00bfCu\u00e1ntas residencias de mayores hay en Espa\u00f1a?&quot;,&quot;width&quot;:&quot;0&quot;,&quot;_legend&quot;:&quot;{score}\\\/{best} - ({count} {votes})&quot;,&quot;font_factor&quot;:&quot;1.25&quot;}'>\n            \n<div class=\"kksr-stars\">\n    \n<div class=\"kksr-stars-inactive\">\n            <div class=\"kksr-star\" data-star=\"1\" style=\"padding-right: 5px\">\n            \n\n<div class=\"kksr-icon\" style=\"width: 24px; height: 24px;\"><\/div>\n        <\/div>\n            <div class=\"kksr-star\" data-star=\"2\" style=\"padding-right: 5px\">\n            \n\n<div class=\"kksr-icon\" style=\"width: 24px; height: 24px;\"><\/div>\n        <\/div>\n            <div class=\"kksr-star\" data-star=\"3\" style=\"padding-right: 5px\">\n            \n\n<div class=\"kksr-icon\" style=\"width: 24px; height: 24px;\"><\/div>\n        <\/div>\n            <div class=\"kksr-star\" data-star=\"4\" style=\"padding-right: 5px\">\n            \n\n<div class=\"kksr-icon\" style=\"width: 24px; height: 24px;\"><\/div>\n        <\/div>\n            <div class=\"kksr-star\" data-star=\"5\" style=\"padding-right: 5px\">\n            \n\n<div class=\"kksr-icon\" style=\"width: 24px; height: 24px;\"><\/div>\n        <\/div>\n    <\/div>\n    \n<div class=\"kksr-stars-active\" style=\"width: 0px;\">\n            <div class=\"kksr-star\" style=\"padding-right: 5px\">\n            \n\n<div class=\"kksr-icon\" style=\"width: 24px; height: 24px;\"><\/div>\n        <\/div>\n            <div class=\"kksr-star\" style=\"padding-right: 5px\">\n            \n\n<div class=\"kksr-icon\" style=\"width: 24px; height: 24px;\"><\/div>\n        <\/div>\n            <div class=\"kksr-star\" style=\"padding-right: 5px\">\n            \n\n<div class=\"kksr-icon\" style=\"width: 24px; height: 24px;\"><\/div>\n        <\/div>\n            <div class=\"kksr-star\" style=\"padding-right: 5px\">\n            \n\n<div class=\"kksr-icon\" style=\"width: 24px; height: 24px;\"><\/div>\n        <\/div>\n            <div class=\"kksr-star\" style=\"padding-right: 5px\">\n            \n\n<div class=\"kksr-icon\" style=\"width: 24px; height: 24px;\"><\/div>\n        <\/div>\n    <\/div>\n<\/div>\n                \n\n<div class=\"kksr-legend\" style=\"font-size: 19.2px;\">\n            <span class=\"kksr-muted\">Rate this post<\/span>\n    <\/div>\n    <\/div>\n<p>Si bien existen algunos estudios estad\u00edsticos al respecto, como comentaremos, los datos disponibles sobre la cantidad exacta de residencias de mayores espa\u00f1olas no son oficiales. Ello se debe a que las competencias sobre Servicios Sociales y Residencias est\u00e1n transferidas a las comunidades aut\u00f3nomas, con lo que cada CCAA tiene su propia ley y realiza su propia definici\u00f3n de residencia de mayores, por lo que no resulta f\u00e1cil compararlas.<\/p>\n<p>Teniendo esta informaci\u00f3n presente, disponemos de algunos estudios que nos orientan sobre el n\u00famero de residencias de mayores disponibles en Espa\u00f1a y su distribuci\u00f3n por CCAA. As\u00ed, por ejemplo, los \u00faltimos datos facilitados por el Consejo Superior de Investigaciones Cient\u00edficas (CSIC) en su informe \u201c<span style=\"text-decoration: underline;\"><span style=\"color: #e86322;\"><a style=\"color: #e86322; text-decoration: underline;\" href=\"http:\/\/envejecimiento.csic.es\/documentos\/documentos\/enred-estadisticasresidencias2020.pdf\" rel=\"nofollow\">Estad\u00edsticas sobre residencias. Distribuci\u00f3n de centros y plazas residenciales por provincia<\/a><\/span><\/span>\u201d, de enero 2021, publicado en la p\u00e1gina web <span style=\"text-decoration: underline;\"><span style=\"color: #e86322;\"><a style=\"color: #e86322; text-decoration: underline;\" href=\"http:\/\/www.envejecimientoenred.es\" rel=\"nofollow\">envejecimientoenred.es<\/a><\/span><\/span>, <strong>el n\u00famero de centros residenciales* en nuestro pa\u00eds es de 5.567, <\/strong>lo que se traduce en <strong>384.251 plazas residenciales<\/strong>, entre privadas y p\u00fablicas.<\/p>\n<p>Si vamos al detalle, vemos que en todo el territorio nacional disponemos de un total de 3.925 centros privados y 1.642 p\u00fablicos, de los cuales la mayor\u00eda se concentran en las comunidades de Castilla-La Mancha (284), Extremadura (210) y Castilla y Le\u00f3n (200).<\/p>\n<p>A continuaci\u00f3n, se muestra la distribuci\u00f3n por comunidad aut\u00f3noma:<\/p>\n<p><img decoding=\"async\" class=\"wp-image-10687 size-full aligncenter\" src=\"https:\/\/pensium.es\/wp-content\/uploads\/2021\/09\/residencias-ancianos-espana.png\" alt=\"residencias de ancianos espa\u00f1a\" width=\"401\" height=\"431\" data-wp-pid=\"10685\" srcset=\"https:\/\/pensium.es\/wp-content\/uploads\/2021\/09\/residencias-ancianos-espana.png 401w, https:\/\/pensium.es\/wp-content\/uploads\/2021\/09\/residencias-ancianos-espana-279x300.png 279w\" sizes=\"(max-width: 401px) 100vw, 401px\" \/><\/p>\n<p>&nbsp;<\/p>\n<p><img decoding=\"async\" class=\"wp-image-10691 aligncenter\" src=\"https:\/\/pensium.es\/wp-content\/uploads\/2021\/09\/residencias-privadas-vs-publicas.png\" alt=\"Residencias de mayores privadas versus p\u00fablicas Espa\u00f1a\" width=\"705\" height=\"447\" data-wp-pid=\"10689\" srcset=\"https:\/\/pensium.es\/wp-content\/uploads\/2021\/09\/residencias-privadas-vs-publicas.png 1002w, https:\/\/pensium.es\/wp-content\/uploads\/2021\/09\/residencias-privadas-vs-publicas-300x190.png 300w, https:\/\/pensium.es\/wp-content\/uploads\/2021\/09\/residencias-privadas-vs-publicas-768x487.png 768w\" sizes=\"(max-width: 705px) 100vw, 705px\" \/><\/p>\n<p>En cuanto a plazas, de las 384.251 plazas disponibles tenemos 281.332 plazas residenciales privadas contra 102.919 plazas p\u00fablicas. Es decir, el 73,2% de plazas son privadas mientras que hay un 26,8% de plazas p\u00fablicas.<\/p>\n<p>Si tenemos en cuenta la recomendaci\u00f3n de la Organizaci\u00f3n Mundial de la Salud (OMS) de disponer de 5 plazas por cada 100 mayores de 65 a\u00f1os, y sabemos que, seg\u00fan los \u00faltimos datos, en Espa\u00f1a viven 8.764.204 personas de 65 a\u00f1os o m\u00e1s, los n\u00fameros no salen: en Espa\u00f1a faltan plazas residenciales.<\/p>\n<p>Por ello, no es de extra\u00f1ar que las listas de espera para acceder a una plaza p\u00fablica en algunas Comunidades Aut\u00f3nomas sean tan largas. Por otro lado, el Plan de Choque de Dependencia se centra en impulsar la figura del asistente personal y el servicio de <span style=\"text-decoration: underline;\"><span style=\"color: #e86322;\"><a style=\"color: #e86322; text-decoration: underline;\" href=\"https:\/\/pensium.es\/teleasistencia-personas-mayores\/\">teleasistencia para personas mayores<\/a><\/span><\/span>, lo que apunta que la creaci\u00f3n de nuevas plazas residenciales seguir\u00e1 siendo impulsada por la actividad privadas.<\/p>\n<p>Recordemos que los <span style=\"text-decoration: underline;\"><span style=\"color: #e86322;\"><a style=\"color: #e86322; text-decoration: underline;\" href=\"https:\/\/pensium.es\/precios-de-las-residencias-de-tercera-edad-en-espana\/\">precios de las residencias de ancianos<\/a><\/span><\/span> privadas en Espa\u00f1a asciende, aproximadamente, a 1.950 euros mensuales, con lo que el esfuerzo que deben realizar la mayor\u00eda de familias espa\u00f1olas, teniendo en cuenta el importe medio de las pensiones, es enorme.<\/p>\n<p>Lo que est\u00e1 claro viendo los datos, es que en Espa\u00f1a existe una importante necesidad de revisi\u00f3n del modelo de residencias para adaptarlo a la creciente demanda. Teniendo en cuenta las estimaciones de incremento del n\u00famero de personas mayores de 65 a\u00f1os en las pr\u00f3ximas d\u00e9cadas, \u00e9ste es sin duda un tema importante a abordar por parte del Gobierno.<\/p>\n<p>Mientras tanto, una manera de ayudar a las familias que necesitan una plaza residencial es facilitar al m\u00e1ximo el pago de la plaza privada, de forma continuada o hasta que puedan acceder a la plaza p\u00fablica. <a href=\"https:\/\/pensium.es\/\"><span style=\"text-decoration: underline;\"><span style=\"color: #e86322; text-decoration: underline;\">Pensium<\/span><\/span><\/a> est\u00e1 al lado de estas familias para ofrecerles una soluci\u00f3n que les permite el <strong>acceso inmediato<\/strong> a una plaza privada sin tener que afrontar directamente el gran esfuerzo econ\u00f3mico que esto supone.<\/p>\n<p>&nbsp;<\/p>\n<p>__<\/p>\n<p>* <em>En este informe, centros residenciales se refieren a alojamientos colectivos para personas mayores bajo diferentes modelos: residencias, incluidas las mini-residencias; viviendas o pisos tutelados; centro psicogeri\u00e1tricos (o secciones dentro de esos centros); centros sociosanitarios (secci\u00f3n de mayores, si est\u00e1 diferenciada); conjuntos residenciales (apartamentos, etc., con servicios comunes, de titularidad p\u00fablica); otros centros colectivos.<\/em><\/p>\n","protected":false},"excerpt":{"rendered":"<p>Si bien existen algunos estudios estad\u00edsticos al respecto, como comentaremos, los datos disponibles sobre la cantidad exacta de residencias de mayores espa\u00f1olas no son oficiales. Ello se debe a que las competencias sobre Servicios Sociales y Residencias est\u00e1n transferidas a las comunidades aut\u00f3nomas, con lo que cada CCAA tiene su propia ley y realiza su &#8230; <a class=\"excerpt-readmore\" href=\"https:\/\/pensium.es\/ca\/residencias-mayores-espana\/\">Read More<\/a><\/p>\n","protected":false},"author":4,"featured_media":10695,"comment_status":"open","ping_status":"closed","sticky":false,"template":"","format":"standard","meta":{"footnotes":""},"categories":[],"tags":[],"class_list":["post-10700","post","type-post","status-publish","format-standard","has-post-thumbnail","hentry"],"yoast_head":"<!-- This site is optimized with the Yoast SEO plugin v27.3 - https:\/\/yoast.com\/product\/yoast-seo-wordpress\/ -->\n<title>\u00bfCu\u00e1ntas residencias de mayores hay en Espa\u00f1a?<\/title>\n<meta name=\"description\" content=\"Conoce los datos de los \u00faltimos estudios que cifran el n\u00famero de residencias de mayores en Espa\u00f1a, desglosando p\u00fablicas y privadas por CCAA.\" \/>\n<meta name=\"robots\" content=\"index, follow, max-snippet:-1, max-image-preview:large, max-video-preview:-1\" \/>\n<link rel=\"canonical\" href=\"https:\/\/pensium.es\/ca\/residencias-mayores-espana\/\" \/>\n<meta property=\"og:locale\" content=\"ca_ES\" \/>\n<meta property=\"og:type\" content=\"article\" \/>\n<meta property=\"og:title\" content=\"\u00bfCu\u00e1ntas residencias de mayores hay en Espa\u00f1a?\" \/>\n<meta property=\"og:description\" content=\"Conoce los datos de los \u00faltimos estudios que cifran el n\u00famero de residencias de mayores en Espa\u00f1a, desglosando p\u00fablicas y privadas por CCAA.\" \/>\n<meta property=\"og:url\" content=\"https:\/\/pensium.es\/residencias-mayores-espana\/\" \/>\n<meta property=\"og:site_name\" content=\"Pensium\" \/>\n<meta property=\"article:publisher\" content=\"https:\/\/www.facebook.com\/pensium.es\/\" \/>\n<meta property=\"article:published_time\" content=\"2021-09-08T10:50:18+00:00\" \/>\n<meta property=\"article:modified_time\" content=\"2021-09-08T11:08:16+00:00\" \/>\n<meta property=\"og:image\" content=\"https:\/\/pensium.es\/wp-content\/uploads\/2021\/09\/residencias-mayores-espana.jpg\" \/>\n\t<meta property=\"og:image:width\" content=\"945\" \/>\n\t<meta property=\"og:image:height\" content=\"455\" \/>\n\t<meta property=\"og:image:type\" content=\"image\/jpeg\" \/>\n<meta name=\"author\" content=\"Pensium\" \/>\n<meta name=\"twitter:card\" content=\"summary_large_image\" \/>\n<meta name=\"twitter:label1\" content=\"Escrit per\" \/>\n\t<meta name=\"twitter:data1\" content=\"Pensium\" \/>\n\t<meta name=\"twitter:label2\" content=\"Temps estimat de lectura\" \/>\n\t<meta name=\"twitter:data2\" content=\"3 minuts\" \/>\n<script type=\"application\/ld+json\" class=\"yoast-schema-graph\">{\"@context\":\"https:\\\/\\\/schema.org\",\"@graph\":[{\"@type\":\"Article\",\"@id\":\"https:\\\/\\\/pensium.es\\\/residencias-mayores-espana\\\/#article\",\"isPartOf\":{\"@id\":\"https:\\\/\\\/pensium.es\\\/ca\\\/residencias-mayores-espana\\\/\"},\"author\":{\"name\":\"Pensium\",\"@id\":\"https:\\\/\\\/pensium.es\\\/ca\\\/#\\\/schema\\\/person\\\/3b2c54086c781c3b9d4903a784f4049f\"},\"headline\":\"\u00bfCu\u00e1ntas residencias de mayores hay en Espa\u00f1a?\",\"datePublished\":\"2021-09-08T10:50:18+00:00\",\"dateModified\":\"2021-09-08T11:08:16+00:00\",\"mainEntityOfPage\":{\"@id\":\"https:\\\/\\\/pensium.es\\\/ca\\\/residencias-mayores-espana\\\/\"},\"wordCount\":629,\"commentCount\":0,\"image\":{\"@id\":\"https:\\\/\\\/pensium.es\\\/residencias-mayores-espana\\\/#primaryimage\"},\"thumbnailUrl\":\"https:\\\/\\\/pensium.es\\\/wp-content\\\/uploads\\\/2021\\\/09\\\/residencias-mayores-espana.jpg\",\"inLanguage\":\"ca\",\"potentialAction\":[{\"@type\":\"CommentAction\",\"name\":\"Comment\",\"target\":[\"https:\\\/\\\/pensium.es\\\/residencias-mayores-espana\\\/#respond\"]}]},{\"@type\":\"WebPage\",\"@id\":\"https:\\\/\\\/pensium.es\\\/ca\\\/residencias-mayores-espana\\\/\",\"url\":\"https:\\\/\\\/pensium.es\\\/residencias-mayores-espana\\\/\",\"name\":\"\u00bfCu\u00e1ntas residencias de mayores hay en Espa\u00f1a?\",\"isPartOf\":{\"@id\":\"https:\\\/\\\/pensium.es\\\/ca\\\/#website\"},\"primaryImageOfPage\":{\"@id\":\"https:\\\/\\\/pensium.es\\\/residencias-mayores-espana\\\/#primaryimage\"},\"image\":{\"@id\":\"https:\\\/\\\/pensium.es\\\/residencias-mayores-espana\\\/#primaryimage\"},\"thumbnailUrl\":\"https:\\\/\\\/pensium.es\\\/wp-content\\\/uploads\\\/2021\\\/09\\\/residencias-mayores-espana.jpg\",\"datePublished\":\"2021-09-08T10:50:18+00:00\",\"dateModified\":\"2021-09-08T11:08:16+00:00\",\"author\":{\"@id\":\"https:\\\/\\\/pensium.es\\\/ca\\\/#\\\/schema\\\/person\\\/3b2c54086c781c3b9d4903a784f4049f\"},\"description\":\"Conoce los datos de los \u00faltimos estudios que cifran el n\u00famero de residencias de mayores en Espa\u00f1a, desglosando p\u00fablicas y privadas por CCAA.\",\"breadcrumb\":{\"@id\":\"https:\\\/\\\/pensium.es\\\/residencias-mayores-espana\\\/#breadcrumb\"},\"inLanguage\":\"ca\",\"potentialAction\":[{\"@type\":\"ReadAction\",\"target\":[\"https:\\\/\\\/pensium.es\\\/residencias-mayores-espana\\\/\"]}]},{\"@type\":\"ImageObject\",\"inLanguage\":\"ca\",\"@id\":\"https:\\\/\\\/pensium.es\\\/residencias-mayores-espana\\\/#primaryimage\",\"url\":\"https:\\\/\\\/pensium.es\\\/wp-content\\\/uploads\\\/2021\\\/09\\\/residencias-mayores-espana.jpg\",\"contentUrl\":\"https:\\\/\\\/pensium.es\\\/wp-content\\\/uploads\\\/2021\\\/09\\\/residencias-mayores-espana.jpg\",\"width\":945,\"height\":455,\"caption\":\"Residencias de mayores p\u00fablicas y privadas espa\u00f1a\"},{\"@type\":\"BreadcrumbList\",\"@id\":\"https:\\\/\\\/pensium.es\\\/residencias-mayores-espana\\\/#breadcrumb\",\"itemListElement\":[{\"@type\":\"ListItem\",\"position\":1,\"name\":\"Inicio\",\"item\":\"https:\\\/\\\/pensium.es\\\/ca\\\/\"},{\"@type\":\"ListItem\",\"position\":2,\"name\":\"\u00bfCu\u00e1ntas residencias de mayores hay en Espa\u00f1a?\"}]},{\"@type\":\"WebSite\",\"@id\":\"https:\\\/\\\/pensium.es\\\/ca\\\/#website\",\"url\":\"https:\\\/\\\/pensium.es\\\/ca\\\/\",\"name\":\"Pensium\",\"description\":\"Paga la resid\u00e8ncia de la gent gran amb l'avan\u00e7ament del lloguer de l'habitatge\",\"potentialAction\":[{\"@type\":\"SearchAction\",\"target\":{\"@type\":\"EntryPoint\",\"urlTemplate\":\"https:\\\/\\\/pensium.es\\\/ca\\\/?s={search_term_string}\"},\"query-input\":{\"@type\":\"PropertyValueSpecification\",\"valueRequired\":true,\"valueName\":\"search_term_string\"}}],\"inLanguage\":\"ca\"},{\"@type\":\"Person\",\"@id\":\"https:\\\/\\\/pensium.es\\\/ca\\\/#\\\/schema\\\/person\\\/3b2c54086c781c3b9d4903a784f4049f\",\"name\":\"Pensium\",\"image\":{\"@type\":\"ImageObject\",\"inLanguage\":\"ca\",\"@id\":\"https:\\\/\\\/secure.gravatar.com\\\/avatar\\\/676b3457f9f57981f28982fb1f950341359281c6cba0f3f7366cd94ca4f532bd?s=96&d=mm&r=g\",\"url\":\"https:\\\/\\\/secure.gravatar.com\\\/avatar\\\/676b3457f9f57981f28982fb1f950341359281c6cba0f3f7366cd94ca4f532bd?s=96&d=mm&r=g\",\"contentUrl\":\"https:\\\/\\\/secure.gravatar.com\\\/avatar\\\/676b3457f9f57981f28982fb1f950341359281c6cba0f3f7366cd94ca4f532bd?s=96&d=mm&r=g\",\"caption\":\"Pensium\"},\"url\":\"https:\\\/\\\/pensium.es\\\/ca\\\/author\\\/pensium-2\\\/\"}]}<\/script>\n<!-- \/ Yoast SEO plugin. -->","yoast_head_json":{"title":"\u00bfCu\u00e1ntas residencias de mayores hay en Espa\u00f1a?","description":"Conoce los datos de los \u00faltimos estudios que cifran el n\u00famero de residencias de mayores en Espa\u00f1a, desglosando p\u00fablicas y privadas por CCAA.","robots":{"index":"index","follow":"follow","max-snippet":"max-snippet:-1","max-image-preview":"max-image-preview:large","max-video-preview":"max-video-preview:-1"},"canonical":"https:\/\/pensium.es\/ca\/residencias-mayores-espana\/","og_locale":"ca_ES","og_type":"article","og_title":"\u00bfCu\u00e1ntas residencias de mayores hay en Espa\u00f1a?","og_description":"Conoce los datos de los \u00faltimos estudios que cifran el n\u00famero de residencias de mayores en Espa\u00f1a, desglosando p\u00fablicas y privadas por CCAA.","og_url":"https:\/\/pensium.es\/residencias-mayores-espana\/","og_site_name":"Pensium","article_publisher":"https:\/\/www.facebook.com\/pensium.es\/","article_published_time":"2021-09-08T10:50:18+00:00","article_modified_time":"2021-09-08T11:08:16+00:00","og_image":[{"width":945,"height":455,"url":"https:\/\/pensium.es\/wp-content\/uploads\/2021\/09\/residencias-mayores-espana.jpg","type":"image\/jpeg"}],"author":"Pensium","twitter_card":"summary_large_image","twitter_misc":{"Escrit per":"Pensium","Temps estimat de lectura":"3 minuts"},"schema":{"@context":"https:\/\/schema.org","@graph":[{"@type":"Article","@id":"https:\/\/pensium.es\/residencias-mayores-espana\/#article","isPartOf":{"@id":"https:\/\/pensium.es\/ca\/residencias-mayores-espana\/"},"author":{"name":"Pensium","@id":"https:\/\/pensium.es\/ca\/#\/schema\/person\/3b2c54086c781c3b9d4903a784f4049f"},"headline":"\u00bfCu\u00e1ntas residencias de mayores hay en Espa\u00f1a?","datePublished":"2021-09-08T10:50:18+00:00","dateModified":"2021-09-08T11:08:16+00:00","mainEntityOfPage":{"@id":"https:\/\/pensium.es\/ca\/residencias-mayores-espana\/"},"wordCount":629,"commentCount":0,"image":{"@id":"https:\/\/pensium.es\/residencias-mayores-espana\/#primaryimage"},"thumbnailUrl":"https:\/\/pensium.es\/wp-content\/uploads\/2021\/09\/residencias-mayores-espana.jpg","inLanguage":"ca","potentialAction":[{"@type":"CommentAction","name":"Comment","target":["https:\/\/pensium.es\/residencias-mayores-espana\/#respond"]}]},{"@type":"WebPage","@id":"https:\/\/pensium.es\/ca\/residencias-mayores-espana\/","url":"https:\/\/pensium.es\/residencias-mayores-espana\/","name":"\u00bfCu\u00e1ntas residencias de mayores hay en Espa\u00f1a?","isPartOf":{"@id":"https:\/\/pensium.es\/ca\/#website"},"primaryImageOfPage":{"@id":"https:\/\/pensium.es\/residencias-mayores-espana\/#primaryimage"},"image":{"@id":"https:\/\/pensium.es\/residencias-mayores-espana\/#primaryimage"},"thumbnailUrl":"https:\/\/pensium.es\/wp-content\/uploads\/2021\/09\/residencias-mayores-espana.jpg","datePublished":"2021-09-08T10:50:18+00:00","dateModified":"2021-09-08T11:08:16+00:00","author":{"@id":"https:\/\/pensium.es\/ca\/#\/schema\/person\/3b2c54086c781c3b9d4903a784f4049f"},"description":"Conoce los datos de los \u00faltimos estudios que cifran el n\u00famero de residencias de mayores en Espa\u00f1a, desglosando p\u00fablicas y privadas por CCAA.","breadcrumb":{"@id":"https:\/\/pensium.es\/residencias-mayores-espana\/#breadcrumb"},"inLanguage":"ca","potentialAction":[{"@type":"ReadAction","target":["https:\/\/pensium.es\/residencias-mayores-espana\/"]}]},{"@type":"ImageObject","inLanguage":"ca","@id":"https:\/\/pensium.es\/residencias-mayores-espana\/#primaryimage","url":"https:\/\/pensium.es\/wp-content\/uploads\/2021\/09\/residencias-mayores-espana.jpg","contentUrl":"https:\/\/pensium.es\/wp-content\/uploads\/2021\/09\/residencias-mayores-espana.jpg","width":945,"height":455,"caption":"Residencias de mayores p\u00fablicas y privadas espa\u00f1a"},{"@type":"BreadcrumbList","@id":"https:\/\/pensium.es\/residencias-mayores-espana\/#breadcrumb","itemListElement":[{"@type":"ListItem","position":1,"name":"Inicio","item":"https:\/\/pensium.es\/ca\/"},{"@type":"ListItem","position":2,"name":"\u00bfCu\u00e1ntas residencias de mayores hay en Espa\u00f1a?"}]},{"@type":"WebSite","@id":"https:\/\/pensium.es\/ca\/#website","url":"https:\/\/pensium.es\/ca\/","name":"Pensium","description":"Paga la resid\u00e8ncia de la gent gran amb l'avan\u00e7ament del lloguer de l'habitatge","potentialAction":[{"@type":"SearchAction","target":{"@type":"EntryPoint","urlTemplate":"https:\/\/pensium.es\/ca\/?s={search_term_string}"},"query-input":{"@type":"PropertyValueSpecification","valueRequired":true,"valueName":"search_term_string"}}],"inLanguage":"ca"},{"@type":"Person","@id":"https:\/\/pensium.es\/ca\/#\/schema\/person\/3b2c54086c781c3b9d4903a784f4049f","name":"Pensium","image":{"@type":"ImageObject","inLanguage":"ca","@id":"https:\/\/secure.gravatar.com\/avatar\/676b3457f9f57981f28982fb1f950341359281c6cba0f3f7366cd94ca4f532bd?s=96&d=mm&r=g","url":"https:\/\/secure.gravatar.com\/avatar\/676b3457f9f57981f28982fb1f950341359281c6cba0f3f7366cd94ca4f532bd?s=96&d=mm&r=g","contentUrl":"https:\/\/secure.gravatar.com\/avatar\/676b3457f9f57981f28982fb1f950341359281c6cba0f3f7366cd94ca4f532bd?s=96&d=mm&r=g","caption":"Pensium"},"url":"https:\/\/pensium.es\/ca\/author\/pensium-2\/"}]}},"_links":{"self":[{"href":"https:\/\/pensium.es\/ca\/wp-json\/wp\/v2\/posts\/10700","targetHints":{"allow":["GET"]}}],"collection":[{"href":"https:\/\/pensium.es\/ca\/wp-json\/wp\/v2\/posts"}],"about":[{"href":"https:\/\/pensium.es\/ca\/wp-json\/wp\/v2\/types\/post"}],"author":[{"embeddable":true,"href":"https:\/\/pensium.es\/ca\/wp-json\/wp\/v2\/users\/4"}],"replies":[{"embeddable":true,"href":"https:\/\/pensium.es\/ca\/wp-json\/wp\/v2\/comments?post=10700"}],"version-history":[{"count":1,"href":"https:\/\/pensium.es\/ca\/wp-json\/wp\/v2\/posts\/10700\/revisions"}],"predecessor-version":[{"id":10701,"href":"https:\/\/pensium.es\/ca\/wp-json\/wp\/v2\/posts\/10700\/revisions\/10701"}],"wp:featuredmedia":[{"embeddable":true,"href":"https:\/\/pensium.es\/ca\/wp-json\/wp\/v2\/media\/10695"}],"wp:attachment":[{"href":"https:\/\/pensium.es\/ca\/wp-json\/wp\/v2\/media?parent=10700"}],"wp:term":[{"taxonomy":"category","embeddable":true,"href":"https:\/\/pensium.es\/ca\/wp-json\/wp\/v2\/categories?post=10700"},{"taxonomy":"post_tag","embeddable":true,"href":"https:\/\/pensium.es\/ca\/wp-json\/wp\/v2\/tags?post=10700"}],"curies":[{"name":"wp","href":"https:\/\/api.w.org\/{rel}","templated":true}]}}