{"id":10817,"date":"2021-10-01T09:51:25","date_gmt":"2021-10-01T07:51:25","guid":{"rendered":"https:\/\/pensium.es\/equidad-digital\/"},"modified":"2021-10-01T09:58:11","modified_gmt":"2021-10-01T07:58:11","slug":"equidad-digital","status":"publish","type":"post","link":"https:\/\/pensium.es\/ca\/equidad-digital\/","title":{"rendered":"Equidad digital para todas las edades"},"content":{"rendered":"\n\n<div class=\"kk-star-ratings kksr-auto kksr-align-left kksr-valign-top\"\n    data-payload='{&quot;align&quot;:&quot;left&quot;,&quot;id&quot;:&quot;10817&quot;,&quot;slug&quot;:&quot;default&quot;,&quot;valign&quot;:&quot;top&quot;,&quot;ignore&quot;:&quot;&quot;,&quot;reference&quot;:&quot;auto&quot;,&quot;class&quot;:&quot;&quot;,&quot;count&quot;:&quot;0&quot;,&quot;legendonly&quot;:&quot;&quot;,&quot;readonly&quot;:&quot;&quot;,&quot;score&quot;:&quot;0&quot;,&quot;starsonly&quot;:&quot;&quot;,&quot;best&quot;:&quot;5&quot;,&quot;gap&quot;:&quot;5&quot;,&quot;greet&quot;:&quot;Rate this post&quot;,&quot;legend&quot;:&quot;0\\\/5 - (0 votes)&quot;,&quot;size&quot;:&quot;24&quot;,&quot;title&quot;:&quot;Equidad digital para todas las edades&quot;,&quot;width&quot;:&quot;0&quot;,&quot;_legend&quot;:&quot;{score}\\\/{best} - ({count} {votes})&quot;,&quot;font_factor&quot;:&quot;1.25&quot;}'>\n            \n<div class=\"kksr-stars\">\n    \n<div class=\"kksr-stars-inactive\">\n            <div class=\"kksr-star\" data-star=\"1\" style=\"padding-right: 5px\">\n            \n\n<div class=\"kksr-icon\" style=\"width: 24px; height: 24px;\"><\/div>\n        <\/div>\n            <div class=\"kksr-star\" data-star=\"2\" style=\"padding-right: 5px\">\n            \n\n<div class=\"kksr-icon\" style=\"width: 24px; height: 24px;\"><\/div>\n        <\/div>\n            <div class=\"kksr-star\" data-star=\"3\" style=\"padding-right: 5px\">\n            \n\n<div class=\"kksr-icon\" style=\"width: 24px; height: 24px;\"><\/div>\n        <\/div>\n            <div class=\"kksr-star\" data-star=\"4\" style=\"padding-right: 5px\">\n            \n\n<div class=\"kksr-icon\" style=\"width: 24px; height: 24px;\"><\/div>\n        <\/div>\n            <div class=\"kksr-star\" data-star=\"5\" style=\"padding-right: 5px\">\n            \n\n<div class=\"kksr-icon\" style=\"width: 24px; height: 24px;\"><\/div>\n        <\/div>\n    <\/div>\n    \n<div class=\"kksr-stars-active\" style=\"width: 0px;\">\n            <div class=\"kksr-star\" style=\"padding-right: 5px\">\n            \n\n<div class=\"kksr-icon\" style=\"width: 24px; height: 24px;\"><\/div>\n        <\/div>\n            <div class=\"kksr-star\" style=\"padding-right: 5px\">\n            \n\n<div class=\"kksr-icon\" style=\"width: 24px; height: 24px;\"><\/div>\n        <\/div>\n            <div class=\"kksr-star\" style=\"padding-right: 5px\">\n            \n\n<div class=\"kksr-icon\" style=\"width: 24px; height: 24px;\"><\/div>\n        <\/div>\n            <div class=\"kksr-star\" style=\"padding-right: 5px\">\n            \n\n<div class=\"kksr-icon\" style=\"width: 24px; height: 24px;\"><\/div>\n        <\/div>\n            <div class=\"kksr-star\" style=\"padding-right: 5px\">\n            \n\n<div class=\"kksr-icon\" style=\"width: 24px; height: 24px;\"><\/div>\n        <\/div>\n    <\/div>\n<\/div>\n                \n\n<div class=\"kksr-legend\" style=\"font-size: 19.2px;\">\n            <span class=\"kksr-muted\">Rate this post<\/span>\n    <\/div>\n    <\/div>\n<p>Como cada 1 de octubre, en motivo de la celebraci\u00f3n del <strong>D\u00eda Internacional de las Personas de Edad<\/strong>, desde Pensium queremos dedicar nuestro post a las personas mayores, en reconocimiento y agradecimiento a la contribuci\u00f3n social, econ\u00f3mica y humana que realizan d\u00eda a d\u00eda en nuestra sociedad.<\/p>\n<p>Este a\u00f1o, el lema del D\u00eda Internacional de las Personas de Edad es el de <strong>&#8220;Equidad digital para todas las edades&#8221;<\/strong>, y pretende poner de manifiesto la necesidad de que las personas mayores tambi\u00e9n participen en el mundo digital. Como ya vimos el a\u00f1o pasado con la pandemia, las tecnolog\u00edas est\u00e1n cada vez m\u00e1s presentes en nuestra vida diaria, con lo que es muy importante que las personas mayores las integren en sus rutinas y no se queden desconectadas.<\/p>\n<h2><span style=\"color: #e86322;\"><strong>\u00bfC\u00f3mo mejorar la digitalizaci\u00f3n de los adultos mayores?<\/strong><\/span><\/h2>\n<p><strong>Rutina de clases.<\/strong> M\u00e1s all\u00e1 de contar con un smartphone o disponer de conexi\u00f3n a internet en casa, lo que necesitan muchos mayores es romper el miedo a la tecnolog\u00eda. Lo mejor para ello es pasar un par o tres horas a la semana con alg\u00fan familiar que tenga la paciencia de ense\u00f1arles lo b\u00e1sico de los equipos tecnol\u00f3gicos. Recordemos que los mayores de hoy han pasado de no tener televisi\u00f3n en casa a ver como aparec\u00eda Internet. Son personas capaces de adaptarse a todo, pero para ello hace falta que vean la utilidad de las nuevas tecnolog\u00edas en sus vidas y que cuenten con apoyo para aprender a usarlas.<\/p>\n<p><strong>Manejo de herramientas b\u00e1sicas.<\/strong> Como sabemos la necesidad siempre comporta una mayor predisposici\u00f3n al aprendizaje. Por ejemplo, si una persona mayor necesita sacar dinero del banco y en ventanilla le ponen barreras para atenderle, acabar\u00e1 aprendiendo a utilizar el cajero. En el caso de las comunicaciones pasa lo mismo, si toda la familia se comunica mediante los grupos de whatsapp o cuelga fotos en las redes sociales, la persona mayor querr\u00e1 formar parte de ello con la que tendr\u00e1 una mayor predisposici\u00f3n a aprender a utilizar dichas herramientas. Por ello, una buena manera de empezar es detectar las necesidades que puede tener y comenzar por ense\u00f1arle lo que le aportar\u00e1 m\u00e1s beneficio en su d\u00eda a d\u00eda.<\/p>\n<p><strong>Tareas diarias en l\u00ednea.<\/strong> Una vez se domina lo b\u00e1sico es buen momento para dar un paso m\u00e1s para fomentar la digitalizaci\u00f3n en las personas de edad. Por ejemplo, coger la rutina de leer el diario online, consultar el estado de cuentas del banco a trav\u00e9s de la banca electr\u00f3nica o realizar la compra semanal por internet.<\/p>\n<p><strong>Formaci\u00f3n online.<\/strong> Una gran oportunidad para los mayores, una vez est\u00e1n familiarizados con lo digital, es el gran abanico de opciones de formaci\u00f3n disponibles en formato digital. Si bien es bueno acudir a cursos presenciales, para salir de casa y socializar, internet es una fuente inagotable de conocimiento. Por ello es bueno invitarles a probar formaciones que encajen con sus intereses.<\/p>\n<p><strong>Seguridad digital.<\/strong> Al mismo tiempo que se ense\u00f1a a utilizar las distintas herramientas digitales, es muy importante, explicar a los mayores los riesgos del mundo digital. As\u00ed, hay que insistirles en que no deben entregar sus claves a nadie, evitar descargar archivos de procedencia desconocida o dejar informaci\u00f3n personal en sitios poco confiables, y no aceptar nunca nada que parezca sospechoso.<\/p>\n<p>&nbsp;<\/p>\n<p>Desde Pensium, creemos en la importancia de la <span style=\"text-decoration: underline;\"><span style=\"color: #e86322;\"><a style=\"color: #e86322; text-decoration: underline;\" href=\"https:\/\/pensium.es\/digitalizacion-personas-mayores\/\">digitalizaci\u00f3n de las personas mayores<\/a><\/span><\/span>, por ello animamos a todos los familiares de adultos mayores desconectados digitalmente a realizar un peque\u00f1o esfuerzo para apoyarles y facilitarles este camino de aprendizaje, que seguro les aportar\u00e1 grandes beneficios en su d\u00eda a d\u00eda.<\/p>\n","protected":false},"excerpt":{"rendered":"<p>Como cada 1 de octubre, en motivo de la celebraci\u00f3n del D\u00eda Internacional de las Personas de Edad, desde Pensium queremos dedicar nuestro post a las personas mayores, en reconocimiento y agradecimiento a la contribuci\u00f3n social, econ\u00f3mica y humana que realizan d\u00eda a d\u00eda en nuestra sociedad. Este a\u00f1o, el lema del D\u00eda Internacional de &#8230; <a class=\"excerpt-readmore\" href=\"https:\/\/pensium.es\/ca\/equidad-digital\/\">Read More<\/a><\/p>\n","protected":false},"author":4,"featured_media":10810,"comment_status":"open","ping_status":"closed","sticky":false,"template":"","format":"standard","meta":{"footnotes":""},"categories":[323],"tags":[],"class_list":["post-10817","post","type-post","status-publish","format-standard","has-post-thumbnail","hentry","category-general-ca"],"yoast_head":"<!-- This site is optimized with the Yoast SEO plugin v27.3 - https:\/\/yoast.com\/product\/yoast-seo-wordpress\/ -->\n<title>Equidad digital para todas las edades<\/title>\n<meta name=\"description\" content=\"Hablamos de la importancia de que las personas mayores tambi\u00e9n participen en el mundo digital y c\u00f3mo facilitarles el camino.\" \/>\n<meta name=\"robots\" content=\"index, follow, max-snippet:-1, max-image-preview:large, max-video-preview:-1\" \/>\n<link rel=\"canonical\" href=\"https:\/\/pensium.es\/ca\/equidad-digital\/\" \/>\n<meta property=\"og:locale\" content=\"ca_ES\" \/>\n<meta property=\"og:type\" content=\"article\" \/>\n<meta property=\"og:title\" content=\"Equidad digital para todas las edades\" \/>\n<meta property=\"og:description\" content=\"Hablamos de la importancia de que las personas mayores tambi\u00e9n participen en el mundo digital y c\u00f3mo facilitarles el camino.\" \/>\n<meta property=\"og:url\" content=\"https:\/\/pensium.es\/equidad-digital\/\" \/>\n<meta property=\"og:site_name\" content=\"Pensium\" \/>\n<meta property=\"article:publisher\" content=\"https:\/\/www.facebook.com\/pensium.es\/\" \/>\n<meta property=\"article:published_time\" content=\"2021-10-01T07:51:25+00:00\" \/>\n<meta property=\"article:modified_time\" content=\"2021-10-01T07:58:11+00:00\" \/>\n<meta property=\"og:image\" content=\"https:\/\/pensium.es\/wp-content\/uploads\/2021\/10\/tercera-edad-digital.jpg\" \/>\n\t<meta property=\"og:image:width\" content=\"945\" \/>\n\t<meta property=\"og:image:height\" content=\"456\" \/>\n\t<meta property=\"og:image:type\" content=\"image\/jpeg\" \/>\n<meta name=\"author\" content=\"Pensium\" \/>\n<meta name=\"twitter:card\" content=\"summary_large_image\" \/>\n<meta name=\"twitter:label1\" content=\"Escrit per\" \/>\n\t<meta name=\"twitter:data1\" content=\"Pensium\" \/>\n\t<meta name=\"twitter:label2\" content=\"Temps estimat de lectura\" \/>\n\t<meta name=\"twitter:data2\" content=\"3 minuts\" \/>\n<script type=\"application\/ld+json\" class=\"yoast-schema-graph\">{\"@context\":\"https:\\\/\\\/schema.org\",\"@graph\":[{\"@type\":\"Article\",\"@id\":\"https:\\\/\\\/pensium.es\\\/equidad-digital\\\/#article\",\"isPartOf\":{\"@id\":\"https:\\\/\\\/pensium.es\\\/ca\\\/equidad-digital\\\/\"},\"author\":{\"name\":\"Pensium\",\"@id\":\"https:\\\/\\\/pensium.es\\\/ca\\\/#\\\/schema\\\/person\\\/3b2c54086c781c3b9d4903a784f4049f\"},\"headline\":\"Equidad digital para todas las edades\",\"datePublished\":\"2021-10-01T07:51:25+00:00\",\"dateModified\":\"2021-10-01T07:58:11+00:00\",\"mainEntityOfPage\":{\"@id\":\"https:\\\/\\\/pensium.es\\\/ca\\\/equidad-digital\\\/\"},\"wordCount\":642,\"commentCount\":0,\"image\":{\"@id\":\"https:\\\/\\\/pensium.es\\\/equidad-digital\\\/#primaryimage\"},\"thumbnailUrl\":\"https:\\\/\\\/pensium.es\\\/wp-content\\\/uploads\\\/2021\\\/10\\\/tercera-edad-digital.jpg\",\"articleSection\":[\"General\"],\"inLanguage\":\"ca\",\"potentialAction\":[{\"@type\":\"CommentAction\",\"name\":\"Comment\",\"target\":[\"https:\\\/\\\/pensium.es\\\/equidad-digital\\\/#respond\"]}]},{\"@type\":\"WebPage\",\"@id\":\"https:\\\/\\\/pensium.es\\\/ca\\\/equidad-digital\\\/\",\"url\":\"https:\\\/\\\/pensium.es\\\/equidad-digital\\\/\",\"name\":\"Equidad digital para todas las edades\",\"isPartOf\":{\"@id\":\"https:\\\/\\\/pensium.es\\\/ca\\\/#website\"},\"primaryImageOfPage\":{\"@id\":\"https:\\\/\\\/pensium.es\\\/equidad-digital\\\/#primaryimage\"},\"image\":{\"@id\":\"https:\\\/\\\/pensium.es\\\/equidad-digital\\\/#primaryimage\"},\"thumbnailUrl\":\"https:\\\/\\\/pensium.es\\\/wp-content\\\/uploads\\\/2021\\\/10\\\/tercera-edad-digital.jpg\",\"datePublished\":\"2021-10-01T07:51:25+00:00\",\"dateModified\":\"2021-10-01T07:58:11+00:00\",\"author\":{\"@id\":\"https:\\\/\\\/pensium.es\\\/ca\\\/#\\\/schema\\\/person\\\/3b2c54086c781c3b9d4903a784f4049f\"},\"description\":\"Hablamos de la importancia de que las personas mayores tambi\u00e9n participen en el mundo digital y c\u00f3mo facilitarles el camino.\",\"breadcrumb\":{\"@id\":\"https:\\\/\\\/pensium.es\\\/equidad-digital\\\/#breadcrumb\"},\"inLanguage\":\"ca\",\"potentialAction\":[{\"@type\":\"ReadAction\",\"target\":[\"https:\\\/\\\/pensium.es\\\/equidad-digital\\\/\"]}]},{\"@type\":\"ImageObject\",\"inLanguage\":\"ca\",\"@id\":\"https:\\\/\\\/pensium.es\\\/equidad-digital\\\/#primaryimage\",\"url\":\"https:\\\/\\\/pensium.es\\\/wp-content\\\/uploads\\\/2021\\\/10\\\/tercera-edad-digital.jpg\",\"contentUrl\":\"https:\\\/\\\/pensium.es\\\/wp-content\\\/uploads\\\/2021\\\/10\\\/tercera-edad-digital.jpg\",\"width\":945,\"height\":456,\"caption\":\"equidad digital para todas las edades\"},{\"@type\":\"BreadcrumbList\",\"@id\":\"https:\\\/\\\/pensium.es\\\/equidad-digital\\\/#breadcrumb\",\"itemListElement\":[{\"@type\":\"ListItem\",\"position\":1,\"name\":\"Inicio\",\"item\":\"https:\\\/\\\/pensium.es\\\/ca\\\/\"},{\"@type\":\"ListItem\",\"position\":2,\"name\":\"Equidad digital para todas las edades\"}]},{\"@type\":\"WebSite\",\"@id\":\"https:\\\/\\\/pensium.es\\\/ca\\\/#website\",\"url\":\"https:\\\/\\\/pensium.es\\\/ca\\\/\",\"name\":\"Pensium\",\"description\":\"Paga la resid\u00e8ncia de la gent gran amb l'avan\u00e7ament del lloguer de l'habitatge\",\"potentialAction\":[{\"@type\":\"SearchAction\",\"target\":{\"@type\":\"EntryPoint\",\"urlTemplate\":\"https:\\\/\\\/pensium.es\\\/ca\\\/?s={search_term_string}\"},\"query-input\":{\"@type\":\"PropertyValueSpecification\",\"valueRequired\":true,\"valueName\":\"search_term_string\"}}],\"inLanguage\":\"ca\"},{\"@type\":\"Person\",\"@id\":\"https:\\\/\\\/pensium.es\\\/ca\\\/#\\\/schema\\\/person\\\/3b2c54086c781c3b9d4903a784f4049f\",\"name\":\"Pensium\",\"image\":{\"@type\":\"ImageObject\",\"inLanguage\":\"ca\",\"@id\":\"https:\\\/\\\/secure.gravatar.com\\\/avatar\\\/676b3457f9f57981f28982fb1f950341359281c6cba0f3f7366cd94ca4f532bd?s=96&d=mm&r=g\",\"url\":\"https:\\\/\\\/secure.gravatar.com\\\/avatar\\\/676b3457f9f57981f28982fb1f950341359281c6cba0f3f7366cd94ca4f532bd?s=96&d=mm&r=g\",\"contentUrl\":\"https:\\\/\\\/secure.gravatar.com\\\/avatar\\\/676b3457f9f57981f28982fb1f950341359281c6cba0f3f7366cd94ca4f532bd?s=96&d=mm&r=g\",\"caption\":\"Pensium\"},\"url\":\"https:\\\/\\\/pensium.es\\\/ca\\\/author\\\/pensium-2\\\/\"}]}<\/script>\n<!-- \/ Yoast SEO plugin. -->","yoast_head_json":{"title":"Equidad digital para todas las edades","description":"Hablamos de la importancia de que las personas mayores tambi\u00e9n participen en el mundo digital y c\u00f3mo facilitarles el camino.","robots":{"index":"index","follow":"follow","max-snippet":"max-snippet:-1","max-image-preview":"max-image-preview:large","max-video-preview":"max-video-preview:-1"},"canonical":"https:\/\/pensium.es\/ca\/equidad-digital\/","og_locale":"ca_ES","og_type":"article","og_title":"Equidad digital para todas las edades","og_description":"Hablamos de la importancia de que las personas mayores tambi\u00e9n participen en el mundo digital y c\u00f3mo facilitarles el camino.","og_url":"https:\/\/pensium.es\/equidad-digital\/","og_site_name":"Pensium","article_publisher":"https:\/\/www.facebook.com\/pensium.es\/","article_published_time":"2021-10-01T07:51:25+00:00","article_modified_time":"2021-10-01T07:58:11+00:00","og_image":[{"width":945,"height":456,"url":"https:\/\/pensium.es\/wp-content\/uploads\/2021\/10\/tercera-edad-digital.jpg","type":"image\/jpeg"}],"author":"Pensium","twitter_card":"summary_large_image","twitter_misc":{"Escrit per":"Pensium","Temps estimat de lectura":"3 minuts"},"schema":{"@context":"https:\/\/schema.org","@graph":[{"@type":"Article","@id":"https:\/\/pensium.es\/equidad-digital\/#article","isPartOf":{"@id":"https:\/\/pensium.es\/ca\/equidad-digital\/"},"author":{"name":"Pensium","@id":"https:\/\/pensium.es\/ca\/#\/schema\/person\/3b2c54086c781c3b9d4903a784f4049f"},"headline":"Equidad digital para todas las edades","datePublished":"2021-10-01T07:51:25+00:00","dateModified":"2021-10-01T07:58:11+00:00","mainEntityOfPage":{"@id":"https:\/\/pensium.es\/ca\/equidad-digital\/"},"wordCount":642,"commentCount":0,"image":{"@id":"https:\/\/pensium.es\/equidad-digital\/#primaryimage"},"thumbnailUrl":"https:\/\/pensium.es\/wp-content\/uploads\/2021\/10\/tercera-edad-digital.jpg","articleSection":["General"],"inLanguage":"ca","potentialAction":[{"@type":"CommentAction","name":"Comment","target":["https:\/\/pensium.es\/equidad-digital\/#respond"]}]},{"@type":"WebPage","@id":"https:\/\/pensium.es\/ca\/equidad-digital\/","url":"https:\/\/pensium.es\/equidad-digital\/","name":"Equidad digital para todas las edades","isPartOf":{"@id":"https:\/\/pensium.es\/ca\/#website"},"primaryImageOfPage":{"@id":"https:\/\/pensium.es\/equidad-digital\/#primaryimage"},"image":{"@id":"https:\/\/pensium.es\/equidad-digital\/#primaryimage"},"thumbnailUrl":"https:\/\/pensium.es\/wp-content\/uploads\/2021\/10\/tercera-edad-digital.jpg","datePublished":"2021-10-01T07:51:25+00:00","dateModified":"2021-10-01T07:58:11+00:00","author":{"@id":"https:\/\/pensium.es\/ca\/#\/schema\/person\/3b2c54086c781c3b9d4903a784f4049f"},"description":"Hablamos de la importancia de que las personas mayores tambi\u00e9n participen en el mundo digital y c\u00f3mo facilitarles el camino.","breadcrumb":{"@id":"https:\/\/pensium.es\/equidad-digital\/#breadcrumb"},"inLanguage":"ca","potentialAction":[{"@type":"ReadAction","target":["https:\/\/pensium.es\/equidad-digital\/"]}]},{"@type":"ImageObject","inLanguage":"ca","@id":"https:\/\/pensium.es\/equidad-digital\/#primaryimage","url":"https:\/\/pensium.es\/wp-content\/uploads\/2021\/10\/tercera-edad-digital.jpg","contentUrl":"https:\/\/pensium.es\/wp-content\/uploads\/2021\/10\/tercera-edad-digital.jpg","width":945,"height":456,"caption":"equidad digital para todas las edades"},{"@type":"BreadcrumbList","@id":"https:\/\/pensium.es\/equidad-digital\/#breadcrumb","itemListElement":[{"@type":"ListItem","position":1,"name":"Inicio","item":"https:\/\/pensium.es\/ca\/"},{"@type":"ListItem","position":2,"name":"Equidad digital para todas las edades"}]},{"@type":"WebSite","@id":"https:\/\/pensium.es\/ca\/#website","url":"https:\/\/pensium.es\/ca\/","name":"Pensium","description":"Paga la resid\u00e8ncia de la gent gran amb l'avan\u00e7ament del lloguer de l'habitatge","potentialAction":[{"@type":"SearchAction","target":{"@type":"EntryPoint","urlTemplate":"https:\/\/pensium.es\/ca\/?s={search_term_string}"},"query-input":{"@type":"PropertyValueSpecification","valueRequired":true,"valueName":"search_term_string"}}],"inLanguage":"ca"},{"@type":"Person","@id":"https:\/\/pensium.es\/ca\/#\/schema\/person\/3b2c54086c781c3b9d4903a784f4049f","name":"Pensium","image":{"@type":"ImageObject","inLanguage":"ca","@id":"https:\/\/secure.gravatar.com\/avatar\/676b3457f9f57981f28982fb1f950341359281c6cba0f3f7366cd94ca4f532bd?s=96&d=mm&r=g","url":"https:\/\/secure.gravatar.com\/avatar\/676b3457f9f57981f28982fb1f950341359281c6cba0f3f7366cd94ca4f532bd?s=96&d=mm&r=g","contentUrl":"https:\/\/secure.gravatar.com\/avatar\/676b3457f9f57981f28982fb1f950341359281c6cba0f3f7366cd94ca4f532bd?s=96&d=mm&r=g","caption":"Pensium"},"url":"https:\/\/pensium.es\/ca\/author\/pensium-2\/"}]}},"_links":{"self":[{"href":"https:\/\/pensium.es\/ca\/wp-json\/wp\/v2\/posts\/10817","targetHints":{"allow":["GET"]}}],"collection":[{"href":"https:\/\/pensium.es\/ca\/wp-json\/wp\/v2\/posts"}],"about":[{"href":"https:\/\/pensium.es\/ca\/wp-json\/wp\/v2\/types\/post"}],"author":[{"embeddable":true,"href":"https:\/\/pensium.es\/ca\/wp-json\/wp\/v2\/users\/4"}],"replies":[{"embeddable":true,"href":"https:\/\/pensium.es\/ca\/wp-json\/wp\/v2\/comments?post=10817"}],"version-history":[{"count":1,"href":"https:\/\/pensium.es\/ca\/wp-json\/wp\/v2\/posts\/10817\/revisions"}],"predecessor-version":[{"id":10818,"href":"https:\/\/pensium.es\/ca\/wp-json\/wp\/v2\/posts\/10817\/revisions\/10818"}],"wp:featuredmedia":[{"embeddable":true,"href":"https:\/\/pensium.es\/ca\/wp-json\/wp\/v2\/media\/10810"}],"wp:attachment":[{"href":"https:\/\/pensium.es\/ca\/wp-json\/wp\/v2\/media?parent=10817"}],"wp:term":[{"taxonomy":"category","embeddable":true,"href":"https:\/\/pensium.es\/ca\/wp-json\/wp\/v2\/categories?post=10817"},{"taxonomy":"post_tag","embeddable":true,"href":"https:\/\/pensium.es\/ca\/wp-json\/wp\/v2\/tags?post=10817"}],"curies":[{"name":"wp","href":"https:\/\/api.w.org\/{rel}","templated":true}]}}