{"id":10823,"date":"2021-09-27T13:13:29","date_gmt":"2021-09-27T11:13:29","guid":{"rendered":"https:\/\/pensium.es\/diverosenior\/"},"modified":"2021-10-01T09:59:59","modified_gmt":"2021-10-01T07:59:59","slug":"diverosenior","status":"publish","type":"post","link":"https:\/\/pensium.es\/ca\/diverosenior\/","title":{"rendered":"DiverOs\u00e9nior, la 1\u00aa feria del ocio, el cuidado y el entretenimiento S\u00e9nior"},"content":{"rendered":"\n\n<div class=\"kk-star-ratings kksr-auto kksr-align-left kksr-valign-top\"\n    data-payload='{&quot;align&quot;:&quot;left&quot;,&quot;id&quot;:&quot;10823&quot;,&quot;slug&quot;:&quot;default&quot;,&quot;valign&quot;:&quot;top&quot;,&quot;ignore&quot;:&quot;&quot;,&quot;reference&quot;:&quot;auto&quot;,&quot;class&quot;:&quot;&quot;,&quot;count&quot;:&quot;0&quot;,&quot;legendonly&quot;:&quot;&quot;,&quot;readonly&quot;:&quot;&quot;,&quot;score&quot;:&quot;0&quot;,&quot;starsonly&quot;:&quot;&quot;,&quot;best&quot;:&quot;5&quot;,&quot;gap&quot;:&quot;5&quot;,&quot;greet&quot;:&quot;Rate this post&quot;,&quot;legend&quot;:&quot;0\\\/5 - (0 votes)&quot;,&quot;size&quot;:&quot;24&quot;,&quot;title&quot;:&quot;DiverOs\u00e9nior, la 1\u00aa feria del ocio, el cuidado y el entretenimiento S\u00e9nior&quot;,&quot;width&quot;:&quot;0&quot;,&quot;_legend&quot;:&quot;{score}\\\/{best} - ({count} {votes})&quot;,&quot;font_factor&quot;:&quot;1.25&quot;}'>\n            \n<div class=\"kksr-stars\">\n    \n<div class=\"kksr-stars-inactive\">\n            <div class=\"kksr-star\" data-star=\"1\" style=\"padding-right: 5px\">\n            \n\n<div class=\"kksr-icon\" style=\"width: 24px; height: 24px;\"><\/div>\n        <\/div>\n            <div class=\"kksr-star\" data-star=\"2\" style=\"padding-right: 5px\">\n            \n\n<div class=\"kksr-icon\" style=\"width: 24px; height: 24px;\"><\/div>\n        <\/div>\n            <div class=\"kksr-star\" data-star=\"3\" style=\"padding-right: 5px\">\n            \n\n<div class=\"kksr-icon\" style=\"width: 24px; height: 24px;\"><\/div>\n        <\/div>\n            <div class=\"kksr-star\" data-star=\"4\" style=\"padding-right: 5px\">\n            \n\n<div class=\"kksr-icon\" style=\"width: 24px; height: 24px;\"><\/div>\n        <\/div>\n            <div class=\"kksr-star\" data-star=\"5\" style=\"padding-right: 5px\">\n            \n\n<div class=\"kksr-icon\" style=\"width: 24px; height: 24px;\"><\/div>\n        <\/div>\n    <\/div>\n    \n<div class=\"kksr-stars-active\" style=\"width: 0px;\">\n            <div class=\"kksr-star\" style=\"padding-right: 5px\">\n            \n\n<div class=\"kksr-icon\" style=\"width: 24px; height: 24px;\"><\/div>\n        <\/div>\n            <div class=\"kksr-star\" style=\"padding-right: 5px\">\n            \n\n<div class=\"kksr-icon\" style=\"width: 24px; height: 24px;\"><\/div>\n        <\/div>\n            <div class=\"kksr-star\" style=\"padding-right: 5px\">\n            \n\n<div class=\"kksr-icon\" style=\"width: 24px; height: 24px;\"><\/div>\n        <\/div>\n            <div class=\"kksr-star\" style=\"padding-right: 5px\">\n            \n\n<div class=\"kksr-icon\" style=\"width: 24px; height: 24px;\"><\/div>\n        <\/div>\n            <div class=\"kksr-star\" style=\"padding-right: 5px\">\n            \n\n<div class=\"kksr-icon\" style=\"width: 24px; height: 24px;\"><\/div>\n        <\/div>\n    <\/div>\n<\/div>\n                \n\n<div class=\"kksr-legend\" style=\"font-size: 19.2px;\">\n            <span class=\"kksr-muted\">Rate this post<\/span>\n    <\/div>\n    <\/div>\n<p>La diversi\u00f3n es uno de los aspectos m\u00e1s importantes para mantenerse joven, ya que juega un papel fundamental en el bienestar f\u00edsico y mental. Por ello, hoy os queremos hablar de DiverOS\u00e9nior, la primera feria enfocada al cuidado, al ocio y al entretenimiento s\u00e9nior, que tendr\u00e1 lugar los pr\u00f3ximos 1, 2 y 3 de octubre en el Pabell\u00f3n de convenciones del recinto ferial de la casa de campo de Madrid.<\/p>\n<p>Bajo el claim \u201cDivi\u00e9rtete mientras te cuidas\u201d, la feria ofrecer\u00e1 a los visitantes m\u00faltiples actividades, charlas e informaci\u00f3n de inter\u00e9s para adultos mayores. As\u00ed pues, tanto se podr\u00e1 disfrutar de catas de vino, cerveza, degustaciones de alimentos saludables y gourmet, como acceder a las t\u00e9cnicas m\u00e1s modernas en el\u00a0cuidado de la salud\u00a0(prevenci\u00f3n perdida auditiva, tecnolog\u00eda de la salud\u2026) y\u00a0belleza\u00a0(cuidados de la piel, cuidados del cabello\u2026),\u00a0asistencia domiciliaria,\u00a0mindfulness,\u00a0deportes,\u00a0viajes\u00a0y mucho m\u00e1s.<\/p>\n<p>Adem\u00e1s, el <span style=\"text-decoration: underline;\"><span style=\"color: #e86322; text-decoration: underline;\"><a style=\"color: #e86322; text-decoration: underline;\" href=\"https:\/\/es.calameo.com\/read\/000047932d40cb7f2ca40\">programa<\/a> <\/span><\/span>incluye talleres, charlas y mesas redondas, entre ellas una dedicada a \u201cC\u00f3mo puedo aumentar mis ingresos\u201d, el viernes 1 de octubre de 12:45h a 13:30h. donde <span style=\"text-decoration: underline;\"><span style=\"color: #e86322; text-decoration: underline;\"><a style=\"color: #e86322; text-decoration: underline;\" href=\"https:\/\/pensium.es\/ca\/\">Pensium<\/a><\/span><\/span> informar\u00e1 de su soluci\u00f3n para pagar f\u00e1cilmente la residencia y compartir\u00e1 su experiencia con todos los asistentes y con otras empresas del sector.<\/p>\n<p>En definitiva, un evento muy recomendable para los adultos mayores que deseen pasar un rato diferente conociendo un amplio abanico de opciones de ocio y cuidados espec\u00edficamente pensados para ellos.<\/p>\n<p>\u00a1No te lo pierdas!<\/p>\n<p style=\"text-align: center;\"><span style=\"text-decoration: underline;\"><span style=\"color: #e86322;\"><a style=\"color: #e86322;\" href=\"https:\/\/www.60ymuchomas.com\/producto\/entrada-feria-60ymuchomas\/\"><strong>Reserva tu entrada aqu\u00ed<\/strong><\/a><\/span><\/span><\/p>\n<p style=\"text-align: center;\"><strong>Porque, \u00bfqui\u00e9n ha dicho que la diversi\u00f3n es s\u00f3lo para j\u00f3venes?<\/strong><\/p>\n","protected":false},"excerpt":{"rendered":"<p>La diversi\u00f3n es uno de los aspectos m\u00e1s importantes para mantenerse joven, ya que juega un papel fundamental en el bienestar f\u00edsico y mental. Por ello, hoy os queremos hablar de DiverOS\u00e9nior, la primera feria enfocada al cuidado, al ocio y al entretenimiento s\u00e9nior, que tendr\u00e1 lugar los pr\u00f3ximos 1, 2 y 3 de octubre &#8230; <a class=\"excerpt-readmore\" href=\"https:\/\/pensium.es\/ca\/diverosenior\/\">Read More<\/a><\/p>\n","protected":false},"author":4,"featured_media":10795,"comment_status":"open","ping_status":"closed","sticky":false,"template":"","format":"standard","meta":{"footnotes":""},"categories":[323],"tags":[],"class_list":["post-10823","post","type-post","status-publish","format-standard","has-post-thumbnail","hentry","category-general-ca"],"yoast_head":"<!-- This site is optimized with the Yoast SEO plugin v27.3 - https:\/\/yoast.com\/product\/yoast-seo-wordpress\/ -->\n<title>DiverOs\u00e9nior, la 1\u00aa feria del ocio, el cuidado y el entretenimiento S\u00e9nior<\/title>\n<meta name=\"robots\" content=\"index, follow, max-snippet:-1, max-image-preview:large, max-video-preview:-1\" \/>\n<link rel=\"canonical\" href=\"https:\/\/pensium.es\/ca\/diverosenior\/\" \/>\n<meta property=\"og:locale\" content=\"ca_ES\" \/>\n<meta property=\"og:type\" content=\"article\" \/>\n<meta property=\"og:title\" content=\"DiverOs\u00e9nior, la 1\u00aa feria del ocio, el cuidado y el entretenimiento S\u00e9nior\" \/>\n<meta property=\"og:description\" content=\"La diversi\u00f3n es uno de los aspectos m\u00e1s importantes para mantenerse joven, ya que juega un papel fundamental en el bienestar f\u00edsico y mental. Por ello, hoy os queremos hablar de DiverOS\u00e9nior, la primera feria enfocada al cuidado, al ocio y al entretenimiento s\u00e9nior, que tendr\u00e1 lugar los pr\u00f3ximos 1, 2 y 3 de octubre ... Read More\" \/>\n<meta property=\"og:url\" content=\"https:\/\/pensium.es\/diverosenior\/\" \/>\n<meta property=\"og:site_name\" content=\"Pensium\" \/>\n<meta property=\"article:publisher\" content=\"https:\/\/www.facebook.com\/pensium.es\/\" \/>\n<meta property=\"article:published_time\" content=\"2021-09-27T11:13:29+00:00\" \/>\n<meta property=\"article:modified_time\" content=\"2021-10-01T07:59:59+00:00\" \/>\n<meta property=\"og:image\" content=\"https:\/\/pensium.es\/wp-content\/uploads\/2021\/09\/DiverOSenior-imagen-rrss-def.jpeg\" \/>\n\t<meta property=\"og:image:width\" content=\"945\" \/>\n\t<meta property=\"og:image:height\" content=\"495\" \/>\n\t<meta property=\"og:image:type\" content=\"image\/jpeg\" \/>\n<meta name=\"author\" content=\"Pensium\" \/>\n<meta name=\"twitter:card\" content=\"summary_large_image\" \/>\n<meta name=\"twitter:label1\" content=\"Escrit per\" \/>\n\t<meta name=\"twitter:data1\" content=\"Pensium\" \/>\n\t<meta name=\"twitter:label2\" content=\"Temps estimat de lectura\" \/>\n\t<meta name=\"twitter:data2\" content=\"2 minuts\" \/>\n<script type=\"application\/ld+json\" class=\"yoast-schema-graph\">{\"@context\":\"https:\\\/\\\/schema.org\",\"@graph\":[{\"@type\":\"Article\",\"@id\":\"https:\\\/\\\/pensium.es\\\/diverosenior\\\/#article\",\"isPartOf\":{\"@id\":\"https:\\\/\\\/pensium.es\\\/ca\\\/diverosenior\\\/\"},\"author\":{\"name\":\"Pensium\",\"@id\":\"https:\\\/\\\/pensium.es\\\/ca\\\/#\\\/schema\\\/person\\\/3b2c54086c781c3b9d4903a784f4049f\"},\"headline\":\"DiverOs\u00e9nior, la 1\u00aa feria del ocio, el cuidado y el entretenimiento S\u00e9nior\",\"datePublished\":\"2021-09-27T11:13:29+00:00\",\"dateModified\":\"2021-10-01T07:59:59+00:00\",\"mainEntityOfPage\":{\"@id\":\"https:\\\/\\\/pensium.es\\\/ca\\\/diverosenior\\\/\"},\"wordCount\":283,\"commentCount\":0,\"image\":{\"@id\":\"https:\\\/\\\/pensium.es\\\/diverosenior\\\/#primaryimage\"},\"thumbnailUrl\":\"https:\\\/\\\/pensium.es\\\/wp-content\\\/uploads\\\/2021\\\/09\\\/DiverOSenior-imagen-rrss-def.jpeg\",\"articleSection\":[\"General\"],\"inLanguage\":\"ca\",\"potentialAction\":[{\"@type\":\"CommentAction\",\"name\":\"Comment\",\"target\":[\"https:\\\/\\\/pensium.es\\\/diverosenior\\\/#respond\"]}]},{\"@type\":\"WebPage\",\"@id\":\"https:\\\/\\\/pensium.es\\\/ca\\\/diverosenior\\\/\",\"url\":\"https:\\\/\\\/pensium.es\\\/diverosenior\\\/\",\"name\":\"DiverOs\u00e9nior, la 1\u00aa feria del ocio, el cuidado y el entretenimiento S\u00e9nior\",\"isPartOf\":{\"@id\":\"https:\\\/\\\/pensium.es\\\/ca\\\/#website\"},\"primaryImageOfPage\":{\"@id\":\"https:\\\/\\\/pensium.es\\\/diverosenior\\\/#primaryimage\"},\"image\":{\"@id\":\"https:\\\/\\\/pensium.es\\\/diverosenior\\\/#primaryimage\"},\"thumbnailUrl\":\"https:\\\/\\\/pensium.es\\\/wp-content\\\/uploads\\\/2021\\\/09\\\/DiverOSenior-imagen-rrss-def.jpeg\",\"datePublished\":\"2021-09-27T11:13:29+00:00\",\"dateModified\":\"2021-10-01T07:59:59+00:00\",\"author\":{\"@id\":\"https:\\\/\\\/pensium.es\\\/ca\\\/#\\\/schema\\\/person\\\/3b2c54086c781c3b9d4903a784f4049f\"},\"breadcrumb\":{\"@id\":\"https:\\\/\\\/pensium.es\\\/diverosenior\\\/#breadcrumb\"},\"inLanguage\":\"ca\",\"potentialAction\":[{\"@type\":\"ReadAction\",\"target\":[\"https:\\\/\\\/pensium.es\\\/diverosenior\\\/\"]}]},{\"@type\":\"ImageObject\",\"inLanguage\":\"ca\",\"@id\":\"https:\\\/\\\/pensium.es\\\/diverosenior\\\/#primaryimage\",\"url\":\"https:\\\/\\\/pensium.es\\\/wp-content\\\/uploads\\\/2021\\\/09\\\/DiverOSenior-imagen-rrss-def.jpeg\",\"contentUrl\":\"https:\\\/\\\/pensium.es\\\/wp-content\\\/uploads\\\/2021\\\/09\\\/DiverOSenior-imagen-rrss-def.jpeg\",\"width\":945,\"height\":495,\"caption\":\"Diverosenior\"},{\"@type\":\"BreadcrumbList\",\"@id\":\"https:\\\/\\\/pensium.es\\\/diverosenior\\\/#breadcrumb\",\"itemListElement\":[{\"@type\":\"ListItem\",\"position\":1,\"name\":\"Inicio\",\"item\":\"https:\\\/\\\/pensium.es\\\/ca\\\/\"},{\"@type\":\"ListItem\",\"position\":2,\"name\":\"DiverOs\u00e9nior, la 1\u00aa feria del ocio, el cuidado y el entretenimiento S\u00e9nior\"}]},{\"@type\":\"WebSite\",\"@id\":\"https:\\\/\\\/pensium.es\\\/ca\\\/#website\",\"url\":\"https:\\\/\\\/pensium.es\\\/ca\\\/\",\"name\":\"Pensium\",\"description\":\"Paga la resid\u00e8ncia de la gent gran amb l'avan\u00e7ament del lloguer de l'habitatge\",\"potentialAction\":[{\"@type\":\"SearchAction\",\"target\":{\"@type\":\"EntryPoint\",\"urlTemplate\":\"https:\\\/\\\/pensium.es\\\/ca\\\/?s={search_term_string}\"},\"query-input\":{\"@type\":\"PropertyValueSpecification\",\"valueRequired\":true,\"valueName\":\"search_term_string\"}}],\"inLanguage\":\"ca\"},{\"@type\":\"Person\",\"@id\":\"https:\\\/\\\/pensium.es\\\/ca\\\/#\\\/schema\\\/person\\\/3b2c54086c781c3b9d4903a784f4049f\",\"name\":\"Pensium\",\"image\":{\"@type\":\"ImageObject\",\"inLanguage\":\"ca\",\"@id\":\"https:\\\/\\\/secure.gravatar.com\\\/avatar\\\/676b3457f9f57981f28982fb1f950341359281c6cba0f3f7366cd94ca4f532bd?s=96&d=mm&r=g\",\"url\":\"https:\\\/\\\/secure.gravatar.com\\\/avatar\\\/676b3457f9f57981f28982fb1f950341359281c6cba0f3f7366cd94ca4f532bd?s=96&d=mm&r=g\",\"contentUrl\":\"https:\\\/\\\/secure.gravatar.com\\\/avatar\\\/676b3457f9f57981f28982fb1f950341359281c6cba0f3f7366cd94ca4f532bd?s=96&d=mm&r=g\",\"caption\":\"Pensium\"},\"url\":\"https:\\\/\\\/pensium.es\\\/ca\\\/author\\\/pensium-2\\\/\"}]}<\/script>\n<!-- \/ Yoast SEO plugin. -->","yoast_head_json":{"title":"DiverOs\u00e9nior, la 1\u00aa feria del ocio, el cuidado y el entretenimiento S\u00e9nior","robots":{"index":"index","follow":"follow","max-snippet":"max-snippet:-1","max-image-preview":"max-image-preview:large","max-video-preview":"max-video-preview:-1"},"canonical":"https:\/\/pensium.es\/ca\/diverosenior\/","og_locale":"ca_ES","og_type":"article","og_title":"DiverOs\u00e9nior, la 1\u00aa feria del ocio, el cuidado y el entretenimiento S\u00e9nior","og_description":"La diversi\u00f3n es uno de los aspectos m\u00e1s importantes para mantenerse joven, ya que juega un papel fundamental en el bienestar f\u00edsico y mental. Por ello, hoy os queremos hablar de DiverOS\u00e9nior, la primera feria enfocada al cuidado, al ocio y al entretenimiento s\u00e9nior, que tendr\u00e1 lugar los pr\u00f3ximos 1, 2 y 3 de octubre ... Read More","og_url":"https:\/\/pensium.es\/diverosenior\/","og_site_name":"Pensium","article_publisher":"https:\/\/www.facebook.com\/pensium.es\/","article_published_time":"2021-09-27T11:13:29+00:00","article_modified_time":"2021-10-01T07:59:59+00:00","og_image":[{"width":945,"height":495,"url":"https:\/\/pensium.es\/wp-content\/uploads\/2021\/09\/DiverOSenior-imagen-rrss-def.jpeg","type":"image\/jpeg"}],"author":"Pensium","twitter_card":"summary_large_image","twitter_misc":{"Escrit per":"Pensium","Temps estimat de lectura":"2 minuts"},"schema":{"@context":"https:\/\/schema.org","@graph":[{"@type":"Article","@id":"https:\/\/pensium.es\/diverosenior\/#article","isPartOf":{"@id":"https:\/\/pensium.es\/ca\/diverosenior\/"},"author":{"name":"Pensium","@id":"https:\/\/pensium.es\/ca\/#\/schema\/person\/3b2c54086c781c3b9d4903a784f4049f"},"headline":"DiverOs\u00e9nior, la 1\u00aa feria del ocio, el cuidado y el entretenimiento S\u00e9nior","datePublished":"2021-09-27T11:13:29+00:00","dateModified":"2021-10-01T07:59:59+00:00","mainEntityOfPage":{"@id":"https:\/\/pensium.es\/ca\/diverosenior\/"},"wordCount":283,"commentCount":0,"image":{"@id":"https:\/\/pensium.es\/diverosenior\/#primaryimage"},"thumbnailUrl":"https:\/\/pensium.es\/wp-content\/uploads\/2021\/09\/DiverOSenior-imagen-rrss-def.jpeg","articleSection":["General"],"inLanguage":"ca","potentialAction":[{"@type":"CommentAction","name":"Comment","target":["https:\/\/pensium.es\/diverosenior\/#respond"]}]},{"@type":"WebPage","@id":"https:\/\/pensium.es\/ca\/diverosenior\/","url":"https:\/\/pensium.es\/diverosenior\/","name":"DiverOs\u00e9nior, la 1\u00aa feria del ocio, el cuidado y el entretenimiento S\u00e9nior","isPartOf":{"@id":"https:\/\/pensium.es\/ca\/#website"},"primaryImageOfPage":{"@id":"https:\/\/pensium.es\/diverosenior\/#primaryimage"},"image":{"@id":"https:\/\/pensium.es\/diverosenior\/#primaryimage"},"thumbnailUrl":"https:\/\/pensium.es\/wp-content\/uploads\/2021\/09\/DiverOSenior-imagen-rrss-def.jpeg","datePublished":"2021-09-27T11:13:29+00:00","dateModified":"2021-10-01T07:59:59+00:00","author":{"@id":"https:\/\/pensium.es\/ca\/#\/schema\/person\/3b2c54086c781c3b9d4903a784f4049f"},"breadcrumb":{"@id":"https:\/\/pensium.es\/diverosenior\/#breadcrumb"},"inLanguage":"ca","potentialAction":[{"@type":"ReadAction","target":["https:\/\/pensium.es\/diverosenior\/"]}]},{"@type":"ImageObject","inLanguage":"ca","@id":"https:\/\/pensium.es\/diverosenior\/#primaryimage","url":"https:\/\/pensium.es\/wp-content\/uploads\/2021\/09\/DiverOSenior-imagen-rrss-def.jpeg","contentUrl":"https:\/\/pensium.es\/wp-content\/uploads\/2021\/09\/DiverOSenior-imagen-rrss-def.jpeg","width":945,"height":495,"caption":"Diverosenior"},{"@type":"BreadcrumbList","@id":"https:\/\/pensium.es\/diverosenior\/#breadcrumb","itemListElement":[{"@type":"ListItem","position":1,"name":"Inicio","item":"https:\/\/pensium.es\/ca\/"},{"@type":"ListItem","position":2,"name":"DiverOs\u00e9nior, la 1\u00aa feria del ocio, el cuidado y el entretenimiento S\u00e9nior"}]},{"@type":"WebSite","@id":"https:\/\/pensium.es\/ca\/#website","url":"https:\/\/pensium.es\/ca\/","name":"Pensium","description":"Paga la resid\u00e8ncia de la gent gran amb l'avan\u00e7ament del lloguer de l'habitatge","potentialAction":[{"@type":"SearchAction","target":{"@type":"EntryPoint","urlTemplate":"https:\/\/pensium.es\/ca\/?s={search_term_string}"},"query-input":{"@type":"PropertyValueSpecification","valueRequired":true,"valueName":"search_term_string"}}],"inLanguage":"ca"},{"@type":"Person","@id":"https:\/\/pensium.es\/ca\/#\/schema\/person\/3b2c54086c781c3b9d4903a784f4049f","name":"Pensium","image":{"@type":"ImageObject","inLanguage":"ca","@id":"https:\/\/secure.gravatar.com\/avatar\/676b3457f9f57981f28982fb1f950341359281c6cba0f3f7366cd94ca4f532bd?s=96&d=mm&r=g","url":"https:\/\/secure.gravatar.com\/avatar\/676b3457f9f57981f28982fb1f950341359281c6cba0f3f7366cd94ca4f532bd?s=96&d=mm&r=g","contentUrl":"https:\/\/secure.gravatar.com\/avatar\/676b3457f9f57981f28982fb1f950341359281c6cba0f3f7366cd94ca4f532bd?s=96&d=mm&r=g","caption":"Pensium"},"url":"https:\/\/pensium.es\/ca\/author\/pensium-2\/"}]}},"_links":{"self":[{"href":"https:\/\/pensium.es\/ca\/wp-json\/wp\/v2\/posts\/10823","targetHints":{"allow":["GET"]}}],"collection":[{"href":"https:\/\/pensium.es\/ca\/wp-json\/wp\/v2\/posts"}],"about":[{"href":"https:\/\/pensium.es\/ca\/wp-json\/wp\/v2\/types\/post"}],"author":[{"embeddable":true,"href":"https:\/\/pensium.es\/ca\/wp-json\/wp\/v2\/users\/4"}],"replies":[{"embeddable":true,"href":"https:\/\/pensium.es\/ca\/wp-json\/wp\/v2\/comments?post=10823"}],"version-history":[{"count":2,"href":"https:\/\/pensium.es\/ca\/wp-json\/wp\/v2\/posts\/10823\/revisions"}],"predecessor-version":[{"id":10825,"href":"https:\/\/pensium.es\/ca\/wp-json\/wp\/v2\/posts\/10823\/revisions\/10825"}],"wp:featuredmedia":[{"embeddable":true,"href":"https:\/\/pensium.es\/ca\/wp-json\/wp\/v2\/media\/10795"}],"wp:attachment":[{"href":"https:\/\/pensium.es\/ca\/wp-json\/wp\/v2\/media?parent=10823"}],"wp:term":[{"taxonomy":"category","embeddable":true,"href":"https:\/\/pensium.es\/ca\/wp-json\/wp\/v2\/categories?post=10823"},{"taxonomy":"post_tag","embeddable":true,"href":"https:\/\/pensium.es\/ca\/wp-json\/wp\/v2\/tags?post=10823"}],"curies":[{"name":"wp","href":"https:\/\/api.w.org\/{rel}","templated":true}]}}