{"id":11243,"date":"2021-11-18T14:53:45","date_gmt":"2021-11-18T12:53:45","guid":{"rendered":"https:\/\/pensium.es\/iva-residencias-ancianos\/"},"modified":"2022-02-10T12:23:21","modified_gmt":"2022-02-10T10:23:21","slug":"iva-residencias-ancianos","status":"publish","type":"post","link":"https:\/\/pensium.es\/ca\/iva-residencias-ancianos\/","title":{"rendered":"El IVA en las residencias de mayores"},"content":{"rendered":"\n\n<div class=\"kk-star-ratings kksr-auto kksr-align-left kksr-valign-top\"\n    data-payload='{&quot;align&quot;:&quot;left&quot;,&quot;id&quot;:&quot;11243&quot;,&quot;slug&quot;:&quot;default&quot;,&quot;valign&quot;:&quot;top&quot;,&quot;ignore&quot;:&quot;&quot;,&quot;reference&quot;:&quot;auto&quot;,&quot;class&quot;:&quot;&quot;,&quot;count&quot;:&quot;0&quot;,&quot;legendonly&quot;:&quot;&quot;,&quot;readonly&quot;:&quot;&quot;,&quot;score&quot;:&quot;0&quot;,&quot;starsonly&quot;:&quot;&quot;,&quot;best&quot;:&quot;5&quot;,&quot;gap&quot;:&quot;5&quot;,&quot;greet&quot;:&quot;Rate this post&quot;,&quot;legend&quot;:&quot;0\\\/5 - (0 votes)&quot;,&quot;size&quot;:&quot;24&quot;,&quot;title&quot;:&quot;El IVA en las residencias de mayores&quot;,&quot;width&quot;:&quot;0&quot;,&quot;_legend&quot;:&quot;{score}\\\/{best} - ({count} {votes})&quot;,&quot;font_factor&quot;:&quot;1.25&quot;}'>\n            \n<div class=\"kksr-stars\">\n    \n<div class=\"kksr-stars-inactive\">\n            <div class=\"kksr-star\" data-star=\"1\" style=\"padding-right: 5px\">\n            \n\n<div class=\"kksr-icon\" style=\"width: 24px; height: 24px;\"><\/div>\n        <\/div>\n            <div class=\"kksr-star\" data-star=\"2\" style=\"padding-right: 5px\">\n            \n\n<div class=\"kksr-icon\" style=\"width: 24px; height: 24px;\"><\/div>\n        <\/div>\n            <div class=\"kksr-star\" data-star=\"3\" style=\"padding-right: 5px\">\n            \n\n<div class=\"kksr-icon\" style=\"width: 24px; height: 24px;\"><\/div>\n        <\/div>\n            <div class=\"kksr-star\" data-star=\"4\" style=\"padding-right: 5px\">\n            \n\n<div class=\"kksr-icon\" style=\"width: 24px; height: 24px;\"><\/div>\n        <\/div>\n            <div class=\"kksr-star\" data-star=\"5\" style=\"padding-right: 5px\">\n            \n\n<div class=\"kksr-icon\" style=\"width: 24px; height: 24px;\"><\/div>\n        <\/div>\n    <\/div>\n    \n<div class=\"kksr-stars-active\" style=\"width: 0px;\">\n            <div class=\"kksr-star\" style=\"padding-right: 5px\">\n            \n\n<div class=\"kksr-icon\" style=\"width: 24px; height: 24px;\"><\/div>\n        <\/div>\n            <div class=\"kksr-star\" style=\"padding-right: 5px\">\n            \n\n<div class=\"kksr-icon\" style=\"width: 24px; height: 24px;\"><\/div>\n        <\/div>\n            <div class=\"kksr-star\" style=\"padding-right: 5px\">\n            \n\n<div class=\"kksr-icon\" style=\"width: 24px; height: 24px;\"><\/div>\n        <\/div>\n            <div class=\"kksr-star\" style=\"padding-right: 5px\">\n            \n\n<div class=\"kksr-icon\" style=\"width: 24px; height: 24px;\"><\/div>\n        <\/div>\n            <div class=\"kksr-star\" style=\"padding-right: 5px\">\n            \n\n<div class=\"kksr-icon\" style=\"width: 24px; height: 24px;\"><\/div>\n        <\/div>\n    <\/div>\n<\/div>\n                \n\n<div class=\"kksr-legend\" style=\"font-size: 19.2px;\">\n            <span class=\"kksr-muted\">Rate this post<\/span>\n    <\/div>\n    <\/div>\n<p>Cuando hablamos de los <span style=\"text-decoration: underline;\"><span style=\"color: #e86322;\"><a style=\"color: #e86322; text-decoration: underline;\" href=\"https:\/\/pensium.es\/precios-de-las-residencias-de-tercera-edad-en-espana\/\">precios de las residencias de mayores en Espa\u00f1a<\/a><\/span><\/span> siempre debemos tener en cuenta el incremento que supone el IVA, seg\u00fan se trate de una plaza privada, concertada o con alg\u00fan tipo de prestaci\u00f3n p\u00fablica. Esto es as\u00ed porque, actualmente, el tipo impositivo para un determinado servicio asistencial (ya sea plaza residencial, centro de d\u00eda, ayuda a domicilio, teleasistencia u otro) var\u00eda en funci\u00f3n de su naturaleza.<\/p>\n<p>As\u00ed, tenemos que el IVA a pagar en residencias de mayores, centros de d\u00eda, atenci\u00f3n domiciliaria y otros recursos asistenciales privados es, en general, del 10%. Sin embargo, en el caso de servicios de teleasistencia, ayuda a domicilio, centro de d\u00eda y de noche, y atenci\u00f3n residencial en plazas concertadas o en plazas privadas de usuarios con prestaci\u00f3n econ\u00f3mica (PEVS) que cubra m\u00e1s del 10% del precio, el tipo impositivo es del 4%.<\/p>\n<p>A nivel pr\u00e1ctico, esto se traduce en que, por ejemplo:<\/p>\n<ol>\n<li><strong>Una persona mayor en la comunidad de Madrid, con grado de dependencia III NO reconocido pagar\u00e1:<\/strong><\/li>\n<\/ol>\n<p>&nbsp;<\/p>\n<table>\n<tbody>\n<tr>\n<td width=\"312\">Precio medio residencia privada en Madrid:<\/td>\n<td width=\"254\">1.903,77 euros\/mes<\/td>\n<\/tr>\n<tr>\n<td width=\"312\">10% IVA:<\/td>\n<td width=\"254\">190,37 euros\/mes<\/td>\n<\/tr>\n<tr>\n<td width=\"312\"><strong>Coste TOTAL residencia:\u00a0 <\/strong><\/td>\n<td width=\"254\"><strong>2.094,15 euros\/mes<\/strong><\/td>\n<\/tr>\n<\/tbody>\n<\/table>\n<p>&nbsp;<\/p>\n<ol start=\"2\">\n<li><strong>Una persona en la comunidad de Madrid, con grado de dependencia III reconocido, cobrando la PEVS m\u00e1xima (715,07\u20ac) pagar\u00e1:<\/strong><\/li>\n<\/ol>\n<p>&nbsp;<\/p>\n<table>\n<tbody>\n<tr>\n<td width=\"312\">Precio medio residencia privada en Madrid:<\/td>\n<td width=\"254\">1.903,77 euros\/mes<\/td>\n<\/tr>\n<tr>\n<td width=\"312\">4% IVA*:<\/td>\n<td width=\"254\">76,15 euros\/mes<\/td>\n<\/tr>\n<tr>\n<td width=\"312\"><strong>Coste TOTAL residencia:\u00a0 <\/strong><\/td>\n<td width=\"254\"><strong>1.979,92 euros\/mes<\/strong><\/td>\n<\/tr>\n<\/tbody>\n<\/table>\n<p><em>*Tipo impositivo aplicable al ser la PEVS superior al 10% de la cuota del servicio.<\/em><\/p>\n<p>Y como adem\u00e1s estar\u00e1 recibiendo la ayuda p\u00fablica PEVS, lo que en realidad abonar\u00e1 de su bolsillo ser\u00e1:<\/p>\n<p>&nbsp;<\/p>\n<table>\n<tbody>\n<tr>\n<td width=\"312\">\n<p style=\"text-align: left;\">Coste residencia (con IVA):<\/p>\n<\/td>\n<td width=\"254\">1.979,92 euros\/mes<\/td>\n<\/tr>\n<tr>\n<td width=\"312\">PEVS:<\/td>\n<td width=\"254\">715,07 euros\/mes<\/td>\n<\/tr>\n<tr>\n<td width=\"312\"><strong>TOTAL:\u00a0 <\/strong><\/td>\n<td width=\"254\"><strong>1.264,85 euros\/mes\u00a0\u00a0\u00a0<\/strong><\/td>\n<\/tr>\n<\/tbody>\n<\/table>\n<p>&nbsp;<\/p>\n<p>Como es l\u00f3gico, ello suscita bastantes cr\u00edticas de los colectivos vinculados con las personas mayores dependientes, puesto que la realidad es que no hablamos de tipos impositivos distintos para diferentes servicios, sino que el servicio es exactamente el mismo. Adem\u00e1s, es muy probable que las personas en situaciones como las de nuestro primer ejemplo, ya hayan cursado el procedimiento de solicitud de ayudas por dependencia y a\u00fan est\u00e9n en espera de reconocimiento, a causa de la acumulaci\u00f3n de expedientes a resolver en la administraci\u00f3n p\u00fablica.<\/p>\n<p>Seg\u00fan el C\u00edrculo Empresarial de Atenci\u00f3n a las Personas (CEAPs), la diferencia entre el IVA del 10% y el del 4% es de aproximadamente 106 euros de media al mes, lo que se traduce en 1.272 euros al a\u00f1o. Un ahorro m\u00e1s que significativo para las m\u00e1s de 200.000 personas mayores dependientes que utilizan hoy en d\u00eda plazas residenciales privadas.<\/p>\n<p>Por ello, soluciones como <span style=\"text-decoration: underline;\"><span style=\"color: #e86322; text-decoration: underline;\"><a style=\"color: #e86322; text-decoration: underline;\" href=\"\/\">Pensium<\/a><\/span><\/span> se hacen tan necesarias a d\u00eda de hoy para ayudar a las personas a afrontar los elevados costes de los cuidados asistenciales que necesitan para garantizar su comodidad y bienestar.<\/p>\n","protected":false},"excerpt":{"rendered":"<p>Cuando hablamos de los precios de las residencias de mayores en Espa\u00f1a siempre debemos tener en cuenta el incremento que supone el IVA, seg\u00fan se trate de una plaza privada, concertada o con alg\u00fan tipo de prestaci\u00f3n p\u00fablica. Esto es as\u00ed porque, actualmente, el tipo impositivo para un determinado servicio asistencial (ya sea plaza residencial, &#8230; <a class=\"excerpt-readmore\" href=\"https:\/\/pensium.es\/ca\/iva-residencias-ancianos\/\">Read More<\/a><\/p>\n","protected":false},"author":4,"featured_media":11232,"comment_status":"open","ping_status":"closed","sticky":false,"template":"","format":"standard","meta":{"footnotes":""},"categories":[323,329],"tags":[],"class_list":["post-11243","post","type-post","status-publish","format-standard","has-post-thumbnail","hentry","category-general-ca","category-residencies-tercera-edad"],"yoast_head":"<!-- This site is optimized with the Yoast SEO plugin v27.3 - https:\/\/yoast.com\/product\/yoast-seo-wordpress\/ -->\n<title>El IVA en las residencias de ancianos<\/title>\n<meta name=\"description\" content=\"Cu\u00e1l es el IVA que se paga actualmente en las residencias de ancianos, te lo contamos en detalle para que no te quedes con dudas.\" \/>\n<meta name=\"robots\" content=\"index, follow, max-snippet:-1, max-image-preview:large, max-video-preview:-1\" \/>\n<link rel=\"canonical\" href=\"https:\/\/pensium.es\/ca\/iva-residencias-ancianos\/\" \/>\n<meta property=\"og:locale\" content=\"ca_ES\" \/>\n<meta property=\"og:type\" content=\"article\" \/>\n<meta property=\"og:title\" content=\"El IVA en las residencias de ancianos\" \/>\n<meta property=\"og:description\" content=\"Cu\u00e1l es el IVA que se paga actualmente en las residencias de ancianos, te lo contamos en detalle para que no te quedes con dudas.\" \/>\n<meta property=\"og:url\" content=\"https:\/\/pensium.es\/iva-residencias-ancianos\/\" \/>\n<meta property=\"og:site_name\" content=\"Pensium\" \/>\n<meta property=\"article:publisher\" content=\"https:\/\/www.facebook.com\/pensium.es\/\" \/>\n<meta property=\"article:published_time\" content=\"2021-11-18T12:53:45+00:00\" \/>\n<meta property=\"article:modified_time\" content=\"2022-02-10T10:23:21+00:00\" \/>\n<meta property=\"og:image\" content=\"https:\/\/pensium.es\/wp-content\/uploads\/2021\/11\/iva.jpg\" \/>\n\t<meta property=\"og:image:width\" content=\"940\" \/>\n\t<meta property=\"og:image:height\" content=\"455\" \/>\n\t<meta property=\"og:image:type\" content=\"image\/jpeg\" \/>\n<meta name=\"author\" content=\"Pensium\" \/>\n<meta name=\"twitter:card\" content=\"summary_large_image\" \/>\n<meta name=\"twitter:label1\" content=\"Escrit per\" \/>\n\t<meta name=\"twitter:data1\" content=\"Pensium\" \/>\n\t<meta name=\"twitter:label2\" content=\"Temps estimat de lectura\" \/>\n\t<meta name=\"twitter:data2\" content=\"2 minuts\" \/>\n<script type=\"application\/ld+json\" class=\"yoast-schema-graph\">{\"@context\":\"https:\\\/\\\/schema.org\",\"@graph\":[{\"@type\":\"Article\",\"@id\":\"https:\\\/\\\/pensium.es\\\/iva-residencias-ancianos\\\/#article\",\"isPartOf\":{\"@id\":\"https:\\\/\\\/pensium.es\\\/ca\\\/iva-residencias-ancianos\\\/\"},\"author\":{\"name\":\"Pensium\",\"@id\":\"https:\\\/\\\/pensium.es\\\/ca\\\/#\\\/schema\\\/person\\\/3b2c54086c781c3b9d4903a784f4049f\"},\"headline\":\"El IVA en las residencias de mayores\",\"datePublished\":\"2021-11-18T12:53:45+00:00\",\"dateModified\":\"2022-02-10T10:23:21+00:00\",\"mainEntityOfPage\":{\"@id\":\"https:\\\/\\\/pensium.es\\\/ca\\\/iva-residencias-ancianos\\\/\"},\"wordCount\":482,\"commentCount\":0,\"image\":{\"@id\":\"https:\\\/\\\/pensium.es\\\/iva-residencias-ancianos\\\/#primaryimage\"},\"thumbnailUrl\":\"https:\\\/\\\/pensium.es\\\/wp-content\\\/uploads\\\/2021\\\/11\\\/iva.jpg\",\"articleSection\":[\"General\",\"Resid\u00e8ncies tercera edad\"],\"inLanguage\":\"ca\",\"potentialAction\":[{\"@type\":\"CommentAction\",\"name\":\"Comment\",\"target\":[\"https:\\\/\\\/pensium.es\\\/iva-residencias-ancianos\\\/#respond\"]}]},{\"@type\":\"WebPage\",\"@id\":\"https:\\\/\\\/pensium.es\\\/ca\\\/iva-residencias-ancianos\\\/\",\"url\":\"https:\\\/\\\/pensium.es\\\/iva-residencias-ancianos\\\/\",\"name\":\"El IVA en las residencias de ancianos\",\"isPartOf\":{\"@id\":\"https:\\\/\\\/pensium.es\\\/ca\\\/#website\"},\"primaryImageOfPage\":{\"@id\":\"https:\\\/\\\/pensium.es\\\/iva-residencias-ancianos\\\/#primaryimage\"},\"image\":{\"@id\":\"https:\\\/\\\/pensium.es\\\/iva-residencias-ancianos\\\/#primaryimage\"},\"thumbnailUrl\":\"https:\\\/\\\/pensium.es\\\/wp-content\\\/uploads\\\/2021\\\/11\\\/iva.jpg\",\"datePublished\":\"2021-11-18T12:53:45+00:00\",\"dateModified\":\"2022-02-10T10:23:21+00:00\",\"author\":{\"@id\":\"https:\\\/\\\/pensium.es\\\/ca\\\/#\\\/schema\\\/person\\\/3b2c54086c781c3b9d4903a784f4049f\"},\"description\":\"Cu\u00e1l es el IVA que se paga actualmente en las residencias de ancianos, te lo contamos en detalle para que no te quedes con dudas.\",\"breadcrumb\":{\"@id\":\"https:\\\/\\\/pensium.es\\\/iva-residencias-ancianos\\\/#breadcrumb\"},\"inLanguage\":\"ca\",\"potentialAction\":[{\"@type\":\"ReadAction\",\"target\":[\"https:\\\/\\\/pensium.es\\\/iva-residencias-ancianos\\\/\"]}]},{\"@type\":\"ImageObject\",\"inLanguage\":\"ca\",\"@id\":\"https:\\\/\\\/pensium.es\\\/iva-residencias-ancianos\\\/#primaryimage\",\"url\":\"https:\\\/\\\/pensium.es\\\/wp-content\\\/uploads\\\/2021\\\/11\\\/iva.jpg\",\"contentUrl\":\"https:\\\/\\\/pensium.es\\\/wp-content\\\/uploads\\\/2021\\\/11\\\/iva.jpg\",\"width\":940,\"height\":455},{\"@type\":\"BreadcrumbList\",\"@id\":\"https:\\\/\\\/pensium.es\\\/iva-residencias-ancianos\\\/#breadcrumb\",\"itemListElement\":[{\"@type\":\"ListItem\",\"position\":1,\"name\":\"Inicio\",\"item\":\"https:\\\/\\\/pensium.es\\\/ca\\\/\"},{\"@type\":\"ListItem\",\"position\":2,\"name\":\"El IVA en las residencias de mayores\"}]},{\"@type\":\"WebSite\",\"@id\":\"https:\\\/\\\/pensium.es\\\/ca\\\/#website\",\"url\":\"https:\\\/\\\/pensium.es\\\/ca\\\/\",\"name\":\"Pensium\",\"description\":\"Paga la resid\u00e8ncia de la gent gran amb l'avan\u00e7ament del lloguer de l'habitatge\",\"potentialAction\":[{\"@type\":\"SearchAction\",\"target\":{\"@type\":\"EntryPoint\",\"urlTemplate\":\"https:\\\/\\\/pensium.es\\\/ca\\\/?s={search_term_string}\"},\"query-input\":{\"@type\":\"PropertyValueSpecification\",\"valueRequired\":true,\"valueName\":\"search_term_string\"}}],\"inLanguage\":\"ca\"},{\"@type\":\"Person\",\"@id\":\"https:\\\/\\\/pensium.es\\\/ca\\\/#\\\/schema\\\/person\\\/3b2c54086c781c3b9d4903a784f4049f\",\"name\":\"Pensium\",\"image\":{\"@type\":\"ImageObject\",\"inLanguage\":\"ca\",\"@id\":\"https:\\\/\\\/secure.gravatar.com\\\/avatar\\\/676b3457f9f57981f28982fb1f950341359281c6cba0f3f7366cd94ca4f532bd?s=96&d=mm&r=g\",\"url\":\"https:\\\/\\\/secure.gravatar.com\\\/avatar\\\/676b3457f9f57981f28982fb1f950341359281c6cba0f3f7366cd94ca4f532bd?s=96&d=mm&r=g\",\"contentUrl\":\"https:\\\/\\\/secure.gravatar.com\\\/avatar\\\/676b3457f9f57981f28982fb1f950341359281c6cba0f3f7366cd94ca4f532bd?s=96&d=mm&r=g\",\"caption\":\"Pensium\"},\"url\":\"https:\\\/\\\/pensium.es\\\/ca\\\/author\\\/pensium-2\\\/\"}]}<\/script>\n<!-- \/ Yoast SEO plugin. -->","yoast_head_json":{"title":"El IVA en las residencias de ancianos","description":"Cu\u00e1l es el IVA que se paga actualmente en las residencias de ancianos, te lo contamos en detalle para que no te quedes con dudas.","robots":{"index":"index","follow":"follow","max-snippet":"max-snippet:-1","max-image-preview":"max-image-preview:large","max-video-preview":"max-video-preview:-1"},"canonical":"https:\/\/pensium.es\/ca\/iva-residencias-ancianos\/","og_locale":"ca_ES","og_type":"article","og_title":"El IVA en las residencias de ancianos","og_description":"Cu\u00e1l es el IVA que se paga actualmente en las residencias de ancianos, te lo contamos en detalle para que no te quedes con dudas.","og_url":"https:\/\/pensium.es\/iva-residencias-ancianos\/","og_site_name":"Pensium","article_publisher":"https:\/\/www.facebook.com\/pensium.es\/","article_published_time":"2021-11-18T12:53:45+00:00","article_modified_time":"2022-02-10T10:23:21+00:00","og_image":[{"width":940,"height":455,"url":"https:\/\/pensium.es\/wp-content\/uploads\/2021\/11\/iva.jpg","type":"image\/jpeg"}],"author":"Pensium","twitter_card":"summary_large_image","twitter_misc":{"Escrit per":"Pensium","Temps estimat de lectura":"2 minuts"},"schema":{"@context":"https:\/\/schema.org","@graph":[{"@type":"Article","@id":"https:\/\/pensium.es\/iva-residencias-ancianos\/#article","isPartOf":{"@id":"https:\/\/pensium.es\/ca\/iva-residencias-ancianos\/"},"author":{"name":"Pensium","@id":"https:\/\/pensium.es\/ca\/#\/schema\/person\/3b2c54086c781c3b9d4903a784f4049f"},"headline":"El IVA en las residencias de mayores","datePublished":"2021-11-18T12:53:45+00:00","dateModified":"2022-02-10T10:23:21+00:00","mainEntityOfPage":{"@id":"https:\/\/pensium.es\/ca\/iva-residencias-ancianos\/"},"wordCount":482,"commentCount":0,"image":{"@id":"https:\/\/pensium.es\/iva-residencias-ancianos\/#primaryimage"},"thumbnailUrl":"https:\/\/pensium.es\/wp-content\/uploads\/2021\/11\/iva.jpg","articleSection":["General","Resid\u00e8ncies tercera edad"],"inLanguage":"ca","potentialAction":[{"@type":"CommentAction","name":"Comment","target":["https:\/\/pensium.es\/iva-residencias-ancianos\/#respond"]}]},{"@type":"WebPage","@id":"https:\/\/pensium.es\/ca\/iva-residencias-ancianos\/","url":"https:\/\/pensium.es\/iva-residencias-ancianos\/","name":"El IVA en las residencias de ancianos","isPartOf":{"@id":"https:\/\/pensium.es\/ca\/#website"},"primaryImageOfPage":{"@id":"https:\/\/pensium.es\/iva-residencias-ancianos\/#primaryimage"},"image":{"@id":"https:\/\/pensium.es\/iva-residencias-ancianos\/#primaryimage"},"thumbnailUrl":"https:\/\/pensium.es\/wp-content\/uploads\/2021\/11\/iva.jpg","datePublished":"2021-11-18T12:53:45+00:00","dateModified":"2022-02-10T10:23:21+00:00","author":{"@id":"https:\/\/pensium.es\/ca\/#\/schema\/person\/3b2c54086c781c3b9d4903a784f4049f"},"description":"Cu\u00e1l es el IVA que se paga actualmente en las residencias de ancianos, te lo contamos en detalle para que no te quedes con dudas.","breadcrumb":{"@id":"https:\/\/pensium.es\/iva-residencias-ancianos\/#breadcrumb"},"inLanguage":"ca","potentialAction":[{"@type":"ReadAction","target":["https:\/\/pensium.es\/iva-residencias-ancianos\/"]}]},{"@type":"ImageObject","inLanguage":"ca","@id":"https:\/\/pensium.es\/iva-residencias-ancianos\/#primaryimage","url":"https:\/\/pensium.es\/wp-content\/uploads\/2021\/11\/iva.jpg","contentUrl":"https:\/\/pensium.es\/wp-content\/uploads\/2021\/11\/iva.jpg","width":940,"height":455},{"@type":"BreadcrumbList","@id":"https:\/\/pensium.es\/iva-residencias-ancianos\/#breadcrumb","itemListElement":[{"@type":"ListItem","position":1,"name":"Inicio","item":"https:\/\/pensium.es\/ca\/"},{"@type":"ListItem","position":2,"name":"El IVA en las residencias de mayores"}]},{"@type":"WebSite","@id":"https:\/\/pensium.es\/ca\/#website","url":"https:\/\/pensium.es\/ca\/","name":"Pensium","description":"Paga la resid\u00e8ncia de la gent gran amb l'avan\u00e7ament del lloguer de l'habitatge","potentialAction":[{"@type":"SearchAction","target":{"@type":"EntryPoint","urlTemplate":"https:\/\/pensium.es\/ca\/?s={search_term_string}"},"query-input":{"@type":"PropertyValueSpecification","valueRequired":true,"valueName":"search_term_string"}}],"inLanguage":"ca"},{"@type":"Person","@id":"https:\/\/pensium.es\/ca\/#\/schema\/person\/3b2c54086c781c3b9d4903a784f4049f","name":"Pensium","image":{"@type":"ImageObject","inLanguage":"ca","@id":"https:\/\/secure.gravatar.com\/avatar\/676b3457f9f57981f28982fb1f950341359281c6cba0f3f7366cd94ca4f532bd?s=96&d=mm&r=g","url":"https:\/\/secure.gravatar.com\/avatar\/676b3457f9f57981f28982fb1f950341359281c6cba0f3f7366cd94ca4f532bd?s=96&d=mm&r=g","contentUrl":"https:\/\/secure.gravatar.com\/avatar\/676b3457f9f57981f28982fb1f950341359281c6cba0f3f7366cd94ca4f532bd?s=96&d=mm&r=g","caption":"Pensium"},"url":"https:\/\/pensium.es\/ca\/author\/pensium-2\/"}]}},"_links":{"self":[{"href":"https:\/\/pensium.es\/ca\/wp-json\/wp\/v2\/posts\/11243","targetHints":{"allow":["GET"]}}],"collection":[{"href":"https:\/\/pensium.es\/ca\/wp-json\/wp\/v2\/posts"}],"about":[{"href":"https:\/\/pensium.es\/ca\/wp-json\/wp\/v2\/types\/post"}],"author":[{"embeddable":true,"href":"https:\/\/pensium.es\/ca\/wp-json\/wp\/v2\/users\/4"}],"replies":[{"embeddable":true,"href":"https:\/\/pensium.es\/ca\/wp-json\/wp\/v2\/comments?post=11243"}],"version-history":[{"count":1,"href":"https:\/\/pensium.es\/ca\/wp-json\/wp\/v2\/posts\/11243\/revisions"}],"predecessor-version":[{"id":11246,"href":"https:\/\/pensium.es\/ca\/wp-json\/wp\/v2\/posts\/11243\/revisions\/11246"}],"wp:featuredmedia":[{"embeddable":true,"href":"https:\/\/pensium.es\/ca\/wp-json\/wp\/v2\/media\/11232"}],"wp:attachment":[{"href":"https:\/\/pensium.es\/ca\/wp-json\/wp\/v2\/media?parent=11243"}],"wp:term":[{"taxonomy":"category","embeddable":true,"href":"https:\/\/pensium.es\/ca\/wp-json\/wp\/v2\/categories?post=11243"},{"taxonomy":"post_tag","embeddable":true,"href":"https:\/\/pensium.es\/ca\/wp-json\/wp\/v2\/tags?post=11243"}],"curies":[{"name":"wp","href":"https:\/\/api.w.org\/{rel}","templated":true}]}}