{"id":12357,"date":"2022-07-01T08:11:12","date_gmt":"2022-07-01T06:11:12","guid":{"rendered":"https:\/\/pensium.es\/hacerse-mayor-etapa-vital\/"},"modified":"2022-07-01T08:15:51","modified_gmt":"2022-07-01T06:15:51","slug":"hacerse-mayor-etapa-vital","status":"publish","type":"post","link":"https:\/\/pensium.es\/ca\/hacerse-mayor-etapa-vital\/","title":{"rendered":"\u00bfQu\u00e9 significa hacerse mayor para la sociedad espa\u00f1ola actual? Principales preocupaciones ante una nueva etapa vital"},"content":{"rendered":"\n\n<div class=\"kk-star-ratings kksr-auto kksr-align-left kksr-valign-top\"\n    data-payload='{&quot;align&quot;:&quot;left&quot;,&quot;id&quot;:&quot;12357&quot;,&quot;slug&quot;:&quot;default&quot;,&quot;valign&quot;:&quot;top&quot;,&quot;ignore&quot;:&quot;&quot;,&quot;reference&quot;:&quot;auto&quot;,&quot;class&quot;:&quot;&quot;,&quot;count&quot;:&quot;0&quot;,&quot;legendonly&quot;:&quot;&quot;,&quot;readonly&quot;:&quot;&quot;,&quot;score&quot;:&quot;0&quot;,&quot;starsonly&quot;:&quot;&quot;,&quot;best&quot;:&quot;5&quot;,&quot;gap&quot;:&quot;5&quot;,&quot;greet&quot;:&quot;Rate this post&quot;,&quot;legend&quot;:&quot;0\\\/5 - (0 votes)&quot;,&quot;size&quot;:&quot;24&quot;,&quot;title&quot;:&quot;\u00bfQu\u00e9 significa hacerse mayor para la sociedad espa\u00f1ola actual? Principales preocupaciones ante una nueva etapa vital&quot;,&quot;width&quot;:&quot;0&quot;,&quot;_legend&quot;:&quot;{score}\\\/{best} - ({count} {votes})&quot;,&quot;font_factor&quot;:&quot;1.25&quot;}'>\n            \n<div class=\"kksr-stars\">\n    \n<div class=\"kksr-stars-inactive\">\n            <div class=\"kksr-star\" data-star=\"1\" style=\"padding-right: 5px\">\n            \n\n<div class=\"kksr-icon\" style=\"width: 24px; height: 24px;\"><\/div>\n        <\/div>\n            <div class=\"kksr-star\" data-star=\"2\" style=\"padding-right: 5px\">\n            \n\n<div class=\"kksr-icon\" style=\"width: 24px; height: 24px;\"><\/div>\n        <\/div>\n            <div class=\"kksr-star\" data-star=\"3\" style=\"padding-right: 5px\">\n            \n\n<div class=\"kksr-icon\" style=\"width: 24px; height: 24px;\"><\/div>\n        <\/div>\n            <div class=\"kksr-star\" data-star=\"4\" style=\"padding-right: 5px\">\n            \n\n<div class=\"kksr-icon\" style=\"width: 24px; height: 24px;\"><\/div>\n        <\/div>\n            <div class=\"kksr-star\" data-star=\"5\" style=\"padding-right: 5px\">\n            \n\n<div class=\"kksr-icon\" style=\"width: 24px; height: 24px;\"><\/div>\n        <\/div>\n    <\/div>\n    \n<div class=\"kksr-stars-active\" style=\"width: 0px;\">\n            <div class=\"kksr-star\" style=\"padding-right: 5px\">\n            \n\n<div class=\"kksr-icon\" style=\"width: 24px; height: 24px;\"><\/div>\n        <\/div>\n            <div class=\"kksr-star\" style=\"padding-right: 5px\">\n            \n\n<div class=\"kksr-icon\" style=\"width: 24px; height: 24px;\"><\/div>\n        <\/div>\n            <div class=\"kksr-star\" style=\"padding-right: 5px\">\n            \n\n<div class=\"kksr-icon\" style=\"width: 24px; height: 24px;\"><\/div>\n        <\/div>\n            <div class=\"kksr-star\" style=\"padding-right: 5px\">\n            \n\n<div class=\"kksr-icon\" style=\"width: 24px; height: 24px;\"><\/div>\n        <\/div>\n            <div class=\"kksr-star\" style=\"padding-right: 5px\">\n            \n\n<div class=\"kksr-icon\" style=\"width: 24px; height: 24px;\"><\/div>\n        <\/div>\n    <\/div>\n<\/div>\n                \n\n<div class=\"kksr-legend\" style=\"font-size: 19.2px;\">\n            <span class=\"kksr-muted\">Rate this post<\/span>\n    <\/div>\n    <\/div>\n<p>Seg\u00fan van pasando los a\u00f1os, las personas tienen diferentes percepciones del <strong>ciclo vital<\/strong> en el que se encuentran, generando diferentes <strong>expectativas sobre su futuro<\/strong> en cada una de las etapas.<\/p>\n<p>Una vez pasada la etapa adulta, las personas avanzan hacia la etapa del envejecimiento y, aunque en los \u00faltimos a\u00f1os, la percepci\u00f3n del concepto <strong>\u201chacerse mayor\u201d<\/strong> ha cambiado de forma sustancial, cada vez es m\u00e1s importante entender qu\u00e9 visi\u00f3n tiene la sociedad espa\u00f1ola sobre este proceso. Seg\u00fan el Instituto Nacional de Estad\u00edstica, el <strong>porcentaje de personas mayores de 70 a\u00f1os <\/strong>alcanzar\u00e1 su <strong>m\u00e1ximo hist\u00f3rico <\/strong>en torno a 2055, lo que conllevar\u00e1 implicaciones en nuestra sociedad a futuro.<\/p>\n<p>Ante este escenario es necesario preguntarse: \u00bfa qu\u00e9 edad consideran los espa\u00f1oles que se est\u00e1n \u201chaciendo mayores\u201d? \u00bfCu\u00e1les son sus principales preocupaciones ante esta nueva etapa vital?<\/p>\n<p>Seg\u00fan el estudio <a href=\"https:\/\/www.fundacionmdp.org\/notice\/los-espanoles-situan-el-inicio-de-la-vejez-a-los-74-anos-y-uno-de-cada-tres-se-muestra-muy-preocupado-por-su-futuro-durante-este-periodo\/\"><span style=\"text-decoration: underline;\"><span style=\"color: #e86322; text-decoration: underline;\">Preocupaciones ante una pr\u00f3xima vejez<\/span><\/span>,<\/a> realizado por Fundaci\u00f3n Mutua de Propietarios, los espa\u00f1oles fijan el <strong>inicio de esta etapa en los 74 a\u00f1os<\/strong> y delimitan sus principales <strong>preocupaciones<\/strong> a futuro en tres \u00e1reas: <strong>movilidad, enfermedad y econom\u00eda. <\/strong><\/p>\n<p>Pese a que un 36% de los espa\u00f1oles afirma que nunca piensa en su futura vejez, un 12% admite que piensa en ese momento \u201cfrecuentemente\u201d y un 52% asegura que \u201calguna vez\u201d. Es decir, en alg\u00fan momento ser\u00e1 necesario hacer una reflexi\u00f3n sobre c\u00f3mo encarar esta etapa y a qu\u00e9 dificultades ser\u00e1 necesario hacer frente.<\/p>\n<p>Seg\u00fan el <a href=\"https:\/\/ecofin.es\/wp-content\/uploads\/2021\/10\/LibroBlancoSilverEconomyEspa%C3%B1aMADFINTECHFOROECOFIN.pdf\"><span style=\"text-decoration: underline;\"><span style=\"color: #e86322; text-decoration: underline;\">Libro Blanco de la Silver Economy en Espa\u00f1a 2021,<\/span><\/span><\/a> el 20,7% de personas mayores de 65 a\u00f1os y que viven en su domicilio tienen <strong>dificultades en actividades b\u00e1sicas de cuidado personal<\/strong> en su vida diaria. En cuanto a <strong>la movilidad<\/strong>, el 55,02% de los mayores de 75 a\u00f1os hasta los 84 a\u00f1os tiene dificultades en esta \u00e1rea. Referente al nivel econ\u00f3mico de los mayores de 75 a\u00f1os, se estima que un 40% tienen <strong>dificultades para llegar a fin de mes<\/strong> y que un 43% no podr\u00edan hacer frente a <strong>gastos imprevistos<\/strong>.<\/p>\n<p>Debido a los problemas de movilidad y las enfermedades que puedan presentarse a lo largo del tiempo es evidente que este colectivo necesitar\u00e1 asistencia en un momento dado de la etapa de su vejez, pero \u00bfc\u00f3mo y con qu\u00e9 recursos?<\/p>\n<p>El <strong>ingreso en una residencia es la soluci\u00f3n m\u00e1s adecuada<\/strong> para las personas mayores, especialmente cuando aparecen problemas de movilidad o problemas cognitivos que hacen dif\u00edcil su cuidado constante en un domicilio. Sin embargo, para muchas familias este paso comporta un reto emocional delicado, adem\u00e1s de que supone un coste dif\u00edcil de asumir.<\/p>\n<p>Tener la informaci\u00f3n y asesoramiento adecuados en estos momentos tiene un valor incalculable. Por eso desde <a href=\"https:\/\/pensium.es\/ca\/\"><span style=\"text-decoration: underline;\"><span style=\"color: #e86322; text-decoration: underline;\">Pensium<\/span><\/span><\/a> apoyamos cualquier iniciativa que sea de ayuda para las familias en el momento de tomar la decisi\u00f3n de ingresar en una plaza residencial, adem\u00e1s de poder dar facilidades para que la residencia sea una soluci\u00f3n cada vez m\u00e1s al alcance de todos, aportando una soluci\u00f3n de financiaci\u00f3n innovadora para poder rentabilizar la vivienda en propiedad.<\/p>\n","protected":false},"excerpt":{"rendered":"<p>Seg\u00fan van pasando los a\u00f1os, las personas tienen diferentes percepciones del ciclo vital en el que se encuentran, generando diferentes expectativas sobre su futuro en cada una de las etapas. Una vez pasada la etapa adulta, las personas avanzan hacia la etapa del envejecimiento y, aunque en los \u00faltimos a\u00f1os, la percepci\u00f3n del concepto \u201chacerse &#8230; <a class=\"excerpt-readmore\" href=\"https:\/\/pensium.es\/ca\/hacerse-mayor-etapa-vital\/\">Read More<\/a><\/p>\n","protected":false},"author":4,"featured_media":12360,"comment_status":"open","ping_status":"closed","sticky":false,"template":"","format":"standard","meta":{"footnotes":""},"categories":[323],"tags":[],"class_list":["post-12357","post","type-post","status-publish","format-standard","has-post-thumbnail","hentry","category-general-ca"],"yoast_head":"<!-- This site is optimized with the Yoast SEO plugin v27.3 - https:\/\/yoast.com\/product\/yoast-seo-wordpress\/ -->\n<title>\u00bfQu\u00e9 significa hacerse mayor para la sociedad espa\u00f1ola actual?<\/title>\n<meta name=\"description\" content=\"En los \u00faltimos a\u00f1os, la percepci\u00f3n del concepto \u201chacerse mayor\u201d ha cambiado de forma sustancial, analizamos qu\u00e9 significa ahora.\" \/>\n<meta name=\"robots\" content=\"index, follow, max-snippet:-1, max-image-preview:large, max-video-preview:-1\" \/>\n<link rel=\"canonical\" href=\"https:\/\/pensium.es\/ca\/hacerse-mayor-etapa-vital\/\" \/>\n<meta property=\"og:locale\" content=\"ca_ES\" \/>\n<meta property=\"og:type\" content=\"article\" \/>\n<meta property=\"og:title\" content=\"\u00bfQu\u00e9 significa hacerse mayor para la sociedad espa\u00f1ola actual?\" \/>\n<meta property=\"og:description\" content=\"En los \u00faltimos a\u00f1os, la percepci\u00f3n del concepto \u201chacerse mayor\u201d ha cambiado de forma sustancial, analizamos qu\u00e9 significa ahora.\" \/>\n<meta property=\"og:url\" content=\"https:\/\/pensium.es\/hacerse-mayor-etapa-vital\/\" \/>\n<meta property=\"og:site_name\" content=\"Pensium\" \/>\n<meta property=\"article:publisher\" content=\"https:\/\/www.facebook.com\/pensium.es\/\" \/>\n<meta property=\"article:published_time\" content=\"2022-07-01T06:11:12+00:00\" \/>\n<meta property=\"article:modified_time\" content=\"2022-07-01T06:15:51+00:00\" \/>\n<meta property=\"og:image\" content=\"https:\/\/pensium.es\/wp-content\/uploads\/2022\/07\/SENIOR.jpg\" \/>\n\t<meta property=\"og:image:width\" content=\"945\" \/>\n\t<meta property=\"og:image:height\" content=\"455\" \/>\n\t<meta property=\"og:image:type\" content=\"image\/jpeg\" \/>\n<meta name=\"author\" content=\"Pensium\" \/>\n<meta name=\"twitter:card\" content=\"summary_large_image\" \/>\n<meta name=\"twitter:label1\" content=\"Escrit per\" \/>\n\t<meta name=\"twitter:data1\" content=\"Pensium\" \/>\n\t<meta name=\"twitter:label2\" content=\"Temps estimat de lectura\" \/>\n\t<meta name=\"twitter:data2\" content=\"3 minuts\" \/>\n<script type=\"application\/ld+json\" class=\"yoast-schema-graph\">{\"@context\":\"https:\\\/\\\/schema.org\",\"@graph\":[{\"@type\":\"Article\",\"@id\":\"https:\\\/\\\/pensium.es\\\/hacerse-mayor-etapa-vital\\\/#article\",\"isPartOf\":{\"@id\":\"https:\\\/\\\/pensium.es\\\/ca\\\/hacerse-mayor-etapa-vital\\\/\"},\"author\":{\"name\":\"Pensium\",\"@id\":\"https:\\\/\\\/pensium.es\\\/ca\\\/#\\\/schema\\\/person\\\/3b2c54086c781c3b9d4903a784f4049f\"},\"headline\":\"\u00bfQu\u00e9 significa hacerse mayor para la sociedad espa\u00f1ola actual? Principales preocupaciones ante una nueva etapa vital\",\"datePublished\":\"2022-07-01T06:11:12+00:00\",\"dateModified\":\"2022-07-01T06:15:51+00:00\",\"mainEntityOfPage\":{\"@id\":\"https:\\\/\\\/pensium.es\\\/ca\\\/hacerse-mayor-etapa-vital\\\/\"},\"wordCount\":536,\"commentCount\":0,\"image\":{\"@id\":\"https:\\\/\\\/pensium.es\\\/hacerse-mayor-etapa-vital\\\/#primaryimage\"},\"thumbnailUrl\":\"https:\\\/\\\/pensium.es\\\/wp-content\\\/uploads\\\/2022\\\/07\\\/SENIOR.jpg\",\"articleSection\":[\"General\"],\"inLanguage\":\"ca\",\"potentialAction\":[{\"@type\":\"CommentAction\",\"name\":\"Comment\",\"target\":[\"https:\\\/\\\/pensium.es\\\/hacerse-mayor-etapa-vital\\\/#respond\"]}]},{\"@type\":\"WebPage\",\"@id\":\"https:\\\/\\\/pensium.es\\\/ca\\\/hacerse-mayor-etapa-vital\\\/\",\"url\":\"https:\\\/\\\/pensium.es\\\/hacerse-mayor-etapa-vital\\\/\",\"name\":\"\u00bfQu\u00e9 significa hacerse mayor para la sociedad espa\u00f1ola actual?\",\"isPartOf\":{\"@id\":\"https:\\\/\\\/pensium.es\\\/ca\\\/#website\"},\"primaryImageOfPage\":{\"@id\":\"https:\\\/\\\/pensium.es\\\/hacerse-mayor-etapa-vital\\\/#primaryimage\"},\"image\":{\"@id\":\"https:\\\/\\\/pensium.es\\\/hacerse-mayor-etapa-vital\\\/#primaryimage\"},\"thumbnailUrl\":\"https:\\\/\\\/pensium.es\\\/wp-content\\\/uploads\\\/2022\\\/07\\\/SENIOR.jpg\",\"datePublished\":\"2022-07-01T06:11:12+00:00\",\"dateModified\":\"2022-07-01T06:15:51+00:00\",\"author\":{\"@id\":\"https:\\\/\\\/pensium.es\\\/ca\\\/#\\\/schema\\\/person\\\/3b2c54086c781c3b9d4903a784f4049f\"},\"description\":\"En los \u00faltimos a\u00f1os, la percepci\u00f3n del concepto \u201chacerse mayor\u201d ha cambiado de forma sustancial, analizamos qu\u00e9 significa ahora.\",\"breadcrumb\":{\"@id\":\"https:\\\/\\\/pensium.es\\\/hacerse-mayor-etapa-vital\\\/#breadcrumb\"},\"inLanguage\":\"ca\",\"potentialAction\":[{\"@type\":\"ReadAction\",\"target\":[\"https:\\\/\\\/pensium.es\\\/hacerse-mayor-etapa-vital\\\/\"]}]},{\"@type\":\"ImageObject\",\"inLanguage\":\"ca\",\"@id\":\"https:\\\/\\\/pensium.es\\\/hacerse-mayor-etapa-vital\\\/#primaryimage\",\"url\":\"https:\\\/\\\/pensium.es\\\/wp-content\\\/uploads\\\/2022\\\/07\\\/SENIOR.jpg\",\"contentUrl\":\"https:\\\/\\\/pensium.es\\\/wp-content\\\/uploads\\\/2022\\\/07\\\/SENIOR.jpg\",\"width\":945,\"height\":455,\"caption\":\"HACERSE MAYOR\"},{\"@type\":\"BreadcrumbList\",\"@id\":\"https:\\\/\\\/pensium.es\\\/hacerse-mayor-etapa-vital\\\/#breadcrumb\",\"itemListElement\":[{\"@type\":\"ListItem\",\"position\":1,\"name\":\"Inicio\",\"item\":\"https:\\\/\\\/pensium.es\\\/ca\\\/\"},{\"@type\":\"ListItem\",\"position\":2,\"name\":\"\u00bfQu\u00e9 significa hacerse mayor para la sociedad espa\u00f1ola actual? Principales preocupaciones ante una nueva etapa vital\"}]},{\"@type\":\"WebSite\",\"@id\":\"https:\\\/\\\/pensium.es\\\/ca\\\/#website\",\"url\":\"https:\\\/\\\/pensium.es\\\/ca\\\/\",\"name\":\"Pensium\",\"description\":\"Paga la resid\u00e8ncia de la gent gran amb l'avan\u00e7ament del lloguer de l'habitatge\",\"potentialAction\":[{\"@type\":\"SearchAction\",\"target\":{\"@type\":\"EntryPoint\",\"urlTemplate\":\"https:\\\/\\\/pensium.es\\\/ca\\\/?s={search_term_string}\"},\"query-input\":{\"@type\":\"PropertyValueSpecification\",\"valueRequired\":true,\"valueName\":\"search_term_string\"}}],\"inLanguage\":\"ca\"},{\"@type\":\"Person\",\"@id\":\"https:\\\/\\\/pensium.es\\\/ca\\\/#\\\/schema\\\/person\\\/3b2c54086c781c3b9d4903a784f4049f\",\"name\":\"Pensium\",\"image\":{\"@type\":\"ImageObject\",\"inLanguage\":\"ca\",\"@id\":\"https:\\\/\\\/secure.gravatar.com\\\/avatar\\\/676b3457f9f57981f28982fb1f950341359281c6cba0f3f7366cd94ca4f532bd?s=96&d=mm&r=g\",\"url\":\"https:\\\/\\\/secure.gravatar.com\\\/avatar\\\/676b3457f9f57981f28982fb1f950341359281c6cba0f3f7366cd94ca4f532bd?s=96&d=mm&r=g\",\"contentUrl\":\"https:\\\/\\\/secure.gravatar.com\\\/avatar\\\/676b3457f9f57981f28982fb1f950341359281c6cba0f3f7366cd94ca4f532bd?s=96&d=mm&r=g\",\"caption\":\"Pensium\"},\"url\":\"https:\\\/\\\/pensium.es\\\/ca\\\/author\\\/pensium-2\\\/\"}]}<\/script>\n<!-- \/ Yoast SEO plugin. -->","yoast_head_json":{"title":"\u00bfQu\u00e9 significa hacerse mayor para la sociedad espa\u00f1ola actual?","description":"En los \u00faltimos a\u00f1os, la percepci\u00f3n del concepto \u201chacerse mayor\u201d ha cambiado de forma sustancial, analizamos qu\u00e9 significa ahora.","robots":{"index":"index","follow":"follow","max-snippet":"max-snippet:-1","max-image-preview":"max-image-preview:large","max-video-preview":"max-video-preview:-1"},"canonical":"https:\/\/pensium.es\/ca\/hacerse-mayor-etapa-vital\/","og_locale":"ca_ES","og_type":"article","og_title":"\u00bfQu\u00e9 significa hacerse mayor para la sociedad espa\u00f1ola actual?","og_description":"En los \u00faltimos a\u00f1os, la percepci\u00f3n del concepto \u201chacerse mayor\u201d ha cambiado de forma sustancial, analizamos qu\u00e9 significa ahora.","og_url":"https:\/\/pensium.es\/hacerse-mayor-etapa-vital\/","og_site_name":"Pensium","article_publisher":"https:\/\/www.facebook.com\/pensium.es\/","article_published_time":"2022-07-01T06:11:12+00:00","article_modified_time":"2022-07-01T06:15:51+00:00","og_image":[{"width":945,"height":455,"url":"https:\/\/pensium.es\/wp-content\/uploads\/2022\/07\/SENIOR.jpg","type":"image\/jpeg"}],"author":"Pensium","twitter_card":"summary_large_image","twitter_misc":{"Escrit per":"Pensium","Temps estimat de lectura":"3 minuts"},"schema":{"@context":"https:\/\/schema.org","@graph":[{"@type":"Article","@id":"https:\/\/pensium.es\/hacerse-mayor-etapa-vital\/#article","isPartOf":{"@id":"https:\/\/pensium.es\/ca\/hacerse-mayor-etapa-vital\/"},"author":{"name":"Pensium","@id":"https:\/\/pensium.es\/ca\/#\/schema\/person\/3b2c54086c781c3b9d4903a784f4049f"},"headline":"\u00bfQu\u00e9 significa hacerse mayor para la sociedad espa\u00f1ola actual? Principales preocupaciones ante una nueva etapa vital","datePublished":"2022-07-01T06:11:12+00:00","dateModified":"2022-07-01T06:15:51+00:00","mainEntityOfPage":{"@id":"https:\/\/pensium.es\/ca\/hacerse-mayor-etapa-vital\/"},"wordCount":536,"commentCount":0,"image":{"@id":"https:\/\/pensium.es\/hacerse-mayor-etapa-vital\/#primaryimage"},"thumbnailUrl":"https:\/\/pensium.es\/wp-content\/uploads\/2022\/07\/SENIOR.jpg","articleSection":["General"],"inLanguage":"ca","potentialAction":[{"@type":"CommentAction","name":"Comment","target":["https:\/\/pensium.es\/hacerse-mayor-etapa-vital\/#respond"]}]},{"@type":"WebPage","@id":"https:\/\/pensium.es\/ca\/hacerse-mayor-etapa-vital\/","url":"https:\/\/pensium.es\/hacerse-mayor-etapa-vital\/","name":"\u00bfQu\u00e9 significa hacerse mayor para la sociedad espa\u00f1ola actual?","isPartOf":{"@id":"https:\/\/pensium.es\/ca\/#website"},"primaryImageOfPage":{"@id":"https:\/\/pensium.es\/hacerse-mayor-etapa-vital\/#primaryimage"},"image":{"@id":"https:\/\/pensium.es\/hacerse-mayor-etapa-vital\/#primaryimage"},"thumbnailUrl":"https:\/\/pensium.es\/wp-content\/uploads\/2022\/07\/SENIOR.jpg","datePublished":"2022-07-01T06:11:12+00:00","dateModified":"2022-07-01T06:15:51+00:00","author":{"@id":"https:\/\/pensium.es\/ca\/#\/schema\/person\/3b2c54086c781c3b9d4903a784f4049f"},"description":"En los \u00faltimos a\u00f1os, la percepci\u00f3n del concepto \u201chacerse mayor\u201d ha cambiado de forma sustancial, analizamos qu\u00e9 significa ahora.","breadcrumb":{"@id":"https:\/\/pensium.es\/hacerse-mayor-etapa-vital\/#breadcrumb"},"inLanguage":"ca","potentialAction":[{"@type":"ReadAction","target":["https:\/\/pensium.es\/hacerse-mayor-etapa-vital\/"]}]},{"@type":"ImageObject","inLanguage":"ca","@id":"https:\/\/pensium.es\/hacerse-mayor-etapa-vital\/#primaryimage","url":"https:\/\/pensium.es\/wp-content\/uploads\/2022\/07\/SENIOR.jpg","contentUrl":"https:\/\/pensium.es\/wp-content\/uploads\/2022\/07\/SENIOR.jpg","width":945,"height":455,"caption":"HACERSE MAYOR"},{"@type":"BreadcrumbList","@id":"https:\/\/pensium.es\/hacerse-mayor-etapa-vital\/#breadcrumb","itemListElement":[{"@type":"ListItem","position":1,"name":"Inicio","item":"https:\/\/pensium.es\/ca\/"},{"@type":"ListItem","position":2,"name":"\u00bfQu\u00e9 significa hacerse mayor para la sociedad espa\u00f1ola actual? Principales preocupaciones ante una nueva etapa vital"}]},{"@type":"WebSite","@id":"https:\/\/pensium.es\/ca\/#website","url":"https:\/\/pensium.es\/ca\/","name":"Pensium","description":"Paga la resid\u00e8ncia de la gent gran amb l'avan\u00e7ament del lloguer de l'habitatge","potentialAction":[{"@type":"SearchAction","target":{"@type":"EntryPoint","urlTemplate":"https:\/\/pensium.es\/ca\/?s={search_term_string}"},"query-input":{"@type":"PropertyValueSpecification","valueRequired":true,"valueName":"search_term_string"}}],"inLanguage":"ca"},{"@type":"Person","@id":"https:\/\/pensium.es\/ca\/#\/schema\/person\/3b2c54086c781c3b9d4903a784f4049f","name":"Pensium","image":{"@type":"ImageObject","inLanguage":"ca","@id":"https:\/\/secure.gravatar.com\/avatar\/676b3457f9f57981f28982fb1f950341359281c6cba0f3f7366cd94ca4f532bd?s=96&d=mm&r=g","url":"https:\/\/secure.gravatar.com\/avatar\/676b3457f9f57981f28982fb1f950341359281c6cba0f3f7366cd94ca4f532bd?s=96&d=mm&r=g","contentUrl":"https:\/\/secure.gravatar.com\/avatar\/676b3457f9f57981f28982fb1f950341359281c6cba0f3f7366cd94ca4f532bd?s=96&d=mm&r=g","caption":"Pensium"},"url":"https:\/\/pensium.es\/ca\/author\/pensium-2\/"}]}},"_links":{"self":[{"href":"https:\/\/pensium.es\/ca\/wp-json\/wp\/v2\/posts\/12357","targetHints":{"allow":["GET"]}}],"collection":[{"href":"https:\/\/pensium.es\/ca\/wp-json\/wp\/v2\/posts"}],"about":[{"href":"https:\/\/pensium.es\/ca\/wp-json\/wp\/v2\/types\/post"}],"author":[{"embeddable":true,"href":"https:\/\/pensium.es\/ca\/wp-json\/wp\/v2\/users\/4"}],"replies":[{"embeddable":true,"href":"https:\/\/pensium.es\/ca\/wp-json\/wp\/v2\/comments?post=12357"}],"version-history":[{"count":1,"href":"https:\/\/pensium.es\/ca\/wp-json\/wp\/v2\/posts\/12357\/revisions"}],"predecessor-version":[{"id":12358,"href":"https:\/\/pensium.es\/ca\/wp-json\/wp\/v2\/posts\/12357\/revisions\/12358"}],"wp:featuredmedia":[{"embeddable":true,"href":"https:\/\/pensium.es\/ca\/wp-json\/wp\/v2\/media\/12360"}],"wp:attachment":[{"href":"https:\/\/pensium.es\/ca\/wp-json\/wp\/v2\/media?parent=12357"}],"wp:term":[{"taxonomy":"category","embeddable":true,"href":"https:\/\/pensium.es\/ca\/wp-json\/wp\/v2\/categories?post=12357"},{"taxonomy":"post_tag","embeddable":true,"href":"https:\/\/pensium.es\/ca\/wp-json\/wp\/v2\/tags?post=12357"}],"curies":[{"name":"wp","href":"https:\/\/api.w.org\/{rel}","templated":true}]}}