{"id":12405,"date":"2022-07-26T07:13:26","date_gmt":"2022-07-26T05:13:26","guid":{"rendered":"https:\/\/pensium.es\/dia-abuelos-2022\/"},"modified":"2022-07-26T07:17:57","modified_gmt":"2022-07-26T05:17:57","slug":"dia-abuelos-2022","status":"publish","type":"post","link":"https:\/\/pensium.es\/ca\/dia-abuelos-2022\/","title":{"rendered":"Feliz d\u00eda de los Abuelos 2022: Una canci\u00f3n para ti"},"content":{"rendered":"\n\n<div class=\"kk-star-ratings kksr-auto kksr-align-left kksr-valign-top\"\n    data-payload='{&quot;align&quot;:&quot;left&quot;,&quot;id&quot;:&quot;12405&quot;,&quot;slug&quot;:&quot;default&quot;,&quot;valign&quot;:&quot;top&quot;,&quot;ignore&quot;:&quot;&quot;,&quot;reference&quot;:&quot;auto&quot;,&quot;class&quot;:&quot;&quot;,&quot;count&quot;:&quot;0&quot;,&quot;legendonly&quot;:&quot;&quot;,&quot;readonly&quot;:&quot;&quot;,&quot;score&quot;:&quot;0&quot;,&quot;starsonly&quot;:&quot;&quot;,&quot;best&quot;:&quot;5&quot;,&quot;gap&quot;:&quot;5&quot;,&quot;greet&quot;:&quot;Rate this post&quot;,&quot;legend&quot;:&quot;0\\\/5 - (0 votes)&quot;,&quot;size&quot;:&quot;24&quot;,&quot;title&quot;:&quot;Feliz d\u00eda de los Abuelos 2022: Una canci\u00f3n para ti&quot;,&quot;width&quot;:&quot;0&quot;,&quot;_legend&quot;:&quot;{score}\\\/{best} - ({count} {votes})&quot;,&quot;font_factor&quot;:&quot;1.25&quot;}'>\n            \n<div class=\"kksr-stars\">\n    \n<div class=\"kksr-stars-inactive\">\n            <div class=\"kksr-star\" data-star=\"1\" style=\"padding-right: 5px\">\n            \n\n<div class=\"kksr-icon\" style=\"width: 24px; height: 24px;\"><\/div>\n        <\/div>\n            <div class=\"kksr-star\" data-star=\"2\" style=\"padding-right: 5px\">\n            \n\n<div class=\"kksr-icon\" style=\"width: 24px; height: 24px;\"><\/div>\n        <\/div>\n            <div class=\"kksr-star\" data-star=\"3\" style=\"padding-right: 5px\">\n            \n\n<div class=\"kksr-icon\" style=\"width: 24px; height: 24px;\"><\/div>\n        <\/div>\n            <div class=\"kksr-star\" data-star=\"4\" style=\"padding-right: 5px\">\n            \n\n<div class=\"kksr-icon\" style=\"width: 24px; height: 24px;\"><\/div>\n        <\/div>\n            <div class=\"kksr-star\" data-star=\"5\" style=\"padding-right: 5px\">\n            \n\n<div class=\"kksr-icon\" style=\"width: 24px; height: 24px;\"><\/div>\n        <\/div>\n    <\/div>\n    \n<div class=\"kksr-stars-active\" style=\"width: 0px;\">\n            <div class=\"kksr-star\" style=\"padding-right: 5px\">\n            \n\n<div class=\"kksr-icon\" style=\"width: 24px; height: 24px;\"><\/div>\n        <\/div>\n            <div class=\"kksr-star\" style=\"padding-right: 5px\">\n            \n\n<div class=\"kksr-icon\" style=\"width: 24px; height: 24px;\"><\/div>\n        <\/div>\n            <div class=\"kksr-star\" style=\"padding-right: 5px\">\n            \n\n<div class=\"kksr-icon\" style=\"width: 24px; height: 24px;\"><\/div>\n        <\/div>\n            <div class=\"kksr-star\" style=\"padding-right: 5px\">\n            \n\n<div class=\"kksr-icon\" style=\"width: 24px; height: 24px;\"><\/div>\n        <\/div>\n            <div class=\"kksr-star\" style=\"padding-right: 5px\">\n            \n\n<div class=\"kksr-icon\" style=\"width: 24px; height: 24px;\"><\/div>\n        <\/div>\n    <\/div>\n<\/div>\n                \n\n<div class=\"kksr-legend\" style=\"font-size: 19.2px;\">\n            <span class=\"kksr-muted\">Rate this post<\/span>\n    <\/div>\n    <\/div>\n<p>El d\u00eda <strong>26 de julio <\/strong>de cada a\u00f1o tenemos una cita muy importante con una parte de nuestra sociedad que cada vez est\u00e1 adoptando un mayor protagonismo como facilitador del desarrollo de nuestros hijos, y a los que debemos agradecer que una gran parte de los hogares espa\u00f1oles puedan conciliar su vida laboral con el cuidado de los m\u00e1s peque\u00f1os.<\/p>\n<p>En los \u00faltimos a\u00f1os la figura de los abuelos ha cobrado especial relevancia: durante la pandemia, por ser el colectivo m\u00e1s afectado por el covid-19; pero tambi\u00e9n en \u00e9pocas de crisis, por ser un puntal importante para las familias con dificultades tanto econ\u00f3micas como de cuidado de los hijos.<\/p>\n<p>El rol que han asumido la figura de los abuelos y abuelas viene dado por su <strong>experiencia a lo largo de su ciclo vital<\/strong> y su <strong>capacidad de resistencia ante situaciones dif\u00edciles<\/strong>.<\/p>\n<p>Tenemos la percepci\u00f3n de nuestros abuelos por lo que vemos en la actualidad y la realidad de su d\u00eda a d\u00eda, pero: <strong>\u00bfc\u00f3mo eran nuestros abuelos cu\u00e1ndo eran j\u00f3venes? <\/strong><\/p>\n<p>Seg\u00fan el refr\u00e1n, <em>Cualquier tiempo pasado fue mejor<\/em>, pero \u00bfrealmente es as\u00ed para nuestros abuelos? \u00bfConocemos la parte de ese esp\u00edritu joven que seguro que todav\u00eda tienen?<\/p>\n<p>Os proponemos como actividad para hoy, d\u00eda de los Abuelos, conocer esa parte desconocida de nuestros abuelos: su juventud.<\/p>\n<p>Para que sean ellos mismos los que nos puedan contar su historia y que la puedan recordar a lo largo de los a\u00f1os, os proponemos un tour musical por las canciones que pueden haber sido importantes en su vida, a trav\u00e9s de una <strong>selecci\u00f3n musical<\/strong> de las canciones que marcaron a diferentes generaciones durante varias d\u00e9cadas.<\/p>\n<p>Como g\u00e9neros nacionales, el <strong>pasodoble<\/strong>, la <strong>copla,<\/strong> el <strong>flamenco,<\/strong> los <strong>boleros<\/strong> y, procedentes de M\u00e9xico, las <strong>rancheras,<\/strong> fueron los g\u00e9neros que marcaron a varias generaciones desde los a\u00f1os 30 hasta los 70.<\/p>\n<p>En la d\u00e9cada de los 50-60 triunfaban en Espa\u00f1a con influencias de EEUU el <strong>rock &amp; roll<\/strong>, pero tambi\u00e9n previamente el <strong>blues, jazz y swing<\/strong>.<\/p>\n<p>As\u00ed que animamos a nuestros lectores a compartir un ejemplo de estas piezas musicales con los abuelos. \u00a1Que empiece la m\u00fasica!<\/p>\n<p><strong>1. Suspiros de Espa\u00f1a \u2013 Antonio \u00c1lvarez Alonso <\/strong><\/p>\n<p><a href=\"https:\/\/www.youtube.com\/watch?v=AXhNbSL1OKM\">https:\/\/www.youtube.com\/watch?v=AXhNbSL1OKM<\/a><\/p>\n<p><strong>2. Ojos Verdes &#8211; Conchita Piquer<\/strong><\/p>\n<p><a href=\"https:\/\/www.youtube.com\/watch?v=6payhuHbsvg\">https:\/\/www.youtube.com\/watch?v=6payhuHbsvg<\/a><\/p>\n<p><strong>3. A tu vera \u2013 Lola Flores<\/strong><\/p>\n<p><a href=\"https:\/\/www.youtube.com\/watch?v=JF-dTBA3ywY\">https:\/\/www.youtube.com\/watch?v=JF-dTBA3ywY<\/a><\/p>\n<p><strong>4. Solamente una vez \u2013 Los Panchos <\/strong><\/p>\n<p><a href=\"https:\/\/www.youtube.com\/watch?v=WD-Nre__RzY\">https:\/\/www.youtube.com\/watch?v=WD-Nre__RzY<\/a><\/p>\n<p><strong>5. El Rey \u2013 Vicente Fern\u00e1ndez<\/strong><\/p>\n<p><a href=\"https:\/\/www.youtube.com\/watch?v=YGbiWnoWTto\">https:\/\/www.youtube.com\/watch?v=YGbiWnoWTto<\/a><\/p>\n<p><strong>6. Tres veces guapa \u2013 Jorge Sep\u00falveda<\/strong><\/p>\n<p><a href=\"https:\/\/www.youtube.com\/watch?v=2VYePtAPWz0\">https:\/\/www.youtube.com\/watch?v=2VYePtAPWz0<\/a><\/p>\n<p><strong>\u00a07. <\/strong><strong>Chica Ye Y\u00e9 \u2013 Conchita Velasco<\/strong><\/p>\n<p><strong>\u00a0<\/strong><a href=\"https:\/\/www.youtube.com\/watch?v=L2SG1P86JCQ\">https:\/\/www.youtube.com\/watch?v=L2SG1P86JCQ<\/a><\/p>\n<p><strong>8. Eva Mar\u00eda \u2013 F\u00f3rmula V<\/strong><\/p>\n<p><a href=\"https:\/\/www.youtube.com\/watch?v=ELnkgb228Pk\">https:\/\/www.youtube.com\/watch?v=ELnkgb228Pk<\/a><\/p>\n<p><strong>9. Mi gran noche \u2013 Raphael<\/strong><\/p>\n<p><a href=\"https:\/\/www.youtube.com\/watch?v=lJNtNOC81oA\">https:\/\/www.youtube.com\/watch?v=lJNtNOC81oA<\/a><\/p>\n<p><strong>10. Un beso y una flor \u2013 Nino Bravo<\/strong><\/p>\n<p><a href=\"https:\/\/www.youtube.com\/watch?v=maEVfX9zRIE\">https:\/\/www.youtube.com\/watch?v=maEVfX9zRIE<\/a><\/p>\n<p><strong>11. Hay que venir al sur &#8211; Raffaella Carr\u00e1<\/strong><\/p>\n<p><a href=\"https:\/\/www.youtube.com\/watch?v=gLCZMtu-e3Y\">https:\/\/www.youtube.com\/watch?v=gLCZMtu-e3Y<\/a><\/p>\n<p><strong>12. Vivir as\u00ed es morir de amor \u2013 Camilo Sesto<\/strong><\/p>\n<p><a href=\"https:\/\/www.youtube.com\/watch?v=nZShzrtpq6A\">https:\/\/www.youtube.com\/watch?v=nZShzrtpq6A<\/a><\/p>\n<p><strong>13. \u00a0Hit the Road Jack \u2013 Ray Charles<\/strong><\/p>\n<p><a href=\"https:\/\/www.youtube.com\/watch?v=PJAwAYwOies\">https:\/\/www.youtube.com\/watch?v=PJAwAYwOies<\/a><\/p>\n<p><strong>14. Non, je ne regrette rien \u2013 Edith Piaf<\/strong><\/p>\n<p><a href=\"https:\/\/www.youtube.com\/watch?v=7I7u_XLtFa0\">https:\/\/www.youtube.com\/watch?v=7I7u_XLtFa0<\/a><\/p>\n<p>Sea cual sea la forma de celebrar este d\u00eda, desde <span style=\"text-decoration: underline;\"><span style=\"color: #e86322;\"><a style=\"color: #e86322; text-decoration: underline;\" href=\"https:\/\/pensium.es\/ca\/com-funciona\/\">Pensium<\/a><\/span><\/span> os animamos a que pod\u00e1is dedicar un reconocimiento especial a los abuelos de la familia ya que, como hemos se\u00f1alado aportan much\u00edsimo a nuestras vidas y a las vidas de nuestros hijos. Se merecen una celebraci\u00f3n a la altura del D\u00eda del padre o de la madre.<\/p>\n<p>Esperamos os haya gustado nuestra selecci\u00f3n musical y la hay\u00e1is podido compartir con ellos, haciendo un repaso de sus mejores momentos de juventud.<\/p>\n<p style=\"text-align: center;\"><span style=\"color: #e86322;\"><strong>\u00a1Feliz D\u00eda de los Abuelos!<\/strong><\/span><\/p>\n<p>&nbsp;<\/p>\n<p>&nbsp;<\/p>\n<p>&nbsp;<\/p>\n<p>&nbsp;<\/p>\n","protected":false},"excerpt":{"rendered":"<p>El d\u00eda 26 de julio de cada a\u00f1o tenemos una cita muy importante con una parte de nuestra sociedad que cada vez est\u00e1 adoptando un mayor protagonismo como facilitador del desarrollo de nuestros hijos, y a los que debemos agradecer que una gran parte de los hogares espa\u00f1oles puedan conciliar su vida laboral con el &#8230; <a class=\"excerpt-readmore\" href=\"https:\/\/pensium.es\/ca\/dia-abuelos-2022\/\">Read More<\/a><\/p>\n","protected":false},"author":4,"featured_media":12400,"comment_status":"open","ping_status":"closed","sticky":false,"template":"","format":"standard","meta":{"footnotes":""},"categories":[323],"tags":[],"class_list":["post-12405","post","type-post","status-publish","format-standard","has-post-thumbnail","hentry","category-general-ca"],"yoast_head":"<!-- This site is optimized with the Yoast SEO plugin v27.3 - https:\/\/yoast.com\/product\/yoast-seo-wordpress\/ -->\n<title>Feliz d\u00eda de los Abuelos 2022: Una canci\u00f3n para ti<\/title>\n<meta name=\"robots\" content=\"index, follow, max-snippet:-1, max-image-preview:large, max-video-preview:-1\" \/>\n<link rel=\"canonical\" href=\"https:\/\/pensium.es\/ca\/dia-abuelos-2022\/\" \/>\n<meta property=\"og:locale\" content=\"ca_ES\" \/>\n<meta property=\"og:type\" content=\"article\" \/>\n<meta property=\"og:title\" content=\"Feliz d\u00eda de los Abuelos 2022: Una canci\u00f3n para ti\" \/>\n<meta property=\"og:description\" content=\"El d\u00eda 26 de julio de cada a\u00f1o tenemos una cita muy importante con una parte de nuestra sociedad que cada vez est\u00e1 adoptando un mayor protagonismo como facilitador del desarrollo de nuestros hijos, y a los que debemos agradecer que una gran parte de los hogares espa\u00f1oles puedan conciliar su vida laboral con el ... Read More\" \/>\n<meta property=\"og:url\" content=\"https:\/\/pensium.es\/dia-abuelos-2022\/\" \/>\n<meta property=\"og:site_name\" content=\"Pensium\" \/>\n<meta property=\"article:publisher\" content=\"https:\/\/www.facebook.com\/pensium.es\/\" \/>\n<meta property=\"article:published_time\" content=\"2022-07-26T05:13:26+00:00\" \/>\n<meta property=\"article:modified_time\" content=\"2022-07-26T05:17:57+00:00\" \/>\n<meta property=\"og:image\" content=\"https:\/\/pensium.es\/wp-content\/uploads\/2022\/07\/abuelos.jpg\" \/>\n\t<meta property=\"og:image:width\" content=\"944\" \/>\n\t<meta property=\"og:image:height\" content=\"455\" \/>\n\t<meta property=\"og:image:type\" content=\"image\/jpeg\" \/>\n<meta name=\"author\" content=\"Pensium\" \/>\n<meta name=\"twitter:card\" content=\"summary_large_image\" \/>\n<meta name=\"twitter:label1\" content=\"Escrit per\" \/>\n\t<meta name=\"twitter:data1\" content=\"Pensium\" \/>\n\t<meta name=\"twitter:label2\" content=\"Temps estimat de lectura\" \/>\n\t<meta name=\"twitter:data2\" content=\"3 minuts\" \/>\n<script type=\"application\/ld+json\" class=\"yoast-schema-graph\">{\"@context\":\"https:\\\/\\\/schema.org\",\"@graph\":[{\"@type\":\"Article\",\"@id\":\"https:\\\/\\\/pensium.es\\\/dia-abuelos-2022\\\/#article\",\"isPartOf\":{\"@id\":\"https:\\\/\\\/pensium.es\\\/ca\\\/dia-abuelos-2022\\\/\"},\"author\":{\"name\":\"Pensium\",\"@id\":\"https:\\\/\\\/pensium.es\\\/ca\\\/#\\\/schema\\\/person\\\/3b2c54086c781c3b9d4903a784f4049f\"},\"headline\":\"Feliz d\u00eda de los Abuelos 2022: Una canci\u00f3n para ti\",\"datePublished\":\"2022-07-26T05:13:26+00:00\",\"dateModified\":\"2022-07-26T05:17:57+00:00\",\"mainEntityOfPage\":{\"@id\":\"https:\\\/\\\/pensium.es\\\/ca\\\/dia-abuelos-2022\\\/\"},\"wordCount\":685,\"commentCount\":0,\"image\":{\"@id\":\"https:\\\/\\\/pensium.es\\\/dia-abuelos-2022\\\/#primaryimage\"},\"thumbnailUrl\":\"https:\\\/\\\/pensium.es\\\/wp-content\\\/uploads\\\/2022\\\/07\\\/abuelos.jpg\",\"articleSection\":[\"General\"],\"inLanguage\":\"ca\",\"potentialAction\":[{\"@type\":\"CommentAction\",\"name\":\"Comment\",\"target\":[\"https:\\\/\\\/pensium.es\\\/dia-abuelos-2022\\\/#respond\"]}]},{\"@type\":\"WebPage\",\"@id\":\"https:\\\/\\\/pensium.es\\\/ca\\\/dia-abuelos-2022\\\/\",\"url\":\"https:\\\/\\\/pensium.es\\\/dia-abuelos-2022\\\/\",\"name\":\"Feliz d\u00eda de los Abuelos 2022: Una canci\u00f3n para ti\",\"isPartOf\":{\"@id\":\"https:\\\/\\\/pensium.es\\\/ca\\\/#website\"},\"primaryImageOfPage\":{\"@id\":\"https:\\\/\\\/pensium.es\\\/dia-abuelos-2022\\\/#primaryimage\"},\"image\":{\"@id\":\"https:\\\/\\\/pensium.es\\\/dia-abuelos-2022\\\/#primaryimage\"},\"thumbnailUrl\":\"https:\\\/\\\/pensium.es\\\/wp-content\\\/uploads\\\/2022\\\/07\\\/abuelos.jpg\",\"datePublished\":\"2022-07-26T05:13:26+00:00\",\"dateModified\":\"2022-07-26T05:17:57+00:00\",\"author\":{\"@id\":\"https:\\\/\\\/pensium.es\\\/ca\\\/#\\\/schema\\\/person\\\/3b2c54086c781c3b9d4903a784f4049f\"},\"breadcrumb\":{\"@id\":\"https:\\\/\\\/pensium.es\\\/dia-abuelos-2022\\\/#breadcrumb\"},\"inLanguage\":\"ca\",\"potentialAction\":[{\"@type\":\"ReadAction\",\"target\":[\"https:\\\/\\\/pensium.es\\\/dia-abuelos-2022\\\/\"]}]},{\"@type\":\"ImageObject\",\"inLanguage\":\"ca\",\"@id\":\"https:\\\/\\\/pensium.es\\\/dia-abuelos-2022\\\/#primaryimage\",\"url\":\"https:\\\/\\\/pensium.es\\\/wp-content\\\/uploads\\\/2022\\\/07\\\/abuelos.jpg\",\"contentUrl\":\"https:\\\/\\\/pensium.es\\\/wp-content\\\/uploads\\\/2022\\\/07\\\/abuelos.jpg\",\"width\":944,\"height\":455},{\"@type\":\"BreadcrumbList\",\"@id\":\"https:\\\/\\\/pensium.es\\\/dia-abuelos-2022\\\/#breadcrumb\",\"itemListElement\":[{\"@type\":\"ListItem\",\"position\":1,\"name\":\"Inicio\",\"item\":\"https:\\\/\\\/pensium.es\\\/ca\\\/\"},{\"@type\":\"ListItem\",\"position\":2,\"name\":\"Feliz d\u00eda de los Abuelos 2022: Una canci\u00f3n para ti\"}]},{\"@type\":\"WebSite\",\"@id\":\"https:\\\/\\\/pensium.es\\\/ca\\\/#website\",\"url\":\"https:\\\/\\\/pensium.es\\\/ca\\\/\",\"name\":\"Pensium\",\"description\":\"Paga la resid\u00e8ncia de la gent gran amb l'avan\u00e7ament del lloguer de l'habitatge\",\"potentialAction\":[{\"@type\":\"SearchAction\",\"target\":{\"@type\":\"EntryPoint\",\"urlTemplate\":\"https:\\\/\\\/pensium.es\\\/ca\\\/?s={search_term_string}\"},\"query-input\":{\"@type\":\"PropertyValueSpecification\",\"valueRequired\":true,\"valueName\":\"search_term_string\"}}],\"inLanguage\":\"ca\"},{\"@type\":\"Person\",\"@id\":\"https:\\\/\\\/pensium.es\\\/ca\\\/#\\\/schema\\\/person\\\/3b2c54086c781c3b9d4903a784f4049f\",\"name\":\"Pensium\",\"image\":{\"@type\":\"ImageObject\",\"inLanguage\":\"ca\",\"@id\":\"https:\\\/\\\/secure.gravatar.com\\\/avatar\\\/676b3457f9f57981f28982fb1f950341359281c6cba0f3f7366cd94ca4f532bd?s=96&d=mm&r=g\",\"url\":\"https:\\\/\\\/secure.gravatar.com\\\/avatar\\\/676b3457f9f57981f28982fb1f950341359281c6cba0f3f7366cd94ca4f532bd?s=96&d=mm&r=g\",\"contentUrl\":\"https:\\\/\\\/secure.gravatar.com\\\/avatar\\\/676b3457f9f57981f28982fb1f950341359281c6cba0f3f7366cd94ca4f532bd?s=96&d=mm&r=g\",\"caption\":\"Pensium\"},\"url\":\"https:\\\/\\\/pensium.es\\\/ca\\\/author\\\/pensium-2\\\/\"}]}<\/script>\n<!-- \/ Yoast SEO plugin. -->","yoast_head_json":{"title":"Feliz d\u00eda de los Abuelos 2022: Una canci\u00f3n para ti","robots":{"index":"index","follow":"follow","max-snippet":"max-snippet:-1","max-image-preview":"max-image-preview:large","max-video-preview":"max-video-preview:-1"},"canonical":"https:\/\/pensium.es\/ca\/dia-abuelos-2022\/","og_locale":"ca_ES","og_type":"article","og_title":"Feliz d\u00eda de los Abuelos 2022: Una canci\u00f3n para ti","og_description":"El d\u00eda 26 de julio de cada a\u00f1o tenemos una cita muy importante con una parte de nuestra sociedad que cada vez est\u00e1 adoptando un mayor protagonismo como facilitador del desarrollo de nuestros hijos, y a los que debemos agradecer que una gran parte de los hogares espa\u00f1oles puedan conciliar su vida laboral con el ... Read More","og_url":"https:\/\/pensium.es\/dia-abuelos-2022\/","og_site_name":"Pensium","article_publisher":"https:\/\/www.facebook.com\/pensium.es\/","article_published_time":"2022-07-26T05:13:26+00:00","article_modified_time":"2022-07-26T05:17:57+00:00","og_image":[{"width":944,"height":455,"url":"https:\/\/pensium.es\/wp-content\/uploads\/2022\/07\/abuelos.jpg","type":"image\/jpeg"}],"author":"Pensium","twitter_card":"summary_large_image","twitter_misc":{"Escrit per":"Pensium","Temps estimat de lectura":"3 minuts"},"schema":{"@context":"https:\/\/schema.org","@graph":[{"@type":"Article","@id":"https:\/\/pensium.es\/dia-abuelos-2022\/#article","isPartOf":{"@id":"https:\/\/pensium.es\/ca\/dia-abuelos-2022\/"},"author":{"name":"Pensium","@id":"https:\/\/pensium.es\/ca\/#\/schema\/person\/3b2c54086c781c3b9d4903a784f4049f"},"headline":"Feliz d\u00eda de los Abuelos 2022: Una canci\u00f3n para ti","datePublished":"2022-07-26T05:13:26+00:00","dateModified":"2022-07-26T05:17:57+00:00","mainEntityOfPage":{"@id":"https:\/\/pensium.es\/ca\/dia-abuelos-2022\/"},"wordCount":685,"commentCount":0,"image":{"@id":"https:\/\/pensium.es\/dia-abuelos-2022\/#primaryimage"},"thumbnailUrl":"https:\/\/pensium.es\/wp-content\/uploads\/2022\/07\/abuelos.jpg","articleSection":["General"],"inLanguage":"ca","potentialAction":[{"@type":"CommentAction","name":"Comment","target":["https:\/\/pensium.es\/dia-abuelos-2022\/#respond"]}]},{"@type":"WebPage","@id":"https:\/\/pensium.es\/ca\/dia-abuelos-2022\/","url":"https:\/\/pensium.es\/dia-abuelos-2022\/","name":"Feliz d\u00eda de los Abuelos 2022: Una canci\u00f3n para ti","isPartOf":{"@id":"https:\/\/pensium.es\/ca\/#website"},"primaryImageOfPage":{"@id":"https:\/\/pensium.es\/dia-abuelos-2022\/#primaryimage"},"image":{"@id":"https:\/\/pensium.es\/dia-abuelos-2022\/#primaryimage"},"thumbnailUrl":"https:\/\/pensium.es\/wp-content\/uploads\/2022\/07\/abuelos.jpg","datePublished":"2022-07-26T05:13:26+00:00","dateModified":"2022-07-26T05:17:57+00:00","author":{"@id":"https:\/\/pensium.es\/ca\/#\/schema\/person\/3b2c54086c781c3b9d4903a784f4049f"},"breadcrumb":{"@id":"https:\/\/pensium.es\/dia-abuelos-2022\/#breadcrumb"},"inLanguage":"ca","potentialAction":[{"@type":"ReadAction","target":["https:\/\/pensium.es\/dia-abuelos-2022\/"]}]},{"@type":"ImageObject","inLanguage":"ca","@id":"https:\/\/pensium.es\/dia-abuelos-2022\/#primaryimage","url":"https:\/\/pensium.es\/wp-content\/uploads\/2022\/07\/abuelos.jpg","contentUrl":"https:\/\/pensium.es\/wp-content\/uploads\/2022\/07\/abuelos.jpg","width":944,"height":455},{"@type":"BreadcrumbList","@id":"https:\/\/pensium.es\/dia-abuelos-2022\/#breadcrumb","itemListElement":[{"@type":"ListItem","position":1,"name":"Inicio","item":"https:\/\/pensium.es\/ca\/"},{"@type":"ListItem","position":2,"name":"Feliz d\u00eda de los Abuelos 2022: Una canci\u00f3n para ti"}]},{"@type":"WebSite","@id":"https:\/\/pensium.es\/ca\/#website","url":"https:\/\/pensium.es\/ca\/","name":"Pensium","description":"Paga la resid\u00e8ncia de la gent gran amb l'avan\u00e7ament del lloguer de l'habitatge","potentialAction":[{"@type":"SearchAction","target":{"@type":"EntryPoint","urlTemplate":"https:\/\/pensium.es\/ca\/?s={search_term_string}"},"query-input":{"@type":"PropertyValueSpecification","valueRequired":true,"valueName":"search_term_string"}}],"inLanguage":"ca"},{"@type":"Person","@id":"https:\/\/pensium.es\/ca\/#\/schema\/person\/3b2c54086c781c3b9d4903a784f4049f","name":"Pensium","image":{"@type":"ImageObject","inLanguage":"ca","@id":"https:\/\/secure.gravatar.com\/avatar\/676b3457f9f57981f28982fb1f950341359281c6cba0f3f7366cd94ca4f532bd?s=96&d=mm&r=g","url":"https:\/\/secure.gravatar.com\/avatar\/676b3457f9f57981f28982fb1f950341359281c6cba0f3f7366cd94ca4f532bd?s=96&d=mm&r=g","contentUrl":"https:\/\/secure.gravatar.com\/avatar\/676b3457f9f57981f28982fb1f950341359281c6cba0f3f7366cd94ca4f532bd?s=96&d=mm&r=g","caption":"Pensium"},"url":"https:\/\/pensium.es\/ca\/author\/pensium-2\/"}]}},"_links":{"self":[{"href":"https:\/\/pensium.es\/ca\/wp-json\/wp\/v2\/posts\/12405","targetHints":{"allow":["GET"]}}],"collection":[{"href":"https:\/\/pensium.es\/ca\/wp-json\/wp\/v2\/posts"}],"about":[{"href":"https:\/\/pensium.es\/ca\/wp-json\/wp\/v2\/types\/post"}],"author":[{"embeddable":true,"href":"https:\/\/pensium.es\/ca\/wp-json\/wp\/v2\/users\/4"}],"replies":[{"embeddable":true,"href":"https:\/\/pensium.es\/ca\/wp-json\/wp\/v2\/comments?post=12405"}],"version-history":[{"count":1,"href":"https:\/\/pensium.es\/ca\/wp-json\/wp\/v2\/posts\/12405\/revisions"}],"predecessor-version":[{"id":12407,"href":"https:\/\/pensium.es\/ca\/wp-json\/wp\/v2\/posts\/12405\/revisions\/12407"}],"wp:featuredmedia":[{"embeddable":true,"href":"https:\/\/pensium.es\/ca\/wp-json\/wp\/v2\/media\/12400"}],"wp:attachment":[{"href":"https:\/\/pensium.es\/ca\/wp-json\/wp\/v2\/media?parent=12405"}],"wp:term":[{"taxonomy":"category","embeddable":true,"href":"https:\/\/pensium.es\/ca\/wp-json\/wp\/v2\/categories?post=12405"},{"taxonomy":"post_tag","embeddable":true,"href":"https:\/\/pensium.es\/ca\/wp-json\/wp\/v2\/tags?post=12405"}],"curies":[{"name":"wp","href":"https:\/\/api.w.org\/{rel}","templated":true}]}}