{"id":12526,"date":"2022-09-16T18:03:18","date_gmt":"2022-09-16T16:03:18","guid":{"rendered":"https:\/\/pensium.es\/salud-mental-personas-mayores-residencias-ancianos\/"},"modified":"2025-01-20T13:19:04","modified_gmt":"2025-01-20T11:19:04","slug":"salud-mental-personas-mayores-residencias-ancianos","status":"publish","type":"post","link":"https:\/\/pensium.es\/ca\/salud-mental-personas-mayores-residencias-ancianos\/","title":{"rendered":"La salud mental de las personas mayores en residencias de ancianos"},"content":{"rendered":"\n\n<div class=\"kk-star-ratings kksr-auto kksr-align-left kksr-valign-top\"\n    data-payload='{&quot;align&quot;:&quot;left&quot;,&quot;id&quot;:&quot;12526&quot;,&quot;slug&quot;:&quot;default&quot;,&quot;valign&quot;:&quot;top&quot;,&quot;ignore&quot;:&quot;&quot;,&quot;reference&quot;:&quot;auto&quot;,&quot;class&quot;:&quot;&quot;,&quot;count&quot;:&quot;0&quot;,&quot;legendonly&quot;:&quot;&quot;,&quot;readonly&quot;:&quot;&quot;,&quot;score&quot;:&quot;0&quot;,&quot;starsonly&quot;:&quot;&quot;,&quot;best&quot;:&quot;5&quot;,&quot;gap&quot;:&quot;5&quot;,&quot;greet&quot;:&quot;Rate this post&quot;,&quot;legend&quot;:&quot;0\\\/5 - (0 votes)&quot;,&quot;size&quot;:&quot;24&quot;,&quot;title&quot;:&quot;La salud mental de las personas mayores en residencias de ancianos&quot;,&quot;width&quot;:&quot;0&quot;,&quot;_legend&quot;:&quot;{score}\\\/{best} - ({count} {votes})&quot;,&quot;font_factor&quot;:&quot;1.25&quot;}'>\n            \n<div class=\"kksr-stars\">\n    \n<div class=\"kksr-stars-inactive\">\n            <div class=\"kksr-star\" data-star=\"1\" style=\"padding-right: 5px\">\n            \n\n<div class=\"kksr-icon\" style=\"width: 24px; height: 24px;\"><\/div>\n        <\/div>\n            <div class=\"kksr-star\" data-star=\"2\" style=\"padding-right: 5px\">\n            \n\n<div class=\"kksr-icon\" style=\"width: 24px; height: 24px;\"><\/div>\n        <\/div>\n            <div class=\"kksr-star\" data-star=\"3\" style=\"padding-right: 5px\">\n            \n\n<div class=\"kksr-icon\" style=\"width: 24px; height: 24px;\"><\/div>\n        <\/div>\n            <div class=\"kksr-star\" data-star=\"4\" style=\"padding-right: 5px\">\n            \n\n<div class=\"kksr-icon\" style=\"width: 24px; height: 24px;\"><\/div>\n        <\/div>\n            <div class=\"kksr-star\" data-star=\"5\" style=\"padding-right: 5px\">\n            \n\n<div class=\"kksr-icon\" style=\"width: 24px; height: 24px;\"><\/div>\n        <\/div>\n    <\/div>\n    \n<div class=\"kksr-stars-active\" style=\"width: 0px;\">\n            <div class=\"kksr-star\" style=\"padding-right: 5px\">\n            \n\n<div class=\"kksr-icon\" style=\"width: 24px; height: 24px;\"><\/div>\n        <\/div>\n            <div class=\"kksr-star\" style=\"padding-right: 5px\">\n            \n\n<div class=\"kksr-icon\" style=\"width: 24px; height: 24px;\"><\/div>\n        <\/div>\n            <div class=\"kksr-star\" style=\"padding-right: 5px\">\n            \n\n<div class=\"kksr-icon\" style=\"width: 24px; height: 24px;\"><\/div>\n        <\/div>\n            <div class=\"kksr-star\" style=\"padding-right: 5px\">\n            \n\n<div class=\"kksr-icon\" style=\"width: 24px; height: 24px;\"><\/div>\n        <\/div>\n            <div class=\"kksr-star\" style=\"padding-right: 5px\">\n            \n\n<div class=\"kksr-icon\" style=\"width: 24px; height: 24px;\"><\/div>\n        <\/div>\n    <\/div>\n<\/div>\n                \n\n<div class=\"kksr-legend\" style=\"font-size: 19.2px;\">\n            <span class=\"kksr-muted\">Rate this post<\/span>\n    <\/div>\n    <\/div>\n<p>El estado de \u00e1nimo es esencial para cuidar la salud f\u00edsica y mental de las personas mayores. Muchas veces en su propio hogar es dif\u00edcil garantizar las condiciones \u00f3ptimas para su bienestar, y en estos casos la mejor soluci\u00f3n es una residencia de ancianos donde est\u00e9n en un entorno donde se cuida de la salud f\u00edsica y mental de los abuelos.<\/p>\n<p>En muchos pa\u00edses, los ancianos realizan labores sociales, recreativas y hasta desarrollan actividades productivas a su alcance, una situaci\u00f3n que puede beneficiar su salud mental, porque las personas mayores est\u00e1n ocupadas y motivadas. En Espa\u00f1a las residencias para ancianos ofrecen planes de integraci\u00f3n social con actividades motivadoras para mantener la salud mental.<\/p>\n<h2><span style=\"color: #e86322;\">Por qu\u00e9 la atenci\u00f3n y convivencia en una residencia es beneficiosa<\/span><\/h2>\n<p>En estos centros la prioridad es la atenci\u00f3n personalizada y el suministro de los cuidados necesarios, con planes profesionales donde el confort y compa\u00f1\u00eda est\u00e1n asegurados. La gran mayor\u00eda de las personas mayores viven mejor en residencias que solas en sus casas, donde a veces no pueden tener la atenci\u00f3n continuada que necesitan.<\/p>\n<p>Aunque al ir a una residencia los ancianos pueden extra\u00f1ar su casa, sus pertenencias y su entorno, es beneficios para ellos estar en un centro con atenci\u00f3n especializada, m\u00e1s adecuada a su situaci\u00f3n personal. En este sentido, las visitas de los familiares y el v\u00ednculo con su entorno conocido es lo que m\u00e1s les puede ayudar a adaptarse r\u00e1pidamente a este nuevo estado.<\/p>\n<h3><span style=\"color: #e86322;\">La importancia de la estimulaci\u00f3n f\u00edsica y cognitiva<\/span><\/h3>\n<p>Con el paso de los a\u00f1os las personas mayores pueden presentar problemas relacionados con depresi\u00f3n, angustia, ansiedad e incluso, demencia. Desde el momento en que se deja de trabajar, cambia nuestro d\u00eda a d\u00eda y es necesario irse adaptando a las nuevas situaciones que van a ir apareciendo.<\/p>\n<p>Los especialistas explican que estos problemas emocionales son, por una parte, una condici\u00f3n relacionada con el deterioro cognitivo y por la otra, padecimientos que se presentan o agudizan si no reciben los est\u00edmulos que necesitan para mantenerse saludables tanto f\u00edsica como mental y socialmente.<\/p>\n<p>Las residencias de ancianos facilitan mejores condiciones de seguridad y estabilidad para la salud de las personas mayores, y facilitan que las personas compartan y pueden participar con semejantes en temas comunes y en un ambiente favorable para su bienestar.<\/p>\n<h3><span style=\"color: #e86322;\">Atenci\u00f3n m\u00e9dica permanente<\/span><\/h3>\n<p>Cuentan con atenci\u00f3n m\u00e9dica peri\u00f3dica que identifica a tiempo los s\u00edntomas de deterioro f\u00edsico y mental. En las residencias de mayores se busca integrar a sus residentes en actividades que cuidan su salud mental, con nuevas oportunidades para integrarse socialmente e interesarse por nuevos temas.<\/p>\n<p>Las personas mayores participan de actividades recreativas y pasatiempos para que se diviertan en estos a\u00f1os dorados. Es decir, la atenci\u00f3n de la salud mental del anciano va mucho m\u00e1s all\u00e1 de que tome su tratamiento. Necesita de un entorno con interacci\u00f3n social para cuidar la salud mental.<\/p>\n<h3><span style=\"color: #e86322;\">Planes adecuados a sus intereses<\/span><\/h3>\n<p>Las personas habituadas a una estrecha relaci\u00f3n con c\u00f3nyuges, hijos, nietos y otros familiares y amigos pueden sentirse algo solas y desanimarse. Por eso, muchos centros son flexibles y permiten visitas para acompa\u00f1ar en las comidas y salidas de los residentes para pasar tiempo con sus familiares.<\/p>\n<p>&nbsp;<\/p>\n<p>En resumen podemos decir que la relaciones e interacciones que se consiguen en las residencias de mayores pueden ser un factor que ayude a mitigar el impacto del paso de los a\u00f1os, gracias a que permite mantener una actividad global que favorece una buena salud f\u00edsica y mental.<\/p>\n<p>&nbsp;<\/p>\n","protected":false},"excerpt":{"rendered":"<p>El estado de \u00e1nimo es esencial para cuidar la salud f\u00edsica y mental de las personas mayores. Muchas veces en su propio hogar es dif\u00edcil garantizar las condiciones \u00f3ptimas para su bienestar, y en estos casos la mejor soluci\u00f3n es una residencia de ancianos donde est\u00e9n en un entorno donde se cuida de la salud &#8230; <a class=\"excerpt-readmore\" href=\"https:\/\/pensium.es\/ca\/salud-mental-personas-mayores-residencias-ancianos\/\">Read More<\/a><\/p>\n","protected":false},"author":4,"featured_media":12527,"comment_status":"open","ping_status":"closed","sticky":false,"template":"","format":"standard","meta":{"footnotes":""},"categories":[329],"tags":[],"class_list":["post-12526","post","type-post","status-publish","format-standard","has-post-thumbnail","hentry","category-residencies-tercera-edad"],"yoast_head":"<!-- This site is optimized with the Yoast SEO plugin v27.3 - https:\/\/yoast.com\/product\/yoast-seo-wordpress\/ -->\n<title>La salud mental de las personas mayores<\/title>\n<meta name=\"description\" content=\"La salud mental de las personas mayores en residencias de ancianos. Por qu\u00e9 la atenci\u00f3n y convivencia en una residencia es beneficiosa\" \/>\n<meta name=\"robots\" content=\"index, follow, max-snippet:-1, max-image-preview:large, max-video-preview:-1\" \/>\n<link rel=\"canonical\" href=\"https:\/\/pensium.es\/ca\/salud-mental-personas-mayores-residencias-ancianos\/\" \/>\n<meta property=\"og:locale\" content=\"ca_ES\" \/>\n<meta property=\"og:type\" content=\"article\" \/>\n<meta property=\"og:title\" content=\"La salud mental de las personas mayores\" \/>\n<meta property=\"og:description\" content=\"La salud mental de las personas mayores en residencias de ancianos. Por qu\u00e9 la atenci\u00f3n y convivencia en una residencia es beneficiosa\" \/>\n<meta property=\"og:url\" content=\"https:\/\/pensium.es\/ca\/salud-mental-personas-mayores-residencias-ancianos\/\" \/>\n<meta property=\"og:site_name\" content=\"Pensium\" \/>\n<meta property=\"article:publisher\" content=\"https:\/\/www.facebook.com\/pensium.es\/\" \/>\n<meta property=\"article:published_time\" content=\"2022-09-16T16:03:18+00:00\" \/>\n<meta property=\"article:modified_time\" content=\"2025-01-20T11:19:04+00:00\" \/>\n<meta property=\"og:image\" content=\"https:\/\/pensium.es\/wp-content\/uploads\/2020\/07\/salidas-residencias-ancianos.jpg\" \/>\n\t<meta property=\"og:image:width\" content=\"945\" \/>\n\t<meta property=\"og:image:height\" content=\"455\" \/>\n\t<meta property=\"og:image:type\" content=\"image\/jpeg\" \/>\n<meta name=\"author\" content=\"Pensium\" \/>\n<meta name=\"twitter:card\" content=\"summary_large_image\" \/>\n<meta name=\"twitter:label1\" content=\"Escrit per\" \/>\n\t<meta name=\"twitter:data1\" content=\"Pensium\" \/>\n\t<meta name=\"twitter:label2\" content=\"Temps estimat de lectura\" \/>\n\t<meta name=\"twitter:data2\" content=\"4 minuts\" \/>\n<script type=\"application\/ld+json\" class=\"yoast-schema-graph\">{\"@context\":\"https:\\\/\\\/schema.org\",\"@graph\":[{\"@type\":\"Article\",\"@id\":\"https:\\\/\\\/pensium.es\\\/ca\\\/salud-mental-personas-mayores-residencias-ancianos\\\/#article\",\"isPartOf\":{\"@id\":\"https:\\\/\\\/pensium.es\\\/ca\\\/salud-mental-personas-mayores-residencias-ancianos\\\/\"},\"author\":{\"name\":\"Pensium\",\"@id\":\"https:\\\/\\\/pensium.es\\\/ca\\\/#\\\/schema\\\/person\\\/3b2c54086c781c3b9d4903a784f4049f\"},\"headline\":\"La salud mental de las personas mayores en residencias de ancianos\",\"datePublished\":\"2022-09-16T16:03:18+00:00\",\"dateModified\":\"2025-01-20T11:19:04+00:00\",\"mainEntityOfPage\":{\"@id\":\"https:\\\/\\\/pensium.es\\\/ca\\\/salud-mental-personas-mayores-residencias-ancianos\\\/\"},\"wordCount\":637,\"commentCount\":0,\"image\":{\"@id\":\"https:\\\/\\\/pensium.es\\\/ca\\\/salud-mental-personas-mayores-residencias-ancianos\\\/#primaryimage\"},\"thumbnailUrl\":\"https:\\\/\\\/pensium.es\\\/wp-content\\\/uploads\\\/2020\\\/07\\\/salidas-residencias-ancianos.jpg\",\"articleSection\":[\"Resid\u00e8ncies tercera edad\"],\"inLanguage\":\"ca\",\"potentialAction\":[{\"@type\":\"CommentAction\",\"name\":\"Comment\",\"target\":[\"https:\\\/\\\/pensium.es\\\/ca\\\/salud-mental-personas-mayores-residencias-ancianos\\\/#respond\"]}]},{\"@type\":\"WebPage\",\"@id\":\"https:\\\/\\\/pensium.es\\\/ca\\\/salud-mental-personas-mayores-residencias-ancianos\\\/\",\"url\":\"https:\\\/\\\/pensium.es\\\/ca\\\/salud-mental-personas-mayores-residencias-ancianos\\\/\",\"name\":\"La salud mental de las personas mayores\",\"isPartOf\":{\"@id\":\"https:\\\/\\\/pensium.es\\\/ca\\\/#website\"},\"primaryImageOfPage\":{\"@id\":\"https:\\\/\\\/pensium.es\\\/ca\\\/salud-mental-personas-mayores-residencias-ancianos\\\/#primaryimage\"},\"image\":{\"@id\":\"https:\\\/\\\/pensium.es\\\/ca\\\/salud-mental-personas-mayores-residencias-ancianos\\\/#primaryimage\"},\"thumbnailUrl\":\"https:\\\/\\\/pensium.es\\\/wp-content\\\/uploads\\\/2020\\\/07\\\/salidas-residencias-ancianos.jpg\",\"datePublished\":\"2022-09-16T16:03:18+00:00\",\"dateModified\":\"2025-01-20T11:19:04+00:00\",\"author\":{\"@id\":\"https:\\\/\\\/pensium.es\\\/ca\\\/#\\\/schema\\\/person\\\/3b2c54086c781c3b9d4903a784f4049f\"},\"description\":\"La salud mental de las personas mayores en residencias de ancianos. Por qu\u00e9 la atenci\u00f3n y convivencia en una residencia es beneficiosa\",\"breadcrumb\":{\"@id\":\"https:\\\/\\\/pensium.es\\\/ca\\\/salud-mental-personas-mayores-residencias-ancianos\\\/#breadcrumb\"},\"inLanguage\":\"ca\",\"potentialAction\":[{\"@type\":\"ReadAction\",\"target\":[\"https:\\\/\\\/pensium.es\\\/ca\\\/salud-mental-personas-mayores-residencias-ancianos\\\/\"]}]},{\"@type\":\"ImageObject\",\"inLanguage\":\"ca\",\"@id\":\"https:\\\/\\\/pensium.es\\\/ca\\\/salud-mental-personas-mayores-residencias-ancianos\\\/#primaryimage\",\"url\":\"https:\\\/\\\/pensium.es\\\/wp-content\\\/uploads\\\/2020\\\/07\\\/salidas-residencias-ancianos.jpg\",\"contentUrl\":\"https:\\\/\\\/pensium.es\\\/wp-content\\\/uploads\\\/2020\\\/07\\\/salidas-residencias-ancianos.jpg\",\"width\":945,\"height\":455},{\"@type\":\"BreadcrumbList\",\"@id\":\"https:\\\/\\\/pensium.es\\\/ca\\\/salud-mental-personas-mayores-residencias-ancianos\\\/#breadcrumb\",\"itemListElement\":[{\"@type\":\"ListItem\",\"position\":1,\"name\":\"Inicio\",\"item\":\"https:\\\/\\\/pensium.es\\\/ca\\\/\"},{\"@type\":\"ListItem\",\"position\":2,\"name\":\"La salud mental de las personas mayores en residencias de ancianos\"}]},{\"@type\":\"WebSite\",\"@id\":\"https:\\\/\\\/pensium.es\\\/ca\\\/#website\",\"url\":\"https:\\\/\\\/pensium.es\\\/ca\\\/\",\"name\":\"Pensium\",\"description\":\"Paga la resid\u00e8ncia de la gent gran amb l'avan\u00e7ament del lloguer de l'habitatge\",\"potentialAction\":[{\"@type\":\"SearchAction\",\"target\":{\"@type\":\"EntryPoint\",\"urlTemplate\":\"https:\\\/\\\/pensium.es\\\/ca\\\/?s={search_term_string}\"},\"query-input\":{\"@type\":\"PropertyValueSpecification\",\"valueRequired\":true,\"valueName\":\"search_term_string\"}}],\"inLanguage\":\"ca\"},{\"@type\":\"Person\",\"@id\":\"https:\\\/\\\/pensium.es\\\/ca\\\/#\\\/schema\\\/person\\\/3b2c54086c781c3b9d4903a784f4049f\",\"name\":\"Pensium\",\"image\":{\"@type\":\"ImageObject\",\"inLanguage\":\"ca\",\"@id\":\"https:\\\/\\\/secure.gravatar.com\\\/avatar\\\/676b3457f9f57981f28982fb1f950341359281c6cba0f3f7366cd94ca4f532bd?s=96&d=mm&r=g\",\"url\":\"https:\\\/\\\/secure.gravatar.com\\\/avatar\\\/676b3457f9f57981f28982fb1f950341359281c6cba0f3f7366cd94ca4f532bd?s=96&d=mm&r=g\",\"contentUrl\":\"https:\\\/\\\/secure.gravatar.com\\\/avatar\\\/676b3457f9f57981f28982fb1f950341359281c6cba0f3f7366cd94ca4f532bd?s=96&d=mm&r=g\",\"caption\":\"Pensium\"},\"url\":\"https:\\\/\\\/pensium.es\\\/ca\\\/author\\\/pensium-2\\\/\"}]}<\/script>\n<!-- \/ Yoast SEO plugin. -->","yoast_head_json":{"title":"La salud mental de las personas mayores","description":"La salud mental de las personas mayores en residencias de ancianos. Por qu\u00e9 la atenci\u00f3n y convivencia en una residencia es beneficiosa","robots":{"index":"index","follow":"follow","max-snippet":"max-snippet:-1","max-image-preview":"max-image-preview:large","max-video-preview":"max-video-preview:-1"},"canonical":"https:\/\/pensium.es\/ca\/salud-mental-personas-mayores-residencias-ancianos\/","og_locale":"ca_ES","og_type":"article","og_title":"La salud mental de las personas mayores","og_description":"La salud mental de las personas mayores en residencias de ancianos. Por qu\u00e9 la atenci\u00f3n y convivencia en una residencia es beneficiosa","og_url":"https:\/\/pensium.es\/ca\/salud-mental-personas-mayores-residencias-ancianos\/","og_site_name":"Pensium","article_publisher":"https:\/\/www.facebook.com\/pensium.es\/","article_published_time":"2022-09-16T16:03:18+00:00","article_modified_time":"2025-01-20T11:19:04+00:00","og_image":[{"width":945,"height":455,"url":"https:\/\/pensium.es\/wp-content\/uploads\/2020\/07\/salidas-residencias-ancianos.jpg","type":"image\/jpeg"}],"author":"Pensium","twitter_card":"summary_large_image","twitter_misc":{"Escrit per":"Pensium","Temps estimat de lectura":"4 minuts"},"schema":{"@context":"https:\/\/schema.org","@graph":[{"@type":"Article","@id":"https:\/\/pensium.es\/ca\/salud-mental-personas-mayores-residencias-ancianos\/#article","isPartOf":{"@id":"https:\/\/pensium.es\/ca\/salud-mental-personas-mayores-residencias-ancianos\/"},"author":{"name":"Pensium","@id":"https:\/\/pensium.es\/ca\/#\/schema\/person\/3b2c54086c781c3b9d4903a784f4049f"},"headline":"La salud mental de las personas mayores en residencias de ancianos","datePublished":"2022-09-16T16:03:18+00:00","dateModified":"2025-01-20T11:19:04+00:00","mainEntityOfPage":{"@id":"https:\/\/pensium.es\/ca\/salud-mental-personas-mayores-residencias-ancianos\/"},"wordCount":637,"commentCount":0,"image":{"@id":"https:\/\/pensium.es\/ca\/salud-mental-personas-mayores-residencias-ancianos\/#primaryimage"},"thumbnailUrl":"https:\/\/pensium.es\/wp-content\/uploads\/2020\/07\/salidas-residencias-ancianos.jpg","articleSection":["Resid\u00e8ncies tercera edad"],"inLanguage":"ca","potentialAction":[{"@type":"CommentAction","name":"Comment","target":["https:\/\/pensium.es\/ca\/salud-mental-personas-mayores-residencias-ancianos\/#respond"]}]},{"@type":"WebPage","@id":"https:\/\/pensium.es\/ca\/salud-mental-personas-mayores-residencias-ancianos\/","url":"https:\/\/pensium.es\/ca\/salud-mental-personas-mayores-residencias-ancianos\/","name":"La salud mental de las personas mayores","isPartOf":{"@id":"https:\/\/pensium.es\/ca\/#website"},"primaryImageOfPage":{"@id":"https:\/\/pensium.es\/ca\/salud-mental-personas-mayores-residencias-ancianos\/#primaryimage"},"image":{"@id":"https:\/\/pensium.es\/ca\/salud-mental-personas-mayores-residencias-ancianos\/#primaryimage"},"thumbnailUrl":"https:\/\/pensium.es\/wp-content\/uploads\/2020\/07\/salidas-residencias-ancianos.jpg","datePublished":"2022-09-16T16:03:18+00:00","dateModified":"2025-01-20T11:19:04+00:00","author":{"@id":"https:\/\/pensium.es\/ca\/#\/schema\/person\/3b2c54086c781c3b9d4903a784f4049f"},"description":"La salud mental de las personas mayores en residencias de ancianos. Por qu\u00e9 la atenci\u00f3n y convivencia en una residencia es beneficiosa","breadcrumb":{"@id":"https:\/\/pensium.es\/ca\/salud-mental-personas-mayores-residencias-ancianos\/#breadcrumb"},"inLanguage":"ca","potentialAction":[{"@type":"ReadAction","target":["https:\/\/pensium.es\/ca\/salud-mental-personas-mayores-residencias-ancianos\/"]}]},{"@type":"ImageObject","inLanguage":"ca","@id":"https:\/\/pensium.es\/ca\/salud-mental-personas-mayores-residencias-ancianos\/#primaryimage","url":"https:\/\/pensium.es\/wp-content\/uploads\/2020\/07\/salidas-residencias-ancianos.jpg","contentUrl":"https:\/\/pensium.es\/wp-content\/uploads\/2020\/07\/salidas-residencias-ancianos.jpg","width":945,"height":455},{"@type":"BreadcrumbList","@id":"https:\/\/pensium.es\/ca\/salud-mental-personas-mayores-residencias-ancianos\/#breadcrumb","itemListElement":[{"@type":"ListItem","position":1,"name":"Inicio","item":"https:\/\/pensium.es\/ca\/"},{"@type":"ListItem","position":2,"name":"La salud mental de las personas mayores en residencias de ancianos"}]},{"@type":"WebSite","@id":"https:\/\/pensium.es\/ca\/#website","url":"https:\/\/pensium.es\/ca\/","name":"Pensium","description":"Paga la resid\u00e8ncia de la gent gran amb l'avan\u00e7ament del lloguer de l'habitatge","potentialAction":[{"@type":"SearchAction","target":{"@type":"EntryPoint","urlTemplate":"https:\/\/pensium.es\/ca\/?s={search_term_string}"},"query-input":{"@type":"PropertyValueSpecification","valueRequired":true,"valueName":"search_term_string"}}],"inLanguage":"ca"},{"@type":"Person","@id":"https:\/\/pensium.es\/ca\/#\/schema\/person\/3b2c54086c781c3b9d4903a784f4049f","name":"Pensium","image":{"@type":"ImageObject","inLanguage":"ca","@id":"https:\/\/secure.gravatar.com\/avatar\/676b3457f9f57981f28982fb1f950341359281c6cba0f3f7366cd94ca4f532bd?s=96&d=mm&r=g","url":"https:\/\/secure.gravatar.com\/avatar\/676b3457f9f57981f28982fb1f950341359281c6cba0f3f7366cd94ca4f532bd?s=96&d=mm&r=g","contentUrl":"https:\/\/secure.gravatar.com\/avatar\/676b3457f9f57981f28982fb1f950341359281c6cba0f3f7366cd94ca4f532bd?s=96&d=mm&r=g","caption":"Pensium"},"url":"https:\/\/pensium.es\/ca\/author\/pensium-2\/"}]}},"_links":{"self":[{"href":"https:\/\/pensium.es\/ca\/wp-json\/wp\/v2\/posts\/12526","targetHints":{"allow":["GET"]}}],"collection":[{"href":"https:\/\/pensium.es\/ca\/wp-json\/wp\/v2\/posts"}],"about":[{"href":"https:\/\/pensium.es\/ca\/wp-json\/wp\/v2\/types\/post"}],"author":[{"embeddable":true,"href":"https:\/\/pensium.es\/ca\/wp-json\/wp\/v2\/users\/4"}],"replies":[{"embeddable":true,"href":"https:\/\/pensium.es\/ca\/wp-json\/wp\/v2\/comments?post=12526"}],"version-history":[{"count":1,"href":"https:\/\/pensium.es\/ca\/wp-json\/wp\/v2\/posts\/12526\/revisions"}],"predecessor-version":[{"id":12528,"href":"https:\/\/pensium.es\/ca\/wp-json\/wp\/v2\/posts\/12526\/revisions\/12528"}],"wp:featuredmedia":[{"embeddable":true,"href":"https:\/\/pensium.es\/ca\/wp-json\/wp\/v2\/media\/12527"}],"wp:attachment":[{"href":"https:\/\/pensium.es\/ca\/wp-json\/wp\/v2\/media?parent=12526"}],"wp:term":[{"taxonomy":"category","embeddable":true,"href":"https:\/\/pensium.es\/ca\/wp-json\/wp\/v2\/categories?post=12526"},{"taxonomy":"post_tag","embeddable":true,"href":"https:\/\/pensium.es\/ca\/wp-json\/wp\/v2\/tags?post=12526"}],"curies":[{"name":"wp","href":"https:\/\/api.w.org\/{rel}","templated":true}]}}