{"id":12560,"date":"2022-09-30T07:59:49","date_gmt":"2022-09-30T05:59:49","guid":{"rendered":"https:\/\/pensium.es\/papel-personas-mayores-sociedad-moderna\/"},"modified":"2022-09-30T08:04:42","modified_gmt":"2022-09-30T06:04:42","slug":"papel-personas-mayores-sociedad-moderna","status":"publish","type":"post","link":"https:\/\/pensium.es\/ca\/papel-personas-mayores-sociedad-moderna\/","title":{"rendered":"\u00bfQu\u00e9 papel desempe\u00f1an las personas mayores en la sociedad moderna?"},"content":{"rendered":"\n\n<div class=\"kk-star-ratings kksr-auto kksr-align-left kksr-valign-top\"\n    data-payload='{&quot;align&quot;:&quot;left&quot;,&quot;id&quot;:&quot;12560&quot;,&quot;slug&quot;:&quot;default&quot;,&quot;valign&quot;:&quot;top&quot;,&quot;ignore&quot;:&quot;&quot;,&quot;reference&quot;:&quot;auto&quot;,&quot;class&quot;:&quot;&quot;,&quot;count&quot;:&quot;0&quot;,&quot;legendonly&quot;:&quot;&quot;,&quot;readonly&quot;:&quot;&quot;,&quot;score&quot;:&quot;0&quot;,&quot;starsonly&quot;:&quot;&quot;,&quot;best&quot;:&quot;5&quot;,&quot;gap&quot;:&quot;5&quot;,&quot;greet&quot;:&quot;Rate this post&quot;,&quot;legend&quot;:&quot;0\\\/5 - (0 votes)&quot;,&quot;size&quot;:&quot;24&quot;,&quot;title&quot;:&quot;\u00bfQu\u00e9 papel desempe\u00f1an las personas mayores en la sociedad moderna?&quot;,&quot;width&quot;:&quot;0&quot;,&quot;_legend&quot;:&quot;{score}\\\/{best} - ({count} {votes})&quot;,&quot;font_factor&quot;:&quot;1.25&quot;}'>\n            \n<div class=\"kksr-stars\">\n    \n<div class=\"kksr-stars-inactive\">\n            <div class=\"kksr-star\" data-star=\"1\" style=\"padding-right: 5px\">\n            \n\n<div class=\"kksr-icon\" style=\"width: 24px; height: 24px;\"><\/div>\n        <\/div>\n            <div class=\"kksr-star\" data-star=\"2\" style=\"padding-right: 5px\">\n            \n\n<div class=\"kksr-icon\" style=\"width: 24px; height: 24px;\"><\/div>\n        <\/div>\n            <div class=\"kksr-star\" data-star=\"3\" style=\"padding-right: 5px\">\n            \n\n<div class=\"kksr-icon\" style=\"width: 24px; height: 24px;\"><\/div>\n        <\/div>\n            <div class=\"kksr-star\" data-star=\"4\" style=\"padding-right: 5px\">\n            \n\n<div class=\"kksr-icon\" style=\"width: 24px; height: 24px;\"><\/div>\n        <\/div>\n            <div class=\"kksr-star\" data-star=\"5\" style=\"padding-right: 5px\">\n            \n\n<div class=\"kksr-icon\" style=\"width: 24px; height: 24px;\"><\/div>\n        <\/div>\n    <\/div>\n    \n<div class=\"kksr-stars-active\" style=\"width: 0px;\">\n            <div class=\"kksr-star\" style=\"padding-right: 5px\">\n            \n\n<div class=\"kksr-icon\" style=\"width: 24px; height: 24px;\"><\/div>\n        <\/div>\n            <div class=\"kksr-star\" style=\"padding-right: 5px\">\n            \n\n<div class=\"kksr-icon\" style=\"width: 24px; height: 24px;\"><\/div>\n        <\/div>\n            <div class=\"kksr-star\" style=\"padding-right: 5px\">\n            \n\n<div class=\"kksr-icon\" style=\"width: 24px; height: 24px;\"><\/div>\n        <\/div>\n            <div class=\"kksr-star\" style=\"padding-right: 5px\">\n            \n\n<div class=\"kksr-icon\" style=\"width: 24px; height: 24px;\"><\/div>\n        <\/div>\n            <div class=\"kksr-star\" style=\"padding-right: 5px\">\n            \n\n<div class=\"kksr-icon\" style=\"width: 24px; height: 24px;\"><\/div>\n        <\/div>\n    <\/div>\n<\/div>\n                \n\n<div class=\"kksr-legend\" style=\"font-size: 19.2px;\">\n            <span class=\"kksr-muted\">Rate this post<\/span>\n    <\/div>\n    <\/div>\n<p>Aprovechando que ma\u00f1ana es el <strong>D\u00eda Internacional de las Personas Mayores<\/strong>, hoy queremos poner el foco en su valor en nuestra sociedad.<\/p>\n<p>Afortunadamente, Espa\u00f1a es un pa\u00eds que culturalmente cuida de sus mayores de por s\u00ed. A\u00fan as\u00ed, queda recorrido para que a nivel pol\u00edtico y administrativo se les de su lugar y no sean percibidos simplemente como \u201cgasto\u201d en las cuentas p\u00fablicas.<\/p>\n<p>A los adultos mayores, cada d\u00eda se les tiene m\u00e1s en cuenta en el plano social, aunque su rol ha ido cambiando en las \u00faltimas d\u00e9cadas. Ya ha quedado muy atr\u00e1s la mentalidad de que una vez uno se jubila ya no tiene nada m\u00e1s que hacer que jugar a cartas y cuidar de sus nietos.<\/p>\n<h2><span style=\"color: #e86322;\"><strong>Masa poblacional de adultos mayores en incremento<\/strong><\/span><\/h2>\n<p>Como bien sabemos la pir\u00e1mide poblacional hace a\u00f1os que ha dejado de tener forma de piramide. La masa poblacional de adultos mayores crece y, si bien es cierto que ello genera ciertas tensiones presupuestarias, tenemos la suerte de que cada vez est\u00e1n m\u00e1s activos y motivados por m\u00e1s tiempo.<\/p>\n<p>Es decir, cada vez m\u00e1s personas llegan a la vejez en plena forma f\u00edsica y mental y la sociedad debe incluirlos en las \u00e1reas donde pueden seguir aportando valor. A su vez, por ley de vida, la salud va menguando con la edad, con lo que es necesario que la sociedad se adapte para ofrecerles una jubilaci\u00f3n digna, con la atenci\u00f3n adecuada, con protecci\u00f3n sanitaria e infraestructura p\u00fablica para garantizarles el m\u00e1ximo bienestar.<\/p>\n<h2><span style=\"color: #e86322;\">El potencial de los adultos mayores<\/span><\/h2>\n<p><strong><u>A nivel profesional<\/u><\/strong><\/p>\n<p>Los adultos mayores tambi\u00e9n pueden seguir teniendo un rol importante a nivel profesional si ellos as\u00ed lo desean. De hecho, es tanto su valor, que en algunos pa\u00edses est\u00e1n siendo reincorporados a sus trabajos en calidad de asesores (en los casos con conocimientos m\u00e1s especializados) o en otras funciones menos exigentes (en los casos en los que el f\u00edsico era importante para el desarrollo del trabajo). Se trata de una pol\u00edtica inclusiva que tiene en cuenta a las personas mayores para trabajar, siempre y cuando ellos as\u00ed lo deseen.<\/p>\n<p><strong><u>A nivel cultural y social<\/u><\/strong><\/p>\n<p>Los mayores cuidan tradiciones y transmiten historias de sus familias y comunidades. Tambi\u00e9n, hay personas mayores que son fundamentales como representantes de las generaciones donde los avances sociales y cient\u00edficos lograron generar la base del avance tecnol\u00f3gico que hoy se disfruta. Escucharlos es aprender historia contempor\u00e1nea a trav\u00e9s de su experiencia y sabidur\u00eda.<\/p>\n<p><strong><u>Gu\u00edas en valores sociales<\/u><\/strong><\/p>\n<p>Puede que algunas personas mayores sean fr\u00e1giles en su estado f\u00edsico, pero si se encuentran bien a nivel cognitivo, pueden ense\u00f1ar much\u00edsimo sobre valores humanos y culturales a las nuevas generaciones. Sus historias son tesoros que desde sus particularidades pueden ser ejemplo de valores como la honestidad, la solidaridad, el respeto, la dignidad y mucho m\u00e1s.<\/p>\n<h2><span style=\"color: #e86322;\">Sociedades m\u00e1s incluyentes<\/span><\/h2>\n<p>En la sociedad en general, se est\u00e1 cambiando la visi\u00f3n para educar a las nuevas generaciones y dotarlas con conciencia sobre la necesidad de proteger a los adultos mayores. Es decir, es necesario que las personas mayores de 65 a\u00f1os (en promedio), gocen de protecci\u00f3n social y se creen alternativas para favorecer sus cuidados en la vejez.<\/p>\n<p>Muchos pa\u00edses protegen a los ancianos social y legalmente para que gocen de respeto y consideraci\u00f3n. Espa\u00f1a est\u00e1 en ello, esperamos y deseamos que se sigan los avances en esta buena direcci\u00f3n.<\/p>\n<p>&nbsp;<\/p>\n<h2 style=\"text-align: center;\"><span style=\"color: #e86322;\"><strong>\u00a1Feliz d\u00eda de las personas mayores!<\/strong><\/span><\/h2>\n","protected":false},"excerpt":{"rendered":"<p>Aprovechando que ma\u00f1ana es el D\u00eda Internacional de las Personas Mayores, hoy queremos poner el foco en su valor en nuestra sociedad. Afortunadamente, Espa\u00f1a es un pa\u00eds que culturalmente cuida de sus mayores de por s\u00ed. A\u00fan as\u00ed, queda recorrido para que a nivel pol\u00edtico y administrativo se les de su lugar y no sean &#8230; <a class=\"excerpt-readmore\" href=\"https:\/\/pensium.es\/ca\/papel-personas-mayores-sociedad-moderna\/\">Read More<\/a><\/p>\n","protected":false},"author":4,"featured_media":12555,"comment_status":"open","ping_status":"closed","sticky":false,"template":"","format":"standard","meta":{"footnotes":""},"categories":[323],"tags":[],"class_list":["post-12560","post","type-post","status-publish","format-standard","has-post-thumbnail","hentry","category-general-ca"],"yoast_head":"<!-- This site is optimized with the Yoast SEO plugin v27.3 - https:\/\/yoast.com\/product\/yoast-seo-wordpress\/ -->\n<title>Cu\u00e1l es el papel de las personas mayores en la sociedad actual<\/title>\n<meta name=\"robots\" content=\"index, follow, max-snippet:-1, max-image-preview:large, max-video-preview:-1\" \/>\n<link rel=\"canonical\" href=\"https:\/\/pensium.es\/ca\/papel-personas-mayores-sociedad-moderna\/\" \/>\n<meta property=\"og:locale\" content=\"ca_ES\" \/>\n<meta property=\"og:type\" content=\"article\" \/>\n<meta property=\"og:title\" content=\"Cu\u00e1l es el papel de las personas mayores en la sociedad actual\" \/>\n<meta property=\"og:description\" content=\"Aprovechando que ma\u00f1ana es el D\u00eda Internacional de las Personas Mayores, hoy queremos poner el foco en su valor en nuestra sociedad. Afortunadamente, Espa\u00f1a es un pa\u00eds que culturalmente cuida de sus mayores de por s\u00ed. A\u00fan as\u00ed, queda recorrido para que a nivel pol\u00edtico y administrativo se les de su lugar y no sean ... Read More\" \/>\n<meta property=\"og:url\" content=\"https:\/\/pensium.es\/papel-personas-mayores-sociedad-moderna\/\" \/>\n<meta property=\"og:site_name\" content=\"Pensium\" \/>\n<meta property=\"article:publisher\" content=\"https:\/\/www.facebook.com\/pensium.es\/\" \/>\n<meta property=\"article:published_time\" content=\"2022-09-30T05:59:49+00:00\" \/>\n<meta property=\"article:modified_time\" content=\"2022-09-30T06:04:42+00:00\" \/>\n<meta property=\"og:image\" content=\"https:\/\/pensium.es\/wp-content\/uploads\/2022\/09\/personas-mayores-2022.jpg\" \/>\n\t<meta property=\"og:image:width\" content=\"945\" \/>\n\t<meta property=\"og:image:height\" content=\"457\" \/>\n\t<meta property=\"og:image:type\" content=\"image\/jpeg\" \/>\n<meta name=\"author\" content=\"Pensium\" \/>\n<meta name=\"twitter:card\" content=\"summary_large_image\" \/>\n<meta name=\"twitter:label1\" content=\"Escrit per\" \/>\n\t<meta name=\"twitter:data1\" content=\"Pensium\" \/>\n\t<meta name=\"twitter:label2\" content=\"Temps estimat de lectura\" \/>\n\t<meta name=\"twitter:data2\" content=\"4 minuts\" \/>\n<script type=\"application\/ld+json\" class=\"yoast-schema-graph\">{\"@context\":\"https:\\\/\\\/schema.org\",\"@graph\":[{\"@type\":\"Article\",\"@id\":\"https:\\\/\\\/pensium.es\\\/papel-personas-mayores-sociedad-moderna\\\/#article\",\"isPartOf\":{\"@id\":\"https:\\\/\\\/pensium.es\\\/ca\\\/papel-personas-mayores-sociedad-moderna\\\/\"},\"author\":{\"name\":\"Pensium\",\"@id\":\"https:\\\/\\\/pensium.es\\\/ca\\\/#\\\/schema\\\/person\\\/3b2c54086c781c3b9d4903a784f4049f\"},\"headline\":\"\u00bfQu\u00e9 papel desempe\u00f1an las personas mayores en la sociedad moderna?\",\"datePublished\":\"2022-09-30T05:59:49+00:00\",\"dateModified\":\"2022-09-30T06:04:42+00:00\",\"mainEntityOfPage\":{\"@id\":\"https:\\\/\\\/pensium.es\\\/ca\\\/papel-personas-mayores-sociedad-moderna\\\/\"},\"wordCount\":624,\"commentCount\":0,\"image\":{\"@id\":\"https:\\\/\\\/pensium.es\\\/papel-personas-mayores-sociedad-moderna\\\/#primaryimage\"},\"thumbnailUrl\":\"https:\\\/\\\/pensium.es\\\/wp-content\\\/uploads\\\/2022\\\/09\\\/personas-mayores-2022.jpg\",\"articleSection\":[\"General\"],\"inLanguage\":\"ca\",\"potentialAction\":[{\"@type\":\"CommentAction\",\"name\":\"Comment\",\"target\":[\"https:\\\/\\\/pensium.es\\\/papel-personas-mayores-sociedad-moderna\\\/#respond\"]}]},{\"@type\":\"WebPage\",\"@id\":\"https:\\\/\\\/pensium.es\\\/ca\\\/papel-personas-mayores-sociedad-moderna\\\/\",\"url\":\"https:\\\/\\\/pensium.es\\\/papel-personas-mayores-sociedad-moderna\\\/\",\"name\":\"Cu\u00e1l es el papel de las personas mayores en la sociedad actual\",\"isPartOf\":{\"@id\":\"https:\\\/\\\/pensium.es\\\/ca\\\/#website\"},\"primaryImageOfPage\":{\"@id\":\"https:\\\/\\\/pensium.es\\\/papel-personas-mayores-sociedad-moderna\\\/#primaryimage\"},\"image\":{\"@id\":\"https:\\\/\\\/pensium.es\\\/papel-personas-mayores-sociedad-moderna\\\/#primaryimage\"},\"thumbnailUrl\":\"https:\\\/\\\/pensium.es\\\/wp-content\\\/uploads\\\/2022\\\/09\\\/personas-mayores-2022.jpg\",\"datePublished\":\"2022-09-30T05:59:49+00:00\",\"dateModified\":\"2022-09-30T06:04:42+00:00\",\"author\":{\"@id\":\"https:\\\/\\\/pensium.es\\\/ca\\\/#\\\/schema\\\/person\\\/3b2c54086c781c3b9d4903a784f4049f\"},\"breadcrumb\":{\"@id\":\"https:\\\/\\\/pensium.es\\\/papel-personas-mayores-sociedad-moderna\\\/#breadcrumb\"},\"inLanguage\":\"ca\",\"potentialAction\":[{\"@type\":\"ReadAction\",\"target\":[\"https:\\\/\\\/pensium.es\\\/papel-personas-mayores-sociedad-moderna\\\/\"]}]},{\"@type\":\"ImageObject\",\"inLanguage\":\"ca\",\"@id\":\"https:\\\/\\\/pensium.es\\\/papel-personas-mayores-sociedad-moderna\\\/#primaryimage\",\"url\":\"https:\\\/\\\/pensium.es\\\/wp-content\\\/uploads\\\/2022\\\/09\\\/personas-mayores-2022.jpg\",\"contentUrl\":\"https:\\\/\\\/pensium.es\\\/wp-content\\\/uploads\\\/2022\\\/09\\\/personas-mayores-2022.jpg\",\"width\":945,\"height\":457,\"caption\":\"Dia internacional personas mayores\"},{\"@type\":\"BreadcrumbList\",\"@id\":\"https:\\\/\\\/pensium.es\\\/papel-personas-mayores-sociedad-moderna\\\/#breadcrumb\",\"itemListElement\":[{\"@type\":\"ListItem\",\"position\":1,\"name\":\"Inicio\",\"item\":\"https:\\\/\\\/pensium.es\\\/ca\\\/\"},{\"@type\":\"ListItem\",\"position\":2,\"name\":\"\u00bfQu\u00e9 papel desempe\u00f1an las personas mayores en la sociedad moderna?\"}]},{\"@type\":\"WebSite\",\"@id\":\"https:\\\/\\\/pensium.es\\\/ca\\\/#website\",\"url\":\"https:\\\/\\\/pensium.es\\\/ca\\\/\",\"name\":\"Pensium\",\"description\":\"Paga la resid\u00e8ncia de la gent gran amb l'avan\u00e7ament del lloguer de l'habitatge\",\"potentialAction\":[{\"@type\":\"SearchAction\",\"target\":{\"@type\":\"EntryPoint\",\"urlTemplate\":\"https:\\\/\\\/pensium.es\\\/ca\\\/?s={search_term_string}\"},\"query-input\":{\"@type\":\"PropertyValueSpecification\",\"valueRequired\":true,\"valueName\":\"search_term_string\"}}],\"inLanguage\":\"ca\"},{\"@type\":\"Person\",\"@id\":\"https:\\\/\\\/pensium.es\\\/ca\\\/#\\\/schema\\\/person\\\/3b2c54086c781c3b9d4903a784f4049f\",\"name\":\"Pensium\",\"image\":{\"@type\":\"ImageObject\",\"inLanguage\":\"ca\",\"@id\":\"https:\\\/\\\/secure.gravatar.com\\\/avatar\\\/676b3457f9f57981f28982fb1f950341359281c6cba0f3f7366cd94ca4f532bd?s=96&d=mm&r=g\",\"url\":\"https:\\\/\\\/secure.gravatar.com\\\/avatar\\\/676b3457f9f57981f28982fb1f950341359281c6cba0f3f7366cd94ca4f532bd?s=96&d=mm&r=g\",\"contentUrl\":\"https:\\\/\\\/secure.gravatar.com\\\/avatar\\\/676b3457f9f57981f28982fb1f950341359281c6cba0f3f7366cd94ca4f532bd?s=96&d=mm&r=g\",\"caption\":\"Pensium\"},\"url\":\"https:\\\/\\\/pensium.es\\\/ca\\\/author\\\/pensium-2\\\/\"}]}<\/script>\n<!-- \/ Yoast SEO plugin. -->","yoast_head_json":{"title":"Cu\u00e1l es el papel de las personas mayores en la sociedad actual","robots":{"index":"index","follow":"follow","max-snippet":"max-snippet:-1","max-image-preview":"max-image-preview:large","max-video-preview":"max-video-preview:-1"},"canonical":"https:\/\/pensium.es\/ca\/papel-personas-mayores-sociedad-moderna\/","og_locale":"ca_ES","og_type":"article","og_title":"Cu\u00e1l es el papel de las personas mayores en la sociedad actual","og_description":"Aprovechando que ma\u00f1ana es el D\u00eda Internacional de las Personas Mayores, hoy queremos poner el foco en su valor en nuestra sociedad. Afortunadamente, Espa\u00f1a es un pa\u00eds que culturalmente cuida de sus mayores de por s\u00ed. A\u00fan as\u00ed, queda recorrido para que a nivel pol\u00edtico y administrativo se les de su lugar y no sean ... Read More","og_url":"https:\/\/pensium.es\/papel-personas-mayores-sociedad-moderna\/","og_site_name":"Pensium","article_publisher":"https:\/\/www.facebook.com\/pensium.es\/","article_published_time":"2022-09-30T05:59:49+00:00","article_modified_time":"2022-09-30T06:04:42+00:00","og_image":[{"width":945,"height":457,"url":"https:\/\/pensium.es\/wp-content\/uploads\/2022\/09\/personas-mayores-2022.jpg","type":"image\/jpeg"}],"author":"Pensium","twitter_card":"summary_large_image","twitter_misc":{"Escrit per":"Pensium","Temps estimat de lectura":"4 minuts"},"schema":{"@context":"https:\/\/schema.org","@graph":[{"@type":"Article","@id":"https:\/\/pensium.es\/papel-personas-mayores-sociedad-moderna\/#article","isPartOf":{"@id":"https:\/\/pensium.es\/ca\/papel-personas-mayores-sociedad-moderna\/"},"author":{"name":"Pensium","@id":"https:\/\/pensium.es\/ca\/#\/schema\/person\/3b2c54086c781c3b9d4903a784f4049f"},"headline":"\u00bfQu\u00e9 papel desempe\u00f1an las personas mayores en la sociedad moderna?","datePublished":"2022-09-30T05:59:49+00:00","dateModified":"2022-09-30T06:04:42+00:00","mainEntityOfPage":{"@id":"https:\/\/pensium.es\/ca\/papel-personas-mayores-sociedad-moderna\/"},"wordCount":624,"commentCount":0,"image":{"@id":"https:\/\/pensium.es\/papel-personas-mayores-sociedad-moderna\/#primaryimage"},"thumbnailUrl":"https:\/\/pensium.es\/wp-content\/uploads\/2022\/09\/personas-mayores-2022.jpg","articleSection":["General"],"inLanguage":"ca","potentialAction":[{"@type":"CommentAction","name":"Comment","target":["https:\/\/pensium.es\/papel-personas-mayores-sociedad-moderna\/#respond"]}]},{"@type":"WebPage","@id":"https:\/\/pensium.es\/ca\/papel-personas-mayores-sociedad-moderna\/","url":"https:\/\/pensium.es\/papel-personas-mayores-sociedad-moderna\/","name":"Cu\u00e1l es el papel de las personas mayores en la sociedad actual","isPartOf":{"@id":"https:\/\/pensium.es\/ca\/#website"},"primaryImageOfPage":{"@id":"https:\/\/pensium.es\/papel-personas-mayores-sociedad-moderna\/#primaryimage"},"image":{"@id":"https:\/\/pensium.es\/papel-personas-mayores-sociedad-moderna\/#primaryimage"},"thumbnailUrl":"https:\/\/pensium.es\/wp-content\/uploads\/2022\/09\/personas-mayores-2022.jpg","datePublished":"2022-09-30T05:59:49+00:00","dateModified":"2022-09-30T06:04:42+00:00","author":{"@id":"https:\/\/pensium.es\/ca\/#\/schema\/person\/3b2c54086c781c3b9d4903a784f4049f"},"breadcrumb":{"@id":"https:\/\/pensium.es\/papel-personas-mayores-sociedad-moderna\/#breadcrumb"},"inLanguage":"ca","potentialAction":[{"@type":"ReadAction","target":["https:\/\/pensium.es\/papel-personas-mayores-sociedad-moderna\/"]}]},{"@type":"ImageObject","inLanguage":"ca","@id":"https:\/\/pensium.es\/papel-personas-mayores-sociedad-moderna\/#primaryimage","url":"https:\/\/pensium.es\/wp-content\/uploads\/2022\/09\/personas-mayores-2022.jpg","contentUrl":"https:\/\/pensium.es\/wp-content\/uploads\/2022\/09\/personas-mayores-2022.jpg","width":945,"height":457,"caption":"Dia internacional personas mayores"},{"@type":"BreadcrumbList","@id":"https:\/\/pensium.es\/papel-personas-mayores-sociedad-moderna\/#breadcrumb","itemListElement":[{"@type":"ListItem","position":1,"name":"Inicio","item":"https:\/\/pensium.es\/ca\/"},{"@type":"ListItem","position":2,"name":"\u00bfQu\u00e9 papel desempe\u00f1an las personas mayores en la sociedad moderna?"}]},{"@type":"WebSite","@id":"https:\/\/pensium.es\/ca\/#website","url":"https:\/\/pensium.es\/ca\/","name":"Pensium","description":"Paga la resid\u00e8ncia de la gent gran amb l'avan\u00e7ament del lloguer de l'habitatge","potentialAction":[{"@type":"SearchAction","target":{"@type":"EntryPoint","urlTemplate":"https:\/\/pensium.es\/ca\/?s={search_term_string}"},"query-input":{"@type":"PropertyValueSpecification","valueRequired":true,"valueName":"search_term_string"}}],"inLanguage":"ca"},{"@type":"Person","@id":"https:\/\/pensium.es\/ca\/#\/schema\/person\/3b2c54086c781c3b9d4903a784f4049f","name":"Pensium","image":{"@type":"ImageObject","inLanguage":"ca","@id":"https:\/\/secure.gravatar.com\/avatar\/676b3457f9f57981f28982fb1f950341359281c6cba0f3f7366cd94ca4f532bd?s=96&d=mm&r=g","url":"https:\/\/secure.gravatar.com\/avatar\/676b3457f9f57981f28982fb1f950341359281c6cba0f3f7366cd94ca4f532bd?s=96&d=mm&r=g","contentUrl":"https:\/\/secure.gravatar.com\/avatar\/676b3457f9f57981f28982fb1f950341359281c6cba0f3f7366cd94ca4f532bd?s=96&d=mm&r=g","caption":"Pensium"},"url":"https:\/\/pensium.es\/ca\/author\/pensium-2\/"}]}},"_links":{"self":[{"href":"https:\/\/pensium.es\/ca\/wp-json\/wp\/v2\/posts\/12560","targetHints":{"allow":["GET"]}}],"collection":[{"href":"https:\/\/pensium.es\/ca\/wp-json\/wp\/v2\/posts"}],"about":[{"href":"https:\/\/pensium.es\/ca\/wp-json\/wp\/v2\/types\/post"}],"author":[{"embeddable":true,"href":"https:\/\/pensium.es\/ca\/wp-json\/wp\/v2\/users\/4"}],"replies":[{"embeddable":true,"href":"https:\/\/pensium.es\/ca\/wp-json\/wp\/v2\/comments?post=12560"}],"version-history":[{"count":1,"href":"https:\/\/pensium.es\/ca\/wp-json\/wp\/v2\/posts\/12560\/revisions"}],"predecessor-version":[{"id":12562,"href":"https:\/\/pensium.es\/ca\/wp-json\/wp\/v2\/posts\/12560\/revisions\/12562"}],"wp:featuredmedia":[{"embeddable":true,"href":"https:\/\/pensium.es\/ca\/wp-json\/wp\/v2\/media\/12555"}],"wp:attachment":[{"href":"https:\/\/pensium.es\/ca\/wp-json\/wp\/v2\/media?parent=12560"}],"wp:term":[{"taxonomy":"category","embeddable":true,"href":"https:\/\/pensium.es\/ca\/wp-json\/wp\/v2\/categories?post=12560"},{"taxonomy":"post_tag","embeddable":true,"href":"https:\/\/pensium.es\/ca\/wp-json\/wp\/v2\/tags?post=12560"}],"curies":[{"name":"wp","href":"https:\/\/api.w.org\/{rel}","templated":true}]}}