{"id":12654,"date":"2022-11-03T19:54:23","date_gmt":"2022-11-03T17:54:23","guid":{"rendered":"https:\/\/pensium.es\/que-es-ictus-consecuencias\/"},"modified":"2022-11-03T19:55:36","modified_gmt":"2022-11-03T17:55:36","slug":"que-es-ictus-consecuencias","status":"publish","type":"post","link":"https:\/\/pensium.es\/ca\/que-es-ictus-consecuencias\/","title":{"rendered":"\u00bfQu\u00e9 es un ictus y qu\u00e9 consecuencias tiene?"},"content":{"rendered":"\n\n<div class=\"kk-star-ratings kksr-auto kksr-align-left kksr-valign-top\"\n    data-payload='{&quot;align&quot;:&quot;left&quot;,&quot;id&quot;:&quot;12654&quot;,&quot;slug&quot;:&quot;default&quot;,&quot;valign&quot;:&quot;top&quot;,&quot;ignore&quot;:&quot;&quot;,&quot;reference&quot;:&quot;auto&quot;,&quot;class&quot;:&quot;&quot;,&quot;count&quot;:&quot;0&quot;,&quot;legendonly&quot;:&quot;&quot;,&quot;readonly&quot;:&quot;&quot;,&quot;score&quot;:&quot;0&quot;,&quot;starsonly&quot;:&quot;&quot;,&quot;best&quot;:&quot;5&quot;,&quot;gap&quot;:&quot;5&quot;,&quot;greet&quot;:&quot;Rate this post&quot;,&quot;legend&quot;:&quot;0\\\/5 - (0 votes)&quot;,&quot;size&quot;:&quot;24&quot;,&quot;title&quot;:&quot;\u00bfQu\u00e9 es un ictus y qu\u00e9 consecuencias tiene?&quot;,&quot;width&quot;:&quot;0&quot;,&quot;_legend&quot;:&quot;{score}\\\/{best} - ({count} {votes})&quot;,&quot;font_factor&quot;:&quot;1.25&quot;}'>\n            \n<div class=\"kksr-stars\">\n    \n<div class=\"kksr-stars-inactive\">\n            <div class=\"kksr-star\" data-star=\"1\" style=\"padding-right: 5px\">\n            \n\n<div class=\"kksr-icon\" style=\"width: 24px; height: 24px;\"><\/div>\n        <\/div>\n            <div class=\"kksr-star\" data-star=\"2\" style=\"padding-right: 5px\">\n            \n\n<div class=\"kksr-icon\" style=\"width: 24px; height: 24px;\"><\/div>\n        <\/div>\n            <div class=\"kksr-star\" data-star=\"3\" style=\"padding-right: 5px\">\n            \n\n<div class=\"kksr-icon\" style=\"width: 24px; height: 24px;\"><\/div>\n        <\/div>\n            <div class=\"kksr-star\" data-star=\"4\" style=\"padding-right: 5px\">\n            \n\n<div class=\"kksr-icon\" style=\"width: 24px; height: 24px;\"><\/div>\n        <\/div>\n            <div class=\"kksr-star\" data-star=\"5\" style=\"padding-right: 5px\">\n            \n\n<div class=\"kksr-icon\" style=\"width: 24px; height: 24px;\"><\/div>\n        <\/div>\n    <\/div>\n    \n<div class=\"kksr-stars-active\" style=\"width: 0px;\">\n            <div class=\"kksr-star\" style=\"padding-right: 5px\">\n            \n\n<div class=\"kksr-icon\" style=\"width: 24px; height: 24px;\"><\/div>\n        <\/div>\n            <div class=\"kksr-star\" style=\"padding-right: 5px\">\n            \n\n<div class=\"kksr-icon\" style=\"width: 24px; height: 24px;\"><\/div>\n        <\/div>\n            <div class=\"kksr-star\" style=\"padding-right: 5px\">\n            \n\n<div class=\"kksr-icon\" style=\"width: 24px; height: 24px;\"><\/div>\n        <\/div>\n            <div class=\"kksr-star\" style=\"padding-right: 5px\">\n            \n\n<div class=\"kksr-icon\" style=\"width: 24px; height: 24px;\"><\/div>\n        <\/div>\n            <div class=\"kksr-star\" style=\"padding-right: 5px\">\n            \n\n<div class=\"kksr-icon\" style=\"width: 24px; height: 24px;\"><\/div>\n        <\/div>\n    <\/div>\n<\/div>\n                \n\n<div class=\"kksr-legend\" style=\"font-size: 19.2px;\">\n            <span class=\"kksr-muted\">Rate this post<\/span>\n    <\/div>\n    <\/div>\n<p>El pasado fin de semana se celebr\u00f3 el <strong>D\u00eda Mundial del Ictus<\/strong>, una enfermedad que, seg\u00fan la Sociedad Espa\u00f1ola de Neurolog\u00eda (SEN),\u00a0afecta cada a\u00f1o entre 110.000 y 120.000 personas en Espa\u00f1a. De todos los afectados, se computa que la mitad queda con importantes secuelas discapacitantes o fallecen. Actualmente, m\u00e1s de 330.000 espa\u00f1oles presentan alguna limitaci\u00f3n en su capacidad funcional por haber sufrido un ictus. Por ello es tan importante la prevenci\u00f3n y la r\u00e1pida respuesta ante los primeros s\u00edntomas.<\/p>\n<h2><span style=\"color: #e86322;\"><strong>\u00bfQu\u00e9 es un ictus y qu\u00e9 consecuencias tiene?<\/strong><\/span><\/h2>\n<p>Un ictus, o derrame cerebral, es una interrupci\u00f3n repentina del flujo de sangre hacia el cerebro a causa de una rotura, aglomeraci\u00f3n u obstrucci\u00f3n de un vaso sangu\u00edneo. Cuando esto tiene lugar, el cerebro deja de recibir una parte de ox\u00edgeno muy importante para el correcto desarrollo de las c\u00e9lulas nerviosas, provocando que \u00e9stas dejen de funcionar y mueran. La velocidad de reacci\u00f3n y de respuesta ante un ictus es de crucial importancia ya que, cuanto m\u00e1s tiempo pase, m\u00e1s afectado se ver\u00e1 el cerebro y sus funciones y, por lo tanto, mayor ser\u00e1 el riesgo de que el paciente sufra secuelas que pueden llegar a ser de cierto grado de discapacidad.<\/p>\n<p>Nadie est\u00e1 libre de riesgo de sufrir un ictus, si bien es cierto que a partir de los 75 a\u00f1os el riesgo se incrementa.<\/p>\n<p>Cuando un individuo sufre un ictus, y \u00e9ste no es tratado a tiempo, las secuelas pueden ser irreparables.<\/p>\n<p>En funci\u00f3n del lado del cerebro afectado se van a producir unos s\u00edntomas u otros:<\/p>\n<ul>\n<li>Si el derrame tiene lugar en el hemisferio derecho, el paciente puede tener dificultades para movilizar y coordinar su lado izquierdo del cuerpo, problemas de la conducta y de atenci\u00f3n, distracciones frecuentes, entre otros.<\/li>\n<li>Por otro lado, si tiene lugar en el hemisferio izquierdo, las consecuencias recaen en el lenguaje y la expresi\u00f3n, provocando graves dificultades para hablar, entender a los que hablan, problemas para leer, escribir\u2026<\/li>\n<\/ul>\n<p>No todos los casos son iguales, pues hay diferentes tipos de ictus con consecuencias distintas que dependen del estado anterior del paciente y, como hemos comentado antes, de la velocidad de reacci\u00f3n ante dicho suceso.<\/p>\n<p>Se distinguen mayoritariamente dos ictus distintos diferenciados por el tipo de lesi\u00f3n que haya sido producida en el vaso sangu\u00edneo:<\/p>\n<ul>\n<li>Ictus isqu\u00e9mico: El ictus isqu\u00e9mico tiene lugar si una arteria est\u00e1 bloqueada por un co\u00e1gulo de sangre que imposibilita de forma total o parcial el flujo correcto de la sangre<\/li>\n<li>Ictus hemorr\u00e1gico: El ictus hemorr\u00e1gico ocurre cuando se rompe el vaso sangu\u00edneo procediendo a dar lugar a una hemorragia dentro del cerebro<\/li>\n<\/ul>\n<h2><span style=\"color: #e86322;\"><strong>\u00bfPodemos prevenir un ictus?<\/strong><\/span><\/h2>\n<p>Muchos se preguntan si hay factores o condiciones previas que aumentan las posibilidades de sufrir un ictus. La respuesta es que s\u00ed que hay diversas circunstancias que pueden hacer que un individuo sea m\u00e1s propenso a sufrir un derrame cerebral.<\/p>\n<p>Algunos de estos factores son tener el colesterol alto, hipertensi\u00f3n arterial, personas con enfermedades cardiacas, tabaquismo y consumo de drogas o sustancias nocivas o la obesidad, entre muchos otros. Cabe a\u00f1adir que hay otros factores sobre los que no podemos intervenir como, por ejemplo, la edad o antecedentes de ictus en la familia.<\/p>\n<p>Por todo ello es importante <strong>cuidarse<\/strong>, <strong>prevenir<\/strong> y, sobre todo, <strong>conocer c\u00f3mo reaccionar<\/strong> en caso de detectar <span style=\"text-decoration: underline;\"><span style=\"color: #e86322;\"><a style=\"color: #e86322; text-decoration: underline;\" href=\"https:\/\/pensium.es\/sintomas-de-ictus-en-ancianos\/\">s\u00edntomas de ictus<\/a><\/span><\/span>. Si a\u00fan y as\u00ed, la enfermedad nos toca ya sea directa o indirectamente a trav\u00e9s de alg\u00fan familiar cercano, deberemos esperar a conocer cu\u00e1les ser\u00e1n las <span style=\"text-decoration: underline;\"><span style=\"color: #e86322;\"><a style=\"color: #e86322; text-decoration: underline;\" href=\"https:\/\/pensium.es\/secuelas-y-cuidados-tras-un-ictus\/\">secuelas y los cuidados<\/a><\/span><\/span> que necesitar\u00e1 la persona afectada a partir de dicho momento y dejarnos aconsejar por los equipos m\u00e9dicos y sociales que nos ayudar\u00e1n y nos dar\u00e1n pautas para actuar y para gestionar de la mejor manera esta situaci\u00f3n.<\/p>\n","protected":false},"excerpt":{"rendered":"<p>El pasado fin de semana se celebr\u00f3 el D\u00eda Mundial del Ictus, una enfermedad que, seg\u00fan la Sociedad Espa\u00f1ola de Neurolog\u00eda (SEN),\u00a0afecta cada a\u00f1o entre 110.000 y 120.000 personas en Espa\u00f1a. De todos los afectados, se computa que la mitad queda con importantes secuelas discapacitantes o fallecen. Actualmente, m\u00e1s de 330.000 espa\u00f1oles presentan alguna limitaci\u00f3n &#8230; <a class=\"excerpt-readmore\" href=\"https:\/\/pensium.es\/ca\/que-es-ictus-consecuencias\/\">Read More<\/a><\/p>\n","protected":false},"author":4,"featured_media":12648,"comment_status":"open","ping_status":"closed","sticky":false,"template":"","format":"standard","meta":{"footnotes":""},"categories":[311],"tags":[],"class_list":["post-12654","post","type-post","status-publish","format-standard","has-post-thumbnail","hentry","category-malaties-neurodegeneratives"],"yoast_head":"<!-- This site is optimized with the Yoast SEO plugin v27.3 - https:\/\/yoast.com\/product\/yoast-seo-wordpress\/ -->\n<title>\u00bfQu\u00e9 es un ictus y qu\u00e9 consecuencias tiene?<\/title>\n<meta name=\"robots\" content=\"index, follow, max-snippet:-1, max-image-preview:large, max-video-preview:-1\" \/>\n<link rel=\"canonical\" href=\"https:\/\/pensium.es\/ca\/que-es-ictus-consecuencias\/\" \/>\n<meta property=\"og:locale\" content=\"ca_ES\" \/>\n<meta property=\"og:type\" content=\"article\" \/>\n<meta property=\"og:title\" content=\"\u00bfQu\u00e9 es un ictus y qu\u00e9 consecuencias tiene?\" \/>\n<meta property=\"og:description\" content=\"El pasado fin de semana se celebr\u00f3 el D\u00eda Mundial del Ictus, una enfermedad que, seg\u00fan la Sociedad Espa\u00f1ola de Neurolog\u00eda (SEN),\u00a0afecta cada a\u00f1o entre 110.000 y 120.000 personas en Espa\u00f1a. De todos los afectados, se computa que la mitad queda con importantes secuelas discapacitantes o fallecen. Actualmente, m\u00e1s de 330.000 espa\u00f1oles presentan alguna limitaci\u00f3n ... Read More\" \/>\n<meta property=\"og:url\" content=\"https:\/\/pensium.es\/que-es-ictus-consecuencias\/\" \/>\n<meta property=\"og:site_name\" content=\"Pensium\" \/>\n<meta property=\"article:publisher\" content=\"https:\/\/www.facebook.com\/pensium.es\/\" \/>\n<meta property=\"article:published_time\" content=\"2022-11-03T17:54:23+00:00\" \/>\n<meta property=\"article:modified_time\" content=\"2022-11-03T17:55:36+00:00\" \/>\n<meta property=\"og:image\" content=\"https:\/\/pensium.es\/wp-content\/uploads\/2022\/11\/ictus-consecuencias.jpg\" \/>\n\t<meta property=\"og:image:width\" content=\"945\" \/>\n\t<meta property=\"og:image:height\" content=\"456\" \/>\n\t<meta property=\"og:image:type\" content=\"image\/jpeg\" \/>\n<meta name=\"author\" content=\"Pensium\" \/>\n<meta name=\"twitter:card\" content=\"summary_large_image\" \/>\n<meta name=\"twitter:label1\" content=\"Escrit per\" \/>\n\t<meta name=\"twitter:data1\" content=\"Pensium\" \/>\n\t<meta name=\"twitter:label2\" content=\"Temps estimat de lectura\" \/>\n\t<meta name=\"twitter:data2\" content=\"4 minuts\" \/>\n<script type=\"application\/ld+json\" class=\"yoast-schema-graph\">{\"@context\":\"https:\\\/\\\/schema.org\",\"@graph\":[{\"@type\":\"Article\",\"@id\":\"https:\\\/\\\/pensium.es\\\/que-es-ictus-consecuencias\\\/#article\",\"isPartOf\":{\"@id\":\"https:\\\/\\\/pensium.es\\\/ca\\\/que-es-ictus-consecuencias\\\/\"},\"author\":{\"name\":\"Pensium\",\"@id\":\"https:\\\/\\\/pensium.es\\\/ca\\\/#\\\/schema\\\/person\\\/3b2c54086c781c3b9d4903a784f4049f\"},\"headline\":\"\u00bfQu\u00e9 es un ictus y qu\u00e9 consecuencias tiene?\",\"datePublished\":\"2022-11-03T17:54:23+00:00\",\"dateModified\":\"2022-11-03T17:55:36+00:00\",\"mainEntityOfPage\":{\"@id\":\"https:\\\/\\\/pensium.es\\\/ca\\\/que-es-ictus-consecuencias\\\/\"},\"wordCount\":668,\"commentCount\":0,\"image\":{\"@id\":\"https:\\\/\\\/pensium.es\\\/que-es-ictus-consecuencias\\\/#primaryimage\"},\"thumbnailUrl\":\"https:\\\/\\\/pensium.es\\\/wp-content\\\/uploads\\\/2022\\\/11\\\/ictus-consecuencias.jpg\",\"articleSection\":[\"Malalties neurodegeneratives\"],\"inLanguage\":\"ca\",\"potentialAction\":[{\"@type\":\"CommentAction\",\"name\":\"Comment\",\"target\":[\"https:\\\/\\\/pensium.es\\\/que-es-ictus-consecuencias\\\/#respond\"]}]},{\"@type\":\"WebPage\",\"@id\":\"https:\\\/\\\/pensium.es\\\/ca\\\/que-es-ictus-consecuencias\\\/\",\"url\":\"https:\\\/\\\/pensium.es\\\/que-es-ictus-consecuencias\\\/\",\"name\":\"\u00bfQu\u00e9 es un ictus y qu\u00e9 consecuencias tiene?\",\"isPartOf\":{\"@id\":\"https:\\\/\\\/pensium.es\\\/ca\\\/#website\"},\"primaryImageOfPage\":{\"@id\":\"https:\\\/\\\/pensium.es\\\/que-es-ictus-consecuencias\\\/#primaryimage\"},\"image\":{\"@id\":\"https:\\\/\\\/pensium.es\\\/que-es-ictus-consecuencias\\\/#primaryimage\"},\"thumbnailUrl\":\"https:\\\/\\\/pensium.es\\\/wp-content\\\/uploads\\\/2022\\\/11\\\/ictus-consecuencias.jpg\",\"datePublished\":\"2022-11-03T17:54:23+00:00\",\"dateModified\":\"2022-11-03T17:55:36+00:00\",\"author\":{\"@id\":\"https:\\\/\\\/pensium.es\\\/ca\\\/#\\\/schema\\\/person\\\/3b2c54086c781c3b9d4903a784f4049f\"},\"breadcrumb\":{\"@id\":\"https:\\\/\\\/pensium.es\\\/que-es-ictus-consecuencias\\\/#breadcrumb\"},\"inLanguage\":\"ca\",\"potentialAction\":[{\"@type\":\"ReadAction\",\"target\":[\"https:\\\/\\\/pensium.es\\\/que-es-ictus-consecuencias\\\/\"]}]},{\"@type\":\"ImageObject\",\"inLanguage\":\"ca\",\"@id\":\"https:\\\/\\\/pensium.es\\\/que-es-ictus-consecuencias\\\/#primaryimage\",\"url\":\"https:\\\/\\\/pensium.es\\\/wp-content\\\/uploads\\\/2022\\\/11\\\/ictus-consecuencias.jpg\",\"contentUrl\":\"https:\\\/\\\/pensium.es\\\/wp-content\\\/uploads\\\/2022\\\/11\\\/ictus-consecuencias.jpg\",\"width\":945,\"height\":456,\"caption\":\"Que es un ictus\"},{\"@type\":\"BreadcrumbList\",\"@id\":\"https:\\\/\\\/pensium.es\\\/que-es-ictus-consecuencias\\\/#breadcrumb\",\"itemListElement\":[{\"@type\":\"ListItem\",\"position\":1,\"name\":\"Inicio\",\"item\":\"https:\\\/\\\/pensium.es\\\/ca\\\/\"},{\"@type\":\"ListItem\",\"position\":2,\"name\":\"\u00bfQu\u00e9 es un ictus y qu\u00e9 consecuencias tiene?\"}]},{\"@type\":\"WebSite\",\"@id\":\"https:\\\/\\\/pensium.es\\\/ca\\\/#website\",\"url\":\"https:\\\/\\\/pensium.es\\\/ca\\\/\",\"name\":\"Pensium\",\"description\":\"Paga la resid\u00e8ncia de la gent gran amb l'avan\u00e7ament del lloguer de l'habitatge\",\"potentialAction\":[{\"@type\":\"SearchAction\",\"target\":{\"@type\":\"EntryPoint\",\"urlTemplate\":\"https:\\\/\\\/pensium.es\\\/ca\\\/?s={search_term_string}\"},\"query-input\":{\"@type\":\"PropertyValueSpecification\",\"valueRequired\":true,\"valueName\":\"search_term_string\"}}],\"inLanguage\":\"ca\"},{\"@type\":\"Person\",\"@id\":\"https:\\\/\\\/pensium.es\\\/ca\\\/#\\\/schema\\\/person\\\/3b2c54086c781c3b9d4903a784f4049f\",\"name\":\"Pensium\",\"image\":{\"@type\":\"ImageObject\",\"inLanguage\":\"ca\",\"@id\":\"https:\\\/\\\/secure.gravatar.com\\\/avatar\\\/676b3457f9f57981f28982fb1f950341359281c6cba0f3f7366cd94ca4f532bd?s=96&d=mm&r=g\",\"url\":\"https:\\\/\\\/secure.gravatar.com\\\/avatar\\\/676b3457f9f57981f28982fb1f950341359281c6cba0f3f7366cd94ca4f532bd?s=96&d=mm&r=g\",\"contentUrl\":\"https:\\\/\\\/secure.gravatar.com\\\/avatar\\\/676b3457f9f57981f28982fb1f950341359281c6cba0f3f7366cd94ca4f532bd?s=96&d=mm&r=g\",\"caption\":\"Pensium\"},\"url\":\"https:\\\/\\\/pensium.es\\\/ca\\\/author\\\/pensium-2\\\/\"}]}<\/script>\n<!-- \/ Yoast SEO plugin. -->","yoast_head_json":{"title":"\u00bfQu\u00e9 es un ictus y qu\u00e9 consecuencias tiene?","robots":{"index":"index","follow":"follow","max-snippet":"max-snippet:-1","max-image-preview":"max-image-preview:large","max-video-preview":"max-video-preview:-1"},"canonical":"https:\/\/pensium.es\/ca\/que-es-ictus-consecuencias\/","og_locale":"ca_ES","og_type":"article","og_title":"\u00bfQu\u00e9 es un ictus y qu\u00e9 consecuencias tiene?","og_description":"El pasado fin de semana se celebr\u00f3 el D\u00eda Mundial del Ictus, una enfermedad que, seg\u00fan la Sociedad Espa\u00f1ola de Neurolog\u00eda (SEN),\u00a0afecta cada a\u00f1o entre 110.000 y 120.000 personas en Espa\u00f1a. De todos los afectados, se computa que la mitad queda con importantes secuelas discapacitantes o fallecen. Actualmente, m\u00e1s de 330.000 espa\u00f1oles presentan alguna limitaci\u00f3n ... Read More","og_url":"https:\/\/pensium.es\/que-es-ictus-consecuencias\/","og_site_name":"Pensium","article_publisher":"https:\/\/www.facebook.com\/pensium.es\/","article_published_time":"2022-11-03T17:54:23+00:00","article_modified_time":"2022-11-03T17:55:36+00:00","og_image":[{"width":945,"height":456,"url":"https:\/\/pensium.es\/wp-content\/uploads\/2022\/11\/ictus-consecuencias.jpg","type":"image\/jpeg"}],"author":"Pensium","twitter_card":"summary_large_image","twitter_misc":{"Escrit per":"Pensium","Temps estimat de lectura":"4 minuts"},"schema":{"@context":"https:\/\/schema.org","@graph":[{"@type":"Article","@id":"https:\/\/pensium.es\/que-es-ictus-consecuencias\/#article","isPartOf":{"@id":"https:\/\/pensium.es\/ca\/que-es-ictus-consecuencias\/"},"author":{"name":"Pensium","@id":"https:\/\/pensium.es\/ca\/#\/schema\/person\/3b2c54086c781c3b9d4903a784f4049f"},"headline":"\u00bfQu\u00e9 es un ictus y qu\u00e9 consecuencias tiene?","datePublished":"2022-11-03T17:54:23+00:00","dateModified":"2022-11-03T17:55:36+00:00","mainEntityOfPage":{"@id":"https:\/\/pensium.es\/ca\/que-es-ictus-consecuencias\/"},"wordCount":668,"commentCount":0,"image":{"@id":"https:\/\/pensium.es\/que-es-ictus-consecuencias\/#primaryimage"},"thumbnailUrl":"https:\/\/pensium.es\/wp-content\/uploads\/2022\/11\/ictus-consecuencias.jpg","articleSection":["Malalties neurodegeneratives"],"inLanguage":"ca","potentialAction":[{"@type":"CommentAction","name":"Comment","target":["https:\/\/pensium.es\/que-es-ictus-consecuencias\/#respond"]}]},{"@type":"WebPage","@id":"https:\/\/pensium.es\/ca\/que-es-ictus-consecuencias\/","url":"https:\/\/pensium.es\/que-es-ictus-consecuencias\/","name":"\u00bfQu\u00e9 es un ictus y qu\u00e9 consecuencias tiene?","isPartOf":{"@id":"https:\/\/pensium.es\/ca\/#website"},"primaryImageOfPage":{"@id":"https:\/\/pensium.es\/que-es-ictus-consecuencias\/#primaryimage"},"image":{"@id":"https:\/\/pensium.es\/que-es-ictus-consecuencias\/#primaryimage"},"thumbnailUrl":"https:\/\/pensium.es\/wp-content\/uploads\/2022\/11\/ictus-consecuencias.jpg","datePublished":"2022-11-03T17:54:23+00:00","dateModified":"2022-11-03T17:55:36+00:00","author":{"@id":"https:\/\/pensium.es\/ca\/#\/schema\/person\/3b2c54086c781c3b9d4903a784f4049f"},"breadcrumb":{"@id":"https:\/\/pensium.es\/que-es-ictus-consecuencias\/#breadcrumb"},"inLanguage":"ca","potentialAction":[{"@type":"ReadAction","target":["https:\/\/pensium.es\/que-es-ictus-consecuencias\/"]}]},{"@type":"ImageObject","inLanguage":"ca","@id":"https:\/\/pensium.es\/que-es-ictus-consecuencias\/#primaryimage","url":"https:\/\/pensium.es\/wp-content\/uploads\/2022\/11\/ictus-consecuencias.jpg","contentUrl":"https:\/\/pensium.es\/wp-content\/uploads\/2022\/11\/ictus-consecuencias.jpg","width":945,"height":456,"caption":"Que es un ictus"},{"@type":"BreadcrumbList","@id":"https:\/\/pensium.es\/que-es-ictus-consecuencias\/#breadcrumb","itemListElement":[{"@type":"ListItem","position":1,"name":"Inicio","item":"https:\/\/pensium.es\/ca\/"},{"@type":"ListItem","position":2,"name":"\u00bfQu\u00e9 es un ictus y qu\u00e9 consecuencias tiene?"}]},{"@type":"WebSite","@id":"https:\/\/pensium.es\/ca\/#website","url":"https:\/\/pensium.es\/ca\/","name":"Pensium","description":"Paga la resid\u00e8ncia de la gent gran amb l'avan\u00e7ament del lloguer de l'habitatge","potentialAction":[{"@type":"SearchAction","target":{"@type":"EntryPoint","urlTemplate":"https:\/\/pensium.es\/ca\/?s={search_term_string}"},"query-input":{"@type":"PropertyValueSpecification","valueRequired":true,"valueName":"search_term_string"}}],"inLanguage":"ca"},{"@type":"Person","@id":"https:\/\/pensium.es\/ca\/#\/schema\/person\/3b2c54086c781c3b9d4903a784f4049f","name":"Pensium","image":{"@type":"ImageObject","inLanguage":"ca","@id":"https:\/\/secure.gravatar.com\/avatar\/676b3457f9f57981f28982fb1f950341359281c6cba0f3f7366cd94ca4f532bd?s=96&d=mm&r=g","url":"https:\/\/secure.gravatar.com\/avatar\/676b3457f9f57981f28982fb1f950341359281c6cba0f3f7366cd94ca4f532bd?s=96&d=mm&r=g","contentUrl":"https:\/\/secure.gravatar.com\/avatar\/676b3457f9f57981f28982fb1f950341359281c6cba0f3f7366cd94ca4f532bd?s=96&d=mm&r=g","caption":"Pensium"},"url":"https:\/\/pensium.es\/ca\/author\/pensium-2\/"}]}},"_links":{"self":[{"href":"https:\/\/pensium.es\/ca\/wp-json\/wp\/v2\/posts\/12654","targetHints":{"allow":["GET"]}}],"collection":[{"href":"https:\/\/pensium.es\/ca\/wp-json\/wp\/v2\/posts"}],"about":[{"href":"https:\/\/pensium.es\/ca\/wp-json\/wp\/v2\/types\/post"}],"author":[{"embeddable":true,"href":"https:\/\/pensium.es\/ca\/wp-json\/wp\/v2\/users\/4"}],"replies":[{"embeddable":true,"href":"https:\/\/pensium.es\/ca\/wp-json\/wp\/v2\/comments?post=12654"}],"version-history":[{"count":1,"href":"https:\/\/pensium.es\/ca\/wp-json\/wp\/v2\/posts\/12654\/revisions"}],"predecessor-version":[{"id":12656,"href":"https:\/\/pensium.es\/ca\/wp-json\/wp\/v2\/posts\/12654\/revisions\/12656"}],"wp:featuredmedia":[{"embeddable":true,"href":"https:\/\/pensium.es\/ca\/wp-json\/wp\/v2\/media\/12648"}],"wp:attachment":[{"href":"https:\/\/pensium.es\/ca\/wp-json\/wp\/v2\/media?parent=12654"}],"wp:term":[{"taxonomy":"category","embeddable":true,"href":"https:\/\/pensium.es\/ca\/wp-json\/wp\/v2\/categories?post=12654"},{"taxonomy":"post_tag","embeddable":true,"href":"https:\/\/pensium.es\/ca\/wp-json\/wp\/v2\/tags?post=12654"}],"curies":[{"name":"wp","href":"https:\/\/api.w.org\/{rel}","templated":true}]}}