{"id":12963,"date":"2023-01-18T22:24:18","date_gmt":"2023-01-18T20:24:18","guid":{"rendered":"https:\/\/pensium.es\/ventajas-fiscales-pensium\/"},"modified":"2023-01-18T22:26:31","modified_gmt":"2023-01-18T20:26:31","slug":"ventajas-fiscales-pensium","status":"publish","type":"post","link":"https:\/\/pensium.es\/ca\/ventajas-fiscales-pensium\/","title":{"rendered":"Las personas dependientes van a disponer de nuevas ventajas fiscales al utilizar el Programa Pensium para el pago de sus cuidados asistenciales"},"content":{"rendered":"\n\n<div class=\"kk-star-ratings kksr-auto kksr-align-left kksr-valign-top\"\n    data-payload='{&quot;align&quot;:&quot;left&quot;,&quot;id&quot;:&quot;12963&quot;,&quot;slug&quot;:&quot;default&quot;,&quot;valign&quot;:&quot;top&quot;,&quot;ignore&quot;:&quot;&quot;,&quot;reference&quot;:&quot;auto&quot;,&quot;class&quot;:&quot;&quot;,&quot;count&quot;:&quot;0&quot;,&quot;legendonly&quot;:&quot;&quot;,&quot;readonly&quot;:&quot;&quot;,&quot;score&quot;:&quot;0&quot;,&quot;starsonly&quot;:&quot;&quot;,&quot;best&quot;:&quot;5&quot;,&quot;gap&quot;:&quot;5&quot;,&quot;greet&quot;:&quot;Rate this post&quot;,&quot;legend&quot;:&quot;0\\\/5 - (0 votes)&quot;,&quot;size&quot;:&quot;24&quot;,&quot;title&quot;:&quot;Las personas dependientes van a disponer de nuevas ventajas fiscales al utilizar el Programa Pensium para el pago de sus cuidados asistenciales&quot;,&quot;width&quot;:&quot;0&quot;,&quot;_legend&quot;:&quot;{score}\\\/{best} - ({count} {votes})&quot;,&quot;font_factor&quot;:&quot;1.25&quot;}'>\n            \n<div class=\"kksr-stars\">\n    \n<div class=\"kksr-stars-inactive\">\n            <div class=\"kksr-star\" data-star=\"1\" style=\"padding-right: 5px\">\n            \n\n<div class=\"kksr-icon\" style=\"width: 24px; height: 24px;\"><\/div>\n        <\/div>\n            <div class=\"kksr-star\" data-star=\"2\" style=\"padding-right: 5px\">\n            \n\n<div class=\"kksr-icon\" style=\"width: 24px; height: 24px;\"><\/div>\n        <\/div>\n            <div class=\"kksr-star\" data-star=\"3\" style=\"padding-right: 5px\">\n            \n\n<div class=\"kksr-icon\" style=\"width: 24px; height: 24px;\"><\/div>\n        <\/div>\n            <div class=\"kksr-star\" data-star=\"4\" style=\"padding-right: 5px\">\n            \n\n<div class=\"kksr-icon\" style=\"width: 24px; height: 24px;\"><\/div>\n        <\/div>\n            <div class=\"kksr-star\" data-star=\"5\" style=\"padding-right: 5px\">\n            \n\n<div class=\"kksr-icon\" style=\"width: 24px; height: 24px;\"><\/div>\n        <\/div>\n    <\/div>\n    \n<div class=\"kksr-stars-active\" style=\"width: 0px;\">\n            <div class=\"kksr-star\" style=\"padding-right: 5px\">\n            \n\n<div class=\"kksr-icon\" style=\"width: 24px; height: 24px;\"><\/div>\n        <\/div>\n            <div class=\"kksr-star\" style=\"padding-right: 5px\">\n            \n\n<div class=\"kksr-icon\" style=\"width: 24px; height: 24px;\"><\/div>\n        <\/div>\n            <div class=\"kksr-star\" style=\"padding-right: 5px\">\n            \n\n<div class=\"kksr-icon\" style=\"width: 24px; height: 24px;\"><\/div>\n        <\/div>\n            <div class=\"kksr-star\" style=\"padding-right: 5px\">\n            \n\n<div class=\"kksr-icon\" style=\"width: 24px; height: 24px;\"><\/div>\n        <\/div>\n            <div class=\"kksr-star\" style=\"padding-right: 5px\">\n            \n\n<div class=\"kksr-icon\" style=\"width: 24px; height: 24px;\"><\/div>\n        <\/div>\n    <\/div>\n<\/div>\n                \n\n<div class=\"kksr-legend\" style=\"font-size: 19.2px;\">\n            <span class=\"kksr-muted\">Rate this post<\/span>\n    <\/div>\n    <\/div>\n<p>La\u00a0<strong>Ley de Presupuestos Generales del Estado de 2023<\/strong>\u00a0ha incorporado una bonificaci\u00f3n fiscal para las personas en situaci\u00f3n de dependencia con grado declarado que quieran utilizar el alquiler de su vivienda para el pago de sus gastos asistenciales o el ingreso en una residencia.<\/p>\n<p>Con la nueva normativa se desarrolla el modelo ideado y liderado por\u00a0<span style=\"text-decoration: underline;\"><span style=\"color: #e86322;\"><a style=\"color: #e86322; text-decoration: underline;\" href=\"https:\/\/pensium.es\/ca\/\">Pensium<\/a><\/span>,<\/span> que consiste en el\u00a0<strong>anticipo de los alquileres futuros de la vivienda<\/strong>\u00a0que deja libre el mayor al ingresar en un centro residencial. La nueva ventaja permite a los usuarios que tengan alg\u00fan grado de dependencia reconocido un ahorro en los costes iniciales de constituci\u00f3n y cancelaci\u00f3n de este tipo de operaciones de financiaci\u00f3n, abriendo una nueva categor\u00eda de soluci\u00f3n financiera con gran impacto social.<\/p>\n<p>La nueva ventaja consiste en la\u00a0<strong>exenci\u00f3n del Impuesto sobre Transmisiones y Actos Jur\u00eddicos Documentados<\/strong>, as\u00ed como <strong>bonificaciones en la aplicaci\u00f3n de los aranceles notariales<\/strong> y los <strong>gastos registrales.<\/strong><\/p>\n<p>Pensium realiza los desembolsos necesarios semestralmente y por anticipado para que las familias puedan pagar c\u00f3modamente la residencia. La propuesta permite hacer todos los pagos mediante la cesi\u00f3n en alquiler de este inmueble, manteniendo siempre la propiedad. Se anticipa hasta el doble del alquiler y, con esa cantidad y la pensi\u00f3n, ya se pueden pagar los costes asistenciales. El beneficiario y sus herederos mantienen siempre la propiedad de la vivienda, sin avales ni hipotecas.<\/p>\n<p>Para m\u00e1s informaci\u00f3n: <span style=\"text-decoration: underline; color: #e86322;\"><a style=\"color: #e86322; text-decoration: underline;\" href=\"http:\/\/www.pensium.es\">www.pensium.es<\/a><\/span><\/p>\n<p>&nbsp;<\/p>\n<p>&nbsp;<\/p>\n","protected":false},"excerpt":{"rendered":"<p>La\u00a0Ley de Presupuestos Generales del Estado de 2023\u00a0ha incorporado una bonificaci\u00f3n fiscal para las personas en situaci\u00f3n de dependencia con grado declarado que quieran utilizar el alquiler de su vivienda para el pago de sus gastos asistenciales o el ingreso en una residencia. Con la nueva normativa se desarrolla el modelo ideado y liderado por\u00a0Pensium, &#8230; <a class=\"excerpt-readmore\" href=\"https:\/\/pensium.es\/ca\/ventajas-fiscales-pensium\/\">Read More<\/a><\/p>\n","protected":false},"author":4,"featured_media":12956,"comment_status":"open","ping_status":"closed","sticky":false,"template":"","format":"standard","meta":{"footnotes":""},"categories":[323],"tags":[],"class_list":["post-12963","post","type-post","status-publish","format-standard","has-post-thumbnail","hentry","category-general-ca"],"yoast_head":"<!-- This site is optimized with the Yoast SEO plugin v27.3 - https:\/\/yoast.com\/product\/yoast-seo-wordpress\/ -->\n<title>Ventajas fiscales al utilizar el Programa Pensium<\/title>\n<meta name=\"robots\" content=\"index, follow, max-snippet:-1, max-image-preview:large, max-video-preview:-1\" \/>\n<link rel=\"canonical\" href=\"https:\/\/pensium.es\/ca\/ventajas-fiscales-pensium\/\" \/>\n<meta property=\"og:locale\" content=\"ca_ES\" \/>\n<meta property=\"og:type\" content=\"article\" \/>\n<meta property=\"og:title\" content=\"Ventajas fiscales al utilizar el Programa Pensium\" \/>\n<meta property=\"og:description\" content=\"La\u00a0Ley de Presupuestos Generales del Estado de 2023\u00a0ha incorporado una bonificaci\u00f3n fiscal para las personas en situaci\u00f3n de dependencia con grado declarado que quieran utilizar el alquiler de su vivienda para el pago de sus gastos asistenciales o el ingreso en una residencia. Con la nueva normativa se desarrolla el modelo ideado y liderado por\u00a0Pensium, ... Read More\" \/>\n<meta property=\"og:url\" content=\"https:\/\/pensium.es\/ventajas-fiscales-pensium\/\" \/>\n<meta property=\"og:site_name\" content=\"Pensium\" \/>\n<meta property=\"article:publisher\" content=\"https:\/\/www.facebook.com\/pensium.es\/\" \/>\n<meta property=\"article:published_time\" content=\"2023-01-18T20:24:18+00:00\" \/>\n<meta property=\"article:modified_time\" content=\"2023-01-18T20:26:31+00:00\" \/>\n<meta property=\"og:image\" content=\"https:\/\/pensium.es\/wp-content\/uploads\/2023\/01\/ventajas-fiscales-pensium.jpg\" \/>\n\t<meta property=\"og:image:width\" content=\"945\" \/>\n\t<meta property=\"og:image:height\" content=\"455\" \/>\n\t<meta property=\"og:image:type\" content=\"image\/jpeg\" \/>\n<meta name=\"author\" content=\"Pensium\" \/>\n<meta name=\"twitter:card\" content=\"summary_large_image\" \/>\n<meta name=\"twitter:label1\" content=\"Escrit per\" \/>\n\t<meta name=\"twitter:data1\" content=\"Pensium\" \/>\n\t<meta name=\"twitter:label2\" content=\"Temps estimat de lectura\" \/>\n\t<meta name=\"twitter:data2\" content=\"2 minuts\" \/>\n<script type=\"application\/ld+json\" class=\"yoast-schema-graph\">{\"@context\":\"https:\\\/\\\/schema.org\",\"@graph\":[{\"@type\":\"Article\",\"@id\":\"https:\\\/\\\/pensium.es\\\/ventajas-fiscales-pensium\\\/#article\",\"isPartOf\":{\"@id\":\"https:\\\/\\\/pensium.es\\\/ca\\\/ventajas-fiscales-pensium\\\/\"},\"author\":{\"name\":\"Pensium\",\"@id\":\"https:\\\/\\\/pensium.es\\\/ca\\\/#\\\/schema\\\/person\\\/3b2c54086c781c3b9d4903a784f4049f\"},\"headline\":\"Las personas dependientes van a disponer de nuevas ventajas fiscales al utilizar el Programa Pensium para el pago de sus cuidados asistenciales\",\"datePublished\":\"2023-01-18T20:24:18+00:00\",\"dateModified\":\"2023-01-18T20:26:31+00:00\",\"mainEntityOfPage\":{\"@id\":\"https:\\\/\\\/pensium.es\\\/ca\\\/ventajas-fiscales-pensium\\\/\"},\"wordCount\":271,\"commentCount\":0,\"image\":{\"@id\":\"https:\\\/\\\/pensium.es\\\/ventajas-fiscales-pensium\\\/#primaryimage\"},\"thumbnailUrl\":\"https:\\\/\\\/pensium.es\\\/wp-content\\\/uploads\\\/2023\\\/01\\\/ventajas-fiscales-pensium.jpg\",\"articleSection\":[\"General\"],\"inLanguage\":\"ca\",\"potentialAction\":[{\"@type\":\"CommentAction\",\"name\":\"Comment\",\"target\":[\"https:\\\/\\\/pensium.es\\\/ventajas-fiscales-pensium\\\/#respond\"]}]},{\"@type\":\"WebPage\",\"@id\":\"https:\\\/\\\/pensium.es\\\/ca\\\/ventajas-fiscales-pensium\\\/\",\"url\":\"https:\\\/\\\/pensium.es\\\/ventajas-fiscales-pensium\\\/\",\"name\":\"Ventajas fiscales al utilizar el Programa Pensium\",\"isPartOf\":{\"@id\":\"https:\\\/\\\/pensium.es\\\/ca\\\/#website\"},\"primaryImageOfPage\":{\"@id\":\"https:\\\/\\\/pensium.es\\\/ventajas-fiscales-pensium\\\/#primaryimage\"},\"image\":{\"@id\":\"https:\\\/\\\/pensium.es\\\/ventajas-fiscales-pensium\\\/#primaryimage\"},\"thumbnailUrl\":\"https:\\\/\\\/pensium.es\\\/wp-content\\\/uploads\\\/2023\\\/01\\\/ventajas-fiscales-pensium.jpg\",\"datePublished\":\"2023-01-18T20:24:18+00:00\",\"dateModified\":\"2023-01-18T20:26:31+00:00\",\"author\":{\"@id\":\"https:\\\/\\\/pensium.es\\\/ca\\\/#\\\/schema\\\/person\\\/3b2c54086c781c3b9d4903a784f4049f\"},\"breadcrumb\":{\"@id\":\"https:\\\/\\\/pensium.es\\\/ventajas-fiscales-pensium\\\/#breadcrumb\"},\"inLanguage\":\"ca\",\"potentialAction\":[{\"@type\":\"ReadAction\",\"target\":[\"https:\\\/\\\/pensium.es\\\/ventajas-fiscales-pensium\\\/\"]}]},{\"@type\":\"ImageObject\",\"inLanguage\":\"ca\",\"@id\":\"https:\\\/\\\/pensium.es\\\/ventajas-fiscales-pensium\\\/#primaryimage\",\"url\":\"https:\\\/\\\/pensium.es\\\/wp-content\\\/uploads\\\/2023\\\/01\\\/ventajas-fiscales-pensium.jpg\",\"contentUrl\":\"https:\\\/\\\/pensium.es\\\/wp-content\\\/uploads\\\/2023\\\/01\\\/ventajas-fiscales-pensium.jpg\",\"width\":945,\"height\":455,\"caption\":\"ventajas fiscales programa pensium\"},{\"@type\":\"BreadcrumbList\",\"@id\":\"https:\\\/\\\/pensium.es\\\/ventajas-fiscales-pensium\\\/#breadcrumb\",\"itemListElement\":[{\"@type\":\"ListItem\",\"position\":1,\"name\":\"Inicio\",\"item\":\"https:\\\/\\\/pensium.es\\\/ca\\\/\"},{\"@type\":\"ListItem\",\"position\":2,\"name\":\"Las personas dependientes van a disponer de nuevas ventajas fiscales al utilizar el Programa Pensium para el pago de sus cuidados asistenciales\"}]},{\"@type\":\"WebSite\",\"@id\":\"https:\\\/\\\/pensium.es\\\/ca\\\/#website\",\"url\":\"https:\\\/\\\/pensium.es\\\/ca\\\/\",\"name\":\"Pensium\",\"description\":\"Paga la resid\u00e8ncia de la gent gran amb l'avan\u00e7ament del lloguer de l'habitatge\",\"potentialAction\":[{\"@type\":\"SearchAction\",\"target\":{\"@type\":\"EntryPoint\",\"urlTemplate\":\"https:\\\/\\\/pensium.es\\\/ca\\\/?s={search_term_string}\"},\"query-input\":{\"@type\":\"PropertyValueSpecification\",\"valueRequired\":true,\"valueName\":\"search_term_string\"}}],\"inLanguage\":\"ca\"},{\"@type\":\"Person\",\"@id\":\"https:\\\/\\\/pensium.es\\\/ca\\\/#\\\/schema\\\/person\\\/3b2c54086c781c3b9d4903a784f4049f\",\"name\":\"Pensium\",\"image\":{\"@type\":\"ImageObject\",\"inLanguage\":\"ca\",\"@id\":\"https:\\\/\\\/secure.gravatar.com\\\/avatar\\\/676b3457f9f57981f28982fb1f950341359281c6cba0f3f7366cd94ca4f532bd?s=96&d=mm&r=g\",\"url\":\"https:\\\/\\\/secure.gravatar.com\\\/avatar\\\/676b3457f9f57981f28982fb1f950341359281c6cba0f3f7366cd94ca4f532bd?s=96&d=mm&r=g\",\"contentUrl\":\"https:\\\/\\\/secure.gravatar.com\\\/avatar\\\/676b3457f9f57981f28982fb1f950341359281c6cba0f3f7366cd94ca4f532bd?s=96&d=mm&r=g\",\"caption\":\"Pensium\"},\"url\":\"https:\\\/\\\/pensium.es\\\/ca\\\/author\\\/pensium-2\\\/\"}]}<\/script>\n<!-- \/ Yoast SEO plugin. -->","yoast_head_json":{"title":"Ventajas fiscales al utilizar el Programa Pensium","robots":{"index":"index","follow":"follow","max-snippet":"max-snippet:-1","max-image-preview":"max-image-preview:large","max-video-preview":"max-video-preview:-1"},"canonical":"https:\/\/pensium.es\/ca\/ventajas-fiscales-pensium\/","og_locale":"ca_ES","og_type":"article","og_title":"Ventajas fiscales al utilizar el Programa Pensium","og_description":"La\u00a0Ley de Presupuestos Generales del Estado de 2023\u00a0ha incorporado una bonificaci\u00f3n fiscal para las personas en situaci\u00f3n de dependencia con grado declarado que quieran utilizar el alquiler de su vivienda para el pago de sus gastos asistenciales o el ingreso en una residencia. Con la nueva normativa se desarrolla el modelo ideado y liderado por\u00a0Pensium, ... Read More","og_url":"https:\/\/pensium.es\/ventajas-fiscales-pensium\/","og_site_name":"Pensium","article_publisher":"https:\/\/www.facebook.com\/pensium.es\/","article_published_time":"2023-01-18T20:24:18+00:00","article_modified_time":"2023-01-18T20:26:31+00:00","og_image":[{"width":945,"height":455,"url":"https:\/\/pensium.es\/wp-content\/uploads\/2023\/01\/ventajas-fiscales-pensium.jpg","type":"image\/jpeg"}],"author":"Pensium","twitter_card":"summary_large_image","twitter_misc":{"Escrit per":"Pensium","Temps estimat de lectura":"2 minuts"},"schema":{"@context":"https:\/\/schema.org","@graph":[{"@type":"Article","@id":"https:\/\/pensium.es\/ventajas-fiscales-pensium\/#article","isPartOf":{"@id":"https:\/\/pensium.es\/ca\/ventajas-fiscales-pensium\/"},"author":{"name":"Pensium","@id":"https:\/\/pensium.es\/ca\/#\/schema\/person\/3b2c54086c781c3b9d4903a784f4049f"},"headline":"Las personas dependientes van a disponer de nuevas ventajas fiscales al utilizar el Programa Pensium para el pago de sus cuidados asistenciales","datePublished":"2023-01-18T20:24:18+00:00","dateModified":"2023-01-18T20:26:31+00:00","mainEntityOfPage":{"@id":"https:\/\/pensium.es\/ca\/ventajas-fiscales-pensium\/"},"wordCount":271,"commentCount":0,"image":{"@id":"https:\/\/pensium.es\/ventajas-fiscales-pensium\/#primaryimage"},"thumbnailUrl":"https:\/\/pensium.es\/wp-content\/uploads\/2023\/01\/ventajas-fiscales-pensium.jpg","articleSection":["General"],"inLanguage":"ca","potentialAction":[{"@type":"CommentAction","name":"Comment","target":["https:\/\/pensium.es\/ventajas-fiscales-pensium\/#respond"]}]},{"@type":"WebPage","@id":"https:\/\/pensium.es\/ca\/ventajas-fiscales-pensium\/","url":"https:\/\/pensium.es\/ventajas-fiscales-pensium\/","name":"Ventajas fiscales al utilizar el Programa Pensium","isPartOf":{"@id":"https:\/\/pensium.es\/ca\/#website"},"primaryImageOfPage":{"@id":"https:\/\/pensium.es\/ventajas-fiscales-pensium\/#primaryimage"},"image":{"@id":"https:\/\/pensium.es\/ventajas-fiscales-pensium\/#primaryimage"},"thumbnailUrl":"https:\/\/pensium.es\/wp-content\/uploads\/2023\/01\/ventajas-fiscales-pensium.jpg","datePublished":"2023-01-18T20:24:18+00:00","dateModified":"2023-01-18T20:26:31+00:00","author":{"@id":"https:\/\/pensium.es\/ca\/#\/schema\/person\/3b2c54086c781c3b9d4903a784f4049f"},"breadcrumb":{"@id":"https:\/\/pensium.es\/ventajas-fiscales-pensium\/#breadcrumb"},"inLanguage":"ca","potentialAction":[{"@type":"ReadAction","target":["https:\/\/pensium.es\/ventajas-fiscales-pensium\/"]}]},{"@type":"ImageObject","inLanguage":"ca","@id":"https:\/\/pensium.es\/ventajas-fiscales-pensium\/#primaryimage","url":"https:\/\/pensium.es\/wp-content\/uploads\/2023\/01\/ventajas-fiscales-pensium.jpg","contentUrl":"https:\/\/pensium.es\/wp-content\/uploads\/2023\/01\/ventajas-fiscales-pensium.jpg","width":945,"height":455,"caption":"ventajas fiscales programa pensium"},{"@type":"BreadcrumbList","@id":"https:\/\/pensium.es\/ventajas-fiscales-pensium\/#breadcrumb","itemListElement":[{"@type":"ListItem","position":1,"name":"Inicio","item":"https:\/\/pensium.es\/ca\/"},{"@type":"ListItem","position":2,"name":"Las personas dependientes van a disponer de nuevas ventajas fiscales al utilizar el Programa Pensium para el pago de sus cuidados asistenciales"}]},{"@type":"WebSite","@id":"https:\/\/pensium.es\/ca\/#website","url":"https:\/\/pensium.es\/ca\/","name":"Pensium","description":"Paga la resid\u00e8ncia de la gent gran amb l'avan\u00e7ament del lloguer de l'habitatge","potentialAction":[{"@type":"SearchAction","target":{"@type":"EntryPoint","urlTemplate":"https:\/\/pensium.es\/ca\/?s={search_term_string}"},"query-input":{"@type":"PropertyValueSpecification","valueRequired":true,"valueName":"search_term_string"}}],"inLanguage":"ca"},{"@type":"Person","@id":"https:\/\/pensium.es\/ca\/#\/schema\/person\/3b2c54086c781c3b9d4903a784f4049f","name":"Pensium","image":{"@type":"ImageObject","inLanguage":"ca","@id":"https:\/\/secure.gravatar.com\/avatar\/676b3457f9f57981f28982fb1f950341359281c6cba0f3f7366cd94ca4f532bd?s=96&d=mm&r=g","url":"https:\/\/secure.gravatar.com\/avatar\/676b3457f9f57981f28982fb1f950341359281c6cba0f3f7366cd94ca4f532bd?s=96&d=mm&r=g","contentUrl":"https:\/\/secure.gravatar.com\/avatar\/676b3457f9f57981f28982fb1f950341359281c6cba0f3f7366cd94ca4f532bd?s=96&d=mm&r=g","caption":"Pensium"},"url":"https:\/\/pensium.es\/ca\/author\/pensium-2\/"}]}},"_links":{"self":[{"href":"https:\/\/pensium.es\/ca\/wp-json\/wp\/v2\/posts\/12963","targetHints":{"allow":["GET"]}}],"collection":[{"href":"https:\/\/pensium.es\/ca\/wp-json\/wp\/v2\/posts"}],"about":[{"href":"https:\/\/pensium.es\/ca\/wp-json\/wp\/v2\/types\/post"}],"author":[{"embeddable":true,"href":"https:\/\/pensium.es\/ca\/wp-json\/wp\/v2\/users\/4"}],"replies":[{"embeddable":true,"href":"https:\/\/pensium.es\/ca\/wp-json\/wp\/v2\/comments?post=12963"}],"version-history":[{"count":1,"href":"https:\/\/pensium.es\/ca\/wp-json\/wp\/v2\/posts\/12963\/revisions"}],"predecessor-version":[{"id":12964,"href":"https:\/\/pensium.es\/ca\/wp-json\/wp\/v2\/posts\/12963\/revisions\/12964"}],"wp:featuredmedia":[{"embeddable":true,"href":"https:\/\/pensium.es\/ca\/wp-json\/wp\/v2\/media\/12956"}],"wp:attachment":[{"href":"https:\/\/pensium.es\/ca\/wp-json\/wp\/v2\/media?parent=12963"}],"wp:term":[{"taxonomy":"category","embeddable":true,"href":"https:\/\/pensium.es\/ca\/wp-json\/wp\/v2\/categories?post=12963"},{"taxonomy":"post_tag","embeddable":true,"href":"https:\/\/pensium.es\/ca\/wp-json\/wp\/v2\/tags?post=12963"}],"curies":[{"name":"wp","href":"https:\/\/api.w.org\/{rel}","templated":true}]}}