{"id":13106,"date":"2023-03-10T17:43:05","date_gmt":"2023-03-10T15:43:05","guid":{"rendered":"https:\/\/pensium.es\/congreso-sanidad-dependencia\/"},"modified":"2023-03-10T17:47:44","modified_gmt":"2023-03-10T15:47:44","slug":"congreso-sanidad-dependencia","status":"publish","type":"post","link":"https:\/\/pensium.es\/ca\/congreso-sanidad-dependencia\/","title":{"rendered":"El Congreso Dependencia y Sanidad by Alimarket convoc\u00f3 de nuevo al sector sociosanitario en su cuarta edici\u00f3n"},"content":{"rendered":"\n\n<div class=\"kk-star-ratings kksr-auto kksr-align-left kksr-valign-top\"\n    data-payload='{&quot;align&quot;:&quot;left&quot;,&quot;id&quot;:&quot;13106&quot;,&quot;slug&quot;:&quot;default&quot;,&quot;valign&quot;:&quot;top&quot;,&quot;ignore&quot;:&quot;&quot;,&quot;reference&quot;:&quot;auto&quot;,&quot;class&quot;:&quot;&quot;,&quot;count&quot;:&quot;0&quot;,&quot;legendonly&quot;:&quot;&quot;,&quot;readonly&quot;:&quot;&quot;,&quot;score&quot;:&quot;0&quot;,&quot;starsonly&quot;:&quot;&quot;,&quot;best&quot;:&quot;5&quot;,&quot;gap&quot;:&quot;5&quot;,&quot;greet&quot;:&quot;Rate this post&quot;,&quot;legend&quot;:&quot;0\\\/5 - (0 votes)&quot;,&quot;size&quot;:&quot;24&quot;,&quot;title&quot;:&quot;El Congreso Dependencia y Sanidad by Alimarket convoc\u00f3 de nuevo al sector sociosanitario en su cuarta edici\u00f3n&quot;,&quot;width&quot;:&quot;0&quot;,&quot;_legend&quot;:&quot;{score}\\\/{best} - ({count} {votes})&quot;,&quot;font_factor&quot;:&quot;1.25&quot;}'>\n            \n<div class=\"kksr-stars\">\n    \n<div class=\"kksr-stars-inactive\">\n            <div class=\"kksr-star\" data-star=\"1\" style=\"padding-right: 5px\">\n            \n\n<div class=\"kksr-icon\" style=\"width: 24px; height: 24px;\"><\/div>\n        <\/div>\n            <div class=\"kksr-star\" data-star=\"2\" style=\"padding-right: 5px\">\n            \n\n<div class=\"kksr-icon\" style=\"width: 24px; height: 24px;\"><\/div>\n        <\/div>\n            <div class=\"kksr-star\" data-star=\"3\" style=\"padding-right: 5px\">\n            \n\n<div class=\"kksr-icon\" style=\"width: 24px; height: 24px;\"><\/div>\n        <\/div>\n            <div class=\"kksr-star\" data-star=\"4\" style=\"padding-right: 5px\">\n            \n\n<div class=\"kksr-icon\" style=\"width: 24px; height: 24px;\"><\/div>\n        <\/div>\n            <div class=\"kksr-star\" data-star=\"5\" style=\"padding-right: 5px\">\n            \n\n<div class=\"kksr-icon\" style=\"width: 24px; height: 24px;\"><\/div>\n        <\/div>\n    <\/div>\n    \n<div class=\"kksr-stars-active\" style=\"width: 0px;\">\n            <div class=\"kksr-star\" style=\"padding-right: 5px\">\n            \n\n<div class=\"kksr-icon\" style=\"width: 24px; height: 24px;\"><\/div>\n        <\/div>\n            <div class=\"kksr-star\" style=\"padding-right: 5px\">\n            \n\n<div class=\"kksr-icon\" style=\"width: 24px; height: 24px;\"><\/div>\n        <\/div>\n            <div class=\"kksr-star\" style=\"padding-right: 5px\">\n            \n\n<div class=\"kksr-icon\" style=\"width: 24px; height: 24px;\"><\/div>\n        <\/div>\n            <div class=\"kksr-star\" style=\"padding-right: 5px\">\n            \n\n<div class=\"kksr-icon\" style=\"width: 24px; height: 24px;\"><\/div>\n        <\/div>\n            <div class=\"kksr-star\" style=\"padding-right: 5px\">\n            \n\n<div class=\"kksr-icon\" style=\"width: 24px; height: 24px;\"><\/div>\n        <\/div>\n    <\/div>\n<\/div>\n                \n\n<div class=\"kksr-legend\" style=\"font-size: 19.2px;\">\n            <span class=\"kksr-muted\">Rate this post<\/span>\n    <\/div>\n    <\/div>\n<p>Los pasados 6,7 y 8 de marzo, en el recinto de IFEMA de Madrid, tuvo lugar la cuarta edici\u00f3n del Congreso Nacional de Dependencia y Sanidad by Alimarket, organizado por <span style=\"text-decoration: underline;\"><span style=\"color: #e86322; text-decoration: underline;\"><a style=\"color: #e86322; text-decoration: underline;\" href=\"https:\/\/www.alimarket.es\/sanidad\/encuentro\/104\/congreso-nacional-dependencia-y-sanidad-by-alimarket-4-edicion\">Alimarket<\/a> <\/span><\/span>y <span style=\"text-decoration: underline;\"><span style=\"color: #e86322; text-decoration: underline;\"><a style=\"color: #e86322; text-decoration: underline;\" href=\"https:\/\/nebext.com\/\">Nebext<\/a>,<\/span><\/span> y con la colaboraci\u00f3n de <span style=\"text-decoration: underline;\"><span style=\"color: #e86322;\"><a style=\"color: #e86322; text-decoration: underline;\" href=\"https:\/\/www.inforesidencias.com\/particulares\">Inforesidencias<\/a><\/span><\/span>. Los profesionales del sector sociosanitario tuvieron la oportunidad de compartir los principales retos y oportunidades del sector durante las tres jornadas de duraci\u00f3n del encuentro.<\/p>\n<p><span style=\"color: #e86322;\"><strong>\u00a0El Congreso en cifras<\/strong><\/span><\/p>\n<p>M\u00e1s de 700 profesionales del sector asistieron al Congreso, d\u00f3nde se celebraron 13 ponencias individuales y cinco mesas redondas, con un panel de 40 ponentes expertos en el sector.<\/p>\n<p>En cuanto a la parte de exposici\u00f3n del Congreso, es destacable un fuerte incremento en el n\u00famero de stands y de asistentes con respecto a ediciones anteriores. En cuanto al \u00e1rea expositiva, los participantes pudieron presentar a los asistentes al Congreso su oferta de productos y servicios, focaliz\u00e1ndose en las novedades tecnol\u00f3gicas que pueden impactar en el sector sector a futuro.<\/p>\n<p><span style=\"color: #e86322;\"><strong>Retos del sector a futuro <\/strong><\/span><\/p>\n<p>La situaci\u00f3n actual del sector asistencial refleja una necesidad de un mayor n\u00famero de plazas residenciales, dado el aumento de la demanda debido al envejecimiento de la poblaci\u00f3n.<\/p>\n<p>Desde este punto de partida, y ya dejada atr\u00e1s la crisis que supuso para el sector la pandemia provocada por el covid-19, los profesionales del sector han identificado la necesidad de definir un nuevo espacio sociosanitario, poniendo en el centro y como eje vertebrador las necesidades de las personas dependientes y sus familias. Las palancas de cambio en las que se debe centrar este nuevo modelo se enfocan en la innovaci\u00f3n tecnol\u00f3gica, el dise\u00f1o de nuevos modelos de convivencia, una mejor definici\u00f3n de los cuidados a domicilio y sin perder de vista la atenci\u00f3n personalizada atendiendo a las personas mayores con soluciones adaptadas a su grado de dependencia.<\/p>\n<p>El crecimiento del sector a futuro requerir\u00e1 de nuevas soluciones de financiaci\u00f3n para poder hacer frente a la fuerte demanda predecible para tener acceso a plazas p\u00fablicas y privadas de residencias.<strong>\u00a0<\/strong><\/p>\n<p><span style=\"color: #e86322;\"><strong>Principales \u00e1reas de actuaci\u00f3n<\/strong><\/span><\/p>\n<p>Estas fueron algunas \u00e1reas de actuaci\u00f3n de las ponencias que se desarrollaron durante el Congreso:<\/p>\n<ul>\n<li><strong>Ayuda a domicilio<\/strong>: ser\u00e1 fundamental profesionalizar los cuidados de las personas dependientes en casa. Se valorar\u00e1 el servicio m\u00e9dico con profesionales eficaces y tecnolog\u00eda de calidad<\/li>\n<li><strong>Salud Mental<\/strong>: Seg\u00fan datos de la Organizaci\u00f3n Mundial de la Salud (OMS),\u00a0<span style=\"text-decoration: underline;\"><span style=\"color: #e86322;\"><a style=\"color: #e86322; text-decoration: underline;\" href=\"https:\/\/gestionydependencia.com\/noticia\/2609\/actualidad\/casi-1-de-cada-4-mayores-de-65-anos-padece-un-trastorno-mental.html\">4 de cada 10 personas mayores de 65 a\u00f1os padece alg\u00fan tipo de trastorno mental<\/a><\/span><\/span>, por lo que ser\u00e1 necesario un control v\u00eda medicaci\u00f3n con seguimiento m\u00e9dico continuado para que puedan disfrutar de una aceptable calidad de vida.<\/li>\n<li><strong>Rob\u00f3tica<\/strong>: Las tendencias en rob\u00f3tica para el sector asistencial se centrar\u00e1n en el uso de la tecnolog\u00eda para ayudar a las personas mayores a poder hablar con sus familias de una manera m\u00e1s f\u00e1cil a trav\u00e9s de llamadas por voz a trav\u00e9s de un sistema robotizado. Tambi\u00e9n se est\u00e1 investigando su aplicaci\u00f3n en \u00e1reas como el control de los indicadores de salud de las personas mayores, la orientaci\u00f3n en espacios f\u00edsicos y para la aplicaci\u00f3n en terapias cognitivas y f\u00edsicas.<strong>\u00a0<\/strong><\/li>\n<\/ul>\n<ul>\n<li><strong>Modelos ACP: <\/strong>Los modelos de Atenci\u00f3n Centrada en la Persona se centrar\u00e1n b\u00e1sicamente en mejorar de forma integral todos los aspectos relacionados con: la salud f\u00edsica, el nivel de independencia, el estado psicol\u00f3gico, la relaci\u00f3n con los elementos esenciales de su entorno y las relaciones sociales.<\/li>\n<\/ul>\n<p>Desde <span style=\"text-decoration: underline;\"><span style=\"color: #e86322; text-decoration: underline;\"><a style=\"color: #e86322; text-decoration: underline;\" href=\"https:\/\/pensium.es\/ca\/\">Pensium<\/a> <\/span><\/span>apoyamos todas las iniciativas para la mejora del sector de la dependencia y la creaci\u00f3n de modelos que ayuden a que las personas mayores a incrementar la calidad de los cuidados asistenciales.<\/p>\n","protected":false},"excerpt":{"rendered":"<p>Los pasados 6,7 y 8 de marzo, en el recinto de IFEMA de Madrid, tuvo lugar la cuarta edici\u00f3n del Congreso Nacional de Dependencia y Sanidad by Alimarket, organizado por Alimarket y Nebext, y con la colaboraci\u00f3n de Inforesidencias. Los profesionales del sector sociosanitario tuvieron la oportunidad de compartir los principales retos y oportunidades del &#8230; <a class=\"excerpt-readmore\" href=\"https:\/\/pensium.es\/ca\/congreso-sanidad-dependencia\/\">Read More<\/a><\/p>\n","protected":false},"author":4,"featured_media":13101,"comment_status":"open","ping_status":"closed","sticky":false,"template":"","format":"standard","meta":{"footnotes":""},"categories":[323],"tags":[],"class_list":["post-13106","post","type-post","status-publish","format-standard","has-post-thumbnail","hentry","category-general-ca"],"yoast_head":"<!-- This site is optimized with the Yoast SEO plugin v27.3 - https:\/\/yoast.com\/product\/yoast-seo-wordpress\/ -->\n<title>El sector sociosanitario en el Congreso Dependencia y Sanidad<\/title>\n<meta name=\"description\" content=\"El Congreso Dependencia y Sanidad by Alimarket convoc\u00f3 de nuevo al sector sociosanitario en su cuarta edici\u00f3n.\" \/>\n<meta name=\"robots\" content=\"index, follow, max-snippet:-1, max-image-preview:large, max-video-preview:-1\" \/>\n<link rel=\"canonical\" href=\"https:\/\/pensium.es\/ca\/congreso-sanidad-dependencia\/\" \/>\n<meta property=\"og:locale\" content=\"ca_ES\" \/>\n<meta property=\"og:type\" content=\"article\" \/>\n<meta property=\"og:title\" content=\"El sector sociosanitario en el Congreso Dependencia y Sanidad\" \/>\n<meta property=\"og:description\" content=\"El Congreso Dependencia y Sanidad by Alimarket convoc\u00f3 de nuevo al sector sociosanitario en su cuarta edici\u00f3n.\" \/>\n<meta property=\"og:url\" content=\"https:\/\/pensium.es\/congreso-sanidad-dependencia\/\" \/>\n<meta property=\"og:site_name\" content=\"Pensium\" \/>\n<meta property=\"article:publisher\" content=\"https:\/\/www.facebook.com\/pensium.es\/\" \/>\n<meta property=\"article:published_time\" content=\"2023-03-10T15:43:05+00:00\" \/>\n<meta property=\"article:modified_time\" content=\"2023-03-10T15:47:44+00:00\" \/>\n<meta property=\"og:image\" content=\"https:\/\/pensium.es\/wp-content\/uploads\/2023\/03\/Congreso-sanidad-dependencia.jpeg\" \/>\n\t<meta property=\"og:image:width\" content=\"945\" \/>\n\t<meta property=\"og:image:height\" content=\"420\" \/>\n\t<meta property=\"og:image:type\" content=\"image\/jpeg\" \/>\n<meta name=\"author\" content=\"Pensium\" \/>\n<meta name=\"twitter:card\" content=\"summary_large_image\" \/>\n<meta name=\"twitter:label1\" content=\"Escrit per\" \/>\n\t<meta name=\"twitter:data1\" content=\"Pensium\" \/>\n\t<meta name=\"twitter:label2\" content=\"Temps estimat de lectura\" \/>\n\t<meta name=\"twitter:data2\" content=\"4 minuts\" \/>\n<script type=\"application\/ld+json\" class=\"yoast-schema-graph\">{\"@context\":\"https:\\\/\\\/schema.org\",\"@graph\":[{\"@type\":\"Article\",\"@id\":\"https:\\\/\\\/pensium.es\\\/congreso-sanidad-dependencia\\\/#article\",\"isPartOf\":{\"@id\":\"https:\\\/\\\/pensium.es\\\/ca\\\/congreso-sanidad-dependencia\\\/\"},\"author\":{\"name\":\"Pensium\",\"@id\":\"https:\\\/\\\/pensium.es\\\/ca\\\/#\\\/schema\\\/person\\\/3b2c54086c781c3b9d4903a784f4049f\"},\"headline\":\"El Congreso Dependencia y Sanidad by Alimarket convoc\u00f3 de nuevo al sector sociosanitario en su cuarta edici\u00f3n\",\"datePublished\":\"2023-03-10T15:43:05+00:00\",\"dateModified\":\"2023-03-10T15:47:44+00:00\",\"mainEntityOfPage\":{\"@id\":\"https:\\\/\\\/pensium.es\\\/ca\\\/congreso-sanidad-dependencia\\\/\"},\"wordCount\":647,\"commentCount\":0,\"image\":{\"@id\":\"https:\\\/\\\/pensium.es\\\/congreso-sanidad-dependencia\\\/#primaryimage\"},\"thumbnailUrl\":\"https:\\\/\\\/pensium.es\\\/wp-content\\\/uploads\\\/2023\\\/03\\\/Congreso-sanidad-dependencia.jpeg\",\"articleSection\":[\"General\"],\"inLanguage\":\"ca\",\"potentialAction\":[{\"@type\":\"CommentAction\",\"name\":\"Comment\",\"target\":[\"https:\\\/\\\/pensium.es\\\/congreso-sanidad-dependencia\\\/#respond\"]}]},{\"@type\":\"WebPage\",\"@id\":\"https:\\\/\\\/pensium.es\\\/ca\\\/congreso-sanidad-dependencia\\\/\",\"url\":\"https:\\\/\\\/pensium.es\\\/congreso-sanidad-dependencia\\\/\",\"name\":\"El sector sociosanitario en el Congreso Dependencia y Sanidad\",\"isPartOf\":{\"@id\":\"https:\\\/\\\/pensium.es\\\/ca\\\/#website\"},\"primaryImageOfPage\":{\"@id\":\"https:\\\/\\\/pensium.es\\\/congreso-sanidad-dependencia\\\/#primaryimage\"},\"image\":{\"@id\":\"https:\\\/\\\/pensium.es\\\/congreso-sanidad-dependencia\\\/#primaryimage\"},\"thumbnailUrl\":\"https:\\\/\\\/pensium.es\\\/wp-content\\\/uploads\\\/2023\\\/03\\\/Congreso-sanidad-dependencia.jpeg\",\"datePublished\":\"2023-03-10T15:43:05+00:00\",\"dateModified\":\"2023-03-10T15:47:44+00:00\",\"author\":{\"@id\":\"https:\\\/\\\/pensium.es\\\/ca\\\/#\\\/schema\\\/person\\\/3b2c54086c781c3b9d4903a784f4049f\"},\"description\":\"El Congreso Dependencia y Sanidad by Alimarket convoc\u00f3 de nuevo al sector sociosanitario en su cuarta edici\u00f3n.\",\"breadcrumb\":{\"@id\":\"https:\\\/\\\/pensium.es\\\/congreso-sanidad-dependencia\\\/#breadcrumb\"},\"inLanguage\":\"ca\",\"potentialAction\":[{\"@type\":\"ReadAction\",\"target\":[\"https:\\\/\\\/pensium.es\\\/congreso-sanidad-dependencia\\\/\"]}]},{\"@type\":\"ImageObject\",\"inLanguage\":\"ca\",\"@id\":\"https:\\\/\\\/pensium.es\\\/congreso-sanidad-dependencia\\\/#primaryimage\",\"url\":\"https:\\\/\\\/pensium.es\\\/wp-content\\\/uploads\\\/2023\\\/03\\\/Congreso-sanidad-dependencia.jpeg\",\"contentUrl\":\"https:\\\/\\\/pensium.es\\\/wp-content\\\/uploads\\\/2023\\\/03\\\/Congreso-sanidad-dependencia.jpeg\",\"width\":945,\"height\":420},{\"@type\":\"BreadcrumbList\",\"@id\":\"https:\\\/\\\/pensium.es\\\/congreso-sanidad-dependencia\\\/#breadcrumb\",\"itemListElement\":[{\"@type\":\"ListItem\",\"position\":1,\"name\":\"Inicio\",\"item\":\"https:\\\/\\\/pensium.es\\\/ca\\\/\"},{\"@type\":\"ListItem\",\"position\":2,\"name\":\"El Congreso Dependencia y Sanidad by Alimarket convoc\u00f3 de nuevo al sector sociosanitario en su cuarta edici\u00f3n\"}]},{\"@type\":\"WebSite\",\"@id\":\"https:\\\/\\\/pensium.es\\\/ca\\\/#website\",\"url\":\"https:\\\/\\\/pensium.es\\\/ca\\\/\",\"name\":\"Pensium\",\"description\":\"Paga la resid\u00e8ncia de la gent gran amb l'avan\u00e7ament del lloguer de l'habitatge\",\"potentialAction\":[{\"@type\":\"SearchAction\",\"target\":{\"@type\":\"EntryPoint\",\"urlTemplate\":\"https:\\\/\\\/pensium.es\\\/ca\\\/?s={search_term_string}\"},\"query-input\":{\"@type\":\"PropertyValueSpecification\",\"valueRequired\":true,\"valueName\":\"search_term_string\"}}],\"inLanguage\":\"ca\"},{\"@type\":\"Person\",\"@id\":\"https:\\\/\\\/pensium.es\\\/ca\\\/#\\\/schema\\\/person\\\/3b2c54086c781c3b9d4903a784f4049f\",\"name\":\"Pensium\",\"image\":{\"@type\":\"ImageObject\",\"inLanguage\":\"ca\",\"@id\":\"https:\\\/\\\/secure.gravatar.com\\\/avatar\\\/676b3457f9f57981f28982fb1f950341359281c6cba0f3f7366cd94ca4f532bd?s=96&d=mm&r=g\",\"url\":\"https:\\\/\\\/secure.gravatar.com\\\/avatar\\\/676b3457f9f57981f28982fb1f950341359281c6cba0f3f7366cd94ca4f532bd?s=96&d=mm&r=g\",\"contentUrl\":\"https:\\\/\\\/secure.gravatar.com\\\/avatar\\\/676b3457f9f57981f28982fb1f950341359281c6cba0f3f7366cd94ca4f532bd?s=96&d=mm&r=g\",\"caption\":\"Pensium\"},\"url\":\"https:\\\/\\\/pensium.es\\\/ca\\\/author\\\/pensium-2\\\/\"}]}<\/script>\n<!-- \/ Yoast SEO plugin. -->","yoast_head_json":{"title":"El sector sociosanitario en el Congreso Dependencia y Sanidad","description":"El Congreso Dependencia y Sanidad by Alimarket convoc\u00f3 de nuevo al sector sociosanitario en su cuarta edici\u00f3n.","robots":{"index":"index","follow":"follow","max-snippet":"max-snippet:-1","max-image-preview":"max-image-preview:large","max-video-preview":"max-video-preview:-1"},"canonical":"https:\/\/pensium.es\/ca\/congreso-sanidad-dependencia\/","og_locale":"ca_ES","og_type":"article","og_title":"El sector sociosanitario en el Congreso Dependencia y Sanidad","og_description":"El Congreso Dependencia y Sanidad by Alimarket convoc\u00f3 de nuevo al sector sociosanitario en su cuarta edici\u00f3n.","og_url":"https:\/\/pensium.es\/congreso-sanidad-dependencia\/","og_site_name":"Pensium","article_publisher":"https:\/\/www.facebook.com\/pensium.es\/","article_published_time":"2023-03-10T15:43:05+00:00","article_modified_time":"2023-03-10T15:47:44+00:00","og_image":[{"width":945,"height":420,"url":"https:\/\/pensium.es\/wp-content\/uploads\/2023\/03\/Congreso-sanidad-dependencia.jpeg","type":"image\/jpeg"}],"author":"Pensium","twitter_card":"summary_large_image","twitter_misc":{"Escrit per":"Pensium","Temps estimat de lectura":"4 minuts"},"schema":{"@context":"https:\/\/schema.org","@graph":[{"@type":"Article","@id":"https:\/\/pensium.es\/congreso-sanidad-dependencia\/#article","isPartOf":{"@id":"https:\/\/pensium.es\/ca\/congreso-sanidad-dependencia\/"},"author":{"name":"Pensium","@id":"https:\/\/pensium.es\/ca\/#\/schema\/person\/3b2c54086c781c3b9d4903a784f4049f"},"headline":"El Congreso Dependencia y Sanidad by Alimarket convoc\u00f3 de nuevo al sector sociosanitario en su cuarta edici\u00f3n","datePublished":"2023-03-10T15:43:05+00:00","dateModified":"2023-03-10T15:47:44+00:00","mainEntityOfPage":{"@id":"https:\/\/pensium.es\/ca\/congreso-sanidad-dependencia\/"},"wordCount":647,"commentCount":0,"image":{"@id":"https:\/\/pensium.es\/congreso-sanidad-dependencia\/#primaryimage"},"thumbnailUrl":"https:\/\/pensium.es\/wp-content\/uploads\/2023\/03\/Congreso-sanidad-dependencia.jpeg","articleSection":["General"],"inLanguage":"ca","potentialAction":[{"@type":"CommentAction","name":"Comment","target":["https:\/\/pensium.es\/congreso-sanidad-dependencia\/#respond"]}]},{"@type":"WebPage","@id":"https:\/\/pensium.es\/ca\/congreso-sanidad-dependencia\/","url":"https:\/\/pensium.es\/congreso-sanidad-dependencia\/","name":"El sector sociosanitario en el Congreso Dependencia y Sanidad","isPartOf":{"@id":"https:\/\/pensium.es\/ca\/#website"},"primaryImageOfPage":{"@id":"https:\/\/pensium.es\/congreso-sanidad-dependencia\/#primaryimage"},"image":{"@id":"https:\/\/pensium.es\/congreso-sanidad-dependencia\/#primaryimage"},"thumbnailUrl":"https:\/\/pensium.es\/wp-content\/uploads\/2023\/03\/Congreso-sanidad-dependencia.jpeg","datePublished":"2023-03-10T15:43:05+00:00","dateModified":"2023-03-10T15:47:44+00:00","author":{"@id":"https:\/\/pensium.es\/ca\/#\/schema\/person\/3b2c54086c781c3b9d4903a784f4049f"},"description":"El Congreso Dependencia y Sanidad by Alimarket convoc\u00f3 de nuevo al sector sociosanitario en su cuarta edici\u00f3n.","breadcrumb":{"@id":"https:\/\/pensium.es\/congreso-sanidad-dependencia\/#breadcrumb"},"inLanguage":"ca","potentialAction":[{"@type":"ReadAction","target":["https:\/\/pensium.es\/congreso-sanidad-dependencia\/"]}]},{"@type":"ImageObject","inLanguage":"ca","@id":"https:\/\/pensium.es\/congreso-sanidad-dependencia\/#primaryimage","url":"https:\/\/pensium.es\/wp-content\/uploads\/2023\/03\/Congreso-sanidad-dependencia.jpeg","contentUrl":"https:\/\/pensium.es\/wp-content\/uploads\/2023\/03\/Congreso-sanidad-dependencia.jpeg","width":945,"height":420},{"@type":"BreadcrumbList","@id":"https:\/\/pensium.es\/congreso-sanidad-dependencia\/#breadcrumb","itemListElement":[{"@type":"ListItem","position":1,"name":"Inicio","item":"https:\/\/pensium.es\/ca\/"},{"@type":"ListItem","position":2,"name":"El Congreso Dependencia y Sanidad by Alimarket convoc\u00f3 de nuevo al sector sociosanitario en su cuarta edici\u00f3n"}]},{"@type":"WebSite","@id":"https:\/\/pensium.es\/ca\/#website","url":"https:\/\/pensium.es\/ca\/","name":"Pensium","description":"Paga la resid\u00e8ncia de la gent gran amb l'avan\u00e7ament del lloguer de l'habitatge","potentialAction":[{"@type":"SearchAction","target":{"@type":"EntryPoint","urlTemplate":"https:\/\/pensium.es\/ca\/?s={search_term_string}"},"query-input":{"@type":"PropertyValueSpecification","valueRequired":true,"valueName":"search_term_string"}}],"inLanguage":"ca"},{"@type":"Person","@id":"https:\/\/pensium.es\/ca\/#\/schema\/person\/3b2c54086c781c3b9d4903a784f4049f","name":"Pensium","image":{"@type":"ImageObject","inLanguage":"ca","@id":"https:\/\/secure.gravatar.com\/avatar\/676b3457f9f57981f28982fb1f950341359281c6cba0f3f7366cd94ca4f532bd?s=96&d=mm&r=g","url":"https:\/\/secure.gravatar.com\/avatar\/676b3457f9f57981f28982fb1f950341359281c6cba0f3f7366cd94ca4f532bd?s=96&d=mm&r=g","contentUrl":"https:\/\/secure.gravatar.com\/avatar\/676b3457f9f57981f28982fb1f950341359281c6cba0f3f7366cd94ca4f532bd?s=96&d=mm&r=g","caption":"Pensium"},"url":"https:\/\/pensium.es\/ca\/author\/pensium-2\/"}]}},"_links":{"self":[{"href":"https:\/\/pensium.es\/ca\/wp-json\/wp\/v2\/posts\/13106","targetHints":{"allow":["GET"]}}],"collection":[{"href":"https:\/\/pensium.es\/ca\/wp-json\/wp\/v2\/posts"}],"about":[{"href":"https:\/\/pensium.es\/ca\/wp-json\/wp\/v2\/types\/post"}],"author":[{"embeddable":true,"href":"https:\/\/pensium.es\/ca\/wp-json\/wp\/v2\/users\/4"}],"replies":[{"embeddable":true,"href":"https:\/\/pensium.es\/ca\/wp-json\/wp\/v2\/comments?post=13106"}],"version-history":[{"count":1,"href":"https:\/\/pensium.es\/ca\/wp-json\/wp\/v2\/posts\/13106\/revisions"}],"predecessor-version":[{"id":13107,"href":"https:\/\/pensium.es\/ca\/wp-json\/wp\/v2\/posts\/13106\/revisions\/13107"}],"wp:featuredmedia":[{"embeddable":true,"href":"https:\/\/pensium.es\/ca\/wp-json\/wp\/v2\/media\/13101"}],"wp:attachment":[{"href":"https:\/\/pensium.es\/ca\/wp-json\/wp\/v2\/media?parent=13106"}],"wp:term":[{"taxonomy":"category","embeddable":true,"href":"https:\/\/pensium.es\/ca\/wp-json\/wp\/v2\/categories?post=13106"},{"taxonomy":"post_tag","embeddable":true,"href":"https:\/\/pensium.es\/ca\/wp-json\/wp\/v2\/tags?post=13106"}],"curies":[{"name":"wp","href":"https:\/\/api.w.org\/{rel}","templated":true}]}}