{"id":13124,"date":"2023-03-23T21:07:07","date_gmt":"2023-03-23T19:07:07","guid":{"rendered":"https:\/\/pensium.es\/importancia-comunicacion-digital-personas-mayores\/"},"modified":"2023-03-23T21:08:07","modified_gmt":"2023-03-23T19:08:07","slug":"importancia-comunicacion-digital-personas-mayores","status":"publish","type":"post","link":"https:\/\/pensium.es\/ca\/importancia-comunicacion-digital-personas-mayores\/","title":{"rendered":"La importancia de la comunicaci\u00f3n digital en el d\u00eda a d\u00eda de las personas mayores"},"content":{"rendered":"\n\n<div class=\"kk-star-ratings kksr-auto kksr-align-left kksr-valign-top\"\n    data-payload='{&quot;align&quot;:&quot;left&quot;,&quot;id&quot;:&quot;13124&quot;,&quot;slug&quot;:&quot;default&quot;,&quot;valign&quot;:&quot;top&quot;,&quot;ignore&quot;:&quot;&quot;,&quot;reference&quot;:&quot;auto&quot;,&quot;class&quot;:&quot;&quot;,&quot;count&quot;:&quot;0&quot;,&quot;legendonly&quot;:&quot;&quot;,&quot;readonly&quot;:&quot;&quot;,&quot;score&quot;:&quot;0&quot;,&quot;starsonly&quot;:&quot;&quot;,&quot;best&quot;:&quot;5&quot;,&quot;gap&quot;:&quot;5&quot;,&quot;greet&quot;:&quot;Rate this post&quot;,&quot;legend&quot;:&quot;0\\\/5 - (0 votes)&quot;,&quot;size&quot;:&quot;24&quot;,&quot;title&quot;:&quot;La importancia de la comunicaci\u00f3n digital en el d\u00eda a d\u00eda de las personas mayores&quot;,&quot;width&quot;:&quot;0&quot;,&quot;_legend&quot;:&quot;{score}\\\/{best} - ({count} {votes})&quot;,&quot;font_factor&quot;:&quot;1.25&quot;}'>\n            \n<div class=\"kksr-stars\">\n    \n<div class=\"kksr-stars-inactive\">\n            <div class=\"kksr-star\" data-star=\"1\" style=\"padding-right: 5px\">\n            \n\n<div class=\"kksr-icon\" style=\"width: 24px; height: 24px;\"><\/div>\n        <\/div>\n            <div class=\"kksr-star\" data-star=\"2\" style=\"padding-right: 5px\">\n            \n\n<div class=\"kksr-icon\" style=\"width: 24px; height: 24px;\"><\/div>\n        <\/div>\n            <div class=\"kksr-star\" data-star=\"3\" style=\"padding-right: 5px\">\n            \n\n<div class=\"kksr-icon\" style=\"width: 24px; height: 24px;\"><\/div>\n        <\/div>\n            <div class=\"kksr-star\" data-star=\"4\" style=\"padding-right: 5px\">\n            \n\n<div class=\"kksr-icon\" style=\"width: 24px; height: 24px;\"><\/div>\n        <\/div>\n            <div class=\"kksr-star\" data-star=\"5\" style=\"padding-right: 5px\">\n            \n\n<div class=\"kksr-icon\" style=\"width: 24px; height: 24px;\"><\/div>\n        <\/div>\n    <\/div>\n    \n<div class=\"kksr-stars-active\" style=\"width: 0px;\">\n            <div class=\"kksr-star\" style=\"padding-right: 5px\">\n            \n\n<div class=\"kksr-icon\" style=\"width: 24px; height: 24px;\"><\/div>\n        <\/div>\n            <div class=\"kksr-star\" style=\"padding-right: 5px\">\n            \n\n<div class=\"kksr-icon\" style=\"width: 24px; height: 24px;\"><\/div>\n        <\/div>\n            <div class=\"kksr-star\" style=\"padding-right: 5px\">\n            \n\n<div class=\"kksr-icon\" style=\"width: 24px; height: 24px;\"><\/div>\n        <\/div>\n            <div class=\"kksr-star\" style=\"padding-right: 5px\">\n            \n\n<div class=\"kksr-icon\" style=\"width: 24px; height: 24px;\"><\/div>\n        <\/div>\n            <div class=\"kksr-star\" style=\"padding-right: 5px\">\n            \n\n<div class=\"kksr-icon\" style=\"width: 24px; height: 24px;\"><\/div>\n        <\/div>\n    <\/div>\n<\/div>\n                \n\n<div class=\"kksr-legend\" style=\"font-size: 19.2px;\">\n            <span class=\"kksr-muted\">Rate this post<\/span>\n    <\/div>\n    <\/div>\n<p><strong><span style=\"color: #e86322;\">Usabilidad de Internet de las personas mayores. Contexto actual<\/span> <\/strong><\/p>\n<p>Desde el inicio de 2020, la pandemia constat\u00f3 la importancia que han adquirido las nuevas tecnolog\u00edas para el desarrollo de las comunicaciones en todos los \u00e1mbitos socioecon\u00f3micos, especialmente en las \u00e1reas de comunicaci\u00f3n y sociabilidad en los casos en los que se imposibilita un contacto directo y presencial entre las personas.<\/p>\n<p>Bajo este contexto, se evidenciaron de forma notable las dificultades que tienen las personas mayores para acceder a las nuevas tecnolog\u00edas y desarrollar competencias digitales para su uso en su vida diaria.<\/p>\n<p>No obstante, el porcentaje de personas mayores que usan Internet ha aumentado a lo largo del tiempo.<\/p>\n<p>Seg\u00fan el Bar\u00f3metro de la Uni\u00f3n Democr\u00e1tica de Pensionistas <a href=\"https:\/\/www.mayoresudp.org\/\"><span style=\"text-decoration: underline;\"><span style=\"color: #e86322; text-decoration: underline;\">(<\/span><span style=\"color: #e86322; text-decoration: underline;\">UDP)<\/span><\/span><\/a>, el uso de las nuevas tecnolog\u00edas por parte de este segmento de poblaci\u00f3n ha crecido de forma progresiva, siendo en 2017 el porcentaje de personas mayores usuarias de Internet un 32,7%, en 2018 un 46,8% y finalmente en 2019 un 59,5%.<\/p>\n<p>Pese a este incremento de usuarios, un 40% de las personas mayores nunca ha accedido a Internet, y 3 de cada 10 no pueden hacer gestiones cotidianas por falta de conocimiento.<\/p>\n<p>Seg\u00fan datos del <a href=\"https:\/\/ec.europa.eu\/eurostat\"><span style=\"text-decoration: underline;\"><span style=\"color: #e86322; text-decoration: underline;\">Eurostat<\/span><\/span><\/a> (2020) s\u00f3lo el 6,5% de los mayores espa\u00f1oles tienen destrezas digitales para manejarse de forma aut\u00f3noma en entornos tecnol\u00f3gicos, y s\u00f3lo el 20% de los mayores de 65 a\u00f1os utilizan Internet de manera diaria.<\/p>\n<p><span style=\"color: #e86322;\"><strong>\u00bfPor qu\u00e9 potenciar el uso de nuevas tecnolog\u00edas en el entorno residencial?<\/strong><\/span><\/p>\n<p>El uso de las nuevas tecnolog\u00edas en las residencias por parte de los usuarios les puede permitir una mayor autonom\u00eda en sus relaciones con la Administraci\u00f3n, sus familiares, el acceso a opciones de cultura y la potenciaci\u00f3n de la sociabilizaci\u00f3n con contactos externos y fuera de su entorno habitual.<\/p>\n<p>Es importante concienciar e informar a las personas mayores de que las nuevas tecnolog\u00edas les pueden ayudar a tener acceso a un conjunto de posibilidades para facilitarles el d\u00eda a d\u00eda, incrementar su calidad de vida y fomentar actividades divertidas con otras personas dentro y fuera de la residencia.<\/p>\n<p>Los familiares y personal de las residencias ser\u00e1n personas claves para facilitar a las personas mayores acceso a terminales digitales para la conectividad, adem\u00e1s de espacios tranquilos para que puedan interactuar a trav\u00e9s de videos, audios y otros formatos relacionados con su ocio diario.<\/p>\n<p><span style=\"color: #e86322;\"><strong>Plataformas digitales <\/strong><\/span><\/p>\n<p>En estos \u00faltimos a\u00f1os, se ha potenciado la creaci\u00f3n de plataformas digitales que posibilitan y facilitan el acceso de las personas mayores a conectar con sus familiares y amigos, con aplicaciones f\u00e1ciles de utilizar y con modelo h\u00edbrido digital y anal\u00f3gico.<\/p>\n<p>Adem\u00e1s de facilitar la comunicaci\u00f3n de las personas mayores con sus familiares a trav\u00e9s de chats, mensajes y videoconferencias, integran informaci\u00f3n actualizada sobre las actividades de la residencia, informaci\u00f3n \u00fatil sobre horarios, men\u00fas y tr\u00e1mites, y conectan a los cuidadores y familiares para intercambiar informaci\u00f3n sobre el estado de salud de los residentes.<\/p>\n<p>De este modo, los familiares y amigos del usuario tienen acceso a plataformas para compartir fotos, v\u00eddeos, mensajes y compartir su d\u00eda a d\u00eda con el residente. Alguna de estas aplicaciones incluso facilita la creaci\u00f3n de una revista con todos los contenidos de inter\u00e9s para que los cuidadores la impriman y la puedan compartir con el usuario de la residencia.<\/p>\n<p>La incorporaci\u00f3n del uso de las herramientas digitales en la cotidianidad de los usuarios de las residencias fomenta el bienestar, la comunicaci\u00f3n y la confianza de las personas mayores en su entorno m\u00e1s cercano, as\u00ed como fomentan la sociabilizaci\u00f3n y la salud mental de los residentes.<\/p>\n<p>Desde <span style=\"text-decoration: underline;\"><span style=\"color: #e86322;\"><a style=\"color: #e86322; text-decoration: underline;\" href=\"http:\/\/www.pensium.com\/\">Pensium<\/a><\/span><\/span>, apoyamos todas las iniciativas que ayuden a potenciar la comunicaci\u00f3n y sociabilidad de las personas mayores en el \u00e1mbito residencial, ayudando a su bienestar y al desarrollo de sus competencias digitales.<\/p>\n","protected":false},"excerpt":{"rendered":"<p>Usabilidad de Internet de las personas mayores. Contexto actual Desde el inicio de 2020, la pandemia constat\u00f3 la importancia que han adquirido las nuevas tecnolog\u00edas para el desarrollo de las comunicaciones en todos los \u00e1mbitos socioecon\u00f3micos, especialmente en las \u00e1reas de comunicaci\u00f3n y sociabilidad en los casos en los que se imposibilita un contacto directo &#8230; <a class=\"excerpt-readmore\" href=\"https:\/\/pensium.es\/ca\/importancia-comunicacion-digital-personas-mayores\/\">Read More<\/a><\/p>\n","protected":false},"author":4,"featured_media":13119,"comment_status":"open","ping_status":"closed","sticky":false,"template":"","format":"standard","meta":{"footnotes":""},"categories":[323],"tags":[],"class_list":["post-13124","post","type-post","status-publish","format-standard","has-post-thumbnail","hentry","category-general-ca"],"yoast_head":"<!-- This site is optimized with the Yoast SEO plugin v27.3 - https:\/\/yoast.com\/product\/yoast-seo-wordpress\/ -->\n<title>La comunicaci\u00f3n digital en el d\u00eda a d\u00eda de los mayores<\/title>\n<meta name=\"robots\" content=\"index, follow, max-snippet:-1, max-image-preview:large, max-video-preview:-1\" \/>\n<link rel=\"canonical\" href=\"https:\/\/pensium.es\/ca\/importancia-comunicacion-digital-personas-mayores\/\" \/>\n<meta property=\"og:locale\" content=\"ca_ES\" \/>\n<meta property=\"og:type\" content=\"article\" \/>\n<meta property=\"og:title\" content=\"La comunicaci\u00f3n digital en el d\u00eda a d\u00eda de los mayores\" \/>\n<meta property=\"og:description\" content=\"Usabilidad de Internet de las personas mayores. Contexto actual Desde el inicio de 2020, la pandemia constat\u00f3 la importancia que han adquirido las nuevas tecnolog\u00edas para el desarrollo de las comunicaciones en todos los \u00e1mbitos socioecon\u00f3micos, especialmente en las \u00e1reas de comunicaci\u00f3n y sociabilidad en los casos en los que se imposibilita un contacto directo ... Read More\" \/>\n<meta property=\"og:url\" content=\"https:\/\/pensium.es\/importancia-comunicacion-digital-personas-mayores\/\" \/>\n<meta property=\"og:site_name\" content=\"Pensium\" \/>\n<meta property=\"article:publisher\" content=\"https:\/\/www.facebook.com\/pensium.es\/\" \/>\n<meta property=\"article:published_time\" content=\"2023-03-23T19:07:07+00:00\" \/>\n<meta property=\"article:modified_time\" content=\"2023-03-23T19:08:07+00:00\" \/>\n<meta property=\"og:image\" content=\"https:\/\/pensium.es\/wp-content\/uploads\/2023\/03\/mobil-personas-mayores.png\" \/>\n\t<meta property=\"og:image:width\" content=\"945\" \/>\n\t<meta property=\"og:image:height\" content=\"457\" \/>\n\t<meta property=\"og:image:type\" content=\"image\/png\" \/>\n<meta name=\"author\" content=\"Pensium\" \/>\n<meta name=\"twitter:card\" content=\"summary_large_image\" \/>\n<meta name=\"twitter:label1\" content=\"Escrit per\" \/>\n\t<meta name=\"twitter:data1\" content=\"Pensium\" \/>\n\t<meta name=\"twitter:label2\" content=\"Temps estimat de lectura\" \/>\n\t<meta name=\"twitter:data2\" content=\"4 minuts\" \/>\n<script type=\"application\/ld+json\" class=\"yoast-schema-graph\">{\"@context\":\"https:\\\/\\\/schema.org\",\"@graph\":[{\"@type\":\"Article\",\"@id\":\"https:\\\/\\\/pensium.es\\\/importancia-comunicacion-digital-personas-mayores\\\/#article\",\"isPartOf\":{\"@id\":\"https:\\\/\\\/pensium.es\\\/ca\\\/importancia-comunicacion-digital-personas-mayores\\\/\"},\"author\":{\"name\":\"Pensium\",\"@id\":\"https:\\\/\\\/pensium.es\\\/ca\\\/#\\\/schema\\\/person\\\/3b2c54086c781c3b9d4903a784f4049f\"},\"headline\":\"La importancia de la comunicaci\u00f3n digital en el d\u00eda a d\u00eda de las personas mayores\",\"datePublished\":\"2023-03-23T19:07:07+00:00\",\"dateModified\":\"2023-03-23T19:08:07+00:00\",\"mainEntityOfPage\":{\"@id\":\"https:\\\/\\\/pensium.es\\\/ca\\\/importancia-comunicacion-digital-personas-mayores\\\/\"},\"wordCount\":674,\"commentCount\":0,\"image\":{\"@id\":\"https:\\\/\\\/pensium.es\\\/importancia-comunicacion-digital-personas-mayores\\\/#primaryimage\"},\"thumbnailUrl\":\"https:\\\/\\\/pensium.es\\\/wp-content\\\/uploads\\\/2023\\\/03\\\/mobil-personas-mayores.png\",\"articleSection\":[\"General\"],\"inLanguage\":\"ca\",\"potentialAction\":[{\"@type\":\"CommentAction\",\"name\":\"Comment\",\"target\":[\"https:\\\/\\\/pensium.es\\\/importancia-comunicacion-digital-personas-mayores\\\/#respond\"]}]},{\"@type\":\"WebPage\",\"@id\":\"https:\\\/\\\/pensium.es\\\/ca\\\/importancia-comunicacion-digital-personas-mayores\\\/\",\"url\":\"https:\\\/\\\/pensium.es\\\/importancia-comunicacion-digital-personas-mayores\\\/\",\"name\":\"La comunicaci\u00f3n digital en el d\u00eda a d\u00eda de los mayores\",\"isPartOf\":{\"@id\":\"https:\\\/\\\/pensium.es\\\/ca\\\/#website\"},\"primaryImageOfPage\":{\"@id\":\"https:\\\/\\\/pensium.es\\\/importancia-comunicacion-digital-personas-mayores\\\/#primaryimage\"},\"image\":{\"@id\":\"https:\\\/\\\/pensium.es\\\/importancia-comunicacion-digital-personas-mayores\\\/#primaryimage\"},\"thumbnailUrl\":\"https:\\\/\\\/pensium.es\\\/wp-content\\\/uploads\\\/2023\\\/03\\\/mobil-personas-mayores.png\",\"datePublished\":\"2023-03-23T19:07:07+00:00\",\"dateModified\":\"2023-03-23T19:08:07+00:00\",\"author\":{\"@id\":\"https:\\\/\\\/pensium.es\\\/ca\\\/#\\\/schema\\\/person\\\/3b2c54086c781c3b9d4903a784f4049f\"},\"breadcrumb\":{\"@id\":\"https:\\\/\\\/pensium.es\\\/importancia-comunicacion-digital-personas-mayores\\\/#breadcrumb\"},\"inLanguage\":\"ca\",\"potentialAction\":[{\"@type\":\"ReadAction\",\"target\":[\"https:\\\/\\\/pensium.es\\\/importancia-comunicacion-digital-personas-mayores\\\/\"]}]},{\"@type\":\"ImageObject\",\"inLanguage\":\"ca\",\"@id\":\"https:\\\/\\\/pensium.es\\\/importancia-comunicacion-digital-personas-mayores\\\/#primaryimage\",\"url\":\"https:\\\/\\\/pensium.es\\\/wp-content\\\/uploads\\\/2023\\\/03\\\/mobil-personas-mayores.png\",\"contentUrl\":\"https:\\\/\\\/pensium.es\\\/wp-content\\\/uploads\\\/2023\\\/03\\\/mobil-personas-mayores.png\",\"width\":945,\"height\":457,\"caption\":\"comunicacion digital personas mayores\"},{\"@type\":\"BreadcrumbList\",\"@id\":\"https:\\\/\\\/pensium.es\\\/importancia-comunicacion-digital-personas-mayores\\\/#breadcrumb\",\"itemListElement\":[{\"@type\":\"ListItem\",\"position\":1,\"name\":\"Inicio\",\"item\":\"https:\\\/\\\/pensium.es\\\/ca\\\/\"},{\"@type\":\"ListItem\",\"position\":2,\"name\":\"La importancia de la comunicaci\u00f3n digital en el d\u00eda a d\u00eda de las personas mayores\"}]},{\"@type\":\"WebSite\",\"@id\":\"https:\\\/\\\/pensium.es\\\/ca\\\/#website\",\"url\":\"https:\\\/\\\/pensium.es\\\/ca\\\/\",\"name\":\"Pensium\",\"description\":\"Paga la resid\u00e8ncia de la gent gran amb l'avan\u00e7ament del lloguer de l'habitatge\",\"potentialAction\":[{\"@type\":\"SearchAction\",\"target\":{\"@type\":\"EntryPoint\",\"urlTemplate\":\"https:\\\/\\\/pensium.es\\\/ca\\\/?s={search_term_string}\"},\"query-input\":{\"@type\":\"PropertyValueSpecification\",\"valueRequired\":true,\"valueName\":\"search_term_string\"}}],\"inLanguage\":\"ca\"},{\"@type\":\"Person\",\"@id\":\"https:\\\/\\\/pensium.es\\\/ca\\\/#\\\/schema\\\/person\\\/3b2c54086c781c3b9d4903a784f4049f\",\"name\":\"Pensium\",\"image\":{\"@type\":\"ImageObject\",\"inLanguage\":\"ca\",\"@id\":\"https:\\\/\\\/secure.gravatar.com\\\/avatar\\\/676b3457f9f57981f28982fb1f950341359281c6cba0f3f7366cd94ca4f532bd?s=96&d=mm&r=g\",\"url\":\"https:\\\/\\\/secure.gravatar.com\\\/avatar\\\/676b3457f9f57981f28982fb1f950341359281c6cba0f3f7366cd94ca4f532bd?s=96&d=mm&r=g\",\"contentUrl\":\"https:\\\/\\\/secure.gravatar.com\\\/avatar\\\/676b3457f9f57981f28982fb1f950341359281c6cba0f3f7366cd94ca4f532bd?s=96&d=mm&r=g\",\"caption\":\"Pensium\"},\"url\":\"https:\\\/\\\/pensium.es\\\/ca\\\/author\\\/pensium-2\\\/\"}]}<\/script>\n<!-- \/ Yoast SEO plugin. -->","yoast_head_json":{"title":"La comunicaci\u00f3n digital en el d\u00eda a d\u00eda de los mayores","robots":{"index":"index","follow":"follow","max-snippet":"max-snippet:-1","max-image-preview":"max-image-preview:large","max-video-preview":"max-video-preview:-1"},"canonical":"https:\/\/pensium.es\/ca\/importancia-comunicacion-digital-personas-mayores\/","og_locale":"ca_ES","og_type":"article","og_title":"La comunicaci\u00f3n digital en el d\u00eda a d\u00eda de los mayores","og_description":"Usabilidad de Internet de las personas mayores. Contexto actual Desde el inicio de 2020, la pandemia constat\u00f3 la importancia que han adquirido las nuevas tecnolog\u00edas para el desarrollo de las comunicaciones en todos los \u00e1mbitos socioecon\u00f3micos, especialmente en las \u00e1reas de comunicaci\u00f3n y sociabilidad en los casos en los que se imposibilita un contacto directo ... Read More","og_url":"https:\/\/pensium.es\/importancia-comunicacion-digital-personas-mayores\/","og_site_name":"Pensium","article_publisher":"https:\/\/www.facebook.com\/pensium.es\/","article_published_time":"2023-03-23T19:07:07+00:00","article_modified_time":"2023-03-23T19:08:07+00:00","og_image":[{"width":945,"height":457,"url":"https:\/\/pensium.es\/wp-content\/uploads\/2023\/03\/mobil-personas-mayores.png","type":"image\/png"}],"author":"Pensium","twitter_card":"summary_large_image","twitter_misc":{"Escrit per":"Pensium","Temps estimat de lectura":"4 minuts"},"schema":{"@context":"https:\/\/schema.org","@graph":[{"@type":"Article","@id":"https:\/\/pensium.es\/importancia-comunicacion-digital-personas-mayores\/#article","isPartOf":{"@id":"https:\/\/pensium.es\/ca\/importancia-comunicacion-digital-personas-mayores\/"},"author":{"name":"Pensium","@id":"https:\/\/pensium.es\/ca\/#\/schema\/person\/3b2c54086c781c3b9d4903a784f4049f"},"headline":"La importancia de la comunicaci\u00f3n digital en el d\u00eda a d\u00eda de las personas mayores","datePublished":"2023-03-23T19:07:07+00:00","dateModified":"2023-03-23T19:08:07+00:00","mainEntityOfPage":{"@id":"https:\/\/pensium.es\/ca\/importancia-comunicacion-digital-personas-mayores\/"},"wordCount":674,"commentCount":0,"image":{"@id":"https:\/\/pensium.es\/importancia-comunicacion-digital-personas-mayores\/#primaryimage"},"thumbnailUrl":"https:\/\/pensium.es\/wp-content\/uploads\/2023\/03\/mobil-personas-mayores.png","articleSection":["General"],"inLanguage":"ca","potentialAction":[{"@type":"CommentAction","name":"Comment","target":["https:\/\/pensium.es\/importancia-comunicacion-digital-personas-mayores\/#respond"]}]},{"@type":"WebPage","@id":"https:\/\/pensium.es\/ca\/importancia-comunicacion-digital-personas-mayores\/","url":"https:\/\/pensium.es\/importancia-comunicacion-digital-personas-mayores\/","name":"La comunicaci\u00f3n digital en el d\u00eda a d\u00eda de los mayores","isPartOf":{"@id":"https:\/\/pensium.es\/ca\/#website"},"primaryImageOfPage":{"@id":"https:\/\/pensium.es\/importancia-comunicacion-digital-personas-mayores\/#primaryimage"},"image":{"@id":"https:\/\/pensium.es\/importancia-comunicacion-digital-personas-mayores\/#primaryimage"},"thumbnailUrl":"https:\/\/pensium.es\/wp-content\/uploads\/2023\/03\/mobil-personas-mayores.png","datePublished":"2023-03-23T19:07:07+00:00","dateModified":"2023-03-23T19:08:07+00:00","author":{"@id":"https:\/\/pensium.es\/ca\/#\/schema\/person\/3b2c54086c781c3b9d4903a784f4049f"},"breadcrumb":{"@id":"https:\/\/pensium.es\/importancia-comunicacion-digital-personas-mayores\/#breadcrumb"},"inLanguage":"ca","potentialAction":[{"@type":"ReadAction","target":["https:\/\/pensium.es\/importancia-comunicacion-digital-personas-mayores\/"]}]},{"@type":"ImageObject","inLanguage":"ca","@id":"https:\/\/pensium.es\/importancia-comunicacion-digital-personas-mayores\/#primaryimage","url":"https:\/\/pensium.es\/wp-content\/uploads\/2023\/03\/mobil-personas-mayores.png","contentUrl":"https:\/\/pensium.es\/wp-content\/uploads\/2023\/03\/mobil-personas-mayores.png","width":945,"height":457,"caption":"comunicacion digital personas mayores"},{"@type":"BreadcrumbList","@id":"https:\/\/pensium.es\/importancia-comunicacion-digital-personas-mayores\/#breadcrumb","itemListElement":[{"@type":"ListItem","position":1,"name":"Inicio","item":"https:\/\/pensium.es\/ca\/"},{"@type":"ListItem","position":2,"name":"La importancia de la comunicaci\u00f3n digital en el d\u00eda a d\u00eda de las personas mayores"}]},{"@type":"WebSite","@id":"https:\/\/pensium.es\/ca\/#website","url":"https:\/\/pensium.es\/ca\/","name":"Pensium","description":"Paga la resid\u00e8ncia de la gent gran amb l'avan\u00e7ament del lloguer de l'habitatge","potentialAction":[{"@type":"SearchAction","target":{"@type":"EntryPoint","urlTemplate":"https:\/\/pensium.es\/ca\/?s={search_term_string}"},"query-input":{"@type":"PropertyValueSpecification","valueRequired":true,"valueName":"search_term_string"}}],"inLanguage":"ca"},{"@type":"Person","@id":"https:\/\/pensium.es\/ca\/#\/schema\/person\/3b2c54086c781c3b9d4903a784f4049f","name":"Pensium","image":{"@type":"ImageObject","inLanguage":"ca","@id":"https:\/\/secure.gravatar.com\/avatar\/676b3457f9f57981f28982fb1f950341359281c6cba0f3f7366cd94ca4f532bd?s=96&d=mm&r=g","url":"https:\/\/secure.gravatar.com\/avatar\/676b3457f9f57981f28982fb1f950341359281c6cba0f3f7366cd94ca4f532bd?s=96&d=mm&r=g","contentUrl":"https:\/\/secure.gravatar.com\/avatar\/676b3457f9f57981f28982fb1f950341359281c6cba0f3f7366cd94ca4f532bd?s=96&d=mm&r=g","caption":"Pensium"},"url":"https:\/\/pensium.es\/ca\/author\/pensium-2\/"}]}},"_links":{"self":[{"href":"https:\/\/pensium.es\/ca\/wp-json\/wp\/v2\/posts\/13124","targetHints":{"allow":["GET"]}}],"collection":[{"href":"https:\/\/pensium.es\/ca\/wp-json\/wp\/v2\/posts"}],"about":[{"href":"https:\/\/pensium.es\/ca\/wp-json\/wp\/v2\/types\/post"}],"author":[{"embeddable":true,"href":"https:\/\/pensium.es\/ca\/wp-json\/wp\/v2\/users\/4"}],"replies":[{"embeddable":true,"href":"https:\/\/pensium.es\/ca\/wp-json\/wp\/v2\/comments?post=13124"}],"version-history":[{"count":1,"href":"https:\/\/pensium.es\/ca\/wp-json\/wp\/v2\/posts\/13124\/revisions"}],"predecessor-version":[{"id":13127,"href":"https:\/\/pensium.es\/ca\/wp-json\/wp\/v2\/posts\/13124\/revisions\/13127"}],"wp:featuredmedia":[{"embeddable":true,"href":"https:\/\/pensium.es\/ca\/wp-json\/wp\/v2\/media\/13119"}],"wp:attachment":[{"href":"https:\/\/pensium.es\/ca\/wp-json\/wp\/v2\/media?parent=13124"}],"wp:term":[{"taxonomy":"category","embeddable":true,"href":"https:\/\/pensium.es\/ca\/wp-json\/wp\/v2\/categories?post=13124"},{"taxonomy":"post_tag","embeddable":true,"href":"https:\/\/pensium.es\/ca\/wp-json\/wp\/v2\/tags?post=13124"}],"curies":[{"name":"wp","href":"https:\/\/api.w.org\/{rel}","templated":true}]}}