{"id":13566,"date":"2023-07-03T18:13:36","date_gmt":"2023-07-03T16:13:36","guid":{"rendered":"https:\/\/pensium.es\/aspectos-legales-deterioro-cognitivo-ancianos\/"},"modified":"2023-07-03T19:10:09","modified_gmt":"2023-07-03T17:10:09","slug":"aspectos-legales-deterioro-cognitivo-ancianos","status":"publish","type":"post","link":"https:\/\/pensium.es\/ca\/aspectos-legales-deterioro-cognitivo-ancianos\/","title":{"rendered":"La importancia de prevenir los aspectos legales relacionados con el deterioro cognitivo de las personas mayores"},"content":{"rendered":"\n\n<div class=\"kk-star-ratings kksr-auto kksr-align-left kksr-valign-top\"\n    data-payload='{&quot;align&quot;:&quot;left&quot;,&quot;id&quot;:&quot;13566&quot;,&quot;slug&quot;:&quot;default&quot;,&quot;valign&quot;:&quot;top&quot;,&quot;ignore&quot;:&quot;&quot;,&quot;reference&quot;:&quot;auto&quot;,&quot;class&quot;:&quot;&quot;,&quot;count&quot;:&quot;0&quot;,&quot;legendonly&quot;:&quot;&quot;,&quot;readonly&quot;:&quot;&quot;,&quot;score&quot;:&quot;0&quot;,&quot;starsonly&quot;:&quot;&quot;,&quot;best&quot;:&quot;5&quot;,&quot;gap&quot;:&quot;5&quot;,&quot;greet&quot;:&quot;Rate this post&quot;,&quot;legend&quot;:&quot;0\\\/5 - (0 votes)&quot;,&quot;size&quot;:&quot;24&quot;,&quot;title&quot;:&quot;La importancia de prevenir los aspectos legales relacionados con el deterioro cognitivo de las personas mayores&quot;,&quot;width&quot;:&quot;0&quot;,&quot;_legend&quot;:&quot;{score}\\\/{best} - ({count} {votes})&quot;,&quot;font_factor&quot;:&quot;1.25&quot;}'>\n            \n<div class=\"kksr-stars\">\n    \n<div class=\"kksr-stars-inactive\">\n            <div class=\"kksr-star\" data-star=\"1\" style=\"padding-right: 5px\">\n            \n\n<div class=\"kksr-icon\" style=\"width: 24px; height: 24px;\"><\/div>\n        <\/div>\n            <div class=\"kksr-star\" data-star=\"2\" style=\"padding-right: 5px\">\n            \n\n<div class=\"kksr-icon\" style=\"width: 24px; height: 24px;\"><\/div>\n        <\/div>\n            <div class=\"kksr-star\" data-star=\"3\" style=\"padding-right: 5px\">\n            \n\n<div class=\"kksr-icon\" style=\"width: 24px; height: 24px;\"><\/div>\n        <\/div>\n            <div class=\"kksr-star\" data-star=\"4\" style=\"padding-right: 5px\">\n            \n\n<div class=\"kksr-icon\" style=\"width: 24px; height: 24px;\"><\/div>\n        <\/div>\n            <div class=\"kksr-star\" data-star=\"5\" style=\"padding-right: 5px\">\n            \n\n<div class=\"kksr-icon\" style=\"width: 24px; height: 24px;\"><\/div>\n        <\/div>\n    <\/div>\n    \n<div class=\"kksr-stars-active\" style=\"width: 0px;\">\n            <div class=\"kksr-star\" style=\"padding-right: 5px\">\n            \n\n<div class=\"kksr-icon\" style=\"width: 24px; height: 24px;\"><\/div>\n        <\/div>\n            <div class=\"kksr-star\" style=\"padding-right: 5px\">\n            \n\n<div class=\"kksr-icon\" style=\"width: 24px; height: 24px;\"><\/div>\n        <\/div>\n            <div class=\"kksr-star\" style=\"padding-right: 5px\">\n            \n\n<div class=\"kksr-icon\" style=\"width: 24px; height: 24px;\"><\/div>\n        <\/div>\n            <div class=\"kksr-star\" style=\"padding-right: 5px\">\n            \n\n<div class=\"kksr-icon\" style=\"width: 24px; height: 24px;\"><\/div>\n        <\/div>\n            <div class=\"kksr-star\" style=\"padding-right: 5px\">\n            \n\n<div class=\"kksr-icon\" style=\"width: 24px; height: 24px;\"><\/div>\n        <\/div>\n    <\/div>\n<\/div>\n                \n\n<div class=\"kksr-legend\" style=\"font-size: 19.2px;\">\n            <span class=\"kksr-muted\">Rate this post<\/span>\n    <\/div>\n    <\/div>\n<p><strong>Incluimos entrevista con MENS MENTIS, voluntarias para la ayuda de enfermos y familiares en la resoluci\u00f3n de cuestiones legales <\/strong><\/p>\n<p>A medida que las personas envejecen, su salud mental se convierte en un aspecto fundamental para su bienestar general. Sin embargo, a menudo se pasan por alto los desaf\u00edos a los que se enfrentan tales como la depresi\u00f3n, la ansiedad y otros trastornos de salud mental. La detecci\u00f3n y prevenci\u00f3n de los mismos resulta fundamental.<\/p>\n<p>Estos desaf\u00edos pueden tener un impacto significativo en la calidad de vida de las personas mayores y pueden acabar en aislamiento social, deterioro cognitivo y disminuci\u00f3n de la funcionalidad f\u00edsica.<\/p>\n<p>\u00bfC\u00f3mo podemos mejorar la detecci\u00f3n, el acceso al tratamiento y el apoyo psicosocial para promover una mejor calidad de vida en la tercera edad?<\/p>\n<ul>\n<li><u>Desaf\u00edos de salud mental en el envejecimiento<\/u>: El envejecimiento puede estar acompa\u00f1ado de diversos desaf\u00edos de salud mental. Las personas mayores pueden experimentar una serie de cambios y p\u00e9rdidas significativas, como la p\u00e9rdida de seres queridos, la jubilaci\u00f3n, la disminuci\u00f3n de la capacidad f\u00edsica y los cambios en el entorno social. Estos factores pueden contribuir a la aparici\u00f3n de depresi\u00f3n, ansiedad, aislamiento social y otros problemas de salud mental. Adem\u00e1s, existe una mayor prevalencia de enfermedades neurodegenerativas, como el Alzheimer y la demencia.<\/li>\n<li><u>Detecci\u00f3n temprana y diagn\u00f3stico<\/u>: La detecci\u00f3n temprana de los problemas de salud mental en las personas mayores es crucial para proporcionar intervenciones oportunas y efectivas. Sin embargo, a menudo existen barreras para la detecci\u00f3n, como el estigma asociado a la salud mental y la falta de conciencia y conocimiento en la comunidad. Es necesario implementar programas de detecci\u00f3n y diagn\u00f3stico temprano en entornos m\u00e9dicos y comunitarios.<\/li>\n<li><u>Acceso al tratamiento<\/u>: El acceso al tratamiento es otro desaf\u00edo importante en la salud mental de las personas mayores. Pueden surgir barreras como la falta de servicios especializados. Es fundamental mejorar el acceso a servicios de salud mental adaptados a las necesidades de las personas mayores, tanto en t\u00e9rminos de disponibilidad como de asequibilidad. Esto implica fortalecer los servicios de salud mental en entornos geri\u00e1tricos, promover la colaboraci\u00f3n entre proveedores de atenci\u00f3n primaria y especialistas en salud mental, y sensibilizar sobre los recursos disponibles para el tratamiento de problemas de salud mental en la tercera edad.<\/li>\n<li><u>Apoyo psicosocial y redes de apoyo<\/u>: El apoyo psicosocial desempe\u00f1a un papel vital en la salud mental de las personas mayores. La creaci\u00f3n de redes de apoyo s\u00f3lidas puede ayudar a prevenir la depresi\u00f3n y el aislamiento social. Las intervenciones psicosociales, como la terapia de grupo, el apoyo emocional y las actividades sociales, son esenciales para fomentar la conexi\u00f3n social y el bienestar emocional.<\/li>\n<\/ul>\n<p>No obstante, la mejor recomendaci\u00f3n es <strong><u>la prevenci\u00f3n.<\/u><\/strong> El primer paso es tomar consciencia de la importancia de prevenir situaciones de dependencia ante cualquier enfermedad, dolencia prematura o diagn\u00f3stico que pueda imposibilitarnos a corto medio plazo nuestra capacidad f\u00edsica.<\/p>\n<p><span style=\"color: #e86322;\"><strong>MENS MENTIS<\/strong><\/span> es un proyecto liderado por dos abogadas con una dilatada experiencia en el sector de la abogac\u00eda que ofrecen de forma voluntaria y gratuita a diferentes asociaciones y entidades, servicios de asesoramiento a personas (y a sus familiares) que presentan alteraciones cognitivas, Alzheimer y otra tipolog\u00eda de demencias.<\/p>\n<p><strong><u>Esther Mas Gir\u00f3<\/u><\/strong>: licenciada en Derecho, pertenece al bufete de abogados Mas Gir\u00f3 en Vilafranca del Pened\u00e9s. Voluntaria en Mens Mentis en la ayuda jur\u00eddico-legal de personas enfermas y familiares para la resoluci\u00f3n de cuestiones legales.<\/p>\n<p><strong><u>Anabel Mir\u00f3 Panzano<\/u><\/strong>: licenciada en Derecho, voluntaria en Mens Mentis en la ayuda jur\u00eddico-legal de personas enfermas y familiares para la resoluci\u00f3n de cuestiones legales.<\/p>\n<p>Los servicios que ofrecen incluyen:<\/p>\n<ul>\n<li>Informaci\u00f3n sobre los conceptos legales propios de la situaci\u00f3n jur\u00eddica de la persona.<\/li>\n<li>Ayuda con las gestiones que la familia debe realizar una vez se inicia el proceso.<\/li>\n<li>Identificaci\u00f3n de los recursos que pueden ayudar a hacer frente a la situaci\u00f3n.<\/li>\n<li>Asesoramiento desde la prevenci\u00f3n de las herramientas jur\u00eddicas adecuadas para afrontar las diferentes etapas del proceso.<\/li>\n<\/ul>\n<p>Entre las actividades que realiza MENS MENTIS, destacamos el Encuentro-coloquio que realizan de forma peri\u00f3dica para informar a familiares y\/o personas enfermas de las herramientas legales preventivas que existen a su alrededor, as\u00ed como asesoramiento jur\u00eddico de las diferentes situaciones de vejez o enfermedad. Este encuentro en clave pedag\u00f3gica se toma conciencia de los dos momentos de vida m\u00e1s importantes: las posibles enfermedades y la muerte.<\/p>\n<p>Para ello, se explican herramientas jur\u00eddicas como el otorgamiento de poderes, la designaci\u00f3n voluntaria de un asistente notarial, la designaci\u00f3n de guardia de hecho, el otorgamiento del documento de voluntades anticipadas y el del testamento.<\/p>\n<p>Y como \u00faltimo recurso, cuando no se han podido aplicar medidas preventivas, ser\u00e1 necesario tener en cuenta la posibilidad de acudir a los Juzgados para solicitar un expediente de provisi\u00f3n de medidas judiciales de soporte a les persones con discapacidad que tendr\u00e1 como objetivo designar un asistente judicial.<\/p>\n<p>PENSIUM ha realizado una entrevista a Esther y Anabel de <strong>MENS MENTIS <\/strong>para conocer mejor a sus integrantes, su labor social y sobre todo los servicios que prestan<\/p>\n<p><strong><span style=\"color: #e86322;\">\u00bfC\u00f3mo surge el proyecto\u00a0MENS MENTIS?<\/span> <\/strong><\/p>\n<p>Somos dos abogadas que han vivido personalmente la experiencia de familiares de su entorno pr\u00f3ximo que nos han sensibilizado al respecto de todo lo que rodea hacer frente a una enfermedad mental, y que, por lo tanto, hemos podido experimentar la desorientaci\u00f3n y falta de informaci\u00f3n general que a menudo sufren los enfermos, familiares y cuidadores. Todo esto unido a las \u00faltimas reformas normativas en materia de discapacidad, nos ha motivado a ofrecer un resumen de toda la informaci\u00f3n necesaria para poder hacer frente a esta situaci\u00f3n.<\/p>\n<p><span style=\"color: #e86322;\"><strong>\u00bfCu\u00e1les son las tipolog\u00edas de casos que os encontr\u00e1is de forma m\u00e1s habitual?<\/strong><\/span><\/p>\n<p>Principalmente nos encontramos con consultas en momentos demasiado avanzados, donde los familiares o las personas afectadas ya tienen alguna situaci\u00f3n urgente que resolver. Intentamos hacer pedagog\u00eda sobre la importancia de la prevenci\u00f3n para dos momentos tan importantes de la vida, como son las posibles enfermedades o la propia muerte.<br \/>\n<strong><br \/>\n<span style=\"color: #e86322;\">\u00bfNos pod\u00e9is explicar alg\u00fan caso que os haya impactado de forma especial?<\/span><\/strong><\/p>\n<p>Un caso especial fue el de una mujer de 56 a\u00f1os, con un diagn\u00f3stico muy precoz de Alzheimer, y que, por lo tanto, disfrutando todav\u00eda de una capacidad total quiso prevenir su futuro en todos los \u00e1mbitos. Hizo uso de todas las herramientas de prevenci\u00f3n que ella consider\u00f3 oportunas. En este caso hizo testamento, documento de voluntades anticipadas y apoderamiento notarial.<\/p>\n<p>Este es un claro ejemplo para entender la importancia de la prevenci\u00f3n, pue las medidas ofrecidas se pueden adoptar en cualquier momento de la vida, para cuando sean necesarias, dejando expresada nuestra voluntad, en el mejor momento, cuando estamos en condiciones \u00f3ptimas para decidir en libertad. Hay que tener presente la posibilidad de un diagn\u00f3stico precoz, y que en esa etapa inicial a\u00fan pueden adoptarse muchas decisiones que mejoren el futuro de la persona afectada por la enfermedad.<\/p>\n<p>Y tambi\u00e9n es un claro ejemplo de la importancia de anticipar el uso de las herramientas de prevenci\u00f3n que la ley nos ofrece. El momento id\u00f3neo es cuando uno se encuentra bien y cuenta con una buena salud; de esta manera se conseguir\u00e1 prever como quiero pasar la vejez o los cuidados que deseo recibir, en caso de llegar a la enfermedad, y c\u00f3mo organizar mi vida personal y gesti\u00f3n patrimonial, incluyendo todos aquellos \u00e1mbitos que considere necesarios.<\/p>\n<p>Muchas gracias a Anabel y Esther por habernos concedido esta entrevista y darnos su punto de vista sobre la importancia de fomentar medidas preventivas para facilitar las gestiones legales en aspectos relacionados con las enfermedades degenerativas en el grupo de las personas mayores.<\/p>\n<p>Pod\u00e9is contactar con Mens Mentis a trav\u00e9s del correo electr\u00f3nico: <span style=\"text-decoration: underline;\"><span style=\"color: #e86322;\"><a style=\"color: #e86322;\" href=\"mailto:mensmentislex@gmail.com\"><strong>mensmentislex@gmail.com<\/strong><\/a><\/span><\/span><\/p>\n<p>Desde PENSIUM fomentamos el apoyo a las personas mayores con dependencia y a sus familias a trav\u00e9s del programa Pensium, el cual ayuda a tener los recursos necesarios para afrontar el pago de la residencia que la persona mayor elija.<\/p>\n","protected":false},"excerpt":{"rendered":"<p>Incluimos entrevista con MENS MENTIS, voluntarias para la ayuda de enfermos y familiares en la resoluci\u00f3n de cuestiones legales A medida que las personas envejecen, su salud mental se convierte en un aspecto fundamental para su bienestar general. Sin embargo, a menudo se pasan por alto los desaf\u00edos a los que se enfrentan tales como &#8230; <a class=\"excerpt-readmore\" href=\"https:\/\/pensium.es\/ca\/aspectos-legales-deterioro-cognitivo-ancianos\/\">Read More<\/a><\/p>\n","protected":false},"author":4,"featured_media":13561,"comment_status":"open","ping_status":"closed","sticky":false,"template":"","format":"standard","meta":{"footnotes":""},"categories":[317,323,311],"tags":[],"class_list":["post-13566","post","type-post","status-publish","format-standard","has-post-thumbnail","hentry","category-dependencia-ca","category-general-ca","category-malaties-neurodegeneratives"],"yoast_head":"<!-- This site is optimized with the Yoast SEO plugin v27.3 - https:\/\/yoast.com\/product\/yoast-seo-wordpress\/ -->\n<title>Aspectos legales ante el deterioro cognitivo en la vejez<\/title>\n<meta name=\"robots\" content=\"index, follow, max-snippet:-1, max-image-preview:large, max-video-preview:-1\" \/>\n<link rel=\"canonical\" href=\"https:\/\/pensium.es\/ca\/aspectos-legales-deterioro-cognitivo-ancianos\/\" \/>\n<meta property=\"og:locale\" content=\"ca_ES\" \/>\n<meta property=\"og:type\" content=\"article\" \/>\n<meta property=\"og:title\" content=\"Aspectos legales ante el deterioro cognitivo en la vejez\" \/>\n<meta property=\"og:description\" content=\"Incluimos entrevista con MENS MENTIS, voluntarias para la ayuda de enfermos y familiares en la resoluci\u00f3n de cuestiones legales A medida que las personas envejecen, su salud mental se convierte en un aspecto fundamental para su bienestar general. Sin embargo, a menudo se pasan por alto los desaf\u00edos a los que se enfrentan tales como ... Read More\" \/>\n<meta property=\"og:url\" content=\"https:\/\/pensium.es\/aspectos-legales-deterioro-cognitivo-ancianos\/\" \/>\n<meta property=\"og:site_name\" content=\"Pensium\" \/>\n<meta property=\"article:publisher\" content=\"https:\/\/www.facebook.com\/pensium.es\/\" \/>\n<meta property=\"article:published_time\" content=\"2023-07-03T16:13:36+00:00\" \/>\n<meta property=\"article:modified_time\" content=\"2023-07-03T17:10:09+00:00\" \/>\n<meta property=\"og:image\" content=\"https:\/\/pensium.es\/wp-content\/uploads\/2023\/07\/salud-mental.jpg\" \/>\n\t<meta property=\"og:image:width\" content=\"945\" \/>\n\t<meta property=\"og:image:height\" content=\"456\" \/>\n\t<meta property=\"og:image:type\" content=\"image\/jpeg\" \/>\n<meta name=\"author\" content=\"Pensium\" \/>\n<meta name=\"twitter:card\" content=\"summary_large_image\" \/>\n<meta name=\"twitter:label1\" content=\"Escrit per\" \/>\n\t<meta name=\"twitter:data1\" content=\"Pensium\" \/>\n\t<meta name=\"twitter:label2\" content=\"Temps estimat de lectura\" \/>\n\t<meta name=\"twitter:data2\" content=\"8 minuts\" \/>\n<script type=\"application\/ld+json\" class=\"yoast-schema-graph\">{\"@context\":\"https:\\\/\\\/schema.org\",\"@graph\":[{\"@type\":\"Article\",\"@id\":\"https:\\\/\\\/pensium.es\\\/aspectos-legales-deterioro-cognitivo-ancianos\\\/#article\",\"isPartOf\":{\"@id\":\"https:\\\/\\\/pensium.es\\\/ca\\\/aspectos-legales-deterioro-cognitivo-ancianos\\\/\"},\"author\":{\"name\":\"Pensium\",\"@id\":\"https:\\\/\\\/pensium.es\\\/ca\\\/#\\\/schema\\\/person\\\/3b2c54086c781c3b9d4903a784f4049f\"},\"headline\":\"La importancia de prevenir los aspectos legales relacionados con el deterioro cognitivo de las personas mayores\",\"datePublished\":\"2023-07-03T16:13:36+00:00\",\"dateModified\":\"2023-07-03T17:10:09+00:00\",\"mainEntityOfPage\":{\"@id\":\"https:\\\/\\\/pensium.es\\\/ca\\\/aspectos-legales-deterioro-cognitivo-ancianos\\\/\"},\"wordCount\":1417,\"commentCount\":0,\"image\":{\"@id\":\"https:\\\/\\\/pensium.es\\\/aspectos-legales-deterioro-cognitivo-ancianos\\\/#primaryimage\"},\"thumbnailUrl\":\"https:\\\/\\\/pensium.es\\\/wp-content\\\/uploads\\\/2023\\\/07\\\/salud-mental.jpg\",\"articleSection\":[\"Depend\u00e8ncia\",\"General\",\"Malalties neurodegeneratives\"],\"inLanguage\":\"ca\",\"potentialAction\":[{\"@type\":\"CommentAction\",\"name\":\"Comment\",\"target\":[\"https:\\\/\\\/pensium.es\\\/aspectos-legales-deterioro-cognitivo-ancianos\\\/#respond\"]}]},{\"@type\":\"WebPage\",\"@id\":\"https:\\\/\\\/pensium.es\\\/ca\\\/aspectos-legales-deterioro-cognitivo-ancianos\\\/\",\"url\":\"https:\\\/\\\/pensium.es\\\/aspectos-legales-deterioro-cognitivo-ancianos\\\/\",\"name\":\"Aspectos legales ante el deterioro cognitivo en la vejez\",\"isPartOf\":{\"@id\":\"https:\\\/\\\/pensium.es\\\/ca\\\/#website\"},\"primaryImageOfPage\":{\"@id\":\"https:\\\/\\\/pensium.es\\\/aspectos-legales-deterioro-cognitivo-ancianos\\\/#primaryimage\"},\"image\":{\"@id\":\"https:\\\/\\\/pensium.es\\\/aspectos-legales-deterioro-cognitivo-ancianos\\\/#primaryimage\"},\"thumbnailUrl\":\"https:\\\/\\\/pensium.es\\\/wp-content\\\/uploads\\\/2023\\\/07\\\/salud-mental.jpg\",\"datePublished\":\"2023-07-03T16:13:36+00:00\",\"dateModified\":\"2023-07-03T17:10:09+00:00\",\"author\":{\"@id\":\"https:\\\/\\\/pensium.es\\\/ca\\\/#\\\/schema\\\/person\\\/3b2c54086c781c3b9d4903a784f4049f\"},\"breadcrumb\":{\"@id\":\"https:\\\/\\\/pensium.es\\\/aspectos-legales-deterioro-cognitivo-ancianos\\\/#breadcrumb\"},\"inLanguage\":\"ca\",\"potentialAction\":[{\"@type\":\"ReadAction\",\"target\":[\"https:\\\/\\\/pensium.es\\\/aspectos-legales-deterioro-cognitivo-ancianos\\\/\"]}]},{\"@type\":\"ImageObject\",\"inLanguage\":\"ca\",\"@id\":\"https:\\\/\\\/pensium.es\\\/aspectos-legales-deterioro-cognitivo-ancianos\\\/#primaryimage\",\"url\":\"https:\\\/\\\/pensium.es\\\/wp-content\\\/uploads\\\/2023\\\/07\\\/salud-mental.jpg\",\"contentUrl\":\"https:\\\/\\\/pensium.es\\\/wp-content\\\/uploads\\\/2023\\\/07\\\/salud-mental.jpg\",\"width\":945,\"height\":456,\"caption\":\"salud mental vejez\"},{\"@type\":\"BreadcrumbList\",\"@id\":\"https:\\\/\\\/pensium.es\\\/aspectos-legales-deterioro-cognitivo-ancianos\\\/#breadcrumb\",\"itemListElement\":[{\"@type\":\"ListItem\",\"position\":1,\"name\":\"Inicio\",\"item\":\"https:\\\/\\\/pensium.es\\\/ca\\\/\"},{\"@type\":\"ListItem\",\"position\":2,\"name\":\"La importancia de prevenir los aspectos legales relacionados con el deterioro cognitivo de las personas mayores\"}]},{\"@type\":\"WebSite\",\"@id\":\"https:\\\/\\\/pensium.es\\\/ca\\\/#website\",\"url\":\"https:\\\/\\\/pensium.es\\\/ca\\\/\",\"name\":\"Pensium\",\"description\":\"Paga la resid\u00e8ncia de la gent gran amb l'avan\u00e7ament del lloguer de l'habitatge\",\"potentialAction\":[{\"@type\":\"SearchAction\",\"target\":{\"@type\":\"EntryPoint\",\"urlTemplate\":\"https:\\\/\\\/pensium.es\\\/ca\\\/?s={search_term_string}\"},\"query-input\":{\"@type\":\"PropertyValueSpecification\",\"valueRequired\":true,\"valueName\":\"search_term_string\"}}],\"inLanguage\":\"ca\"},{\"@type\":\"Person\",\"@id\":\"https:\\\/\\\/pensium.es\\\/ca\\\/#\\\/schema\\\/person\\\/3b2c54086c781c3b9d4903a784f4049f\",\"name\":\"Pensium\",\"image\":{\"@type\":\"ImageObject\",\"inLanguage\":\"ca\",\"@id\":\"https:\\\/\\\/secure.gravatar.com\\\/avatar\\\/676b3457f9f57981f28982fb1f950341359281c6cba0f3f7366cd94ca4f532bd?s=96&d=mm&r=g\",\"url\":\"https:\\\/\\\/secure.gravatar.com\\\/avatar\\\/676b3457f9f57981f28982fb1f950341359281c6cba0f3f7366cd94ca4f532bd?s=96&d=mm&r=g\",\"contentUrl\":\"https:\\\/\\\/secure.gravatar.com\\\/avatar\\\/676b3457f9f57981f28982fb1f950341359281c6cba0f3f7366cd94ca4f532bd?s=96&d=mm&r=g\",\"caption\":\"Pensium\"},\"url\":\"https:\\\/\\\/pensium.es\\\/ca\\\/author\\\/pensium-2\\\/\"}]}<\/script>\n<!-- \/ Yoast SEO plugin. -->","yoast_head_json":{"title":"Aspectos legales ante el deterioro cognitivo en la vejez","robots":{"index":"index","follow":"follow","max-snippet":"max-snippet:-1","max-image-preview":"max-image-preview:large","max-video-preview":"max-video-preview:-1"},"canonical":"https:\/\/pensium.es\/ca\/aspectos-legales-deterioro-cognitivo-ancianos\/","og_locale":"ca_ES","og_type":"article","og_title":"Aspectos legales ante el deterioro cognitivo en la vejez","og_description":"Incluimos entrevista con MENS MENTIS, voluntarias para la ayuda de enfermos y familiares en la resoluci\u00f3n de cuestiones legales A medida que las personas envejecen, su salud mental se convierte en un aspecto fundamental para su bienestar general. Sin embargo, a menudo se pasan por alto los desaf\u00edos a los que se enfrentan tales como ... Read More","og_url":"https:\/\/pensium.es\/aspectos-legales-deterioro-cognitivo-ancianos\/","og_site_name":"Pensium","article_publisher":"https:\/\/www.facebook.com\/pensium.es\/","article_published_time":"2023-07-03T16:13:36+00:00","article_modified_time":"2023-07-03T17:10:09+00:00","og_image":[{"width":945,"height":456,"url":"https:\/\/pensium.es\/wp-content\/uploads\/2023\/07\/salud-mental.jpg","type":"image\/jpeg"}],"author":"Pensium","twitter_card":"summary_large_image","twitter_misc":{"Escrit per":"Pensium","Temps estimat de lectura":"8 minuts"},"schema":{"@context":"https:\/\/schema.org","@graph":[{"@type":"Article","@id":"https:\/\/pensium.es\/aspectos-legales-deterioro-cognitivo-ancianos\/#article","isPartOf":{"@id":"https:\/\/pensium.es\/ca\/aspectos-legales-deterioro-cognitivo-ancianos\/"},"author":{"name":"Pensium","@id":"https:\/\/pensium.es\/ca\/#\/schema\/person\/3b2c54086c781c3b9d4903a784f4049f"},"headline":"La importancia de prevenir los aspectos legales relacionados con el deterioro cognitivo de las personas mayores","datePublished":"2023-07-03T16:13:36+00:00","dateModified":"2023-07-03T17:10:09+00:00","mainEntityOfPage":{"@id":"https:\/\/pensium.es\/ca\/aspectos-legales-deterioro-cognitivo-ancianos\/"},"wordCount":1417,"commentCount":0,"image":{"@id":"https:\/\/pensium.es\/aspectos-legales-deterioro-cognitivo-ancianos\/#primaryimage"},"thumbnailUrl":"https:\/\/pensium.es\/wp-content\/uploads\/2023\/07\/salud-mental.jpg","articleSection":["Depend\u00e8ncia","General","Malalties neurodegeneratives"],"inLanguage":"ca","potentialAction":[{"@type":"CommentAction","name":"Comment","target":["https:\/\/pensium.es\/aspectos-legales-deterioro-cognitivo-ancianos\/#respond"]}]},{"@type":"WebPage","@id":"https:\/\/pensium.es\/ca\/aspectos-legales-deterioro-cognitivo-ancianos\/","url":"https:\/\/pensium.es\/aspectos-legales-deterioro-cognitivo-ancianos\/","name":"Aspectos legales ante el deterioro cognitivo en la vejez","isPartOf":{"@id":"https:\/\/pensium.es\/ca\/#website"},"primaryImageOfPage":{"@id":"https:\/\/pensium.es\/aspectos-legales-deterioro-cognitivo-ancianos\/#primaryimage"},"image":{"@id":"https:\/\/pensium.es\/aspectos-legales-deterioro-cognitivo-ancianos\/#primaryimage"},"thumbnailUrl":"https:\/\/pensium.es\/wp-content\/uploads\/2023\/07\/salud-mental.jpg","datePublished":"2023-07-03T16:13:36+00:00","dateModified":"2023-07-03T17:10:09+00:00","author":{"@id":"https:\/\/pensium.es\/ca\/#\/schema\/person\/3b2c54086c781c3b9d4903a784f4049f"},"breadcrumb":{"@id":"https:\/\/pensium.es\/aspectos-legales-deterioro-cognitivo-ancianos\/#breadcrumb"},"inLanguage":"ca","potentialAction":[{"@type":"ReadAction","target":["https:\/\/pensium.es\/aspectos-legales-deterioro-cognitivo-ancianos\/"]}]},{"@type":"ImageObject","inLanguage":"ca","@id":"https:\/\/pensium.es\/aspectos-legales-deterioro-cognitivo-ancianos\/#primaryimage","url":"https:\/\/pensium.es\/wp-content\/uploads\/2023\/07\/salud-mental.jpg","contentUrl":"https:\/\/pensium.es\/wp-content\/uploads\/2023\/07\/salud-mental.jpg","width":945,"height":456,"caption":"salud mental vejez"},{"@type":"BreadcrumbList","@id":"https:\/\/pensium.es\/aspectos-legales-deterioro-cognitivo-ancianos\/#breadcrumb","itemListElement":[{"@type":"ListItem","position":1,"name":"Inicio","item":"https:\/\/pensium.es\/ca\/"},{"@type":"ListItem","position":2,"name":"La importancia de prevenir los aspectos legales relacionados con el deterioro cognitivo de las personas mayores"}]},{"@type":"WebSite","@id":"https:\/\/pensium.es\/ca\/#website","url":"https:\/\/pensium.es\/ca\/","name":"Pensium","description":"Paga la resid\u00e8ncia de la gent gran amb l'avan\u00e7ament del lloguer de l'habitatge","potentialAction":[{"@type":"SearchAction","target":{"@type":"EntryPoint","urlTemplate":"https:\/\/pensium.es\/ca\/?s={search_term_string}"},"query-input":{"@type":"PropertyValueSpecification","valueRequired":true,"valueName":"search_term_string"}}],"inLanguage":"ca"},{"@type":"Person","@id":"https:\/\/pensium.es\/ca\/#\/schema\/person\/3b2c54086c781c3b9d4903a784f4049f","name":"Pensium","image":{"@type":"ImageObject","inLanguage":"ca","@id":"https:\/\/secure.gravatar.com\/avatar\/676b3457f9f57981f28982fb1f950341359281c6cba0f3f7366cd94ca4f532bd?s=96&d=mm&r=g","url":"https:\/\/secure.gravatar.com\/avatar\/676b3457f9f57981f28982fb1f950341359281c6cba0f3f7366cd94ca4f532bd?s=96&d=mm&r=g","contentUrl":"https:\/\/secure.gravatar.com\/avatar\/676b3457f9f57981f28982fb1f950341359281c6cba0f3f7366cd94ca4f532bd?s=96&d=mm&r=g","caption":"Pensium"},"url":"https:\/\/pensium.es\/ca\/author\/pensium-2\/"}]}},"_links":{"self":[{"href":"https:\/\/pensium.es\/ca\/wp-json\/wp\/v2\/posts\/13566","targetHints":{"allow":["GET"]}}],"collection":[{"href":"https:\/\/pensium.es\/ca\/wp-json\/wp\/v2\/posts"}],"about":[{"href":"https:\/\/pensium.es\/ca\/wp-json\/wp\/v2\/types\/post"}],"author":[{"embeddable":true,"href":"https:\/\/pensium.es\/ca\/wp-json\/wp\/v2\/users\/4"}],"replies":[{"embeddable":true,"href":"https:\/\/pensium.es\/ca\/wp-json\/wp\/v2\/comments?post=13566"}],"version-history":[{"count":3,"href":"https:\/\/pensium.es\/ca\/wp-json\/wp\/v2\/posts\/13566\/revisions"}],"predecessor-version":[{"id":13574,"href":"https:\/\/pensium.es\/ca\/wp-json\/wp\/v2\/posts\/13566\/revisions\/13574"}],"wp:featuredmedia":[{"embeddable":true,"href":"https:\/\/pensium.es\/ca\/wp-json\/wp\/v2\/media\/13561"}],"wp:attachment":[{"href":"https:\/\/pensium.es\/ca\/wp-json\/wp\/v2\/media?parent=13566"}],"wp:term":[{"taxonomy":"category","embeddable":true,"href":"https:\/\/pensium.es\/ca\/wp-json\/wp\/v2\/categories?post=13566"},{"taxonomy":"post_tag","embeddable":true,"href":"https:\/\/pensium.es\/ca\/wp-json\/wp\/v2\/tags?post=13566"}],"curies":[{"name":"wp","href":"https:\/\/api.w.org\/{rel}","templated":true}]}}