{"id":14348,"date":"2023-11-23T08:39:25","date_gmt":"2023-11-23T06:39:25","guid":{"rendered":"https:\/\/pensium.es\/?p=14348"},"modified":"2023-11-23T08:39:25","modified_gmt":"2023-11-23T06:39:25","slug":"financament-dependencia-formula-pensium","status":"publish","type":"post","link":"https:\/\/pensium.es\/ca\/financament-dependencia-formula-pensium\/","title":{"rendered":"El repte de finan\u00e7ament de la depend\u00e8ncia i la nova f\u00f3rmula de Pensium"},"content":{"rendered":"\n\n<div class=\"kk-star-ratings kksr-auto kksr-align-left kksr-valign-top\"\n    data-payload='{&quot;align&quot;:&quot;left&quot;,&quot;id&quot;:&quot;14348&quot;,&quot;slug&quot;:&quot;default&quot;,&quot;valign&quot;:&quot;top&quot;,&quot;ignore&quot;:&quot;&quot;,&quot;reference&quot;:&quot;auto&quot;,&quot;class&quot;:&quot;&quot;,&quot;count&quot;:&quot;0&quot;,&quot;legendonly&quot;:&quot;&quot;,&quot;readonly&quot;:&quot;&quot;,&quot;score&quot;:&quot;0&quot;,&quot;starsonly&quot;:&quot;&quot;,&quot;best&quot;:&quot;5&quot;,&quot;gap&quot;:&quot;5&quot;,&quot;greet&quot;:&quot;Rate this post&quot;,&quot;legend&quot;:&quot;0\\\/5 - (0 votes)&quot;,&quot;size&quot;:&quot;24&quot;,&quot;title&quot;:&quot;El repte de finan\u00e7ament de la depend\u00e8ncia i la nova f\u00f3rmula de Pensium&quot;,&quot;width&quot;:&quot;0&quot;,&quot;_legend&quot;:&quot;{score}\\\/{best} - ({count} {votes})&quot;,&quot;font_factor&quot;:&quot;1.25&quot;}'>\n            \n<div class=\"kksr-stars\">\n    \n<div class=\"kksr-stars-inactive\">\n            <div class=\"kksr-star\" data-star=\"1\" style=\"padding-right: 5px\">\n            \n\n<div class=\"kksr-icon\" style=\"width: 24px; height: 24px;\"><\/div>\n        <\/div>\n            <div class=\"kksr-star\" data-star=\"2\" style=\"padding-right: 5px\">\n            \n\n<div class=\"kksr-icon\" style=\"width: 24px; height: 24px;\"><\/div>\n        <\/div>\n            <div class=\"kksr-star\" data-star=\"3\" style=\"padding-right: 5px\">\n            \n\n<div class=\"kksr-icon\" style=\"width: 24px; height: 24px;\"><\/div>\n        <\/div>\n            <div class=\"kksr-star\" data-star=\"4\" style=\"padding-right: 5px\">\n            \n\n<div class=\"kksr-icon\" style=\"width: 24px; height: 24px;\"><\/div>\n        <\/div>\n            <div class=\"kksr-star\" data-star=\"5\" style=\"padding-right: 5px\">\n            \n\n<div class=\"kksr-icon\" style=\"width: 24px; height: 24px;\"><\/div>\n        <\/div>\n    <\/div>\n    \n<div class=\"kksr-stars-active\" style=\"width: 0px;\">\n            <div class=\"kksr-star\" style=\"padding-right: 5px\">\n            \n\n<div class=\"kksr-icon\" style=\"width: 24px; height: 24px;\"><\/div>\n        <\/div>\n            <div class=\"kksr-star\" style=\"padding-right: 5px\">\n            \n\n<div class=\"kksr-icon\" style=\"width: 24px; height: 24px;\"><\/div>\n        <\/div>\n            <div class=\"kksr-star\" style=\"padding-right: 5px\">\n            \n\n<div class=\"kksr-icon\" style=\"width: 24px; height: 24px;\"><\/div>\n        <\/div>\n            <div class=\"kksr-star\" style=\"padding-right: 5px\">\n            \n\n<div class=\"kksr-icon\" style=\"width: 24px; height: 24px;\"><\/div>\n        <\/div>\n            <div class=\"kksr-star\" style=\"padding-right: 5px\">\n            \n\n<div class=\"kksr-icon\" style=\"width: 24px; height: 24px;\"><\/div>\n        <\/div>\n    <\/div>\n<\/div>\n                \n\n<div class=\"kksr-legend\" style=\"font-size: 19.2px;\">\n            <span class=\"kksr-muted\">Rate this post<\/span>\n    <\/div>\n    <\/div>\n<p>El passat 7 de novembre es va presentar l\u2019\u00faltima edici\u00f3 de la \u201c<strong>Revista Econ\u00f2mica de Catalunya<\/strong>\u201d, publicaci\u00f3 que el <span style=\"text-decoration: underline;\"><span style=\"color: #e86322;\"><a style=\"color: #e86322; text-decoration: underline;\" href=\"https:\/\/www.coleconomistes.cat\/\">Col.legi d\u2019Economistes de Catalunya<\/a><\/span><\/span> comparteix amb la societat, per a aprofundir en el coneixement de la realitat econ\u00f2mica i empresarial catalana en totes les seves manifestacions.<\/p>\n<p>L\u2019edici\u00f3 d\u2019enguany se centra en la tem\u00e0tica <strong>\u201cEl canvi Demogr\u00e0fic i Economia Catalana\u201d,<\/strong> i <span style=\"text-decoration: underline;\"><span style=\"color: #e86322;\"><a style=\"color: #e86322; text-decoration: underline;\" href=\"http:\/\/www.pensium.es\/\">Pensium<\/a><\/span><\/span>, de la m\u00e0 de Miquel Perdiguer, CEO de la companyia, i David Igual, Director d\u2019Operacions, va participar en el seu contingut amb la publicaci\u00f3 de l\u2019article: <strong>\u201cEl repte del finan\u00e7ament de la depend\u00e8ncia i la nova f\u00f3rmula de Pensium\u201d,<\/strong> en el qual es presenta a Pensium com la nova f\u00f3rmula com a soluci\u00f3 financera per a les persones grans amb depend\u00e8ncia.<\/p>\n<p>Les dades demogr\u00e0fiques indiquen un augment dels anys de vida per persona i m\u00e9s persones en cada cohort que arriben a situacions de depend\u00e8ncia. Catalunya \u00e9s a la mitjana pel que fa a serveis i cost. Els preus de la depend\u00e8ncia a Espanya s\u00f3n ajustats tot i que molt allunyats de les pensions mitjanes de les persones dependents. Hi ha diverses f\u00f3rmules de monetitzaci\u00f3 de l\u2019estalvi immobiliari, la majoria amb un \u00e8xit molt limitat. La depend\u00e8ncia genera estr\u00e8s en les fam\u00edlies, en l\u2019Administraci\u00f3 i en tots els actors de la depend\u00e8ncia. Pensium \u00e9s una nova soluci\u00f3 financera per a les persones amb depend\u00e8ncia que permet anticipar-los els lloguers del futur.<\/p>\n<p>Per a aprofundir en el problema del finan\u00e7ament dels costos de la depend\u00e8ncia, \u00e9s necessari dur a terme una an\u00e0lisi en profunditat de l\u2019oferta i demanda de serveis assistencials per a la depend\u00e8ncia.<\/p>\n<p>Una pluralitat de factors demogr\u00e0fics i de canvis socials determinen un fort augment del nombre de persones dependents i de la demanda de serveis espec\u00edfics per atendre-les. Entre aquests, destaca l\u2019augment de la longevitat gr\u00e0cies a la superviv\u00e8ncia a determinades malalties cr\u00f2niques, abans letals i que ara s\u00f3n curables, aix\u00ed com a la millora general de la qualitat de vida. Per\u00f2 cal tenir en compte que aquest augment de l\u2019esperan\u00e7a de vida tamb\u00e9 va acompanyat de l\u2019increment d\u2019anys en qu\u00e8 l\u2019autonomia personal es veu redu\u00efda i cal acompanyament i suport per a les activitats quotidianes. D\u2019altra banda, si es considera la incorporaci\u00f3 als grups d\u2019edat de les persones grans de les cohorts poblacionals de la generaci\u00f3 anomenada baby-boomer, que tot just comencen a fer seixanta cinc anys el 2023, ja tenim tots els ingredients per a una acceleraci\u00f3 del proc\u00e9s que provoca un gran augment del nombre de persones dependents. L\u2019evid\u00e8ncia de les dades demogr\u00e0fiques indica m\u00e9s anys de vida per persona i m\u00e9s persones en cada cohort que arriben a situacions de depend\u00e8ncia. Tamb\u00e9 pel costat de la demanda de serveis, a m\u00e9s d\u2019un nombre m\u00e9s gran de persones dependents, cal referir-se al canvi social que significa la necessitat d\u2019utilitzar serveis professionals de cuidadors o centres residencials davant la impossibilitat de l\u2019atenci\u00f3 familiar directa de la gent gran, situaci\u00f3 habitual en \u00e8poques passades i que encara \u00e9s present en molts casos, per\u00f2 que clarament es reduir\u00e0 en el futur.<\/p>\n<p>Davant dels canvis socials esmentats que ens esperen en el futur m\u00e9s immediat, des de \u00a0Pensium fomentem el suport a la gent gran amb depend\u00e8ncia i les seves fam\u00edlies a trav\u00e9s de la F\u00f3rmula Pensium, la qual ajuda a tenir els recursos necessaris per afrontar el pagament de les cures assistencials de la gent gran.<\/p>\n<p>Podeu tenir acc\u00e9s al contingut complet de l\u2019article fent <span style=\"text-decoration: underline;\"><span style=\"color: #e86322;\"><a style=\"color: #e86322; text-decoration: underline;\" href=\"https:\/\/pensium.es\/wp-content\/uploads\/2023\/11\/Article-Col-legi-Economistes-el-repte-del-financament-de-la-dependencia-i-la-nova-formula-de-Pensium.pdf\">clic aqu\u00ed<\/a><\/span><\/span>.<\/p>\n","protected":false},"excerpt":{"rendered":"<p>El passat 7 de novembre es va presentar l\u2019\u00faltima edici\u00f3 de la \u201cRevista Econ\u00f2mica de Catalunya\u201d, publicaci\u00f3 que el Col.legi d\u2019Economistes de Catalunya comparteix amb la societat, per a aprofundir en el coneixement de la realitat econ\u00f2mica i empresarial catalana en totes les seves manifestacions. L\u2019edici\u00f3 d\u2019enguany se centra en la tem\u00e0tica \u201cEl canvi Demogr\u00e0fic &#8230; <a class=\"excerpt-readmore\" href=\"https:\/\/pensium.es\/ca\/financament-dependencia-formula-pensium\/\">Read More<\/a><\/p>\n","protected":false},"author":4,"featured_media":14356,"comment_status":"open","ping_status":"closed","sticky":false,"template":"","format":"standard","meta":{"footnotes":""},"categories":[323],"tags":[],"class_list":["post-14348","post","type-post","status-publish","format-standard","has-post-thumbnail","hentry","category-general-ca"],"yoast_head":"<!-- This site is optimized with the Yoast SEO plugin v27.3 - https:\/\/yoast.com\/product\/yoast-seo-wordpress\/ -->\n<title>El repte de finan\u00e7ament de la depend\u00e8ncia<\/title>\n<meta name=\"description\" content=\"El repte de finan\u00e7ament de la depend\u00e8ncia i la nova f\u00f3rmula de Pensium, la soluci\u00f3 financera per a persones grans depenents.\" \/>\n<meta name=\"robots\" content=\"index, follow, max-snippet:-1, max-image-preview:large, max-video-preview:-1\" \/>\n<link rel=\"canonical\" href=\"https:\/\/pensium.es\/ca\/financament-dependencia-formula-pensium\/\" \/>\n<meta property=\"og:locale\" content=\"ca_ES\" \/>\n<meta property=\"og:type\" content=\"article\" \/>\n<meta property=\"og:title\" content=\"El repte de finan\u00e7ament de la depend\u00e8ncia\" \/>\n<meta property=\"og:description\" content=\"El repte de finan\u00e7ament de la depend\u00e8ncia i la nova f\u00f3rmula de Pensium, la soluci\u00f3 financera per a persones grans depenents.\" \/>\n<meta property=\"og:url\" content=\"https:\/\/pensium.es\/ca\/financament-dependencia-formula-pensium\/\" \/>\n<meta property=\"og:site_name\" content=\"Pensium\" \/>\n<meta property=\"article:publisher\" content=\"https:\/\/www.facebook.com\/pensium.es\/\" \/>\n<meta property=\"article:published_time\" content=\"2023-11-23T06:39:25+00:00\" \/>\n<meta property=\"og:image\" content=\"https:\/\/pensium.es\/wp-content\/uploads\/2023\/11\/pagar-residencia.jpg\" \/>\n\t<meta property=\"og:image:width\" content=\"943\" \/>\n\t<meta property=\"og:image:height\" content=\"456\" \/>\n\t<meta property=\"og:image:type\" content=\"image\/jpeg\" \/>\n<meta name=\"author\" content=\"Pensium\" \/>\n<meta name=\"twitter:card\" content=\"summary_large_image\" \/>\n<meta name=\"twitter:label1\" content=\"Escrit per\" \/>\n\t<meta name=\"twitter:data1\" content=\"Pensium\" \/>\n\t<meta name=\"twitter:label2\" content=\"Temps estimat de lectura\" \/>\n\t<meta name=\"twitter:data2\" content=\"4 minuts\" \/>\n<script type=\"application\/ld+json\" class=\"yoast-schema-graph\">{\"@context\":\"https:\\\/\\\/schema.org\",\"@graph\":[{\"@type\":\"Article\",\"@id\":\"https:\\\/\\\/pensium.es\\\/ca\\\/financament-dependencia-formula-pensium\\\/#article\",\"isPartOf\":{\"@id\":\"https:\\\/\\\/pensium.es\\\/ca\\\/financament-dependencia-formula-pensium\\\/\"},\"author\":{\"name\":\"Pensium\",\"@id\":\"https:\\\/\\\/pensium.es\\\/ca\\\/#\\\/schema\\\/person\\\/3b2c54086c781c3b9d4903a784f4049f\"},\"headline\":\"El repte de finan\u00e7ament de la depend\u00e8ncia i la nova f\u00f3rmula de Pensium\",\"datePublished\":\"2023-11-23T06:39:25+00:00\",\"mainEntityOfPage\":{\"@id\":\"https:\\\/\\\/pensium.es\\\/ca\\\/financament-dependencia-formula-pensium\\\/\"},\"wordCount\":652,\"commentCount\":0,\"image\":{\"@id\":\"https:\\\/\\\/pensium.es\\\/ca\\\/financament-dependencia-formula-pensium\\\/#primaryimage\"},\"thumbnailUrl\":\"https:\\\/\\\/pensium.es\\\/wp-content\\\/uploads\\\/2023\\\/11\\\/pagar-residencia.jpg\",\"articleSection\":[\"General\"],\"inLanguage\":\"ca\",\"potentialAction\":[{\"@type\":\"CommentAction\",\"name\":\"Comment\",\"target\":[\"https:\\\/\\\/pensium.es\\\/ca\\\/financament-dependencia-formula-pensium\\\/#respond\"]}]},{\"@type\":\"WebPage\",\"@id\":\"https:\\\/\\\/pensium.es\\\/ca\\\/financament-dependencia-formula-pensium\\\/\",\"url\":\"https:\\\/\\\/pensium.es\\\/ca\\\/financament-dependencia-formula-pensium\\\/\",\"name\":\"El repte de finan\u00e7ament de la depend\u00e8ncia\",\"isPartOf\":{\"@id\":\"https:\\\/\\\/pensium.es\\\/ca\\\/#website\"},\"primaryImageOfPage\":{\"@id\":\"https:\\\/\\\/pensium.es\\\/ca\\\/financament-dependencia-formula-pensium\\\/#primaryimage\"},\"image\":{\"@id\":\"https:\\\/\\\/pensium.es\\\/ca\\\/financament-dependencia-formula-pensium\\\/#primaryimage\"},\"thumbnailUrl\":\"https:\\\/\\\/pensium.es\\\/wp-content\\\/uploads\\\/2023\\\/11\\\/pagar-residencia.jpg\",\"datePublished\":\"2023-11-23T06:39:25+00:00\",\"author\":{\"@id\":\"https:\\\/\\\/pensium.es\\\/ca\\\/#\\\/schema\\\/person\\\/3b2c54086c781c3b9d4903a784f4049f\"},\"description\":\"El repte de finan\u00e7ament de la depend\u00e8ncia i la nova f\u00f3rmula de Pensium, la soluci\u00f3 financera per a persones grans depenents.\",\"breadcrumb\":{\"@id\":\"https:\\\/\\\/pensium.es\\\/ca\\\/financament-dependencia-formula-pensium\\\/#breadcrumb\"},\"inLanguage\":\"ca\",\"potentialAction\":[{\"@type\":\"ReadAction\",\"target\":[\"https:\\\/\\\/pensium.es\\\/ca\\\/financament-dependencia-formula-pensium\\\/\"]}]},{\"@type\":\"ImageObject\",\"inLanguage\":\"ca\",\"@id\":\"https:\\\/\\\/pensium.es\\\/ca\\\/financament-dependencia-formula-pensium\\\/#primaryimage\",\"url\":\"https:\\\/\\\/pensium.es\\\/wp-content\\\/uploads\\\/2023\\\/11\\\/pagar-residencia.jpg\",\"contentUrl\":\"https:\\\/\\\/pensium.es\\\/wp-content\\\/uploads\\\/2023\\\/11\\\/pagar-residencia.jpg\",\"width\":943,\"height\":456,\"caption\":\"pagar residencia de ancianos\"},{\"@type\":\"BreadcrumbList\",\"@id\":\"https:\\\/\\\/pensium.es\\\/ca\\\/financament-dependencia-formula-pensium\\\/#breadcrumb\",\"itemListElement\":[{\"@type\":\"ListItem\",\"position\":1,\"name\":\"Inicio\",\"item\":\"https:\\\/\\\/pensium.es\\\/ca\\\/\"},{\"@type\":\"ListItem\",\"position\":2,\"name\":\"El repte de finan\u00e7ament de la depend\u00e8ncia i la nova f\u00f3rmula de Pensium\"}]},{\"@type\":\"WebSite\",\"@id\":\"https:\\\/\\\/pensium.es\\\/ca\\\/#website\",\"url\":\"https:\\\/\\\/pensium.es\\\/ca\\\/\",\"name\":\"Pensium\",\"description\":\"Paga la resid\u00e8ncia de la gent gran amb l'avan\u00e7ament del lloguer de l'habitatge\",\"potentialAction\":[{\"@type\":\"SearchAction\",\"target\":{\"@type\":\"EntryPoint\",\"urlTemplate\":\"https:\\\/\\\/pensium.es\\\/ca\\\/?s={search_term_string}\"},\"query-input\":{\"@type\":\"PropertyValueSpecification\",\"valueRequired\":true,\"valueName\":\"search_term_string\"}}],\"inLanguage\":\"ca\"},{\"@type\":\"Person\",\"@id\":\"https:\\\/\\\/pensium.es\\\/ca\\\/#\\\/schema\\\/person\\\/3b2c54086c781c3b9d4903a784f4049f\",\"name\":\"Pensium\",\"image\":{\"@type\":\"ImageObject\",\"inLanguage\":\"ca\",\"@id\":\"https:\\\/\\\/secure.gravatar.com\\\/avatar\\\/676b3457f9f57981f28982fb1f950341359281c6cba0f3f7366cd94ca4f532bd?s=96&d=mm&r=g\",\"url\":\"https:\\\/\\\/secure.gravatar.com\\\/avatar\\\/676b3457f9f57981f28982fb1f950341359281c6cba0f3f7366cd94ca4f532bd?s=96&d=mm&r=g\",\"contentUrl\":\"https:\\\/\\\/secure.gravatar.com\\\/avatar\\\/676b3457f9f57981f28982fb1f950341359281c6cba0f3f7366cd94ca4f532bd?s=96&d=mm&r=g\",\"caption\":\"Pensium\"},\"url\":\"https:\\\/\\\/pensium.es\\\/ca\\\/author\\\/pensium-2\\\/\"}]}<\/script>\n<!-- \/ Yoast SEO plugin. -->","yoast_head_json":{"title":"El repte de finan\u00e7ament de la depend\u00e8ncia","description":"El repte de finan\u00e7ament de la depend\u00e8ncia i la nova f\u00f3rmula de Pensium, la soluci\u00f3 financera per a persones grans depenents.","robots":{"index":"index","follow":"follow","max-snippet":"max-snippet:-1","max-image-preview":"max-image-preview:large","max-video-preview":"max-video-preview:-1"},"canonical":"https:\/\/pensium.es\/ca\/financament-dependencia-formula-pensium\/","og_locale":"ca_ES","og_type":"article","og_title":"El repte de finan\u00e7ament de la depend\u00e8ncia","og_description":"El repte de finan\u00e7ament de la depend\u00e8ncia i la nova f\u00f3rmula de Pensium, la soluci\u00f3 financera per a persones grans depenents.","og_url":"https:\/\/pensium.es\/ca\/financament-dependencia-formula-pensium\/","og_site_name":"Pensium","article_publisher":"https:\/\/www.facebook.com\/pensium.es\/","article_published_time":"2023-11-23T06:39:25+00:00","og_image":[{"width":943,"height":456,"url":"https:\/\/pensium.es\/wp-content\/uploads\/2023\/11\/pagar-residencia.jpg","type":"image\/jpeg"}],"author":"Pensium","twitter_card":"summary_large_image","twitter_misc":{"Escrit per":"Pensium","Temps estimat de lectura":"4 minuts"},"schema":{"@context":"https:\/\/schema.org","@graph":[{"@type":"Article","@id":"https:\/\/pensium.es\/ca\/financament-dependencia-formula-pensium\/#article","isPartOf":{"@id":"https:\/\/pensium.es\/ca\/financament-dependencia-formula-pensium\/"},"author":{"name":"Pensium","@id":"https:\/\/pensium.es\/ca\/#\/schema\/person\/3b2c54086c781c3b9d4903a784f4049f"},"headline":"El repte de finan\u00e7ament de la depend\u00e8ncia i la nova f\u00f3rmula de Pensium","datePublished":"2023-11-23T06:39:25+00:00","mainEntityOfPage":{"@id":"https:\/\/pensium.es\/ca\/financament-dependencia-formula-pensium\/"},"wordCount":652,"commentCount":0,"image":{"@id":"https:\/\/pensium.es\/ca\/financament-dependencia-formula-pensium\/#primaryimage"},"thumbnailUrl":"https:\/\/pensium.es\/wp-content\/uploads\/2023\/11\/pagar-residencia.jpg","articleSection":["General"],"inLanguage":"ca","potentialAction":[{"@type":"CommentAction","name":"Comment","target":["https:\/\/pensium.es\/ca\/financament-dependencia-formula-pensium\/#respond"]}]},{"@type":"WebPage","@id":"https:\/\/pensium.es\/ca\/financament-dependencia-formula-pensium\/","url":"https:\/\/pensium.es\/ca\/financament-dependencia-formula-pensium\/","name":"El repte de finan\u00e7ament de la depend\u00e8ncia","isPartOf":{"@id":"https:\/\/pensium.es\/ca\/#website"},"primaryImageOfPage":{"@id":"https:\/\/pensium.es\/ca\/financament-dependencia-formula-pensium\/#primaryimage"},"image":{"@id":"https:\/\/pensium.es\/ca\/financament-dependencia-formula-pensium\/#primaryimage"},"thumbnailUrl":"https:\/\/pensium.es\/wp-content\/uploads\/2023\/11\/pagar-residencia.jpg","datePublished":"2023-11-23T06:39:25+00:00","author":{"@id":"https:\/\/pensium.es\/ca\/#\/schema\/person\/3b2c54086c781c3b9d4903a784f4049f"},"description":"El repte de finan\u00e7ament de la depend\u00e8ncia i la nova f\u00f3rmula de Pensium, la soluci\u00f3 financera per a persones grans depenents.","breadcrumb":{"@id":"https:\/\/pensium.es\/ca\/financament-dependencia-formula-pensium\/#breadcrumb"},"inLanguage":"ca","potentialAction":[{"@type":"ReadAction","target":["https:\/\/pensium.es\/ca\/financament-dependencia-formula-pensium\/"]}]},{"@type":"ImageObject","inLanguage":"ca","@id":"https:\/\/pensium.es\/ca\/financament-dependencia-formula-pensium\/#primaryimage","url":"https:\/\/pensium.es\/wp-content\/uploads\/2023\/11\/pagar-residencia.jpg","contentUrl":"https:\/\/pensium.es\/wp-content\/uploads\/2023\/11\/pagar-residencia.jpg","width":943,"height":456,"caption":"pagar residencia de ancianos"},{"@type":"BreadcrumbList","@id":"https:\/\/pensium.es\/ca\/financament-dependencia-formula-pensium\/#breadcrumb","itemListElement":[{"@type":"ListItem","position":1,"name":"Inicio","item":"https:\/\/pensium.es\/ca\/"},{"@type":"ListItem","position":2,"name":"El repte de finan\u00e7ament de la depend\u00e8ncia i la nova f\u00f3rmula de Pensium"}]},{"@type":"WebSite","@id":"https:\/\/pensium.es\/ca\/#website","url":"https:\/\/pensium.es\/ca\/","name":"Pensium","description":"Paga la resid\u00e8ncia de la gent gran amb l'avan\u00e7ament del lloguer de l'habitatge","potentialAction":[{"@type":"SearchAction","target":{"@type":"EntryPoint","urlTemplate":"https:\/\/pensium.es\/ca\/?s={search_term_string}"},"query-input":{"@type":"PropertyValueSpecification","valueRequired":true,"valueName":"search_term_string"}}],"inLanguage":"ca"},{"@type":"Person","@id":"https:\/\/pensium.es\/ca\/#\/schema\/person\/3b2c54086c781c3b9d4903a784f4049f","name":"Pensium","image":{"@type":"ImageObject","inLanguage":"ca","@id":"https:\/\/secure.gravatar.com\/avatar\/676b3457f9f57981f28982fb1f950341359281c6cba0f3f7366cd94ca4f532bd?s=96&d=mm&r=g","url":"https:\/\/secure.gravatar.com\/avatar\/676b3457f9f57981f28982fb1f950341359281c6cba0f3f7366cd94ca4f532bd?s=96&d=mm&r=g","contentUrl":"https:\/\/secure.gravatar.com\/avatar\/676b3457f9f57981f28982fb1f950341359281c6cba0f3f7366cd94ca4f532bd?s=96&d=mm&r=g","caption":"Pensium"},"url":"https:\/\/pensium.es\/ca\/author\/pensium-2\/"}]}},"_links":{"self":[{"href":"https:\/\/pensium.es\/ca\/wp-json\/wp\/v2\/posts\/14348","targetHints":{"allow":["GET"]}}],"collection":[{"href":"https:\/\/pensium.es\/ca\/wp-json\/wp\/v2\/posts"}],"about":[{"href":"https:\/\/pensium.es\/ca\/wp-json\/wp\/v2\/types\/post"}],"author":[{"embeddable":true,"href":"https:\/\/pensium.es\/ca\/wp-json\/wp\/v2\/users\/4"}],"replies":[{"embeddable":true,"href":"https:\/\/pensium.es\/ca\/wp-json\/wp\/v2\/comments?post=14348"}],"version-history":[{"count":1,"href":"https:\/\/pensium.es\/ca\/wp-json\/wp\/v2\/posts\/14348\/revisions"}],"predecessor-version":[{"id":14349,"href":"https:\/\/pensium.es\/ca\/wp-json\/wp\/v2\/posts\/14348\/revisions\/14349"}],"wp:featuredmedia":[{"embeddable":true,"href":"https:\/\/pensium.es\/ca\/wp-json\/wp\/v2\/media\/14356"}],"wp:attachment":[{"href":"https:\/\/pensium.es\/ca\/wp-json\/wp\/v2\/media?parent=14348"}],"wp:term":[{"taxonomy":"category","embeddable":true,"href":"https:\/\/pensium.es\/ca\/wp-json\/wp\/v2\/categories?post=14348"},{"taxonomy":"post_tag","embeddable":true,"href":"https:\/\/pensium.es\/ca\/wp-json\/wp\/v2\/tags?post=14348"}],"curies":[{"name":"wp","href":"https:\/\/api.w.org\/{rel}","templated":true}]}}