{"id":14412,"date":"2023-12-15T22:07:00","date_gmt":"2023-12-15T20:07:00","guid":{"rendered":"https:\/\/pensium.es\/perfil-persona-mayor-espana\/"},"modified":"2023-12-15T22:08:41","modified_gmt":"2023-12-15T20:08:41","slug":"perfil-persona-mayor-espana","status":"publish","type":"post","link":"https:\/\/pensium.es\/ca\/perfil-persona-mayor-espana\/","title":{"rendered":"Radiograf\u00eda del perfil de las personas mayores en Espa\u00f1a"},"content":{"rendered":"\n\n<div class=\"kk-star-ratings kksr-auto kksr-align-left kksr-valign-top\"\n    data-payload='{&quot;align&quot;:&quot;left&quot;,&quot;id&quot;:&quot;14412&quot;,&quot;slug&quot;:&quot;default&quot;,&quot;valign&quot;:&quot;top&quot;,&quot;ignore&quot;:&quot;&quot;,&quot;reference&quot;:&quot;auto&quot;,&quot;class&quot;:&quot;&quot;,&quot;count&quot;:&quot;0&quot;,&quot;legendonly&quot;:&quot;&quot;,&quot;readonly&quot;:&quot;&quot;,&quot;score&quot;:&quot;0&quot;,&quot;starsonly&quot;:&quot;&quot;,&quot;best&quot;:&quot;5&quot;,&quot;gap&quot;:&quot;5&quot;,&quot;greet&quot;:&quot;Rate this post&quot;,&quot;legend&quot;:&quot;0\\\/5 - (0 votes)&quot;,&quot;size&quot;:&quot;24&quot;,&quot;title&quot;:&quot;Radiograf\u00eda del perfil de las personas mayores en Espa\u00f1a&quot;,&quot;width&quot;:&quot;0&quot;,&quot;_legend&quot;:&quot;{score}\\\/{best} - ({count} {votes})&quot;,&quot;font_factor&quot;:&quot;1.25&quot;}'>\n            \n<div class=\"kksr-stars\">\n    \n<div class=\"kksr-stars-inactive\">\n            <div class=\"kksr-star\" data-star=\"1\" style=\"padding-right: 5px\">\n            \n\n<div class=\"kksr-icon\" style=\"width: 24px; height: 24px;\"><\/div>\n        <\/div>\n            <div class=\"kksr-star\" data-star=\"2\" style=\"padding-right: 5px\">\n            \n\n<div class=\"kksr-icon\" style=\"width: 24px; height: 24px;\"><\/div>\n        <\/div>\n            <div class=\"kksr-star\" data-star=\"3\" style=\"padding-right: 5px\">\n            \n\n<div class=\"kksr-icon\" style=\"width: 24px; height: 24px;\"><\/div>\n        <\/div>\n            <div class=\"kksr-star\" data-star=\"4\" style=\"padding-right: 5px\">\n            \n\n<div class=\"kksr-icon\" style=\"width: 24px; height: 24px;\"><\/div>\n        <\/div>\n            <div class=\"kksr-star\" data-star=\"5\" style=\"padding-right: 5px\">\n            \n\n<div class=\"kksr-icon\" style=\"width: 24px; height: 24px;\"><\/div>\n        <\/div>\n    <\/div>\n    \n<div class=\"kksr-stars-active\" style=\"width: 0px;\">\n            <div class=\"kksr-star\" style=\"padding-right: 5px\">\n            \n\n<div class=\"kksr-icon\" style=\"width: 24px; height: 24px;\"><\/div>\n        <\/div>\n            <div class=\"kksr-star\" style=\"padding-right: 5px\">\n            \n\n<div class=\"kksr-icon\" style=\"width: 24px; height: 24px;\"><\/div>\n        <\/div>\n            <div class=\"kksr-star\" style=\"padding-right: 5px\">\n            \n\n<div class=\"kksr-icon\" style=\"width: 24px; height: 24px;\"><\/div>\n        <\/div>\n            <div class=\"kksr-star\" style=\"padding-right: 5px\">\n            \n\n<div class=\"kksr-icon\" style=\"width: 24px; height: 24px;\"><\/div>\n        <\/div>\n            <div class=\"kksr-star\" style=\"padding-right: 5px\">\n            \n\n<div class=\"kksr-icon\" style=\"width: 24px; height: 24px;\"><\/div>\n        <\/div>\n    <\/div>\n<\/div>\n                \n\n<div class=\"kksr-legend\" style=\"font-size: 19.2px;\">\n            <span class=\"kksr-muted\">Rate this post<\/span>\n    <\/div>\n    <\/div>\n<p><strong>El pasado mes de Octubre se public\u00f3 el Informe \u201c<em>Un perfil de las personas mayores en Espa\u00f1a 2023\u201d <\/em>realizado por <a href=\"http:\/\/envejecimiento.csic.es\/\"><span style=\"text-decoration: underline;\"><span style=\"color: #f68301; text-decoration: underline;\">Envejecimiento en red<\/span><\/span>,<\/a> con el que se pretende proporcionar una visi\u00f3n global de las condiciones de vida de la poblaci\u00f3n de mayores de m\u00e1s de 65 a\u00f1os.<\/strong><\/p>\n<p>Desde\u00a0<span style=\"text-decoration: underline;\"><span style=\"color: #f68301;\"><a style=\"color: #f68301; text-decoration: underline;\" href=\"https:\/\/www.pensium.es\/\">PENSIUM<\/a><\/span><\/span><u>,<\/u>\u00a0 fomentamos el apoyo a las personas mayores con dependencia y a sus familias a trav\u00e9s del programa Pensium, el cual ayuda a tener los recursos necesarios para afrontar el pago de los cuidados asistenciales de las personas mayores, poniendo nuestro foco en ellos y sus familias.<\/p>\n<p>Os presentamos a continuaci\u00f3n, un resumen sobre los principales indicadores del perfil de las personas mayores de 65 a\u00f1os en Espa\u00f1a que nos puede ayudar a entender su situaci\u00f3n actual.<\/p>\n<p><span style=\"color: #f68301;\"><strong>Demograf\u00eda <\/strong><\/span><\/p>\n<p>Durante los \u00faltimos a\u00f1os se confirma la tendencia del aumento de la poblaci\u00f3n de personas mayores y el incremento del envejecimiento de la pir\u00e1mide poblacional. Seg\u00fan los \u00faltimos datos estad\u00edsticos recogidos por el INE, actualmente la edad media de la poblaci\u00f3n se sit\u00faa en <strong>44,08 a\u00f1os,<\/strong> cuando en 1970 se situaba en <strong>32,7 a\u00f1os.<\/strong><\/p>\n<p>Del total de la poblaci\u00f3n, un <strong>19,97%<\/strong> se corresponde con personas mayores de 65 a\u00f1os, siendo el<strong> 6%<\/strong> del total de la poblaci\u00f3n mayores de 80 a\u00f1os.<\/p>\n<p>Si analizamos las proyecciones del INE, en el a\u00f1o 2040 podr\u00eda hacer m\u00e1s de 14,2 millones de personas mayores, suponiendo un <strong>27,4% <\/strong>del total. Este crecimiento empezar\u00e1 a intensificarse a partir del 2030, con la incorporaci\u00f3n de los baby boomers en el segmento de la vejez dentro de la pir\u00e1mide poblacional.<\/p>\n<p><span style=\"color: #f68301;\"><strong>Perfil sociodemogr\u00e1fico<\/strong><\/span><\/p>\n<p>El n\u00famero de mujeres mayores de 50 a\u00f1os alcanza los 5.367.334 y los hombres 4.111.676, situ\u00e1ndose un <strong>30,5%<\/strong> por encima en t\u00e9rminos porcentuales.<\/p>\n<p>Las personas mayores se ubican principalmente en municipios urbanos, concentr\u00e1ndose principalmente en las zonas de m\u00e1s densidad poblacional, siendo Madrid y Barcelona las ciudades m\u00e1s pobladas por este segmento de la poblaci\u00f3n.<\/p>\n<p>En cuanto a las comunidades aut\u00f3nomas, Andaluc\u00eda y Catalu\u00f1a son las comunidades con m\u00e1s poblaci\u00f3n mayor, con m\u00e1s de 1,5 millones de personas mayores cada una. Madrid y la Comunidad Valenciana tambi\u00e9n superan el mill\u00f3n de personas de m\u00e1s de 65 a\u00f1os.<\/p>\n<p><span style=\"color: #f68301;\"><strong>Indicadores econ\u00f3micos <\/strong><\/span><\/p>\n<p>Actualmente, seg\u00fan los \u00faltimos indicadores, la pensi\u00f3n media por jubilaci\u00f3n en Espa\u00f1a se sit\u00faa en los 1.375 euros. Las comunidades aut\u00f3nomas con las pensiones de jubilaci\u00f3n m\u00e1s altas son Pa\u00eds Vasco, Asturias, Madrid y Navarra, siendo Extremadura, Galicia, Murcia y Andaluc\u00eda las m\u00e1s bajas, aunque superando en todos los casos el importe de los 1.000 euros.<\/p>\n<p>Los indicadores correspondientes a la Encuesta de Condiciones de Vida 2022 (INE), reflejan que la posici\u00f3n econ\u00f3mica de los mayores ha mejorado en relaci\u00f3n con el a\u00f1o 2008. La poblaci\u00f3n en riesgo de pobreza disminuy\u00f3 considerablemente pasando del <strong>25,5%<\/strong> en el 2008 al <strong>18,7%<\/strong> en el a\u00f1o 2022.<\/p>\n<p><span style=\"color: #f68301;\"><strong>Indicadores sociales <\/strong><\/span><\/p>\n<p>La <strong>soledad no deseada<\/strong> es un problema que cada vez est\u00e1 cobrando m\u00e1s protagonismo en la sociedad actual. Durante la vejez, aumenta la probabilidad de vivir en soledad, especialmente en la poblaci\u00f3n femenina, con un <strong>31,9<\/strong>% de mujeres frente a un <strong>16,1%<\/strong> de hombres. En total, m\u00e1s de 1,7 millones de personas mayores de 70 a\u00f1os viven solas en Espa\u00f1a. Para mitigar los efectos en la salud mental provocados por la soledad no deseada cobra especial importancia el apoyo social y las relaciones de amistad.<\/p>\n<p>El aumento de la esperanza de vida ha supuesto cambios en los porcentajes del estado conyugal de las personas mayores: el n\u00famero de solteros y viudos ha disminuido en relaci\u00f3n al de las personas casadas y separadas. El <strong>61%<\/strong> de las personas mayores de 65 a\u00f1os est\u00e1n casadas, frente al 26,2% que est\u00e1n en situaci\u00f3n de viudedad.<\/p>\n<p>En cuanto a la la <strong>brecha digital<\/strong> se hizo m\u00e1s evidente en 2006, reduci\u00e9ndose notablemente hasta el 2022, confirmando el incremento progresivo de las nuevas tecnolog\u00edas. En el segmento de mayores de 75 a\u00f1os, en el a\u00f1o 2019 el <strong>23,4%<\/strong> hab\u00eda utilizado internet en los \u00faltimos 3 meses, y ese porcentaje se increment\u00f3 considerablemente en el a\u00f1o 2022, pasando a un porcentaje del <strong>35,9%.<\/strong><\/p>\n<p>Desde Pensium, continuaremos ayudando a las personas mayores y sus familias a tener acceso a los cuidados asistenciales que necesiten, garantizando su bienestar y la mejor calidad de vida en la etapa de la vejez.<\/p>\n<p>&#8212;-<\/p>\n<p>Fuente : P\u00c9REZ D\u00cdAZ, Julio; RAMIRO FARI\u00d1AS, Diego; ACEITUNO NIETO, Pilar; ESCUDERO MART\u00cdNEZ, Jes\u00fas; BUENO L\u00d3PEZ, Clara; CASTILLO BELMONTE, Ana Bel\u00e9n, de las OBRAS-LOSCERTALES SAMP\u00c9RIZ, Julia; FERN\u00c1NDEZ MORALES, Isabel, VILLUENDAS HIJOSA, Bego\u00f1a (2023). \u201cUn perfil de las personas mayores en Espa\u00f1a, 2023 Indicadores estad\u00edsticos b\u00e1sicos\u201d. Madrid, Informes Envejecimiento en red n\u00ba 30, 40p. [Fecha de publicaci\u00f3n: 31\/10\/2023]. \u00a0\u00a0\u00a0\u00a0\u00a0\u00a0\u00a0\u00a0\u00a0\u00a0\u00a0\u00a0\u00a0\u00a0\u00a0\u00a0\u00a0\u00a0\u00a0\u00a0\u00a0\u00a0\u00a0\u00a0\u00a0\u00a0\u00a0\u00a0\u00a0\u00a0\u00a0\u00a0\u00a0\u00a0\u00a0\u00a0\u00a0\u00a0\u00a0\u00a0\u00a0\u00a0\u00a0&lt; http:\/\/envejecimiento.csic.es\/documentos\/documentos\/enred-indicadoresbasicos2023.pdf &gt;<\/p>\n","protected":false},"excerpt":{"rendered":"<p>El pasado mes de Octubre se public\u00f3 el Informe \u201cUn perfil de las personas mayores en Espa\u00f1a 2023\u201d realizado por Envejecimiento en red, con el que se pretende proporcionar una visi\u00f3n global de las condiciones de vida de la poblaci\u00f3n de mayores de m\u00e1s de 65 a\u00f1os. Desde\u00a0PENSIUM,\u00a0 fomentamos el apoyo a las personas mayores &#8230; <a class=\"excerpt-readmore\" href=\"https:\/\/pensium.es\/ca\/perfil-persona-mayor-espana\/\">Read More<\/a><\/p>\n","protected":false},"author":4,"featured_media":14418,"comment_status":"open","ping_status":"closed","sticky":false,"template":"","format":"standard","meta":{"footnotes":""},"categories":[323],"tags":[],"class_list":["post-14412","post","type-post","status-publish","format-standard","has-post-thumbnail","hentry","category-general-ca"],"yoast_head":"<!-- This site is optimized with the Yoast SEO plugin v27.3 - https:\/\/yoast.com\/product\/yoast-seo-wordpress\/ -->\n<title>Radiograf\u00eda del perfil de las personas mayores en Espa\u00f1a<\/title>\n<meta name=\"description\" content=\"Os presentamos un resumen sobre los principales indicadores del perfil de las personas mayores de 65 a\u00f1os en Espa\u00f1a 2023.\" \/>\n<meta name=\"robots\" content=\"index, follow, max-snippet:-1, max-image-preview:large, max-video-preview:-1\" \/>\n<link rel=\"canonical\" href=\"https:\/\/pensium.es\/ca\/perfil-persona-mayor-espana\/\" \/>\n<meta property=\"og:locale\" content=\"ca_ES\" \/>\n<meta property=\"og:type\" content=\"article\" \/>\n<meta property=\"og:title\" content=\"Radiograf\u00eda del perfil de las personas mayores en Espa\u00f1a\" \/>\n<meta property=\"og:description\" content=\"Os presentamos un resumen sobre los principales indicadores del perfil de las personas mayores de 65 a\u00f1os en Espa\u00f1a 2023.\" \/>\n<meta property=\"og:url\" content=\"https:\/\/pensium.es\/perfil-persona-mayor-espana\/\" \/>\n<meta property=\"og:site_name\" content=\"Pensium\" \/>\n<meta property=\"article:publisher\" content=\"https:\/\/www.facebook.com\/pensium.es\/\" \/>\n<meta property=\"article:published_time\" content=\"2023-12-15T20:07:00+00:00\" \/>\n<meta property=\"article:modified_time\" content=\"2023-12-15T20:08:41+00:00\" \/>\n<meta property=\"og:image\" content=\"https:\/\/pensium.es\/wp-content\/uploads\/2023\/12\/perfil-persona-mayor-espana.jpg\" \/>\n\t<meta property=\"og:image:width\" content=\"945\" \/>\n\t<meta property=\"og:image:height\" content=\"455\" \/>\n\t<meta property=\"og:image:type\" content=\"image\/jpeg\" \/>\n<meta name=\"author\" content=\"Pensium\" \/>\n<meta name=\"twitter:card\" content=\"summary_large_image\" \/>\n<meta name=\"twitter:label1\" content=\"Escrit per\" \/>\n\t<meta name=\"twitter:data1\" content=\"Pensium\" \/>\n\t<meta name=\"twitter:label2\" content=\"Temps estimat de lectura\" \/>\n\t<meta name=\"twitter:data2\" content=\"5 minuts\" \/>\n<script type=\"application\/ld+json\" class=\"yoast-schema-graph\">{\"@context\":\"https:\\\/\\\/schema.org\",\"@graph\":[{\"@type\":\"Article\",\"@id\":\"https:\\\/\\\/pensium.es\\\/perfil-persona-mayor-espana\\\/#article\",\"isPartOf\":{\"@id\":\"https:\\\/\\\/pensium.es\\\/ca\\\/perfil-persona-mayor-espana\\\/\"},\"author\":{\"name\":\"Pensium\",\"@id\":\"https:\\\/\\\/pensium.es\\\/ca\\\/#\\\/schema\\\/person\\\/3b2c54086c781c3b9d4903a784f4049f\"},\"headline\":\"Radiograf\u00eda del perfil de las personas mayores en Espa\u00f1a\",\"datePublished\":\"2023-12-15T20:07:00+00:00\",\"dateModified\":\"2023-12-15T20:08:41+00:00\",\"mainEntityOfPage\":{\"@id\":\"https:\\\/\\\/pensium.es\\\/ca\\\/perfil-persona-mayor-espana\\\/\"},\"wordCount\":835,\"commentCount\":0,\"image\":{\"@id\":\"https:\\\/\\\/pensium.es\\\/perfil-persona-mayor-espana\\\/#primaryimage\"},\"thumbnailUrl\":\"https:\\\/\\\/pensium.es\\\/wp-content\\\/uploads\\\/2023\\\/12\\\/Diseno-sin-titulo-2023-12-18T180128.452.png\",\"articleSection\":[\"General\"],\"inLanguage\":\"ca\",\"potentialAction\":[{\"@type\":\"CommentAction\",\"name\":\"Comment\",\"target\":[\"https:\\\/\\\/pensium.es\\\/perfil-persona-mayor-espana\\\/#respond\"]}]},{\"@type\":\"WebPage\",\"@id\":\"https:\\\/\\\/pensium.es\\\/ca\\\/perfil-persona-mayor-espana\\\/\",\"url\":\"https:\\\/\\\/pensium.es\\\/perfil-persona-mayor-espana\\\/\",\"name\":\"Radiograf\u00eda del perfil de las personas mayores en Espa\u00f1a\",\"isPartOf\":{\"@id\":\"https:\\\/\\\/pensium.es\\\/ca\\\/#website\"},\"primaryImageOfPage\":{\"@id\":\"https:\\\/\\\/pensium.es\\\/perfil-persona-mayor-espana\\\/#primaryimage\"},\"image\":{\"@id\":\"https:\\\/\\\/pensium.es\\\/perfil-persona-mayor-espana\\\/#primaryimage\"},\"thumbnailUrl\":\"https:\\\/\\\/pensium.es\\\/wp-content\\\/uploads\\\/2023\\\/12\\\/Diseno-sin-titulo-2023-12-18T180128.452.png\",\"datePublished\":\"2023-12-15T20:07:00+00:00\",\"dateModified\":\"2023-12-15T20:08:41+00:00\",\"author\":{\"@id\":\"https:\\\/\\\/pensium.es\\\/ca\\\/#\\\/schema\\\/person\\\/3b2c54086c781c3b9d4903a784f4049f\"},\"description\":\"Os presentamos un resumen sobre los principales indicadores del perfil de las personas mayores de 65 a\u00f1os en Espa\u00f1a 2023.\",\"breadcrumb\":{\"@id\":\"https:\\\/\\\/pensium.es\\\/perfil-persona-mayor-espana\\\/#breadcrumb\"},\"inLanguage\":\"ca\",\"potentialAction\":[{\"@type\":\"ReadAction\",\"target\":[\"https:\\\/\\\/pensium.es\\\/perfil-persona-mayor-espana\\\/\"]}]},{\"@type\":\"ImageObject\",\"inLanguage\":\"ca\",\"@id\":\"https:\\\/\\\/pensium.es\\\/perfil-persona-mayor-espana\\\/#primaryimage\",\"url\":\"https:\\\/\\\/pensium.es\\\/wp-content\\\/uploads\\\/2023\\\/12\\\/Diseno-sin-titulo-2023-12-18T180128.452.png\",\"contentUrl\":\"https:\\\/\\\/pensium.es\\\/wp-content\\\/uploads\\\/2023\\\/12\\\/Diseno-sin-titulo-2023-12-18T180128.452.png\",\"width\":945,\"height\":455,\"caption\":\"alquilar vivienda pagar residencia\"},{\"@type\":\"BreadcrumbList\",\"@id\":\"https:\\\/\\\/pensium.es\\\/perfil-persona-mayor-espana\\\/#breadcrumb\",\"itemListElement\":[{\"@type\":\"ListItem\",\"position\":1,\"name\":\"Inicio\",\"item\":\"https:\\\/\\\/pensium.es\\\/ca\\\/\"},{\"@type\":\"ListItem\",\"position\":2,\"name\":\"Radiograf\u00eda del perfil de las personas mayores en Espa\u00f1a\"}]},{\"@type\":\"WebSite\",\"@id\":\"https:\\\/\\\/pensium.es\\\/ca\\\/#website\",\"url\":\"https:\\\/\\\/pensium.es\\\/ca\\\/\",\"name\":\"Pensium\",\"description\":\"Paga la resid\u00e8ncia de la gent gran amb l'avan\u00e7ament del lloguer de l'habitatge\",\"potentialAction\":[{\"@type\":\"SearchAction\",\"target\":{\"@type\":\"EntryPoint\",\"urlTemplate\":\"https:\\\/\\\/pensium.es\\\/ca\\\/?s={search_term_string}\"},\"query-input\":{\"@type\":\"PropertyValueSpecification\",\"valueRequired\":true,\"valueName\":\"search_term_string\"}}],\"inLanguage\":\"ca\"},{\"@type\":\"Person\",\"@id\":\"https:\\\/\\\/pensium.es\\\/ca\\\/#\\\/schema\\\/person\\\/3b2c54086c781c3b9d4903a784f4049f\",\"name\":\"Pensium\",\"image\":{\"@type\":\"ImageObject\",\"inLanguage\":\"ca\",\"@id\":\"https:\\\/\\\/secure.gravatar.com\\\/avatar\\\/676b3457f9f57981f28982fb1f950341359281c6cba0f3f7366cd94ca4f532bd?s=96&d=mm&r=g\",\"url\":\"https:\\\/\\\/secure.gravatar.com\\\/avatar\\\/676b3457f9f57981f28982fb1f950341359281c6cba0f3f7366cd94ca4f532bd?s=96&d=mm&r=g\",\"contentUrl\":\"https:\\\/\\\/secure.gravatar.com\\\/avatar\\\/676b3457f9f57981f28982fb1f950341359281c6cba0f3f7366cd94ca4f532bd?s=96&d=mm&r=g\",\"caption\":\"Pensium\"},\"url\":\"https:\\\/\\\/pensium.es\\\/ca\\\/author\\\/pensium-2\\\/\"}]}<\/script>\n<!-- \/ Yoast SEO plugin. -->","yoast_head_json":{"title":"Radiograf\u00eda del perfil de las personas mayores en Espa\u00f1a","description":"Os presentamos un resumen sobre los principales indicadores del perfil de las personas mayores de 65 a\u00f1os en Espa\u00f1a 2023.","robots":{"index":"index","follow":"follow","max-snippet":"max-snippet:-1","max-image-preview":"max-image-preview:large","max-video-preview":"max-video-preview:-1"},"canonical":"https:\/\/pensium.es\/ca\/perfil-persona-mayor-espana\/","og_locale":"ca_ES","og_type":"article","og_title":"Radiograf\u00eda del perfil de las personas mayores en Espa\u00f1a","og_description":"Os presentamos un resumen sobre los principales indicadores del perfil de las personas mayores de 65 a\u00f1os en Espa\u00f1a 2023.","og_url":"https:\/\/pensium.es\/perfil-persona-mayor-espana\/","og_site_name":"Pensium","article_publisher":"https:\/\/www.facebook.com\/pensium.es\/","article_published_time":"2023-12-15T20:07:00+00:00","article_modified_time":"2023-12-15T20:08:41+00:00","og_image":[{"width":945,"height":455,"url":"https:\/\/pensium.es\/wp-content\/uploads\/2023\/12\/perfil-persona-mayor-espana.jpg","type":"image\/jpeg"}],"author":"Pensium","twitter_card":"summary_large_image","twitter_misc":{"Escrit per":"Pensium","Temps estimat de lectura":"5 minuts"},"schema":{"@context":"https:\/\/schema.org","@graph":[{"@type":"Article","@id":"https:\/\/pensium.es\/perfil-persona-mayor-espana\/#article","isPartOf":{"@id":"https:\/\/pensium.es\/ca\/perfil-persona-mayor-espana\/"},"author":{"name":"Pensium","@id":"https:\/\/pensium.es\/ca\/#\/schema\/person\/3b2c54086c781c3b9d4903a784f4049f"},"headline":"Radiograf\u00eda del perfil de las personas mayores en Espa\u00f1a","datePublished":"2023-12-15T20:07:00+00:00","dateModified":"2023-12-15T20:08:41+00:00","mainEntityOfPage":{"@id":"https:\/\/pensium.es\/ca\/perfil-persona-mayor-espana\/"},"wordCount":835,"commentCount":0,"image":{"@id":"https:\/\/pensium.es\/perfil-persona-mayor-espana\/#primaryimage"},"thumbnailUrl":"https:\/\/pensium.es\/wp-content\/uploads\/2023\/12\/Diseno-sin-titulo-2023-12-18T180128.452.png","articleSection":["General"],"inLanguage":"ca","potentialAction":[{"@type":"CommentAction","name":"Comment","target":["https:\/\/pensium.es\/perfil-persona-mayor-espana\/#respond"]}]},{"@type":"WebPage","@id":"https:\/\/pensium.es\/ca\/perfil-persona-mayor-espana\/","url":"https:\/\/pensium.es\/perfil-persona-mayor-espana\/","name":"Radiograf\u00eda del perfil de las personas mayores en Espa\u00f1a","isPartOf":{"@id":"https:\/\/pensium.es\/ca\/#website"},"primaryImageOfPage":{"@id":"https:\/\/pensium.es\/perfil-persona-mayor-espana\/#primaryimage"},"image":{"@id":"https:\/\/pensium.es\/perfil-persona-mayor-espana\/#primaryimage"},"thumbnailUrl":"https:\/\/pensium.es\/wp-content\/uploads\/2023\/12\/Diseno-sin-titulo-2023-12-18T180128.452.png","datePublished":"2023-12-15T20:07:00+00:00","dateModified":"2023-12-15T20:08:41+00:00","author":{"@id":"https:\/\/pensium.es\/ca\/#\/schema\/person\/3b2c54086c781c3b9d4903a784f4049f"},"description":"Os presentamos un resumen sobre los principales indicadores del perfil de las personas mayores de 65 a\u00f1os en Espa\u00f1a 2023.","breadcrumb":{"@id":"https:\/\/pensium.es\/perfil-persona-mayor-espana\/#breadcrumb"},"inLanguage":"ca","potentialAction":[{"@type":"ReadAction","target":["https:\/\/pensium.es\/perfil-persona-mayor-espana\/"]}]},{"@type":"ImageObject","inLanguage":"ca","@id":"https:\/\/pensium.es\/perfil-persona-mayor-espana\/#primaryimage","url":"https:\/\/pensium.es\/wp-content\/uploads\/2023\/12\/Diseno-sin-titulo-2023-12-18T180128.452.png","contentUrl":"https:\/\/pensium.es\/wp-content\/uploads\/2023\/12\/Diseno-sin-titulo-2023-12-18T180128.452.png","width":945,"height":455,"caption":"alquilar vivienda pagar residencia"},{"@type":"BreadcrumbList","@id":"https:\/\/pensium.es\/perfil-persona-mayor-espana\/#breadcrumb","itemListElement":[{"@type":"ListItem","position":1,"name":"Inicio","item":"https:\/\/pensium.es\/ca\/"},{"@type":"ListItem","position":2,"name":"Radiograf\u00eda del perfil de las personas mayores en Espa\u00f1a"}]},{"@type":"WebSite","@id":"https:\/\/pensium.es\/ca\/#website","url":"https:\/\/pensium.es\/ca\/","name":"Pensium","description":"Paga la resid\u00e8ncia de la gent gran amb l'avan\u00e7ament del lloguer de l'habitatge","potentialAction":[{"@type":"SearchAction","target":{"@type":"EntryPoint","urlTemplate":"https:\/\/pensium.es\/ca\/?s={search_term_string}"},"query-input":{"@type":"PropertyValueSpecification","valueRequired":true,"valueName":"search_term_string"}}],"inLanguage":"ca"},{"@type":"Person","@id":"https:\/\/pensium.es\/ca\/#\/schema\/person\/3b2c54086c781c3b9d4903a784f4049f","name":"Pensium","image":{"@type":"ImageObject","inLanguage":"ca","@id":"https:\/\/secure.gravatar.com\/avatar\/676b3457f9f57981f28982fb1f950341359281c6cba0f3f7366cd94ca4f532bd?s=96&d=mm&r=g","url":"https:\/\/secure.gravatar.com\/avatar\/676b3457f9f57981f28982fb1f950341359281c6cba0f3f7366cd94ca4f532bd?s=96&d=mm&r=g","contentUrl":"https:\/\/secure.gravatar.com\/avatar\/676b3457f9f57981f28982fb1f950341359281c6cba0f3f7366cd94ca4f532bd?s=96&d=mm&r=g","caption":"Pensium"},"url":"https:\/\/pensium.es\/ca\/author\/pensium-2\/"}]}},"_links":{"self":[{"href":"https:\/\/pensium.es\/ca\/wp-json\/wp\/v2\/posts\/14412","targetHints":{"allow":["GET"]}}],"collection":[{"href":"https:\/\/pensium.es\/ca\/wp-json\/wp\/v2\/posts"}],"about":[{"href":"https:\/\/pensium.es\/ca\/wp-json\/wp\/v2\/types\/post"}],"author":[{"embeddable":true,"href":"https:\/\/pensium.es\/ca\/wp-json\/wp\/v2\/users\/4"}],"replies":[{"embeddable":true,"href":"https:\/\/pensium.es\/ca\/wp-json\/wp\/v2\/comments?post=14412"}],"version-history":[{"count":1,"href":"https:\/\/pensium.es\/ca\/wp-json\/wp\/v2\/posts\/14412\/revisions"}],"predecessor-version":[{"id":14414,"href":"https:\/\/pensium.es\/ca\/wp-json\/wp\/v2\/posts\/14412\/revisions\/14414"}],"wp:featuredmedia":[{"embeddable":true,"href":"https:\/\/pensium.es\/ca\/wp-json\/wp\/v2\/media\/14418"}],"wp:attachment":[{"href":"https:\/\/pensium.es\/ca\/wp-json\/wp\/v2\/media?parent=14412"}],"wp:term":[{"taxonomy":"category","embeddable":true,"href":"https:\/\/pensium.es\/ca\/wp-json\/wp\/v2\/categories?post=14412"},{"taxonomy":"post_tag","embeddable":true,"href":"https:\/\/pensium.es\/ca\/wp-json\/wp\/v2\/tags?post=14412"}],"curies":[{"name":"wp","href":"https:\/\/api.w.org\/{rel}","templated":true}]}}