{"id":14508,"date":"2024-02-07T19:43:50","date_gmt":"2024-02-07T17:43:50","guid":{"rendered":"https:\/\/pensium.es\/terapia-munecas-residencias-ancianos\/"},"modified":"2024-02-07T19:50:11","modified_gmt":"2024-02-07T17:50:11","slug":"terapia-munecas-residencias-ancianos","status":"publish","type":"post","link":"https:\/\/pensium.es\/ca\/terapia-munecas-residencias-ancianos\/","title":{"rendered":"La ter\u00e0pia de nines en les resid\u00e8ncies de persones grans"},"content":{"rendered":"\n\n<div class=\"kk-star-ratings kksr-auto kksr-align-left kksr-valign-top\"\n    data-payload='{&quot;align&quot;:&quot;left&quot;,&quot;id&quot;:&quot;14508&quot;,&quot;slug&quot;:&quot;default&quot;,&quot;valign&quot;:&quot;top&quot;,&quot;ignore&quot;:&quot;&quot;,&quot;reference&quot;:&quot;auto&quot;,&quot;class&quot;:&quot;&quot;,&quot;count&quot;:&quot;0&quot;,&quot;legendonly&quot;:&quot;&quot;,&quot;readonly&quot;:&quot;&quot;,&quot;score&quot;:&quot;0&quot;,&quot;starsonly&quot;:&quot;&quot;,&quot;best&quot;:&quot;5&quot;,&quot;gap&quot;:&quot;5&quot;,&quot;greet&quot;:&quot;Rate this post&quot;,&quot;legend&quot;:&quot;0\\\/5 - (0 votes)&quot;,&quot;size&quot;:&quot;24&quot;,&quot;title&quot;:&quot;La ter\u00e0pia de nines en les resid\u00e8ncies de persones grans&quot;,&quot;width&quot;:&quot;0&quot;,&quot;_legend&quot;:&quot;{score}\\\/{best} - ({count} {votes})&quot;,&quot;font_factor&quot;:&quot;1.25&quot;}'>\n            \n<div class=\"kksr-stars\">\n    \n<div class=\"kksr-stars-inactive\">\n            <div class=\"kksr-star\" data-star=\"1\" style=\"padding-right: 5px\">\n            \n\n<div class=\"kksr-icon\" style=\"width: 24px; height: 24px;\"><\/div>\n        <\/div>\n            <div class=\"kksr-star\" data-star=\"2\" style=\"padding-right: 5px\">\n            \n\n<div class=\"kksr-icon\" style=\"width: 24px; height: 24px;\"><\/div>\n        <\/div>\n            <div class=\"kksr-star\" data-star=\"3\" style=\"padding-right: 5px\">\n            \n\n<div class=\"kksr-icon\" style=\"width: 24px; height: 24px;\"><\/div>\n        <\/div>\n            <div class=\"kksr-star\" data-star=\"4\" style=\"padding-right: 5px\">\n            \n\n<div class=\"kksr-icon\" style=\"width: 24px; height: 24px;\"><\/div>\n        <\/div>\n            <div class=\"kksr-star\" data-star=\"5\" style=\"padding-right: 5px\">\n            \n\n<div class=\"kksr-icon\" style=\"width: 24px; height: 24px;\"><\/div>\n        <\/div>\n    <\/div>\n    \n<div class=\"kksr-stars-active\" style=\"width: 0px;\">\n            <div class=\"kksr-star\" style=\"padding-right: 5px\">\n            \n\n<div class=\"kksr-icon\" style=\"width: 24px; height: 24px;\"><\/div>\n        <\/div>\n            <div class=\"kksr-star\" style=\"padding-right: 5px\">\n            \n\n<div class=\"kksr-icon\" style=\"width: 24px; height: 24px;\"><\/div>\n        <\/div>\n            <div class=\"kksr-star\" style=\"padding-right: 5px\">\n            \n\n<div class=\"kksr-icon\" style=\"width: 24px; height: 24px;\"><\/div>\n        <\/div>\n            <div class=\"kksr-star\" style=\"padding-right: 5px\">\n            \n\n<div class=\"kksr-icon\" style=\"width: 24px; height: 24px;\"><\/div>\n        <\/div>\n            <div class=\"kksr-star\" style=\"padding-right: 5px\">\n            \n\n<div class=\"kksr-icon\" style=\"width: 24px; height: 24px;\"><\/div>\n        <\/div>\n    <\/div>\n<\/div>\n                \n\n<div class=\"kksr-legend\" style=\"font-size: 19.2px;\">\n            <span class=\"kksr-muted\">Rate this post<\/span>\n    <\/div>\n    <\/div>\n<p>La ter\u00e0pia amb nines \u00e9s una intervenci\u00f3 no farmacol\u00f2gica que utilitza ninots terap\u00e8utics amb aparen\u00e7a de nad\u00f3, per a millorar l\u2019estat emocional de la persona afectada per alguna dem\u00e8ncia i poder pal.liar els s\u00edmptomes psicol\u00f2gics i conductuals que es manifesten en el desenvolupament de la malaltia.<\/p>\n<p>Al nostre pa\u00eds s&#8217;ha introdu\u00eft des de fa uns anys com a ter\u00e0pia no farmacol\u00f2gica amb bastant \u00e8xit a les resid\u00e8ncies de gent gran. Els pioners en la seva utilitzaci\u00f3 han estat diversos pa\u00efsos com Anglaterra, It\u00e0lia o els Estats Units.<\/p>\n<p><span style=\"text-decoration: underline;\"><span style=\"color: #e86322;\"><a style=\"color: #e86322; text-decoration: underline;\" href=\"http:\/\/www.fiatcresidencies.es\">FIATC Resid\u00e8ncies<\/a><\/span><\/span>, des de ja fa un temps, ha incl\u00f2s la ter\u00e0pia de nines com a recurs per a millorar l\u2019estat emocional dels seus residents, desenvolupant un projecte centrat en aquesta metodologia que ha posat en marxa en tots els seus centres.<\/p>\n<p>Per a con\u00e8ixer millor la ter\u00e0pia amb nines i la seva contribuci\u00f3 en la millora de l\u2019estat an\u00edmic de les persones grans, hem entrevistat a Sandra Valades, psic\u00f2loga a Masies de Mollet, un dels centres residencials gestionats per <span style=\"text-decoration: underline;\"><span style=\"color: #e86322;\"><a style=\"color: #e86322; text-decoration: underline;\" href=\"http:\/\/www.fiatcresidencies.es\">FIATC Resid\u00e8ncies<\/a><\/span><\/span>.<\/p>\n<p><span style=\"color: #e86322;\"><strong>Qu\u00e8 es fa a les sessions de ter\u00e0pia amb nines?<\/strong><\/span><\/p>\n<p>Les sessions es basen a crear un vincle d&#8217;aferrament emocional amb la nina del qual partim per poder treballar diferents compet\u00e8ncies que ajuden a l&#8217;entrenament de les capacitats cognitives en pacients amb defecte cognitiu. S\u2019estableix una interacci\u00f3 entre l\u2019usuari, el terapeuta i la nina en sessions estructurades que es repliquen amb car\u00e0cter setmanal. Les \u00e0rees d\u2019intervenci\u00f3 m\u00e9s utilitzades s\u00f3n el llenguatge, l\u2019atenci\u00f3 sostinguda i focalitzada, la interacci\u00f3 social, la mem\u00f2ria autobiogr\u00e0fica, i l\u2019entrenament de les habilitats de la vida di\u00e0ria.<\/p>\n<p><strong><span style=\"color: #e86322;\">Per qu\u00e8 vau decidir iniciar aquesta ter\u00e0pia a Masies de Mollet?<\/span> <\/strong><\/p>\n<p>L\u2019Elisabet, directora de la resid\u00e8ncia Masies de Mollet, em va comentar que a altres centres de <span style=\"text-decoration: underline;\"><span style=\"color: #e86322;\"><a style=\"color: #e86322; text-decoration: underline;\" href=\"http:\/\/www.fiatcresidencies.es\">FIATC Resid\u00e8ncies<\/a><\/span><\/span> s&#8217;estava comen\u00e7ant a fer servir aquest recurs, aix\u00ed que vaig documentar-me, investigar i dissenyar un projecte de Terapia amb Nines per poder emprar al nostre centre. El prop\u00f2sit va ser ampliar el conjunt de Ter\u00e0pies no farmacol\u00f2giques dintre del pla d&#8217;atenci\u00f3 centrada en la persona, i aquesta metodologia ha perm\u00e8s treballar aspectes importants de la persona que d&#8217;altres ter\u00e0pies no contemplaven.<\/p>\n<p><span style=\"color: #e86322;\"><strong>Quins s\u00f3n els principals beneficis que heu identificat als residents?<\/strong><\/span><\/p>\n<p>El principal benefici \u00e9s la utilitzaci\u00f3 de la nina com a vehicle facilitador per l&#8217;expressi\u00f3 d&#8217;emocions. I no menys important, la capacitat d&#8217;augmentar l&#8217;atenci\u00f3 sostinguda que permet connectar a la persona amb l&#8217;entorn social proper, facilitant la interacci\u00f3 social i focalitzant les seves capacitats en una tasca concreta.<\/p>\n<p><span style=\"color: #e86322;\"><strong>La ter\u00e0pia \u00e9s v\u00e0lida i \u00fatil per a qualsevol resident?<\/strong><\/span><\/p>\n<p>La ter\u00e0pia es pot aplicar a qualsevol persona, per\u00f2 adequant els objectius a les seves necessitats i habilitats espec\u00edfiques, \u00e9s a dir, en una persona sense defecte cognitiu pots treballar les activitats de la vida di\u00e0ria, la motricitat fina, l&#8217;\u00fas del llenguatge, la mem\u00f2ria autobiogr\u00e1fica, etc. En canvi, en una persona amb un estat de dem\u00e8ncia avan\u00e7ada, es poden treballar objectius m\u00e9s adre\u00e7ats a l&#8217;atenci\u00f3, afectivitat i el contacte social. En cas del nostre centre \u00e9s un recurs que utilitzem setmanalment en les unitats de dem\u00e8ncies.<\/p>\n<p><span style=\"color: #e86322;\"><strong>Despr\u00e9s de la teva experi\u00e8ncia amb diferents residents, hi ha hagut algun cas que la reacci\u00f3 t&#8217;hagi sorpr\u00e8s o hagi estat diferent de l&#8217;esperada?<\/strong><\/span><\/p>\n<p>Sempre em sorprenen, no per una reacci\u00f3 inesperada, per\u00f2 s\u00ed per l&#8217;alta emotivitat que ofereixen en les seves reaccions. Els residents mai es mostren indiferents a la ter\u00e0pia, no importa si acullen a la nina com un beb\u00e8 real o com una joguina, sempre, la seva resposta emocional est\u00e0 carregada de sentiment i d&#8217;una gran tendresa. Agra\u00efm a Sandra Valades la seva atenci\u00f3 en la nostra entrevista i el donar-nos l\u2019oportunitat de con\u00e8ixer amb m\u00e9s detall ter\u00e0pies innovadores per fomentar el benestar emocional de les persones grans. Des de <a href=\"\/\"><span style=\"text-decoration: underline;\"><span style=\"color: #e86322; text-decoration: underline;\">Pensium<\/span><\/span><\/a>, seguirem ajudant a les persones grans i a les seves fam\u00edlies a tenir acc\u00e9s a les cures assistencials que necessiten, garantint-ne el benestar i la millor qualitat de vida en l\u2019etapa de la vellesa.<\/p>\n<p>&nbsp;<\/p>\n","protected":false},"excerpt":{"rendered":"<p>La ter\u00e0pia amb nines \u00e9s una intervenci\u00f3 no farmacol\u00f2gica que utilitza ninots terap\u00e8utics amb aparen\u00e7a de nad\u00f3, per a millorar l\u2019estat emocional de la persona afectada per alguna dem\u00e8ncia i poder pal.liar els s\u00edmptomes psicol\u00f2gics i conductuals que es manifesten en el desenvolupament de la malaltia. Al nostre pa\u00eds s&#8217;ha introdu\u00eft des de fa uns &#8230; <a class=\"excerpt-readmore\" href=\"https:\/\/pensium.es\/ca\/terapia-munecas-residencias-ancianos\/\">Read More<\/a><\/p>\n","protected":false},"author":4,"featured_media":14503,"comment_status":"open","ping_status":"closed","sticky":false,"template":"","format":"standard","meta":{"footnotes":""},"categories":[311,329],"tags":[],"class_list":["post-14508","post","type-post","status-publish","format-standard","has-post-thumbnail","hentry","category-malaties-neurodegeneratives","category-residencies-tercera-edad"],"yoast_head":"<!-- This site is optimized with the Yoast SEO plugin v27.3 - https:\/\/yoast.com\/product\/yoast-seo-wordpress\/ -->\n<title>La ter\u00e0pia de nines en les resid\u00e8ncies de persones grans<\/title>\n<meta name=\"description\" content=\"T&#039;expliquem en qu\u00e8 consisteix la ter\u00e0pia amb nines que estan incorporan algunes resid\u00e8ncies de personas grans i quins beneficis aporta.\" \/>\n<meta name=\"robots\" content=\"index, follow, max-snippet:-1, max-image-preview:large, max-video-preview:-1\" \/>\n<link rel=\"canonical\" href=\"https:\/\/pensium.es\/ca\/terapia-munecas-residencias-ancianos\/\" \/>\n<meta property=\"og:locale\" content=\"ca_ES\" \/>\n<meta property=\"og:type\" content=\"article\" \/>\n<meta property=\"og:title\" content=\"La ter\u00e0pia de nines en les resid\u00e8ncies de persones grans\" \/>\n<meta property=\"og:description\" content=\"T&#039;expliquem en qu\u00e8 consisteix la ter\u00e0pia amb nines que estan incorporan algunes resid\u00e8ncies de personas grans i quins beneficis aporta.\" \/>\n<meta property=\"og:url\" content=\"https:\/\/pensium.es\/ca\/terapia-munecas-residencias-ancianos\/\" \/>\n<meta property=\"og:site_name\" content=\"Pensium\" \/>\n<meta property=\"article:publisher\" content=\"https:\/\/www.facebook.com\/pensium.es\/\" \/>\n<meta property=\"article:published_time\" content=\"2024-02-07T17:43:50+00:00\" \/>\n<meta property=\"article:modified_time\" content=\"2024-02-07T17:50:11+00:00\" \/>\n<meta property=\"og:image\" content=\"https:\/\/pensium.es\/wp-content\/uploads\/2024\/02\/Diseno-sin-titulo-60.png\" \/>\n\t<meta property=\"og:image:width\" content=\"945\" \/>\n\t<meta property=\"og:image:height\" content=\"455\" \/>\n\t<meta property=\"og:image:type\" content=\"image\/png\" \/>\n<meta name=\"author\" content=\"Pensium\" \/>\n<meta name=\"twitter:card\" content=\"summary_large_image\" \/>\n<meta name=\"twitter:label1\" content=\"Escrit per\" \/>\n\t<meta name=\"twitter:data1\" content=\"Pensium\" \/>\n\t<meta name=\"twitter:label2\" content=\"Temps estimat de lectura\" \/>\n\t<meta name=\"twitter:data2\" content=\"4 minuts\" \/>\n<script type=\"application\/ld+json\" class=\"yoast-schema-graph\">{\"@context\":\"https:\\\/\\\/schema.org\",\"@graph\":[{\"@type\":\"Article\",\"@id\":\"https:\\\/\\\/pensium.es\\\/ca\\\/terapia-munecas-residencias-ancianos\\\/#article\",\"isPartOf\":{\"@id\":\"https:\\\/\\\/pensium.es\\\/ca\\\/terapia-munecas-residencias-ancianos\\\/\"},\"author\":{\"name\":\"Pensium\",\"@id\":\"https:\\\/\\\/pensium.es\\\/ca\\\/#\\\/schema\\\/person\\\/3b2c54086c781c3b9d4903a784f4049f\"},\"headline\":\"La ter\u00e0pia de nines en les resid\u00e8ncies de persones grans\",\"datePublished\":\"2024-02-07T17:43:50+00:00\",\"dateModified\":\"2024-02-07T17:50:11+00:00\",\"mainEntityOfPage\":{\"@id\":\"https:\\\/\\\/pensium.es\\\/ca\\\/terapia-munecas-residencias-ancianos\\\/\"},\"wordCount\":755,\"commentCount\":0,\"image\":{\"@id\":\"https:\\\/\\\/pensium.es\\\/ca\\\/terapia-munecas-residencias-ancianos\\\/#primaryimage\"},\"thumbnailUrl\":\"https:\\\/\\\/pensium.es\\\/wp-content\\\/uploads\\\/2024\\\/02\\\/Diseno-sin-titulo-60.png\",\"articleSection\":[\"Malalties neurodegeneratives\",\"Resid\u00e8ncies tercera edad\"],\"inLanguage\":\"ca\",\"potentialAction\":[{\"@type\":\"CommentAction\",\"name\":\"Comment\",\"target\":[\"https:\\\/\\\/pensium.es\\\/ca\\\/terapia-munecas-residencias-ancianos\\\/#respond\"]}]},{\"@type\":\"WebPage\",\"@id\":\"https:\\\/\\\/pensium.es\\\/ca\\\/terapia-munecas-residencias-ancianos\\\/\",\"url\":\"https:\\\/\\\/pensium.es\\\/ca\\\/terapia-munecas-residencias-ancianos\\\/\",\"name\":\"La ter\u00e0pia de nines en les resid\u00e8ncies de persones grans\",\"isPartOf\":{\"@id\":\"https:\\\/\\\/pensium.es\\\/ca\\\/#website\"},\"primaryImageOfPage\":{\"@id\":\"https:\\\/\\\/pensium.es\\\/ca\\\/terapia-munecas-residencias-ancianos\\\/#primaryimage\"},\"image\":{\"@id\":\"https:\\\/\\\/pensium.es\\\/ca\\\/terapia-munecas-residencias-ancianos\\\/#primaryimage\"},\"thumbnailUrl\":\"https:\\\/\\\/pensium.es\\\/wp-content\\\/uploads\\\/2024\\\/02\\\/Diseno-sin-titulo-60.png\",\"datePublished\":\"2024-02-07T17:43:50+00:00\",\"dateModified\":\"2024-02-07T17:50:11+00:00\",\"author\":{\"@id\":\"https:\\\/\\\/pensium.es\\\/ca\\\/#\\\/schema\\\/person\\\/3b2c54086c781c3b9d4903a784f4049f\"},\"description\":\"T'expliquem en qu\u00e8 consisteix la ter\u00e0pia amb nines que estan incorporan algunes resid\u00e8ncies de personas grans i quins beneficis aporta.\",\"breadcrumb\":{\"@id\":\"https:\\\/\\\/pensium.es\\\/ca\\\/terapia-munecas-residencias-ancianos\\\/#breadcrumb\"},\"inLanguage\":\"ca\",\"potentialAction\":[{\"@type\":\"ReadAction\",\"target\":[\"https:\\\/\\\/pensium.es\\\/ca\\\/terapia-munecas-residencias-ancianos\\\/\"]}]},{\"@type\":\"ImageObject\",\"inLanguage\":\"ca\",\"@id\":\"https:\\\/\\\/pensium.es\\\/ca\\\/terapia-munecas-residencias-ancianos\\\/#primaryimage\",\"url\":\"https:\\\/\\\/pensium.es\\\/wp-content\\\/uploads\\\/2024\\\/02\\\/Diseno-sin-titulo-60.png\",\"contentUrl\":\"https:\\\/\\\/pensium.es\\\/wp-content\\\/uploads\\\/2024\\\/02\\\/Diseno-sin-titulo-60.png\",\"width\":945,\"height\":455,\"caption\":\"terapia mu\u00f1ecas para personas mayores\"},{\"@type\":\"BreadcrumbList\",\"@id\":\"https:\\\/\\\/pensium.es\\\/ca\\\/terapia-munecas-residencias-ancianos\\\/#breadcrumb\",\"itemListElement\":[{\"@type\":\"ListItem\",\"position\":1,\"name\":\"Inicio\",\"item\":\"https:\\\/\\\/pensium.es\\\/ca\\\/\"},{\"@type\":\"ListItem\",\"position\":2,\"name\":\"La ter\u00e0pia de nines en les resid\u00e8ncies de persones grans\"}]},{\"@type\":\"WebSite\",\"@id\":\"https:\\\/\\\/pensium.es\\\/ca\\\/#website\",\"url\":\"https:\\\/\\\/pensium.es\\\/ca\\\/\",\"name\":\"Pensium\",\"description\":\"Paga la resid\u00e8ncia de la gent gran amb l'avan\u00e7ament del lloguer de l'habitatge\",\"potentialAction\":[{\"@type\":\"SearchAction\",\"target\":{\"@type\":\"EntryPoint\",\"urlTemplate\":\"https:\\\/\\\/pensium.es\\\/ca\\\/?s={search_term_string}\"},\"query-input\":{\"@type\":\"PropertyValueSpecification\",\"valueRequired\":true,\"valueName\":\"search_term_string\"}}],\"inLanguage\":\"ca\"},{\"@type\":\"Person\",\"@id\":\"https:\\\/\\\/pensium.es\\\/ca\\\/#\\\/schema\\\/person\\\/3b2c54086c781c3b9d4903a784f4049f\",\"name\":\"Pensium\",\"image\":{\"@type\":\"ImageObject\",\"inLanguage\":\"ca\",\"@id\":\"https:\\\/\\\/secure.gravatar.com\\\/avatar\\\/676b3457f9f57981f28982fb1f950341359281c6cba0f3f7366cd94ca4f532bd?s=96&d=mm&r=g\",\"url\":\"https:\\\/\\\/secure.gravatar.com\\\/avatar\\\/676b3457f9f57981f28982fb1f950341359281c6cba0f3f7366cd94ca4f532bd?s=96&d=mm&r=g\",\"contentUrl\":\"https:\\\/\\\/secure.gravatar.com\\\/avatar\\\/676b3457f9f57981f28982fb1f950341359281c6cba0f3f7366cd94ca4f532bd?s=96&d=mm&r=g\",\"caption\":\"Pensium\"},\"url\":\"https:\\\/\\\/pensium.es\\\/ca\\\/author\\\/pensium-2\\\/\"}]}<\/script>\n<!-- \/ Yoast SEO plugin. -->","yoast_head_json":{"title":"La ter\u00e0pia de nines en les resid\u00e8ncies de persones grans","description":"T'expliquem en qu\u00e8 consisteix la ter\u00e0pia amb nines que estan incorporan algunes resid\u00e8ncies de personas grans i quins beneficis aporta.","robots":{"index":"index","follow":"follow","max-snippet":"max-snippet:-1","max-image-preview":"max-image-preview:large","max-video-preview":"max-video-preview:-1"},"canonical":"https:\/\/pensium.es\/ca\/terapia-munecas-residencias-ancianos\/","og_locale":"ca_ES","og_type":"article","og_title":"La ter\u00e0pia de nines en les resid\u00e8ncies de persones grans","og_description":"T'expliquem en qu\u00e8 consisteix la ter\u00e0pia amb nines que estan incorporan algunes resid\u00e8ncies de personas grans i quins beneficis aporta.","og_url":"https:\/\/pensium.es\/ca\/terapia-munecas-residencias-ancianos\/","og_site_name":"Pensium","article_publisher":"https:\/\/www.facebook.com\/pensium.es\/","article_published_time":"2024-02-07T17:43:50+00:00","article_modified_time":"2024-02-07T17:50:11+00:00","og_image":[{"width":945,"height":455,"url":"https:\/\/pensium.es\/wp-content\/uploads\/2024\/02\/Diseno-sin-titulo-60.png","type":"image\/png"}],"author":"Pensium","twitter_card":"summary_large_image","twitter_misc":{"Escrit per":"Pensium","Temps estimat de lectura":"4 minuts"},"schema":{"@context":"https:\/\/schema.org","@graph":[{"@type":"Article","@id":"https:\/\/pensium.es\/ca\/terapia-munecas-residencias-ancianos\/#article","isPartOf":{"@id":"https:\/\/pensium.es\/ca\/terapia-munecas-residencias-ancianos\/"},"author":{"name":"Pensium","@id":"https:\/\/pensium.es\/ca\/#\/schema\/person\/3b2c54086c781c3b9d4903a784f4049f"},"headline":"La ter\u00e0pia de nines en les resid\u00e8ncies de persones grans","datePublished":"2024-02-07T17:43:50+00:00","dateModified":"2024-02-07T17:50:11+00:00","mainEntityOfPage":{"@id":"https:\/\/pensium.es\/ca\/terapia-munecas-residencias-ancianos\/"},"wordCount":755,"commentCount":0,"image":{"@id":"https:\/\/pensium.es\/ca\/terapia-munecas-residencias-ancianos\/#primaryimage"},"thumbnailUrl":"https:\/\/pensium.es\/wp-content\/uploads\/2024\/02\/Diseno-sin-titulo-60.png","articleSection":["Malalties neurodegeneratives","Resid\u00e8ncies tercera edad"],"inLanguage":"ca","potentialAction":[{"@type":"CommentAction","name":"Comment","target":["https:\/\/pensium.es\/ca\/terapia-munecas-residencias-ancianos\/#respond"]}]},{"@type":"WebPage","@id":"https:\/\/pensium.es\/ca\/terapia-munecas-residencias-ancianos\/","url":"https:\/\/pensium.es\/ca\/terapia-munecas-residencias-ancianos\/","name":"La ter\u00e0pia de nines en les resid\u00e8ncies de persones grans","isPartOf":{"@id":"https:\/\/pensium.es\/ca\/#website"},"primaryImageOfPage":{"@id":"https:\/\/pensium.es\/ca\/terapia-munecas-residencias-ancianos\/#primaryimage"},"image":{"@id":"https:\/\/pensium.es\/ca\/terapia-munecas-residencias-ancianos\/#primaryimage"},"thumbnailUrl":"https:\/\/pensium.es\/wp-content\/uploads\/2024\/02\/Diseno-sin-titulo-60.png","datePublished":"2024-02-07T17:43:50+00:00","dateModified":"2024-02-07T17:50:11+00:00","author":{"@id":"https:\/\/pensium.es\/ca\/#\/schema\/person\/3b2c54086c781c3b9d4903a784f4049f"},"description":"T'expliquem en qu\u00e8 consisteix la ter\u00e0pia amb nines que estan incorporan algunes resid\u00e8ncies de personas grans i quins beneficis aporta.","breadcrumb":{"@id":"https:\/\/pensium.es\/ca\/terapia-munecas-residencias-ancianos\/#breadcrumb"},"inLanguage":"ca","potentialAction":[{"@type":"ReadAction","target":["https:\/\/pensium.es\/ca\/terapia-munecas-residencias-ancianos\/"]}]},{"@type":"ImageObject","inLanguage":"ca","@id":"https:\/\/pensium.es\/ca\/terapia-munecas-residencias-ancianos\/#primaryimage","url":"https:\/\/pensium.es\/wp-content\/uploads\/2024\/02\/Diseno-sin-titulo-60.png","contentUrl":"https:\/\/pensium.es\/wp-content\/uploads\/2024\/02\/Diseno-sin-titulo-60.png","width":945,"height":455,"caption":"terapia mu\u00f1ecas para personas mayores"},{"@type":"BreadcrumbList","@id":"https:\/\/pensium.es\/ca\/terapia-munecas-residencias-ancianos\/#breadcrumb","itemListElement":[{"@type":"ListItem","position":1,"name":"Inicio","item":"https:\/\/pensium.es\/ca\/"},{"@type":"ListItem","position":2,"name":"La ter\u00e0pia de nines en les resid\u00e8ncies de persones grans"}]},{"@type":"WebSite","@id":"https:\/\/pensium.es\/ca\/#website","url":"https:\/\/pensium.es\/ca\/","name":"Pensium","description":"Paga la resid\u00e8ncia de la gent gran amb l'avan\u00e7ament del lloguer de l'habitatge","potentialAction":[{"@type":"SearchAction","target":{"@type":"EntryPoint","urlTemplate":"https:\/\/pensium.es\/ca\/?s={search_term_string}"},"query-input":{"@type":"PropertyValueSpecification","valueRequired":true,"valueName":"search_term_string"}}],"inLanguage":"ca"},{"@type":"Person","@id":"https:\/\/pensium.es\/ca\/#\/schema\/person\/3b2c54086c781c3b9d4903a784f4049f","name":"Pensium","image":{"@type":"ImageObject","inLanguage":"ca","@id":"https:\/\/secure.gravatar.com\/avatar\/676b3457f9f57981f28982fb1f950341359281c6cba0f3f7366cd94ca4f532bd?s=96&d=mm&r=g","url":"https:\/\/secure.gravatar.com\/avatar\/676b3457f9f57981f28982fb1f950341359281c6cba0f3f7366cd94ca4f532bd?s=96&d=mm&r=g","contentUrl":"https:\/\/secure.gravatar.com\/avatar\/676b3457f9f57981f28982fb1f950341359281c6cba0f3f7366cd94ca4f532bd?s=96&d=mm&r=g","caption":"Pensium"},"url":"https:\/\/pensium.es\/ca\/author\/pensium-2\/"}]}},"_links":{"self":[{"href":"https:\/\/pensium.es\/ca\/wp-json\/wp\/v2\/posts\/14508","targetHints":{"allow":["GET"]}}],"collection":[{"href":"https:\/\/pensium.es\/ca\/wp-json\/wp\/v2\/posts"}],"about":[{"href":"https:\/\/pensium.es\/ca\/wp-json\/wp\/v2\/types\/post"}],"author":[{"embeddable":true,"href":"https:\/\/pensium.es\/ca\/wp-json\/wp\/v2\/users\/4"}],"replies":[{"embeddable":true,"href":"https:\/\/pensium.es\/ca\/wp-json\/wp\/v2\/comments?post=14508"}],"version-history":[{"count":2,"href":"https:\/\/pensium.es\/ca\/wp-json\/wp\/v2\/posts\/14508\/revisions"}],"predecessor-version":[{"id":14510,"href":"https:\/\/pensium.es\/ca\/wp-json\/wp\/v2\/posts\/14508\/revisions\/14510"}],"wp:featuredmedia":[{"embeddable":true,"href":"https:\/\/pensium.es\/ca\/wp-json\/wp\/v2\/media\/14503"}],"wp:attachment":[{"href":"https:\/\/pensium.es\/ca\/wp-json\/wp\/v2\/media?parent=14508"}],"wp:term":[{"taxonomy":"category","embeddable":true,"href":"https:\/\/pensium.es\/ca\/wp-json\/wp\/v2\/categories?post=14508"},{"taxonomy":"post_tag","embeddable":true,"href":"https:\/\/pensium.es\/ca\/wp-json\/wp\/v2\/tags?post=14508"}],"curies":[{"name":"wp","href":"https:\/\/api.w.org\/{rel}","templated":true}]}}