{"id":14873,"date":"2024-05-29T16:49:03","date_gmt":"2024-05-29T14:49:03","guid":{"rendered":"https:\/\/pensium.es\/acuerdo-pensium-cksenior\/"},"modified":"2025-07-16T19:23:58","modified_gmt":"2025-07-16T17:23:58","slug":"acuerdo-pensium-cksenior","status":"publish","type":"post","link":"https:\/\/pensium.es\/ca\/acuerdo-pensium-cksenior\/","title":{"rendered":"Pensium i CK Senior signen un acord de col.laboraci\u00f3 per a  facilitar el finan\u00e7ament d&#8217;assist\u00e8ncia als centres residencials"},"content":{"rendered":"\n\n<div class=\"kk-star-ratings kksr-auto kksr-align-left kksr-valign-top\"\n    data-payload='{&quot;align&quot;:&quot;left&quot;,&quot;id&quot;:&quot;14873&quot;,&quot;slug&quot;:&quot;default&quot;,&quot;valign&quot;:&quot;top&quot;,&quot;ignore&quot;:&quot;&quot;,&quot;reference&quot;:&quot;auto&quot;,&quot;class&quot;:&quot;&quot;,&quot;count&quot;:&quot;0&quot;,&quot;legendonly&quot;:&quot;&quot;,&quot;readonly&quot;:&quot;&quot;,&quot;score&quot;:&quot;0&quot;,&quot;starsonly&quot;:&quot;&quot;,&quot;best&quot;:&quot;5&quot;,&quot;gap&quot;:&quot;5&quot;,&quot;greet&quot;:&quot;Rate this post&quot;,&quot;legend&quot;:&quot;0\\\/5 - (0 votes)&quot;,&quot;size&quot;:&quot;24&quot;,&quot;title&quot;:&quot;Pensium i CK Senior signen un acord de col.laboraci\u00f3 per a  facilitar el finan\u00e7ament d\\u0026#039;assist\u00e8ncia als centres residencials&quot;,&quot;width&quot;:&quot;0&quot;,&quot;_legend&quot;:&quot;{score}\\\/{best} - ({count} {votes})&quot;,&quot;font_factor&quot;:&quot;1.25&quot;}'>\n            \n<div class=\"kksr-stars\">\n    \n<div class=\"kksr-stars-inactive\">\n            <div class=\"kksr-star\" data-star=\"1\" style=\"padding-right: 5px\">\n            \n\n<div class=\"kksr-icon\" style=\"width: 24px; height: 24px;\"><\/div>\n        <\/div>\n            <div class=\"kksr-star\" data-star=\"2\" style=\"padding-right: 5px\">\n            \n\n<div class=\"kksr-icon\" style=\"width: 24px; height: 24px;\"><\/div>\n        <\/div>\n            <div class=\"kksr-star\" data-star=\"3\" style=\"padding-right: 5px\">\n            \n\n<div class=\"kksr-icon\" style=\"width: 24px; height: 24px;\"><\/div>\n        <\/div>\n            <div class=\"kksr-star\" data-star=\"4\" style=\"padding-right: 5px\">\n            \n\n<div class=\"kksr-icon\" style=\"width: 24px; height: 24px;\"><\/div>\n        <\/div>\n            <div class=\"kksr-star\" data-star=\"5\" style=\"padding-right: 5px\">\n            \n\n<div class=\"kksr-icon\" style=\"width: 24px; height: 24px;\"><\/div>\n        <\/div>\n    <\/div>\n    \n<div class=\"kksr-stars-active\" style=\"width: 0px;\">\n            <div class=\"kksr-star\" style=\"padding-right: 5px\">\n            \n\n<div class=\"kksr-icon\" style=\"width: 24px; height: 24px;\"><\/div>\n        <\/div>\n            <div class=\"kksr-star\" style=\"padding-right: 5px\">\n            \n\n<div class=\"kksr-icon\" style=\"width: 24px; height: 24px;\"><\/div>\n        <\/div>\n            <div class=\"kksr-star\" style=\"padding-right: 5px\">\n            \n\n<div class=\"kksr-icon\" style=\"width: 24px; height: 24px;\"><\/div>\n        <\/div>\n            <div class=\"kksr-star\" style=\"padding-right: 5px\">\n            \n\n<div class=\"kksr-icon\" style=\"width: 24px; height: 24px;\"><\/div>\n        <\/div>\n            <div class=\"kksr-star\" style=\"padding-right: 5px\">\n            \n\n<div class=\"kksr-icon\" style=\"width: 24px; height: 24px;\"><\/div>\n        <\/div>\n    <\/div>\n<\/div>\n                \n\n<div class=\"kksr-legend\" style=\"font-size: 19.2px;\">\n            <span class=\"kksr-muted\">Rate this post<\/span>\n    <\/div>\n    <\/div>\n<ul>\n<li><strong>La signatura de l&#8217;acord s&#8217;ha portat a terme amb el comprom\u00eds d&#8217;ambdues companyies per la millora de la qualitat de vida i el benestar de les persones grans<\/strong><\/li>\n<li><strong>CK Senior, mitjan\u00e7ant l&#8217;acord de col.laboraci\u00f3, donar\u00e0 a con\u00e8ixer\u00a0 el programa PENSIUM als seus residents, amb condicions avantatjoses per a ells i els seus familiars.<\/strong><\/li>\n<\/ul>\n<p>El passat 20 de maig, <span style=\"text-decoration: underline;\"><span style=\"color: #e86322;\"><a style=\"color: #e86322; text-decoration: underline;\" href=\"http:\/\/www.pensium.es\">Pensium<\/a><\/span><\/span> i\u00a0<span style=\"text-decoration: underline;\"><span style=\"color: #e86322;\"><a style=\"color: #e86322; text-decoration: underline;\" href=\"https:\/\/cksenior.es\/\">CK Senior<\/a><\/span><\/span> van formalitzar un acord de col\u00b7laboraci\u00f3 amb la finalitat de facilitar l&#8217;acc\u00e9s al Programa Pensium als residents dels centres.<\/p>\n<p>Amb la signatura de l&#8217;acord de col\u00b7laboraci\u00f3, ambdues entitats es comprometen a <strong>facilitar l&#8217;acc\u00e9s a l&#8217;assist\u00e8ncia per part de professionals <\/strong>per a les <span class=\"Y2IQFc\" lang=\"ca\">persones grans i les seves fam\u00edlies. D&#8217;aquesta manera, les fam\u00edlies que disposen d&#8217;un habitatge en propietat, per\u00f2 no tenen prou ingressos per afrontar l&#8217;import de les quotes mensuals d&#8217;una pla\u00e7a residencial, podran tenir acc\u00e9s al programa Pensium amb condicions molt avantatjoses.<\/span><\/p>\n<p><span style=\"text-decoration: underline;\"><span style=\"color: #e86322;\"><a style=\"color: #e86322; text-decoration: underline;\" href=\"https:\/\/cksenior.es\/\">CK Senior<\/a><\/span><\/span> considera <span class=\"Y2IQFc\" lang=\"ca\">que el Programa Pensium pot ser d&#8217;inter\u00e8s per als seus clients i familiars, com a mitj\u00e0 per optar a noves solucions de finan\u00e7ament que contribueixin a resoldre actuals\/futurs reptes personals o econ\u00f2mics derivats de les situacions de depend\u00e8ncia, com pot ser el pagament duna resid\u00e8ncia. \u00c9s per aix\u00f2 que ha dipositat la confian\u00e7a en Pensium i, mitjan\u00e7ant l&#8217;acord de col\u00b7laboraci\u00f3, donar\u00e0 a con\u00e8ixer el programa Pensium a tots els residents.<\/span><\/p>\n<p><span style=\"text-decoration: underline;\"><span style=\"color: #e86322;\"><a style=\"color: #e86322; text-decoration: underline;\" href=\"http:\/\/www.pensium.es\">Pensium<\/a><\/span><\/span> <span class=\"Y2IQFc\" lang=\"ca\">cerca facilitar l&#8217;acc\u00e9s de les persones grans amb depend\u00e8ncia a les cures assistencials que necessitin, ja sigui en una resid\u00e8ncia o a casa d&#8217;un familiar, mitjan\u00e7ant un programa d&#8217;aportacions peri\u00f2diques que permeten a les fam\u00edlies disposar dels recursos necessaris per fer front al cost de la resid\u00e8ncia o de l&#8217;assist\u00e8ncia de la persona gran. Aquestes aportacions es basen en la bestreta dels lloguers de l&#8217;habitatge de la persona gran: Pensium aporta fins al doble del lloguer durant el temps en qu\u00e8 la fam\u00edlia necessiti pagar l&#8217;assist\u00e8ncia privada, i aquest import anticipat es recuperar\u00e0 tamb\u00e9 amb el lloguer de l&#8217;habitatge un cop la fam\u00edlia ja no necessiti m\u00e9s aportacions. D&#8217;aquesta manera, es garanteix que la fam\u00edlia mant\u00e9 la propietat de l&#8217;habitatge en tot moment.<\/span><\/p>\n<p>La <span class=\"Y2IQFc\" lang=\"ca\">signatura de l&#8217;acord s&#8217;ha dut a terme amb el comprom\u00eds de totes dues empreses per millorar la qualitat de vida i el benestar de la gent gran.<\/span><\/p>\n<p><span class=\"Y2IQFc\" lang=\"ca\">Els residents de Ck Senior i\/o els seus familiars que formalitzin el programa Pensium per pagar la resid\u00e8ncia disposaran, com a condici\u00f3 derivada d&#8217;aquesta col\u00b7laboraci\u00f3, d&#8217;un descompte especial al primer mes de la resid\u00e8ncia.<\/span><\/p>\n<p><a href=\"http:\/\/www.penisum.es\"><span style=\"text-decoration: underline;\"><span style=\"color: #e86322; text-decoration: underline;\">Pensium <\/span><\/span><\/a>\u00e9s el <span class=\"Y2IQFc\" lang=\"ca\">resultat d&#8217;un proc\u00e9s de cerca d&#8217;alternatives davant del creixent nombre de persones grans dependents, que ofereix una nova soluci\u00f3 a les persones i fam\u00edlies que han de fer front al pagament de les cures assistencials d&#8217;un familiar gran.<\/span><\/p>\n<p>El <span class=\"Y2IQFc\" lang=\"ca\">model de Pensium \u00e9s una soluci\u00f3 totalment nova que permet pagar el cost de l&#8217;assist\u00e8ncia privada i gestionar de la millor manera el patrimoni familiar, fent generar els recursos necessaris sense haver de vendre ni hipotecar la propietat ni gastar els estalvis.<\/span><\/p>\n<p id=\"tw-target-text\" class=\"tw-data-text tw-text-large tw-ta\" dir=\"ltr\" data-placeholder=\"Traducci\u00f3n\" data-ved=\"2ahUKEwj0t7iR3cGOAxXHVaQEHR9_JucQ3ewLegQICRAV\" aria-label=\"Texto traducido: Pensium \u00e9s una empresa B CorpTM\u00a0amb una clara vocaci\u00f3 dimpacte social, i ha rebut importants premis i reconeixements, entre ells el primer premi mundial en els premis a la Innovaci\u00f3 Social que anualment atorga la Fundaci\u00f3 Mapfre (2020) i el dempresa Best For The Word 2022 per part de B CorpTM, distinci\u00f3 que satorga a les empreses que estan entre les empreses que estan entre les empreses que estan.\"><span class=\"Y2IQFc\" lang=\"ca\">Pensium \u00e9s una empresa B CorpTM\u00a0amb una clara vocaci\u00f3 dimpacte social, i ha rebut importants premis i reconeixements, entre ells el primer premi mundial en els premis a la Innovaci\u00f3 Social que anualment atorga la Fundaci\u00f3 Mapfre (2020) i el dempresa Best For The Word 2022 per part de B CorpTM, distinci\u00f3 que satorga a les empreses que estan entre les empreses que estan entre les empreses que estan.<\/span><\/p>\n<p>M\u00e9s informaci\u00f3: <span style=\"text-decoration: underline;\"><span style=\"color: #e86322; text-decoration: underline;\"><a style=\"color: #e86322; text-decoration: underline;\" href=\"http:\/\/www.pensium.es\/\">www.pensium.es<\/a><em>\u00a0<\/em><\/span><\/span><\/p>\n<p><span style=\"color: #e86322;\"><strong>Sobre CK Senior:<\/strong><\/span><\/p>\n<p><span style=\"text-decoration: underline;\"><span style=\"color: #e86322; text-decoration: underline;\"><a style=\"color: #e86322; text-decoration: underline;\" href=\"https:\/\/cksenior.es\/\">CK Senior<\/a>,<\/span><\/span> f<span class=\"Y2IQFc\" lang=\"ca\">ilial del grup AVS Salut dedicada a la gesti\u00f3 de resid\u00e8ncies, centres de dia i habitatge tutelat, neix el 2014 a Ast\u00faries amb una clara vocaci\u00f3 social, creant un ecosistema de serveis a la depend\u00e8ncia amb epicentre en les persones i prestant especial atenci\u00f3 a les cures de llarga durada de la gent gran.<\/span><\/p>\n<p>Els centres de <span style=\"text-decoration: underline;\"><span style=\"color: #e86322;\"><a style=\"color: #e86322; text-decoration: underline;\" href=\"https:\/\/cksenior.es\/\">CK Senior<\/a><\/span><\/span> <span class=\"Y2IQFc\" lang=\"ca\">estan ubicats en poblacions petites i mitjanes, generant un gran valor econ\u00f2mic i social a la seva zona. Brinden un servei essencial per al benestar social, creen ocupaci\u00f3 i contribueixen a estabilitzar la poblaci\u00f3 local.<\/span><\/p>\n<p><a href=\"https:\/\/cksenior.es\/\"><span style=\"text-decoration: underline;\"><span style=\"color: #e86322; text-decoration: underline;\">CK Senior<\/span><\/span><\/a> <span class=\"Y2IQFc\" lang=\"ca\">disposa de 16 centres, gestionant m\u00e9s de 1400 places residencials, distribu\u00efdes entre Andalusia, Badajoz, Ast\u00faries, Gal\u00edcia i Castella-Lle\u00f3. Els centres de CK Senior compten amb la certificaci\u00f3 de qualitat ISO.<\/span><\/p>\n<p>M\u00e9s informaci\u00f3: <span style=\"text-decoration: underline;\"><span style=\"color: #e86322;\"><a style=\"color: #e86322; text-decoration: underline;\" href=\"https:\/\/cksenior.es\/\">www.cksenior.es<\/a><\/span><\/span><\/p>\n<p>&nbsp;<\/p>\n","protected":false},"excerpt":{"rendered":"<p>La signatura de l&#8217;acord s&#8217;ha portat a terme amb el comprom\u00eds d&#8217;ambdues companyies per la millora de la qualitat de vida i el benestar de les persones grans CK Senior, mitjan\u00e7ant l&#8217;acord de col.laboraci\u00f3, donar\u00e0 a con\u00e8ixer\u00a0 el programa PENSIUM als seus residents, amb condicions avantatjoses per a ells i els seus familiars. El passat &#8230; <a class=\"excerpt-readmore\" href=\"https:\/\/pensium.es\/ca\/acuerdo-pensium-cksenior\/\">Read More<\/a><\/p>\n","protected":false},"author":4,"featured_media":14867,"comment_status":"open","ping_status":"closed","sticky":false,"template":"","format":"standard","meta":{"footnotes":""},"categories":[323],"tags":[],"class_list":["post-14873","post","type-post","status-publish","format-standard","has-post-thumbnail","hentry","category-general-ca"],"yoast_head":"<!-- This site is optimized with the Yoast SEO plugin v27.3 - https:\/\/yoast.com\/product\/yoast-seo-wordpress\/ -->\n<title>Pensium y CK Senior firman un acuerdo de colaboraci\u00f3n<\/title>\n<meta name=\"description\" content=\"Pensium y CK Senior firman un acuerdo de colaboraci\u00f3n para facilitar la financiaci\u00f3n de cuidados asistenciales en los centros residenciales.\" \/>\n<meta name=\"robots\" content=\"index, follow, max-snippet:-1, max-image-preview:large, max-video-preview:-1\" \/>\n<link rel=\"canonical\" href=\"https:\/\/pensium.es\/ca\/acuerdo-pensium-cksenior\/\" \/>\n<meta property=\"og:locale\" content=\"ca_ES\" \/>\n<meta property=\"og:type\" content=\"article\" \/>\n<meta property=\"og:title\" content=\"Pensium y CK Senior firman un acuerdo de colaboraci\u00f3n\" \/>\n<meta property=\"og:description\" content=\"Pensium y CK Senior firman un acuerdo de colaboraci\u00f3n para facilitar la financiaci\u00f3n de cuidados asistenciales en los centros residenciales.\" \/>\n<meta property=\"og:url\" content=\"https:\/\/pensium.es\/acuerdo-pensium-cksenior\/\" \/>\n<meta property=\"og:site_name\" content=\"Pensium\" \/>\n<meta property=\"article:publisher\" content=\"https:\/\/www.facebook.com\/pensium.es\/\" \/>\n<meta property=\"article:published_time\" content=\"2024-05-29T14:49:03+00:00\" \/>\n<meta property=\"article:modified_time\" content=\"2025-07-16T17:23:58+00:00\" \/>\n<meta property=\"og:image\" content=\"https:\/\/pensium.es\/wp-content\/uploads\/2024\/05\/Diseno-sin-titulo.jpg\" \/>\n\t<meta property=\"og:image:width\" content=\"945\" \/>\n\t<meta property=\"og:image:height\" content=\"455\" \/>\n\t<meta property=\"og:image:type\" content=\"image\/jpeg\" \/>\n<meta name=\"author\" content=\"Pensium\" \/>\n<meta name=\"twitter:card\" content=\"summary_large_image\" \/>\n<meta name=\"twitter:label1\" content=\"Escrit per\" \/>\n\t<meta name=\"twitter:data1\" content=\"Pensium\" \/>\n\t<meta name=\"twitter:label2\" content=\"Temps estimat de lectura\" \/>\n\t<meta name=\"twitter:data2\" content=\"4 minuts\" \/>\n<script type=\"application\/ld+json\" class=\"yoast-schema-graph\">{\"@context\":\"https:\\\/\\\/schema.org\",\"@graph\":[{\"@type\":\"Article\",\"@id\":\"https:\\\/\\\/pensium.es\\\/acuerdo-pensium-cksenior\\\/#article\",\"isPartOf\":{\"@id\":\"https:\\\/\\\/pensium.es\\\/ca\\\/acuerdo-pensium-cksenior\\\/\"},\"author\":{\"name\":\"Pensium\",\"@id\":\"https:\\\/\\\/pensium.es\\\/ca\\\/#\\\/schema\\\/person\\\/3b2c54086c781c3b9d4903a784f4049f\"},\"headline\":\"Pensium i CK Senior signen un acord de col.laboraci\u00f3 per a facilitar el finan\u00e7ament d&#8217;assist\u00e8ncia als centres residencials\",\"datePublished\":\"2024-05-29T14:49:03+00:00\",\"dateModified\":\"2025-07-16T17:23:58+00:00\",\"mainEntityOfPage\":{\"@id\":\"https:\\\/\\\/pensium.es\\\/ca\\\/acuerdo-pensium-cksenior\\\/\"},\"wordCount\":801,\"commentCount\":0,\"image\":{\"@id\":\"https:\\\/\\\/pensium.es\\\/acuerdo-pensium-cksenior\\\/#primaryimage\"},\"thumbnailUrl\":\"https:\\\/\\\/pensium.es\\\/wp-content\\\/uploads\\\/2024\\\/05\\\/Diseno-sin-titulo.jpg\",\"articleSection\":[\"General\"],\"inLanguage\":\"ca\",\"potentialAction\":[{\"@type\":\"CommentAction\",\"name\":\"Comment\",\"target\":[\"https:\\\/\\\/pensium.es\\\/acuerdo-pensium-cksenior\\\/#respond\"]}]},{\"@type\":\"WebPage\",\"@id\":\"https:\\\/\\\/pensium.es\\\/ca\\\/acuerdo-pensium-cksenior\\\/\",\"url\":\"https:\\\/\\\/pensium.es\\\/acuerdo-pensium-cksenior\\\/\",\"name\":\"Pensium y CK Senior firman un acuerdo de colaboraci\u00f3n\",\"isPartOf\":{\"@id\":\"https:\\\/\\\/pensium.es\\\/ca\\\/#website\"},\"primaryImageOfPage\":{\"@id\":\"https:\\\/\\\/pensium.es\\\/acuerdo-pensium-cksenior\\\/#primaryimage\"},\"image\":{\"@id\":\"https:\\\/\\\/pensium.es\\\/acuerdo-pensium-cksenior\\\/#primaryimage\"},\"thumbnailUrl\":\"https:\\\/\\\/pensium.es\\\/wp-content\\\/uploads\\\/2024\\\/05\\\/Diseno-sin-titulo.jpg\",\"datePublished\":\"2024-05-29T14:49:03+00:00\",\"dateModified\":\"2025-07-16T17:23:58+00:00\",\"author\":{\"@id\":\"https:\\\/\\\/pensium.es\\\/ca\\\/#\\\/schema\\\/person\\\/3b2c54086c781c3b9d4903a784f4049f\"},\"description\":\"Pensium y CK Senior firman un acuerdo de colaboraci\u00f3n para facilitar la financiaci\u00f3n de cuidados asistenciales en los centros residenciales.\",\"breadcrumb\":{\"@id\":\"https:\\\/\\\/pensium.es\\\/acuerdo-pensium-cksenior\\\/#breadcrumb\"},\"inLanguage\":\"ca\",\"potentialAction\":[{\"@type\":\"ReadAction\",\"target\":[\"https:\\\/\\\/pensium.es\\\/acuerdo-pensium-cksenior\\\/\"]}]},{\"@type\":\"ImageObject\",\"inLanguage\":\"ca\",\"@id\":\"https:\\\/\\\/pensium.es\\\/acuerdo-pensium-cksenior\\\/#primaryimage\",\"url\":\"https:\\\/\\\/pensium.es\\\/wp-content\\\/uploads\\\/2024\\\/05\\\/Diseno-sin-titulo.jpg\",\"contentUrl\":\"https:\\\/\\\/pensium.es\\\/wp-content\\\/uploads\\\/2024\\\/05\\\/Diseno-sin-titulo.jpg\",\"width\":945,\"height\":455,\"caption\":\"Acuerdo Pensium CK Senior\"},{\"@type\":\"BreadcrumbList\",\"@id\":\"https:\\\/\\\/pensium.es\\\/acuerdo-pensium-cksenior\\\/#breadcrumb\",\"itemListElement\":[{\"@type\":\"ListItem\",\"position\":1,\"name\":\"Inicio\",\"item\":\"https:\\\/\\\/pensium.es\\\/ca\\\/\"},{\"@type\":\"ListItem\",\"position\":2,\"name\":\"Pensium i CK Senior signen un acord de col.laboraci\u00f3 per a facilitar el finan\u00e7ament d&#8217;assist\u00e8ncia als centres residencials\"}]},{\"@type\":\"WebSite\",\"@id\":\"https:\\\/\\\/pensium.es\\\/ca\\\/#website\",\"url\":\"https:\\\/\\\/pensium.es\\\/ca\\\/\",\"name\":\"Pensium\",\"description\":\"Paga la resid\u00e8ncia de la gent gran amb l'avan\u00e7ament del lloguer de l'habitatge\",\"potentialAction\":[{\"@type\":\"SearchAction\",\"target\":{\"@type\":\"EntryPoint\",\"urlTemplate\":\"https:\\\/\\\/pensium.es\\\/ca\\\/?s={search_term_string}\"},\"query-input\":{\"@type\":\"PropertyValueSpecification\",\"valueRequired\":true,\"valueName\":\"search_term_string\"}}],\"inLanguage\":\"ca\"},{\"@type\":\"Person\",\"@id\":\"https:\\\/\\\/pensium.es\\\/ca\\\/#\\\/schema\\\/person\\\/3b2c54086c781c3b9d4903a784f4049f\",\"name\":\"Pensium\",\"image\":{\"@type\":\"ImageObject\",\"inLanguage\":\"ca\",\"@id\":\"https:\\\/\\\/secure.gravatar.com\\\/avatar\\\/676b3457f9f57981f28982fb1f950341359281c6cba0f3f7366cd94ca4f532bd?s=96&d=mm&r=g\",\"url\":\"https:\\\/\\\/secure.gravatar.com\\\/avatar\\\/676b3457f9f57981f28982fb1f950341359281c6cba0f3f7366cd94ca4f532bd?s=96&d=mm&r=g\",\"contentUrl\":\"https:\\\/\\\/secure.gravatar.com\\\/avatar\\\/676b3457f9f57981f28982fb1f950341359281c6cba0f3f7366cd94ca4f532bd?s=96&d=mm&r=g\",\"caption\":\"Pensium\"},\"url\":\"https:\\\/\\\/pensium.es\\\/ca\\\/author\\\/pensium-2\\\/\"}]}<\/script>\n<!-- \/ Yoast SEO plugin. -->","yoast_head_json":{"title":"Pensium y CK Senior firman un acuerdo de colaboraci\u00f3n","description":"Pensium y CK Senior firman un acuerdo de colaboraci\u00f3n para facilitar la financiaci\u00f3n de cuidados asistenciales en los centros residenciales.","robots":{"index":"index","follow":"follow","max-snippet":"max-snippet:-1","max-image-preview":"max-image-preview:large","max-video-preview":"max-video-preview:-1"},"canonical":"https:\/\/pensium.es\/ca\/acuerdo-pensium-cksenior\/","og_locale":"ca_ES","og_type":"article","og_title":"Pensium y CK Senior firman un acuerdo de colaboraci\u00f3n","og_description":"Pensium y CK Senior firman un acuerdo de colaboraci\u00f3n para facilitar la financiaci\u00f3n de cuidados asistenciales en los centros residenciales.","og_url":"https:\/\/pensium.es\/acuerdo-pensium-cksenior\/","og_site_name":"Pensium","article_publisher":"https:\/\/www.facebook.com\/pensium.es\/","article_published_time":"2024-05-29T14:49:03+00:00","article_modified_time":"2025-07-16T17:23:58+00:00","og_image":[{"width":945,"height":455,"url":"https:\/\/pensium.es\/wp-content\/uploads\/2024\/05\/Diseno-sin-titulo.jpg","type":"image\/jpeg"}],"author":"Pensium","twitter_card":"summary_large_image","twitter_misc":{"Escrit per":"Pensium","Temps estimat de lectura":"4 minuts"},"schema":{"@context":"https:\/\/schema.org","@graph":[{"@type":"Article","@id":"https:\/\/pensium.es\/acuerdo-pensium-cksenior\/#article","isPartOf":{"@id":"https:\/\/pensium.es\/ca\/acuerdo-pensium-cksenior\/"},"author":{"name":"Pensium","@id":"https:\/\/pensium.es\/ca\/#\/schema\/person\/3b2c54086c781c3b9d4903a784f4049f"},"headline":"Pensium i CK Senior signen un acord de col.laboraci\u00f3 per a facilitar el finan\u00e7ament d&#8217;assist\u00e8ncia als centres residencials","datePublished":"2024-05-29T14:49:03+00:00","dateModified":"2025-07-16T17:23:58+00:00","mainEntityOfPage":{"@id":"https:\/\/pensium.es\/ca\/acuerdo-pensium-cksenior\/"},"wordCount":801,"commentCount":0,"image":{"@id":"https:\/\/pensium.es\/acuerdo-pensium-cksenior\/#primaryimage"},"thumbnailUrl":"https:\/\/pensium.es\/wp-content\/uploads\/2024\/05\/Diseno-sin-titulo.jpg","articleSection":["General"],"inLanguage":"ca","potentialAction":[{"@type":"CommentAction","name":"Comment","target":["https:\/\/pensium.es\/acuerdo-pensium-cksenior\/#respond"]}]},{"@type":"WebPage","@id":"https:\/\/pensium.es\/ca\/acuerdo-pensium-cksenior\/","url":"https:\/\/pensium.es\/acuerdo-pensium-cksenior\/","name":"Pensium y CK Senior firman un acuerdo de colaboraci\u00f3n","isPartOf":{"@id":"https:\/\/pensium.es\/ca\/#website"},"primaryImageOfPage":{"@id":"https:\/\/pensium.es\/acuerdo-pensium-cksenior\/#primaryimage"},"image":{"@id":"https:\/\/pensium.es\/acuerdo-pensium-cksenior\/#primaryimage"},"thumbnailUrl":"https:\/\/pensium.es\/wp-content\/uploads\/2024\/05\/Diseno-sin-titulo.jpg","datePublished":"2024-05-29T14:49:03+00:00","dateModified":"2025-07-16T17:23:58+00:00","author":{"@id":"https:\/\/pensium.es\/ca\/#\/schema\/person\/3b2c54086c781c3b9d4903a784f4049f"},"description":"Pensium y CK Senior firman un acuerdo de colaboraci\u00f3n para facilitar la financiaci\u00f3n de cuidados asistenciales en los centros residenciales.","breadcrumb":{"@id":"https:\/\/pensium.es\/acuerdo-pensium-cksenior\/#breadcrumb"},"inLanguage":"ca","potentialAction":[{"@type":"ReadAction","target":["https:\/\/pensium.es\/acuerdo-pensium-cksenior\/"]}]},{"@type":"ImageObject","inLanguage":"ca","@id":"https:\/\/pensium.es\/acuerdo-pensium-cksenior\/#primaryimage","url":"https:\/\/pensium.es\/wp-content\/uploads\/2024\/05\/Diseno-sin-titulo.jpg","contentUrl":"https:\/\/pensium.es\/wp-content\/uploads\/2024\/05\/Diseno-sin-titulo.jpg","width":945,"height":455,"caption":"Acuerdo Pensium CK Senior"},{"@type":"BreadcrumbList","@id":"https:\/\/pensium.es\/acuerdo-pensium-cksenior\/#breadcrumb","itemListElement":[{"@type":"ListItem","position":1,"name":"Inicio","item":"https:\/\/pensium.es\/ca\/"},{"@type":"ListItem","position":2,"name":"Pensium i CK Senior signen un acord de col.laboraci\u00f3 per a facilitar el finan\u00e7ament d&#8217;assist\u00e8ncia als centres residencials"}]},{"@type":"WebSite","@id":"https:\/\/pensium.es\/ca\/#website","url":"https:\/\/pensium.es\/ca\/","name":"Pensium","description":"Paga la resid\u00e8ncia de la gent gran amb l'avan\u00e7ament del lloguer de l'habitatge","potentialAction":[{"@type":"SearchAction","target":{"@type":"EntryPoint","urlTemplate":"https:\/\/pensium.es\/ca\/?s={search_term_string}"},"query-input":{"@type":"PropertyValueSpecification","valueRequired":true,"valueName":"search_term_string"}}],"inLanguage":"ca"},{"@type":"Person","@id":"https:\/\/pensium.es\/ca\/#\/schema\/person\/3b2c54086c781c3b9d4903a784f4049f","name":"Pensium","image":{"@type":"ImageObject","inLanguage":"ca","@id":"https:\/\/secure.gravatar.com\/avatar\/676b3457f9f57981f28982fb1f950341359281c6cba0f3f7366cd94ca4f532bd?s=96&d=mm&r=g","url":"https:\/\/secure.gravatar.com\/avatar\/676b3457f9f57981f28982fb1f950341359281c6cba0f3f7366cd94ca4f532bd?s=96&d=mm&r=g","contentUrl":"https:\/\/secure.gravatar.com\/avatar\/676b3457f9f57981f28982fb1f950341359281c6cba0f3f7366cd94ca4f532bd?s=96&d=mm&r=g","caption":"Pensium"},"url":"https:\/\/pensium.es\/ca\/author\/pensium-2\/"}]}},"_links":{"self":[{"href":"https:\/\/pensium.es\/ca\/wp-json\/wp\/v2\/posts\/14873","targetHints":{"allow":["GET"]}}],"collection":[{"href":"https:\/\/pensium.es\/ca\/wp-json\/wp\/v2\/posts"}],"about":[{"href":"https:\/\/pensium.es\/ca\/wp-json\/wp\/v2\/types\/post"}],"author":[{"embeddable":true,"href":"https:\/\/pensium.es\/ca\/wp-json\/wp\/v2\/users\/4"}],"replies":[{"embeddable":true,"href":"https:\/\/pensium.es\/ca\/wp-json\/wp\/v2\/comments?post=14873"}],"version-history":[{"count":3,"href":"https:\/\/pensium.es\/ca\/wp-json\/wp\/v2\/posts\/14873\/revisions"}],"predecessor-version":[{"id":16451,"href":"https:\/\/pensium.es\/ca\/wp-json\/wp\/v2\/posts\/14873\/revisions\/16451"}],"wp:featuredmedia":[{"embeddable":true,"href":"https:\/\/pensium.es\/ca\/wp-json\/wp\/v2\/media\/14867"}],"wp:attachment":[{"href":"https:\/\/pensium.es\/ca\/wp-json\/wp\/v2\/media?parent=14873"}],"wp:term":[{"taxonomy":"category","embeddable":true,"href":"https:\/\/pensium.es\/ca\/wp-json\/wp\/v2\/categories?post=14873"},{"taxonomy":"post_tag","embeddable":true,"href":"https:\/\/pensium.es\/ca\/wp-json\/wp\/v2\/tags?post=14873"}],"curies":[{"name":"wp","href":"https:\/\/api.w.org\/{rel}","templated":true}]}}