{"id":16579,"date":"2025-07-17T17:30:02","date_gmt":"2025-07-17T15:30:02","guid":{"rendered":"https:\/\/pensium.es\/?p=16579"},"modified":"2025-07-17T17:36:14","modified_gmt":"2025-07-17T15:36:14","slug":"el-mercat-del-lloguer-a-espanya-el-2025-una-oportunitat-real-per-a-la-gent-gran","status":"publish","type":"post","link":"https:\/\/pensium.es\/ca\/el-mercat-del-lloguer-a-espanya-el-2025-una-oportunitat-real-per-a-la-gent-gran\/","title":{"rendered":"El mercat del lloguer a Espanya el 2025: una oportunitat real per a la gent gran"},"content":{"rendered":"\n\n<div class=\"kk-star-ratings kksr-auto kksr-align-left kksr-valign-top\"\n    data-payload='{&quot;align&quot;:&quot;left&quot;,&quot;id&quot;:&quot;16579&quot;,&quot;slug&quot;:&quot;default&quot;,&quot;valign&quot;:&quot;top&quot;,&quot;ignore&quot;:&quot;&quot;,&quot;reference&quot;:&quot;auto&quot;,&quot;class&quot;:&quot;&quot;,&quot;count&quot;:&quot;0&quot;,&quot;legendonly&quot;:&quot;&quot;,&quot;readonly&quot;:&quot;&quot;,&quot;score&quot;:&quot;0&quot;,&quot;starsonly&quot;:&quot;&quot;,&quot;best&quot;:&quot;5&quot;,&quot;gap&quot;:&quot;5&quot;,&quot;greet&quot;:&quot;Rate this post&quot;,&quot;legend&quot;:&quot;0\\\/5 - (0 votes)&quot;,&quot;size&quot;:&quot;24&quot;,&quot;title&quot;:&quot;El mercat del lloguer a Espanya el 2025: una oportunitat real per a la gent gran&quot;,&quot;width&quot;:&quot;0&quot;,&quot;_legend&quot;:&quot;{score}\\\/{best} - ({count} {votes})&quot;,&quot;font_factor&quot;:&quot;1.25&quot;}'>\n            \n<div class=\"kksr-stars\">\n    \n<div class=\"kksr-stars-inactive\">\n            <div class=\"kksr-star\" data-star=\"1\" style=\"padding-right: 5px\">\n            \n\n<div class=\"kksr-icon\" style=\"width: 24px; height: 24px;\"><\/div>\n        <\/div>\n            <div class=\"kksr-star\" data-star=\"2\" style=\"padding-right: 5px\">\n            \n\n<div class=\"kksr-icon\" style=\"width: 24px; height: 24px;\"><\/div>\n        <\/div>\n            <div class=\"kksr-star\" data-star=\"3\" style=\"padding-right: 5px\">\n            \n\n<div class=\"kksr-icon\" style=\"width: 24px; height: 24px;\"><\/div>\n        <\/div>\n            <div class=\"kksr-star\" data-star=\"4\" style=\"padding-right: 5px\">\n            \n\n<div class=\"kksr-icon\" style=\"width: 24px; height: 24px;\"><\/div>\n        <\/div>\n            <div class=\"kksr-star\" data-star=\"5\" style=\"padding-right: 5px\">\n            \n\n<div class=\"kksr-icon\" style=\"width: 24px; height: 24px;\"><\/div>\n        <\/div>\n    <\/div>\n    \n<div class=\"kksr-stars-active\" style=\"width: 0px;\">\n            <div class=\"kksr-star\" style=\"padding-right: 5px\">\n            \n\n<div class=\"kksr-icon\" style=\"width: 24px; height: 24px;\"><\/div>\n        <\/div>\n            <div class=\"kksr-star\" style=\"padding-right: 5px\">\n            \n\n<div class=\"kksr-icon\" style=\"width: 24px; height: 24px;\"><\/div>\n        <\/div>\n            <div class=\"kksr-star\" style=\"padding-right: 5px\">\n            \n\n<div class=\"kksr-icon\" style=\"width: 24px; height: 24px;\"><\/div>\n        <\/div>\n            <div class=\"kksr-star\" style=\"padding-right: 5px\">\n            \n\n<div class=\"kksr-icon\" style=\"width: 24px; height: 24px;\"><\/div>\n        <\/div>\n            <div class=\"kksr-star\" style=\"padding-right: 5px\">\n            \n\n<div class=\"kksr-icon\" style=\"width: 24px; height: 24px;\"><\/div>\n        <\/div>\n    <\/div>\n<\/div>\n                \n\n<div class=\"kksr-legend\" style=\"font-size: 19.2px;\">\n            <span class=\"kksr-muted\">Rate this post<\/span>\n    <\/div>\n    <\/div>\n<p><span class=\"Y2IQFc\" lang=\"ca\">El mercat de lloguer a Espanya el 2025 est\u00e0 marcat per un fort desequilibri entre oferta i demanda. L&#8217;encariment de l&#8217;acc\u00e9s a l&#8217;habitatge en propietat, juntament amb factors com ara la mobilitat laboral, el turisme o l&#8217;auge del teletreball, ha disparat la necessitat de lloguer a nuclis urbans. Segons dades del portal <a href=\"http:\/\/www.idealista.es\/\">Idealista<\/a>, el preu mitj\u00e0 del lloguer a Espanya ha augmentat un 10,2% interanual el primer trimestre de l&#8217;any, amb pujades especialment acusades a ciutats com Barcelona, Madrid, Palma o M\u00e0laga.<\/span><\/p>\n<p><span class=\"Y2IQFc\" lang=\"ca\">En aquest context, disposar d&#8217;un habitatge en propietat s&#8217;ha convertit en una oportunitat per a moltes persones, especialment per a les persones grans que, tot i que han acabat de pagar casa seva, s&#8217;enfronten a necessitats econ\u00f2miques noves vinculades a la salut, la depend\u00e8ncia o l&#8217;acc\u00e9s a cures professionals.<\/span><\/p>\n<p><strong><span style=\"color: #ff6600;\">La<\/span> <span class=\"Y2IQFc\" lang=\"ca\" style=\"color: #ff6600;\">gent gran i el repte de finan\u00e7ar les cures de la depend\u00e8ncia<\/span><\/strong><\/p>\n<p><span class=\"Y2IQFc\" lang=\"ca\">l&#8217;Esperan\u00e7a de vida a Espanya continua en ascens, per\u00f2 tamb\u00e9 augmenten els anys viscuts amb algun grau de depend\u00e8ncia. Moltes fam\u00edlies s&#8217;enfronten a la dificultat de finan\u00e7ar resid\u00e8ncies, serveis d&#8217;ajuda a domicili o cuidadors especialitzats. Sovint, la pensi\u00f3 no \u00e9s suficient i rec\u00f3rrer al patrimoni immobiliari es converteix en una soluci\u00f3 l\u00f2gica. Tot i aix\u00f2, vendre l&#8217;habitatge no sempre \u00e9s una opci\u00f3 viable o desitjada. Moltes persones grans tenen un fort vincle emocional amb la seva llar o volen mantenir-lo com a part del llegat familiar. D&#8217;altra banda, llogar el pis per compte propi implica riscos, incertesa legal i una gesti\u00f3 que pot resultar complexa.<\/span><\/p>\n<p><strong>Alquiler Asegurado de InmoPensium: lloguer professional i sense complicacions<\/strong><\/p>\n<p><span class=\"Y2IQFc\" lang=\"ca\">Davant aquesta necessitat, a trav\u00e9s de <\/span><a href=\"http:\/\/www.inmopensium.es\/\">InmoPensium<\/a>, neix <strong>alquiler asegurado<\/strong>,<span class=\"Y2IQFc\" lang=\"ca\">servei especialitzat en la gesti\u00f3 d&#8217;habitatges propietat de gent gran. Forma part del grup Pensium i est\u00e0 dissenyat per oferir una alternativa professional, \u00e8tica i sense complicacions. Alquiler asegurado s&#8217;encarrega de totes les fases del proc\u00e9s del lloguer: <\/span><\/p>\n<p><span class=\"Y2IQFc\" lang=\"ca\">\u2022 Valoraci\u00f3 i adequaci\u00f3 de limmoble<\/span><\/p>\n<p><span class=\"Y2IQFc\" lang=\"ca\">\u2022 Difusi\u00f3 a trav\u00e9s de canals especialitzats<\/span><\/p>\n<p><span class=\"Y2IQFc\" lang=\"ca\">\u2022 Selecci\u00f3 rigorosa d&#8217;inquilins solvents <\/span><\/p>\n<p><span class=\"Y2IQFc\" lang=\"ca\">\u2022 Signatura de contractes amb garanties legals<\/span><\/p>\n<p><span class=\"Y2IQFc\" lang=\"ca\">\u2022 Gesti\u00f3 del cobrament de les rendes <\/span><\/p>\n<p><span class=\"Y2IQFc\" lang=\"ca\">\u2022 Supervisi\u00f3 del manteniment de limmoble<\/span><\/p>\n<p><span class=\"Y2IQFc\" lang=\"ca\">Gr\u00e0cies a aquest servei, la gent gran i les fam\u00edlies poden generar ingressos estables i segurs, sense necessitat de vendre l&#8217;habitatge ni assumir gestions complexes. El lloguer assegurat d&#8217;Inmopensium est\u00e0 garantit per una companyia d&#8217;assegurances amb rating Triple A. A m\u00e9s, en casos de necessitat urgent de liquiditat, InmoPensium pot activar f\u00f3rmules d&#8217;anticipaci\u00f3 del lloguer, permetent cobrir els costos de cures des del primer moment.<\/span><\/p>\n<p><strong><span class=\"Y2IQFc\" lang=\"ca\" style=\"color: #ff6600;\">Avantatges del lloguer assegurat de InmoPensium <\/span><\/strong><\/p>\n<p><span class=\"Y2IQFc\" lang=\"ca\">Optar pel servei de lloguer assegurat aporta m\u00faltiples beneficis: <\/span><\/p>\n<p><span class=\"Y2IQFc\" lang=\"ca\">\u2022 Seguretat jur\u00eddica i financera<\/span><\/p>\n<p><span class=\"Y2IQFc\" lang=\"ca\">\u2022 Reducci\u00f3 del risc d&#8217;impagaments o desperfectes<\/span><\/p>\n<p><span class=\"Y2IQFc\" lang=\"ca\">\u2022 Gesti\u00f3 professional sense costos ocults<\/span><\/p>\n<p><span class=\"Y2IQFc\" lang=\"ca\">\u2022 Conservaci\u00f3 de limmoble com a patrimoni familiar <\/span><\/p>\n<p><span class=\"Y2IQFc\" lang=\"ca\">\u2022 Acc\u00e9s immediat a finan\u00e7ament sense endeutament<\/span><\/p>\n<p>A m\u00e9s a m\u00e9s, <a href=\"http:\/\/www.inmopensium.es\/\">InmoPensium <\/a><span class=\"Y2IQFc\" lang=\"ca\">treballa amb una filosofia centrada en la persona, entenent les necessitats emocionals i econ\u00f2miques de les fam\u00edlies en moments delicats, \u00e9s a dir, convertir la llar en font d&#8217;ingressos per a una vellesa digna. En un entorn on el mercat del lloguer segueix en auge i els costos de les cures assistencials augmenten, transformar l&#8217;habitatge habitual en una font d&#8217;ingressos segurs \u00e9s una alternativa intel\u00b7ligent i solid\u00e0ria. Gr\u00e0cies a solucions com\u00a0lloguer assegurat\u00a0d&#8217;InmoPensium, milers de fam\u00edlies poden avui afrontar amb tranquil\u00b7litat el repte de cuidar la gent gran, mantenint el control sobre el seu patrimoni.<\/span><\/p>\n<div class=\"addtoany_share_save_container addtoany_content addtoany_content_bottom\">\n<div class=\"a2a_kit a2a_kit_size_32 addtoany_list\" data-a2a-url=\"https:\/\/pensium.es\/el-mercado-del-alquiler-en-espana-en-2025-una-oportunidad-real-para-las-personas-mayores\/\" data-a2a-title=\"El mercado del alquiler en Espa\u00f1a en 2025: una oportunidad real para las personas mayores\"><a class=\"a2a_button_facebook\" title=\"Facebook\" href=\"https:\/\/pensium.es\/#facebook\" target=\"_blank\" rel=\"nofollow noopener\"><span class=\"a2a_label\">Facebook<\/span><\/a><a class=\"a2a_button_twitter\" title=\"Twitter\" href=\"https:\/\/pensium.es\/#twitter\" target=\"_blank\" rel=\"nofollow noopener\"><span class=\"a2a_label\">Twitter<\/span><\/a><a class=\"a2a_button_linkedin\" title=\"LinkedIn\" href=\"https:\/\/pensium.es\/#linkedin\" target=\"_blank\" rel=\"nofollow noopener\"><span class=\"a2a_label\">LinkedIn<\/span><\/a><a class=\"a2a_button_whatsapp\" title=\"WhatsApp\" href=\"https:\/\/pensium.es\/#whatsapp\" target=\"_blank\" rel=\"nofollow noopener\"><span class=\"a2a_label\">WhatsApp<\/span><\/a><a class=\"a2a_button_email\" title=\"Email\" href=\"https:\/\/pensium.es\/#email\" target=\"_blank\" rel=\"nofollow noopener\"><span class=\"a2a_label\">Email<\/span><\/a><\/div>\n<\/div>\n","protected":false},"excerpt":{"rendered":"<p>El mercat de lloguer a Espanya el 2025 est\u00e0 marcat per un fort desequilibri entre oferta i demanda. L&#8217;encariment de l&#8217;acc\u00e9s a l&#8217;habitatge en propietat, juntament amb factors com ara la mobilitat laboral, el turisme o l&#8217;auge del teletreball, ha disparat la necessitat de lloguer a nuclis urbans. Segons dades del portal Idealista, el preu &#8230; <a class=\"excerpt-readmore\" href=\"https:\/\/pensium.es\/ca\/el-mercat-del-lloguer-a-espanya-el-2025-una-oportunitat-real-per-a-la-gent-gran\/\">Read More<\/a><\/p>\n","protected":false},"author":1,"featured_media":0,"comment_status":"open","ping_status":"closed","sticky":false,"template":"","format":"standard","meta":{"footnotes":""},"categories":[],"tags":[],"class_list":["post-16579","post","type-post","status-publish","format-standard","hentry"],"yoast_head":"<!-- This site is optimized with the Yoast SEO plugin v27.3 - https:\/\/yoast.com\/product\/yoast-seo-wordpress\/ -->\n<title>El mercat del lloguer a Espanya el 2025: una oportunitat real per a la gent gran<\/title>\n<meta name=\"robots\" content=\"index, follow, max-snippet:-1, max-image-preview:large, max-video-preview:-1\" \/>\n<link rel=\"canonical\" href=\"https:\/\/pensium.es\/ca\/el-mercat-del-lloguer-a-espanya-el-2025-una-oportunitat-real-per-a-la-gent-gran\/\" \/>\n<meta property=\"og:locale\" content=\"ca_ES\" \/>\n<meta property=\"og:type\" content=\"article\" \/>\n<meta property=\"og:title\" content=\"El mercat del lloguer a Espanya el 2025: una oportunitat real per a la gent gran\" \/>\n<meta property=\"og:description\" content=\"El mercat de lloguer a Espanya el 2025 est\u00e0 marcat per un fort desequilibri entre oferta i demanda. L&#8217;encariment de l&#8217;acc\u00e9s a l&#8217;habitatge en propietat, juntament amb factors com ara la mobilitat laboral, el turisme o l&#8217;auge del teletreball, ha disparat la necessitat de lloguer a nuclis urbans. Segons dades del portal Idealista, el preu ... Read More\" \/>\n<meta property=\"og:url\" content=\"https:\/\/pensium.es\/ca\/el-mercat-del-lloguer-a-espanya-el-2025-una-oportunitat-real-per-a-la-gent-gran\/\" \/>\n<meta property=\"og:site_name\" content=\"Pensium\" \/>\n<meta property=\"article:publisher\" content=\"https:\/\/www.facebook.com\/pensium.es\/\" \/>\n<meta property=\"article:published_time\" content=\"2025-07-17T15:30:02+00:00\" \/>\n<meta property=\"article:modified_time\" content=\"2025-07-17T15:36:14+00:00\" \/>\n<meta name=\"author\" content=\"Pensium\" \/>\n<meta name=\"twitter:card\" content=\"summary_large_image\" \/>\n<meta name=\"twitter:label1\" content=\"Escrit per\" \/>\n\t<meta name=\"twitter:data1\" content=\"Pensium\" \/>\n\t<meta name=\"twitter:label2\" content=\"Temps estimat de lectura\" \/>\n\t<meta name=\"twitter:data2\" content=\"3 minuts\" \/>\n<script type=\"application\/ld+json\" class=\"yoast-schema-graph\">{\"@context\":\"https:\\\/\\\/schema.org\",\"@graph\":[{\"@type\":\"Article\",\"@id\":\"https:\\\/\\\/pensium.es\\\/ca\\\/el-mercat-del-lloguer-a-espanya-el-2025-una-oportunitat-real-per-a-la-gent-gran\\\/#article\",\"isPartOf\":{\"@id\":\"https:\\\/\\\/pensium.es\\\/ca\\\/el-mercat-del-lloguer-a-espanya-el-2025-una-oportunitat-real-per-a-la-gent-gran\\\/\"},\"author\":{\"name\":\"Pensium\",\"@id\":\"https:\\\/\\\/pensium.es\\\/ca\\\/#\\\/schema\\\/person\\\/218909f91cb22b48c6447224ae9e09c0\"},\"headline\":\"El mercat del lloguer a Espanya el 2025: una oportunitat real per a la gent gran\",\"datePublished\":\"2025-07-17T15:30:02+00:00\",\"dateModified\":\"2025-07-17T15:36:14+00:00\",\"mainEntityOfPage\":{\"@id\":\"https:\\\/\\\/pensium.es\\\/ca\\\/el-mercat-del-lloguer-a-espanya-el-2025-una-oportunitat-real-per-a-la-gent-gran\\\/\"},\"wordCount\":625,\"commentCount\":0,\"inLanguage\":\"ca\",\"potentialAction\":[{\"@type\":\"CommentAction\",\"name\":\"Comment\",\"target\":[\"https:\\\/\\\/pensium.es\\\/ca\\\/el-mercat-del-lloguer-a-espanya-el-2025-una-oportunitat-real-per-a-la-gent-gran\\\/#respond\"]}]},{\"@type\":\"WebPage\",\"@id\":\"https:\\\/\\\/pensium.es\\\/ca\\\/el-mercat-del-lloguer-a-espanya-el-2025-una-oportunitat-real-per-a-la-gent-gran\\\/\",\"url\":\"https:\\\/\\\/pensium.es\\\/ca\\\/el-mercat-del-lloguer-a-espanya-el-2025-una-oportunitat-real-per-a-la-gent-gran\\\/\",\"name\":\"El mercat del lloguer a Espanya el 2025: una oportunitat real per a la gent gran\",\"isPartOf\":{\"@id\":\"https:\\\/\\\/pensium.es\\\/ca\\\/#website\"},\"datePublished\":\"2025-07-17T15:30:02+00:00\",\"dateModified\":\"2025-07-17T15:36:14+00:00\",\"author\":{\"@id\":\"https:\\\/\\\/pensium.es\\\/ca\\\/#\\\/schema\\\/person\\\/218909f91cb22b48c6447224ae9e09c0\"},\"breadcrumb\":{\"@id\":\"https:\\\/\\\/pensium.es\\\/ca\\\/el-mercat-del-lloguer-a-espanya-el-2025-una-oportunitat-real-per-a-la-gent-gran\\\/#breadcrumb\"},\"inLanguage\":\"ca\",\"potentialAction\":[{\"@type\":\"ReadAction\",\"target\":[\"https:\\\/\\\/pensium.es\\\/ca\\\/el-mercat-del-lloguer-a-espanya-el-2025-una-oportunitat-real-per-a-la-gent-gran\\\/\"]}]},{\"@type\":\"BreadcrumbList\",\"@id\":\"https:\\\/\\\/pensium.es\\\/ca\\\/el-mercat-del-lloguer-a-espanya-el-2025-una-oportunitat-real-per-a-la-gent-gran\\\/#breadcrumb\",\"itemListElement\":[{\"@type\":\"ListItem\",\"position\":1,\"name\":\"Inicio\",\"item\":\"https:\\\/\\\/pensium.es\\\/ca\\\/\"},{\"@type\":\"ListItem\",\"position\":2,\"name\":\"El mercat del lloguer a Espanya el 2025: una oportunitat real per a la gent gran\"}]},{\"@type\":\"WebSite\",\"@id\":\"https:\\\/\\\/pensium.es\\\/ca\\\/#website\",\"url\":\"https:\\\/\\\/pensium.es\\\/ca\\\/\",\"name\":\"Pensium\",\"description\":\"Paga la resid\u00e8ncia de la gent gran amb l'avan\u00e7ament del lloguer de l'habitatge\",\"potentialAction\":[{\"@type\":\"SearchAction\",\"target\":{\"@type\":\"EntryPoint\",\"urlTemplate\":\"https:\\\/\\\/pensium.es\\\/ca\\\/?s={search_term_string}\"},\"query-input\":{\"@type\":\"PropertyValueSpecification\",\"valueRequired\":true,\"valueName\":\"search_term_string\"}}],\"inLanguage\":\"ca\"},{\"@type\":\"Person\",\"@id\":\"https:\\\/\\\/pensium.es\\\/ca\\\/#\\\/schema\\\/person\\\/218909f91cb22b48c6447224ae9e09c0\",\"name\":\"Pensium\",\"image\":{\"@type\":\"ImageObject\",\"inLanguage\":\"ca\",\"@id\":\"https:\\\/\\\/secure.gravatar.com\\\/avatar\\\/d13bfc4fd39fc3ca713b011400396dd93bc20b2f8d09ed1ba605f5bd287a3365?s=96&d=mm&r=g\",\"url\":\"https:\\\/\\\/secure.gravatar.com\\\/avatar\\\/d13bfc4fd39fc3ca713b011400396dd93bc20b2f8d09ed1ba605f5bd287a3365?s=96&d=mm&r=g\",\"contentUrl\":\"https:\\\/\\\/secure.gravatar.com\\\/avatar\\\/d13bfc4fd39fc3ca713b011400396dd93bc20b2f8d09ed1ba605f5bd287a3365?s=96&d=mm&r=g\",\"caption\":\"Pensium\"},\"url\":\"https:\\\/\\\/pensium.es\\\/ca\\\/author\\\/pensium\\\/\"}]}<\/script>\n<!-- \/ Yoast SEO plugin. -->","yoast_head_json":{"title":"El mercat del lloguer a Espanya el 2025: una oportunitat real per a la gent gran","robots":{"index":"index","follow":"follow","max-snippet":"max-snippet:-1","max-image-preview":"max-image-preview:large","max-video-preview":"max-video-preview:-1"},"canonical":"https:\/\/pensium.es\/ca\/el-mercat-del-lloguer-a-espanya-el-2025-una-oportunitat-real-per-a-la-gent-gran\/","og_locale":"ca_ES","og_type":"article","og_title":"El mercat del lloguer a Espanya el 2025: una oportunitat real per a la gent gran","og_description":"El mercat de lloguer a Espanya el 2025 est\u00e0 marcat per un fort desequilibri entre oferta i demanda. L&#8217;encariment de l&#8217;acc\u00e9s a l&#8217;habitatge en propietat, juntament amb factors com ara la mobilitat laboral, el turisme o l&#8217;auge del teletreball, ha disparat la necessitat de lloguer a nuclis urbans. Segons dades del portal Idealista, el preu ... Read More","og_url":"https:\/\/pensium.es\/ca\/el-mercat-del-lloguer-a-espanya-el-2025-una-oportunitat-real-per-a-la-gent-gran\/","og_site_name":"Pensium","article_publisher":"https:\/\/www.facebook.com\/pensium.es\/","article_published_time":"2025-07-17T15:30:02+00:00","article_modified_time":"2025-07-17T15:36:14+00:00","author":"Pensium","twitter_card":"summary_large_image","twitter_misc":{"Escrit per":"Pensium","Temps estimat de lectura":"3 minuts"},"schema":{"@context":"https:\/\/schema.org","@graph":[{"@type":"Article","@id":"https:\/\/pensium.es\/ca\/el-mercat-del-lloguer-a-espanya-el-2025-una-oportunitat-real-per-a-la-gent-gran\/#article","isPartOf":{"@id":"https:\/\/pensium.es\/ca\/el-mercat-del-lloguer-a-espanya-el-2025-una-oportunitat-real-per-a-la-gent-gran\/"},"author":{"name":"Pensium","@id":"https:\/\/pensium.es\/ca\/#\/schema\/person\/218909f91cb22b48c6447224ae9e09c0"},"headline":"El mercat del lloguer a Espanya el 2025: una oportunitat real per a la gent gran","datePublished":"2025-07-17T15:30:02+00:00","dateModified":"2025-07-17T15:36:14+00:00","mainEntityOfPage":{"@id":"https:\/\/pensium.es\/ca\/el-mercat-del-lloguer-a-espanya-el-2025-una-oportunitat-real-per-a-la-gent-gran\/"},"wordCount":625,"commentCount":0,"inLanguage":"ca","potentialAction":[{"@type":"CommentAction","name":"Comment","target":["https:\/\/pensium.es\/ca\/el-mercat-del-lloguer-a-espanya-el-2025-una-oportunitat-real-per-a-la-gent-gran\/#respond"]}]},{"@type":"WebPage","@id":"https:\/\/pensium.es\/ca\/el-mercat-del-lloguer-a-espanya-el-2025-una-oportunitat-real-per-a-la-gent-gran\/","url":"https:\/\/pensium.es\/ca\/el-mercat-del-lloguer-a-espanya-el-2025-una-oportunitat-real-per-a-la-gent-gran\/","name":"El mercat del lloguer a Espanya el 2025: una oportunitat real per a la gent gran","isPartOf":{"@id":"https:\/\/pensium.es\/ca\/#website"},"datePublished":"2025-07-17T15:30:02+00:00","dateModified":"2025-07-17T15:36:14+00:00","author":{"@id":"https:\/\/pensium.es\/ca\/#\/schema\/person\/218909f91cb22b48c6447224ae9e09c0"},"breadcrumb":{"@id":"https:\/\/pensium.es\/ca\/el-mercat-del-lloguer-a-espanya-el-2025-una-oportunitat-real-per-a-la-gent-gran\/#breadcrumb"},"inLanguage":"ca","potentialAction":[{"@type":"ReadAction","target":["https:\/\/pensium.es\/ca\/el-mercat-del-lloguer-a-espanya-el-2025-una-oportunitat-real-per-a-la-gent-gran\/"]}]},{"@type":"BreadcrumbList","@id":"https:\/\/pensium.es\/ca\/el-mercat-del-lloguer-a-espanya-el-2025-una-oportunitat-real-per-a-la-gent-gran\/#breadcrumb","itemListElement":[{"@type":"ListItem","position":1,"name":"Inicio","item":"https:\/\/pensium.es\/ca\/"},{"@type":"ListItem","position":2,"name":"El mercat del lloguer a Espanya el 2025: una oportunitat real per a la gent gran"}]},{"@type":"WebSite","@id":"https:\/\/pensium.es\/ca\/#website","url":"https:\/\/pensium.es\/ca\/","name":"Pensium","description":"Paga la resid\u00e8ncia de la gent gran amb l'avan\u00e7ament del lloguer de l'habitatge","potentialAction":[{"@type":"SearchAction","target":{"@type":"EntryPoint","urlTemplate":"https:\/\/pensium.es\/ca\/?s={search_term_string}"},"query-input":{"@type":"PropertyValueSpecification","valueRequired":true,"valueName":"search_term_string"}}],"inLanguage":"ca"},{"@type":"Person","@id":"https:\/\/pensium.es\/ca\/#\/schema\/person\/218909f91cb22b48c6447224ae9e09c0","name":"Pensium","image":{"@type":"ImageObject","inLanguage":"ca","@id":"https:\/\/secure.gravatar.com\/avatar\/d13bfc4fd39fc3ca713b011400396dd93bc20b2f8d09ed1ba605f5bd287a3365?s=96&d=mm&r=g","url":"https:\/\/secure.gravatar.com\/avatar\/d13bfc4fd39fc3ca713b011400396dd93bc20b2f8d09ed1ba605f5bd287a3365?s=96&d=mm&r=g","contentUrl":"https:\/\/secure.gravatar.com\/avatar\/d13bfc4fd39fc3ca713b011400396dd93bc20b2f8d09ed1ba605f5bd287a3365?s=96&d=mm&r=g","caption":"Pensium"},"url":"https:\/\/pensium.es\/ca\/author\/pensium\/"}]}},"_links":{"self":[{"href":"https:\/\/pensium.es\/ca\/wp-json\/wp\/v2\/posts\/16579","targetHints":{"allow":["GET"]}}],"collection":[{"href":"https:\/\/pensium.es\/ca\/wp-json\/wp\/v2\/posts"}],"about":[{"href":"https:\/\/pensium.es\/ca\/wp-json\/wp\/v2\/types\/post"}],"author":[{"embeddable":true,"href":"https:\/\/pensium.es\/ca\/wp-json\/wp\/v2\/users\/1"}],"replies":[{"embeddable":true,"href":"https:\/\/pensium.es\/ca\/wp-json\/wp\/v2\/comments?post=16579"}],"version-history":[{"count":2,"href":"https:\/\/pensium.es\/ca\/wp-json\/wp\/v2\/posts\/16579\/revisions"}],"predecessor-version":[{"id":16583,"href":"https:\/\/pensium.es\/ca\/wp-json\/wp\/v2\/posts\/16579\/revisions\/16583"}],"wp:attachment":[{"href":"https:\/\/pensium.es\/ca\/wp-json\/wp\/v2\/media?parent=16579"}],"wp:term":[{"taxonomy":"category","embeddable":true,"href":"https:\/\/pensium.es\/ca\/wp-json\/wp\/v2\/categories?post=16579"},{"taxonomy":"post_tag","embeddable":true,"href":"https:\/\/pensium.es\/ca\/wp-json\/wp\/v2\/tags?post=16579"}],"curies":[{"name":"wp","href":"https:\/\/api.w.org\/{rel}","templated":true}]}}