{"id":18452,"date":"2025-10-27T20:27:17","date_gmt":"2025-10-27T18:27:17","guid":{"rendered":"https:\/\/pensium.es\/?p=18452"},"modified":"2025-10-27T20:33:55","modified_gmt":"2025-10-27T18:33:55","slug":"el-valor-de-limpacte-social-com-pensium-transforma-la-cura-de-les-persones-grans","status":"publish","type":"post","link":"https:\/\/pensium.es\/ca\/el-valor-de-limpacte-social-com-pensium-transforma-la-cura-de-les-persones-grans\/","title":{"rendered":"El valor de l\u2019impacte social: com Pensium transforma la cura de les persones grans"},"content":{"rendered":"\n\n<div class=\"kk-star-ratings kksr-auto kksr-align-left kksr-valign-top\"\n    data-payload='{&quot;align&quot;:&quot;left&quot;,&quot;id&quot;:&quot;18452&quot;,&quot;slug&quot;:&quot;default&quot;,&quot;valign&quot;:&quot;top&quot;,&quot;ignore&quot;:&quot;&quot;,&quot;reference&quot;:&quot;auto&quot;,&quot;class&quot;:&quot;&quot;,&quot;count&quot;:&quot;1&quot;,&quot;legendonly&quot;:&quot;&quot;,&quot;readonly&quot;:&quot;&quot;,&quot;score&quot;:&quot;5&quot;,&quot;starsonly&quot;:&quot;&quot;,&quot;best&quot;:&quot;5&quot;,&quot;gap&quot;:&quot;5&quot;,&quot;greet&quot;:&quot;Rate this post&quot;,&quot;legend&quot;:&quot;5\\\/5 - (1 vote)&quot;,&quot;size&quot;:&quot;24&quot;,&quot;title&quot;:&quot;El valor de l\u2019impacte social: com Pensium transforma la cura de les persones grans&quot;,&quot;width&quot;:&quot;142.5&quot;,&quot;_legend&quot;:&quot;{score}\\\/{best} - ({count} {votes})&quot;,&quot;font_factor&quot;:&quot;1.25&quot;}'>\n            \n<div class=\"kksr-stars\">\n    \n<div class=\"kksr-stars-inactive\">\n            <div class=\"kksr-star\" data-star=\"1\" style=\"padding-right: 5px\">\n            \n\n<div class=\"kksr-icon\" style=\"width: 24px; height: 24px;\"><\/div>\n        <\/div>\n            <div class=\"kksr-star\" data-star=\"2\" style=\"padding-right: 5px\">\n            \n\n<div class=\"kksr-icon\" style=\"width: 24px; height: 24px;\"><\/div>\n        <\/div>\n            <div class=\"kksr-star\" data-star=\"3\" style=\"padding-right: 5px\">\n            \n\n<div class=\"kksr-icon\" style=\"width: 24px; height: 24px;\"><\/div>\n        <\/div>\n            <div class=\"kksr-star\" data-star=\"4\" style=\"padding-right: 5px\">\n            \n\n<div class=\"kksr-icon\" style=\"width: 24px; height: 24px;\"><\/div>\n        <\/div>\n            <div class=\"kksr-star\" data-star=\"5\" style=\"padding-right: 5px\">\n            \n\n<div class=\"kksr-icon\" style=\"width: 24px; height: 24px;\"><\/div>\n        <\/div>\n    <\/div>\n    \n<div class=\"kksr-stars-active\" style=\"width: 142.5px;\">\n            <div class=\"kksr-star\" style=\"padding-right: 5px\">\n            \n\n<div class=\"kksr-icon\" style=\"width: 24px; height: 24px;\"><\/div>\n        <\/div>\n            <div class=\"kksr-star\" style=\"padding-right: 5px\">\n            \n\n<div class=\"kksr-icon\" style=\"width: 24px; height: 24px;\"><\/div>\n        <\/div>\n            <div class=\"kksr-star\" style=\"padding-right: 5px\">\n            \n\n<div class=\"kksr-icon\" style=\"width: 24px; height: 24px;\"><\/div>\n        <\/div>\n            <div class=\"kksr-star\" style=\"padding-right: 5px\">\n            \n\n<div class=\"kksr-icon\" style=\"width: 24px; height: 24px;\"><\/div>\n        <\/div>\n            <div class=\"kksr-star\" style=\"padding-right: 5px\">\n            \n\n<div class=\"kksr-icon\" style=\"width: 24px; height: 24px;\"><\/div>\n        <\/div>\n    <\/div>\n<\/div>\n                \n\n<div class=\"kksr-legend\" style=\"font-size: 19.2px;\">\n            5\/5 - (1 vote)    <\/div>\n    <\/div>\n<p data-start=\"194\" data-end=\"585\">En un moment en qu\u00e8 l\u2019envelliment de la poblaci\u00f3 planteja grans reptes per a les fam\u00edlies i el sistema de cures, el <strong data-start=\"310\" data-end=\"330\">Programa Pensium<\/strong> es consolida com una soluci\u00f3 innovadora que uneix sostenibilitat, dignitat i benestar. La seva proposta va m\u00e9s enll\u00e0 del suport financer: impulsa un veritable <strong data-start=\"490\" data-end=\"508\">impacte social<\/strong>, millorant la qualitat de vida de les persones grans i de qui les envolta.<\/p>\n<h3 data-start=\"587\" data-end=\"643\"><span style=\"color: #ff6600;\">Tenir cura de les persones, preservar la seva llar<\/span><\/h3>\n<p data-start=\"645\" data-end=\"834\">La llar \u00e9s m\u00e9s que un espai f\u00edsic: representa una hist\u00f2ria, una seguretat i un vincle emocional. Tanmateix, per a moltes fam\u00edlies, el cost de les cures pot posar en risc aquest patrimoni.<\/p>\n<p data-start=\"836\" data-end=\"1028\"><a href=\"http:\/\/www.pensium.es\"><strong data-start=\"836\" data-end=\"847\">Pensium<\/strong><\/a> trenca aquest cercle de vulnerabilitat en convertir l\u2019habitatge familiar en una font de benestar, permetent afrontar les despeses derivades de l\u2019atenci\u00f3 <strong data-start=\"1001\" data-end=\"1025\">sense perdre la llar<\/strong>.<\/p>\n<p data-start=\"1030\" data-end=\"1309\">D\u2019aquesta manera, cada programa no nom\u00e9s facilita l\u2019acc\u00e9s a serveis d&#8217;assist\u00e8ncia professional, sin\u00f3 que tamb\u00e9 preserva el llegat de tota una vida. Aquesta combinaci\u00f3 entre <strong data-start=\"1197\" data-end=\"1243\">suport social i sostenibilitat patrimonial<\/strong> es tradueix en un benefici directe per a centenars de fam\u00edlies.<\/p>\n<h3 data-start=\"1311\" data-end=\"1366\"><span style=\"color: #ff6600;\">Un impacte real en les persones i en la comunitat<\/span><\/h3>\n<p data-start=\"1368\" data-end=\"1567\">L\u2019impacte social de <strong data-start=\"1388\" data-end=\"1399\">Pensium<\/strong> es mesura en <strong data-start=\"1413\" data-end=\"1436\">vides transformades<\/strong>. Darrere de cada programa hi ha una persona gran que pot rebre l\u2019atenci\u00f3 adequada, i una fam\u00edlia que recupera la tranquil\u00b7litat.<\/p>\n<p data-start=\"1569\" data-end=\"1845\">La majoria de les persones que accedeixen al programa compten amb ingressos modestos, molt per sota de la mitjana estatal. <strong data-start=\"1692\" data-end=\"1703\">Pensium<\/strong> arriba precisament all\u00e0 on m\u00e9s es necessita, oferint una alternativa viable a aquells que no troben solucions dins del sistema tradicional.<\/p>\n<p data-start=\"1847\" data-end=\"2164\">Per\u00f2 l\u2019impacte no es limita als beneficiaris directes. Cada habitatge gestionat genera <strong data-start=\"1934\" data-end=\"1979\">activitat econ\u00f2mica i millora de l\u2019entorn<\/strong>. Molts d\u2019aquests habitatges requereixen rehabilitaci\u00f3 i actualitzaci\u00f3, cosa que impulsa l\u2019economia local, dinamitza el sector immobiliari i contribueix a <strong data-start=\"2134\" data-end=\"2161\">regenerar espais urbans<\/strong>.<\/p>\n<h3 data-start=\"2166\" data-end=\"2211\"><span style=\"color: #ff6600;\">Sostenibilitat i creixement responsable<\/span><\/h3>\n<p data-start=\"2213\" data-end=\"2363\">El <strong data-start=\"2216\" data-end=\"2233\">model Pensium<\/strong> no nom\u00e9s demostra solidesa financera, sin\u00f3 que tamb\u00e9 creix amb un prop\u00f2sit clar: <strong data-start=\"2315\" data-end=\"2360\">revertir els beneficis en benestar social<\/strong>.<\/p>\n<p data-start=\"2365\" data-end=\"2553\">Cada euro mobilitzat dins del programa representa una <strong data-start=\"2419\" data-end=\"2468\">inversi\u00f3 en cura, dignitat i qualitat de vida<\/strong>. I cada habitatge rehabilitat \u00e9s un pas m\u00e9s cap a un entorn m\u00e9s hum\u00e0 i sostenible.<\/p>\n<h3 data-start=\"2555\" data-end=\"2594\"><span style=\"color: #ff6600;\">Transformar el futur de les cures<\/span><\/h3>\n<p data-start=\"2596\" data-end=\"2862\">L\u2019impacte de <strong data-start=\"2609\" data-end=\"2620\">Pensium<\/strong> no es pot mesurar nom\u00e9s amb xifres. Es troba en les hist\u00f2ries de qui tornen a somriure en saber que la seva mare o el seu pare reben l\u2019atenci\u00f3 que es mereixen. Es troba en la tranquil\u00b7litat de saber que la llar familiar continua sent seva.<\/p>\n<p data-start=\"2864\" data-end=\"3030\">Perqu\u00e8 <strong data-start=\"2871\" data-end=\"2882\">Pensium<\/strong> no nom\u00e9s finan\u00e7a cures: transforma la manera com entenem <strong data-start=\"2940\" data-end=\"3027\">l\u2019envelliment, la solidaritat i el valor del que s\u2019ha constru\u00eft al llarg d\u2019una vida<\/strong>.<\/p>\n<p data-start=\"3032\" data-end=\"3199\">Tenir cura de les persones i preservar la seva llar no \u00e9s nom\u00e9s una missi\u00f3: \u00e9s una manera de construir un <strong data-start=\"3138\" data-end=\"3196\">futur m\u00e9s just, m\u00e9s hum\u00e0 i m\u00e9s sostenible per a tothom<\/strong>.<\/p>\n","protected":false},"excerpt":{"rendered":"<p>En un moment en qu\u00e8 l\u2019envelliment de la poblaci\u00f3 planteja grans reptes per a les fam\u00edlies i el sistema de cures, el Programa Pensium es consolida com una soluci\u00f3 innovadora que uneix sostenibilitat, dignitat i benestar. La seva proposta va m\u00e9s enll\u00e0 del suport financer: impulsa un veritable impacte social, millorant la qualitat de vida &#8230; <a class=\"excerpt-readmore\" href=\"https:\/\/pensium.es\/ca\/el-valor-de-limpacte-social-com-pensium-transforma-la-cura-de-les-persones-grans\/\">Read More<\/a><\/p>\n","protected":false},"author":1,"featured_media":0,"comment_status":"open","ping_status":"closed","sticky":false,"template":"","format":"standard","meta":{"footnotes":""},"categories":[],"tags":[],"class_list":["post-18452","post","type-post","status-publish","format-standard","hentry"],"yoast_head":"<!-- This site is optimized with the Yoast SEO plugin v27.3 - https:\/\/yoast.com\/product\/yoast-seo-wordpress\/ -->\n<title>l&#039;Impacte social de Pensium<\/title>\n<meta name=\"description\" content=\"En un moment en qu\u00e8 l\u2019envelliment de la poblaci\u00f3 planteja grans reptes per a les fam\u00edlies i el sistema de cures, el Programa Pensium es consolida com una soluci\u00f3 innovadora que uneix sostenibilitat, dignitat i benestar. La seva proposta va m\u00e9s enll\u00e0 del suport financer: impulsa un veritable impacte social, millorant la qualitat de vida de les persones grans i de qui les envolta.\" \/>\n<meta name=\"robots\" content=\"index, follow, max-snippet:-1, max-image-preview:large, max-video-preview:-1\" \/>\n<link rel=\"canonical\" href=\"https:\/\/pensium.es\/ca\/el-valor-de-limpacte-social-com-pensium-transforma-la-cura-de-les-persones-grans\/\" \/>\n<meta property=\"og:locale\" content=\"ca_ES\" \/>\n<meta property=\"og:type\" content=\"article\" \/>\n<meta property=\"og:title\" content=\"l&#039;Impacte social de Pensium\" \/>\n<meta property=\"og:description\" content=\"En un moment en qu\u00e8 l\u2019envelliment de la poblaci\u00f3 planteja grans reptes per a les fam\u00edlies i el sistema de cures, el Programa Pensium es consolida com una soluci\u00f3 innovadora que uneix sostenibilitat, dignitat i benestar. La seva proposta va m\u00e9s enll\u00e0 del suport financer: impulsa un veritable impacte social, millorant la qualitat de vida de les persones grans i de qui les envolta.\" \/>\n<meta property=\"og:url\" content=\"https:\/\/pensium.es\/ca\/el-valor-de-limpacte-social-com-pensium-transforma-la-cura-de-les-persones-grans\/\" \/>\n<meta property=\"og:site_name\" content=\"Pensium\" \/>\n<meta property=\"article:publisher\" content=\"https:\/\/www.facebook.com\/pensium.es\/\" \/>\n<meta property=\"article:published_time\" content=\"2025-10-27T18:27:17+00:00\" \/>\n<meta property=\"article:modified_time\" content=\"2025-10-27T18:33:55+00:00\" \/>\n<meta name=\"author\" content=\"Pensium\" \/>\n<meta name=\"twitter:card\" content=\"summary_large_image\" \/>\n<meta name=\"twitter:label1\" content=\"Escrit per\" \/>\n\t<meta name=\"twitter:data1\" content=\"Pensium\" \/>\n\t<meta name=\"twitter:label2\" content=\"Temps estimat de lectura\" \/>\n\t<meta name=\"twitter:data2\" content=\"3 minuts\" \/>\n<script type=\"application\/ld+json\" class=\"yoast-schema-graph\">{\"@context\":\"https:\\\/\\\/schema.org\",\"@graph\":[{\"@type\":\"Article\",\"@id\":\"https:\\\/\\\/pensium.es\\\/ca\\\/el-valor-de-limpacte-social-com-pensium-transforma-la-cura-de-les-persones-grans\\\/#article\",\"isPartOf\":{\"@id\":\"https:\\\/\\\/pensium.es\\\/ca\\\/el-valor-de-limpacte-social-com-pensium-transforma-la-cura-de-les-persones-grans\\\/\"},\"author\":{\"name\":\"Pensium\",\"@id\":\"https:\\\/\\\/pensium.es\\\/ca\\\/#\\\/schema\\\/person\\\/218909f91cb22b48c6447224ae9e09c0\"},\"headline\":\"El valor de l\u2019impacte social: com Pensium transforma la cura de les persones grans\",\"datePublished\":\"2025-10-27T18:27:17+00:00\",\"dateModified\":\"2025-10-27T18:33:55+00:00\",\"mainEntityOfPage\":{\"@id\":\"https:\\\/\\\/pensium.es\\\/ca\\\/el-valor-de-limpacte-social-com-pensium-transforma-la-cura-de-les-persones-grans\\\/\"},\"wordCount\":525,\"commentCount\":0,\"inLanguage\":\"ca\",\"potentialAction\":[{\"@type\":\"CommentAction\",\"name\":\"Comment\",\"target\":[\"https:\\\/\\\/pensium.es\\\/ca\\\/el-valor-de-limpacte-social-com-pensium-transforma-la-cura-de-les-persones-grans\\\/#respond\"]}]},{\"@type\":\"WebPage\",\"@id\":\"https:\\\/\\\/pensium.es\\\/ca\\\/el-valor-de-limpacte-social-com-pensium-transforma-la-cura-de-les-persones-grans\\\/\",\"url\":\"https:\\\/\\\/pensium.es\\\/ca\\\/el-valor-de-limpacte-social-com-pensium-transforma-la-cura-de-les-persones-grans\\\/\",\"name\":\"l'Impacte social de Pensium\",\"isPartOf\":{\"@id\":\"https:\\\/\\\/pensium.es\\\/ca\\\/#website\"},\"datePublished\":\"2025-10-27T18:27:17+00:00\",\"dateModified\":\"2025-10-27T18:33:55+00:00\",\"author\":{\"@id\":\"https:\\\/\\\/pensium.es\\\/ca\\\/#\\\/schema\\\/person\\\/218909f91cb22b48c6447224ae9e09c0\"},\"description\":\"En un moment en qu\u00e8 l\u2019envelliment de la poblaci\u00f3 planteja grans reptes per a les fam\u00edlies i el sistema de cures, el Programa Pensium es consolida com una soluci\u00f3 innovadora que uneix sostenibilitat, dignitat i benestar. La seva proposta va m\u00e9s enll\u00e0 del suport financer: impulsa un veritable impacte social, millorant la qualitat de vida de les persones grans i de qui les envolta.\",\"breadcrumb\":{\"@id\":\"https:\\\/\\\/pensium.es\\\/ca\\\/el-valor-de-limpacte-social-com-pensium-transforma-la-cura-de-les-persones-grans\\\/#breadcrumb\"},\"inLanguage\":\"ca\",\"potentialAction\":[{\"@type\":\"ReadAction\",\"target\":[\"https:\\\/\\\/pensium.es\\\/ca\\\/el-valor-de-limpacte-social-com-pensium-transforma-la-cura-de-les-persones-grans\\\/\"]}]},{\"@type\":\"BreadcrumbList\",\"@id\":\"https:\\\/\\\/pensium.es\\\/ca\\\/el-valor-de-limpacte-social-com-pensium-transforma-la-cura-de-les-persones-grans\\\/#breadcrumb\",\"itemListElement\":[{\"@type\":\"ListItem\",\"position\":1,\"name\":\"Inicio\",\"item\":\"https:\\\/\\\/pensium.es\\\/ca\\\/\"},{\"@type\":\"ListItem\",\"position\":2,\"name\":\"El valor de l\u2019impacte social: com Pensium transforma la cura de les persones grans\"}]},{\"@type\":\"WebSite\",\"@id\":\"https:\\\/\\\/pensium.es\\\/ca\\\/#website\",\"url\":\"https:\\\/\\\/pensium.es\\\/ca\\\/\",\"name\":\"Pensium\",\"description\":\"Paga la resid\u00e8ncia de la gent gran amb l'avan\u00e7ament del lloguer de l'habitatge\",\"potentialAction\":[{\"@type\":\"SearchAction\",\"target\":{\"@type\":\"EntryPoint\",\"urlTemplate\":\"https:\\\/\\\/pensium.es\\\/ca\\\/?s={search_term_string}\"},\"query-input\":{\"@type\":\"PropertyValueSpecification\",\"valueRequired\":true,\"valueName\":\"search_term_string\"}}],\"inLanguage\":\"ca\"},{\"@type\":\"Person\",\"@id\":\"https:\\\/\\\/pensium.es\\\/ca\\\/#\\\/schema\\\/person\\\/218909f91cb22b48c6447224ae9e09c0\",\"name\":\"Pensium\",\"image\":{\"@type\":\"ImageObject\",\"inLanguage\":\"ca\",\"@id\":\"https:\\\/\\\/secure.gravatar.com\\\/avatar\\\/d13bfc4fd39fc3ca713b011400396dd93bc20b2f8d09ed1ba605f5bd287a3365?s=96&d=mm&r=g\",\"url\":\"https:\\\/\\\/secure.gravatar.com\\\/avatar\\\/d13bfc4fd39fc3ca713b011400396dd93bc20b2f8d09ed1ba605f5bd287a3365?s=96&d=mm&r=g\",\"contentUrl\":\"https:\\\/\\\/secure.gravatar.com\\\/avatar\\\/d13bfc4fd39fc3ca713b011400396dd93bc20b2f8d09ed1ba605f5bd287a3365?s=96&d=mm&r=g\",\"caption\":\"Pensium\"},\"url\":\"https:\\\/\\\/pensium.es\\\/ca\\\/author\\\/pensium\\\/\"}]}<\/script>\n<!-- \/ Yoast SEO plugin. -->","yoast_head_json":{"title":"l'Impacte social de Pensium","description":"En un moment en qu\u00e8 l\u2019envelliment de la poblaci\u00f3 planteja grans reptes per a les fam\u00edlies i el sistema de cures, el Programa Pensium es consolida com una soluci\u00f3 innovadora que uneix sostenibilitat, dignitat i benestar. La seva proposta va m\u00e9s enll\u00e0 del suport financer: impulsa un veritable impacte social, millorant la qualitat de vida de les persones grans i de qui les envolta.","robots":{"index":"index","follow":"follow","max-snippet":"max-snippet:-1","max-image-preview":"max-image-preview:large","max-video-preview":"max-video-preview:-1"},"canonical":"https:\/\/pensium.es\/ca\/el-valor-de-limpacte-social-com-pensium-transforma-la-cura-de-les-persones-grans\/","og_locale":"ca_ES","og_type":"article","og_title":"l'Impacte social de Pensium","og_description":"En un moment en qu\u00e8 l\u2019envelliment de la poblaci\u00f3 planteja grans reptes per a les fam\u00edlies i el sistema de cures, el Programa Pensium es consolida com una soluci\u00f3 innovadora que uneix sostenibilitat, dignitat i benestar. La seva proposta va m\u00e9s enll\u00e0 del suport financer: impulsa un veritable impacte social, millorant la qualitat de vida de les persones grans i de qui les envolta.","og_url":"https:\/\/pensium.es\/ca\/el-valor-de-limpacte-social-com-pensium-transforma-la-cura-de-les-persones-grans\/","og_site_name":"Pensium","article_publisher":"https:\/\/www.facebook.com\/pensium.es\/","article_published_time":"2025-10-27T18:27:17+00:00","article_modified_time":"2025-10-27T18:33:55+00:00","author":"Pensium","twitter_card":"summary_large_image","twitter_misc":{"Escrit per":"Pensium","Temps estimat de lectura":"3 minuts"},"schema":{"@context":"https:\/\/schema.org","@graph":[{"@type":"Article","@id":"https:\/\/pensium.es\/ca\/el-valor-de-limpacte-social-com-pensium-transforma-la-cura-de-les-persones-grans\/#article","isPartOf":{"@id":"https:\/\/pensium.es\/ca\/el-valor-de-limpacte-social-com-pensium-transforma-la-cura-de-les-persones-grans\/"},"author":{"name":"Pensium","@id":"https:\/\/pensium.es\/ca\/#\/schema\/person\/218909f91cb22b48c6447224ae9e09c0"},"headline":"El valor de l\u2019impacte social: com Pensium transforma la cura de les persones grans","datePublished":"2025-10-27T18:27:17+00:00","dateModified":"2025-10-27T18:33:55+00:00","mainEntityOfPage":{"@id":"https:\/\/pensium.es\/ca\/el-valor-de-limpacte-social-com-pensium-transforma-la-cura-de-les-persones-grans\/"},"wordCount":525,"commentCount":0,"inLanguage":"ca","potentialAction":[{"@type":"CommentAction","name":"Comment","target":["https:\/\/pensium.es\/ca\/el-valor-de-limpacte-social-com-pensium-transforma-la-cura-de-les-persones-grans\/#respond"]}]},{"@type":"WebPage","@id":"https:\/\/pensium.es\/ca\/el-valor-de-limpacte-social-com-pensium-transforma-la-cura-de-les-persones-grans\/","url":"https:\/\/pensium.es\/ca\/el-valor-de-limpacte-social-com-pensium-transforma-la-cura-de-les-persones-grans\/","name":"l'Impacte social de Pensium","isPartOf":{"@id":"https:\/\/pensium.es\/ca\/#website"},"datePublished":"2025-10-27T18:27:17+00:00","dateModified":"2025-10-27T18:33:55+00:00","author":{"@id":"https:\/\/pensium.es\/ca\/#\/schema\/person\/218909f91cb22b48c6447224ae9e09c0"},"description":"En un moment en qu\u00e8 l\u2019envelliment de la poblaci\u00f3 planteja grans reptes per a les fam\u00edlies i el sistema de cures, el Programa Pensium es consolida com una soluci\u00f3 innovadora que uneix sostenibilitat, dignitat i benestar. La seva proposta va m\u00e9s enll\u00e0 del suport financer: impulsa un veritable impacte social, millorant la qualitat de vida de les persones grans i de qui les envolta.","breadcrumb":{"@id":"https:\/\/pensium.es\/ca\/el-valor-de-limpacte-social-com-pensium-transforma-la-cura-de-les-persones-grans\/#breadcrumb"},"inLanguage":"ca","potentialAction":[{"@type":"ReadAction","target":["https:\/\/pensium.es\/ca\/el-valor-de-limpacte-social-com-pensium-transforma-la-cura-de-les-persones-grans\/"]}]},{"@type":"BreadcrumbList","@id":"https:\/\/pensium.es\/ca\/el-valor-de-limpacte-social-com-pensium-transforma-la-cura-de-les-persones-grans\/#breadcrumb","itemListElement":[{"@type":"ListItem","position":1,"name":"Inicio","item":"https:\/\/pensium.es\/ca\/"},{"@type":"ListItem","position":2,"name":"El valor de l\u2019impacte social: com Pensium transforma la cura de les persones grans"}]},{"@type":"WebSite","@id":"https:\/\/pensium.es\/ca\/#website","url":"https:\/\/pensium.es\/ca\/","name":"Pensium","description":"Paga la resid\u00e8ncia de la gent gran amb l'avan\u00e7ament del lloguer de l'habitatge","potentialAction":[{"@type":"SearchAction","target":{"@type":"EntryPoint","urlTemplate":"https:\/\/pensium.es\/ca\/?s={search_term_string}"},"query-input":{"@type":"PropertyValueSpecification","valueRequired":true,"valueName":"search_term_string"}}],"inLanguage":"ca"},{"@type":"Person","@id":"https:\/\/pensium.es\/ca\/#\/schema\/person\/218909f91cb22b48c6447224ae9e09c0","name":"Pensium","image":{"@type":"ImageObject","inLanguage":"ca","@id":"https:\/\/secure.gravatar.com\/avatar\/d13bfc4fd39fc3ca713b011400396dd93bc20b2f8d09ed1ba605f5bd287a3365?s=96&d=mm&r=g","url":"https:\/\/secure.gravatar.com\/avatar\/d13bfc4fd39fc3ca713b011400396dd93bc20b2f8d09ed1ba605f5bd287a3365?s=96&d=mm&r=g","contentUrl":"https:\/\/secure.gravatar.com\/avatar\/d13bfc4fd39fc3ca713b011400396dd93bc20b2f8d09ed1ba605f5bd287a3365?s=96&d=mm&r=g","caption":"Pensium"},"url":"https:\/\/pensium.es\/ca\/author\/pensium\/"}]}},"_links":{"self":[{"href":"https:\/\/pensium.es\/ca\/wp-json\/wp\/v2\/posts\/18452","targetHints":{"allow":["GET"]}}],"collection":[{"href":"https:\/\/pensium.es\/ca\/wp-json\/wp\/v2\/posts"}],"about":[{"href":"https:\/\/pensium.es\/ca\/wp-json\/wp\/v2\/types\/post"}],"author":[{"embeddable":true,"href":"https:\/\/pensium.es\/ca\/wp-json\/wp\/v2\/users\/1"}],"replies":[{"embeddable":true,"href":"https:\/\/pensium.es\/ca\/wp-json\/wp\/v2\/comments?post=18452"}],"version-history":[{"count":2,"href":"https:\/\/pensium.es\/ca\/wp-json\/wp\/v2\/posts\/18452\/revisions"}],"predecessor-version":[{"id":18456,"href":"https:\/\/pensium.es\/ca\/wp-json\/wp\/v2\/posts\/18452\/revisions\/18456"}],"wp:attachment":[{"href":"https:\/\/pensium.es\/ca\/wp-json\/wp\/v2\/media?parent=18452"}],"wp:term":[{"taxonomy":"category","embeddable":true,"href":"https:\/\/pensium.es\/ca\/wp-json\/wp\/v2\/categories?post=18452"},{"taxonomy":"post_tag","embeddable":true,"href":"https:\/\/pensium.es\/ca\/wp-json\/wp\/v2\/tags?post=18452"}],"curies":[{"name":"wp","href":"https:\/\/api.w.org\/{rel}","templated":true}]}}