{"id":10923,"date":"2021-10-18T13:53:13","date_gmt":"2021-10-18T11:53:13","guid":{"rendered":"https:\/\/pensium.es\/residencias-mayores-sacan-buena-nota\/"},"modified":"2021-10-18T13:57:37","modified_gmt":"2021-10-18T11:57:37","slug":"residencias-mayores-sacan-buena-nota","status":"publish","type":"post","link":"https:\/\/pensium.es\/gl\/residencias-mayores-sacan-buena-nota\/","title":{"rendered":"Los espa\u00f1oles reconocen la labor de las residencias de mayores durante la pandemia"},"content":{"rendered":"\n\n<div class=\"kk-star-ratings kksr-auto kksr-align-left kksr-valign-top\"\n    data-payload='{&quot;align&quot;:&quot;left&quot;,&quot;id&quot;:&quot;10923&quot;,&quot;slug&quot;:&quot;default&quot;,&quot;valign&quot;:&quot;top&quot;,&quot;ignore&quot;:&quot;&quot;,&quot;reference&quot;:&quot;auto&quot;,&quot;class&quot;:&quot;&quot;,&quot;count&quot;:&quot;0&quot;,&quot;legendonly&quot;:&quot;&quot;,&quot;readonly&quot;:&quot;&quot;,&quot;score&quot;:&quot;0&quot;,&quot;starsonly&quot;:&quot;&quot;,&quot;best&quot;:&quot;5&quot;,&quot;gap&quot;:&quot;5&quot;,&quot;greet&quot;:&quot;Rate this post&quot;,&quot;legend&quot;:&quot;0\\\/5 - (0 votes)&quot;,&quot;size&quot;:&quot;24&quot;,&quot;title&quot;:&quot;Los espa\u00f1oles reconocen la labor de las residencias de mayores durante la pandemia&quot;,&quot;width&quot;:&quot;0&quot;,&quot;_legend&quot;:&quot;{score}\\\/{best} - ({count} {votes})&quot;,&quot;font_factor&quot;:&quot;1.25&quot;}'>\n            \n<div class=\"kksr-stars\">\n    \n<div class=\"kksr-stars-inactive\">\n            <div class=\"kksr-star\" data-star=\"1\" style=\"padding-right: 5px\">\n            \n\n<div class=\"kksr-icon\" style=\"width: 24px; height: 24px;\"><\/div>\n        <\/div>\n            <div class=\"kksr-star\" data-star=\"2\" style=\"padding-right: 5px\">\n            \n\n<div class=\"kksr-icon\" style=\"width: 24px; height: 24px;\"><\/div>\n        <\/div>\n            <div class=\"kksr-star\" data-star=\"3\" style=\"padding-right: 5px\">\n            \n\n<div class=\"kksr-icon\" style=\"width: 24px; height: 24px;\"><\/div>\n        <\/div>\n            <div class=\"kksr-star\" data-star=\"4\" style=\"padding-right: 5px\">\n            \n\n<div class=\"kksr-icon\" style=\"width: 24px; height: 24px;\"><\/div>\n        <\/div>\n            <div class=\"kksr-star\" data-star=\"5\" style=\"padding-right: 5px\">\n            \n\n<div class=\"kksr-icon\" style=\"width: 24px; height: 24px;\"><\/div>\n        <\/div>\n    <\/div>\n    \n<div class=\"kksr-stars-active\" style=\"width: 0px;\">\n            <div class=\"kksr-star\" style=\"padding-right: 5px\">\n            \n\n<div class=\"kksr-icon\" style=\"width: 24px; height: 24px;\"><\/div>\n        <\/div>\n            <div class=\"kksr-star\" style=\"padding-right: 5px\">\n            \n\n<div class=\"kksr-icon\" style=\"width: 24px; height: 24px;\"><\/div>\n        <\/div>\n            <div class=\"kksr-star\" style=\"padding-right: 5px\">\n            \n\n<div class=\"kksr-icon\" style=\"width: 24px; height: 24px;\"><\/div>\n        <\/div>\n            <div class=\"kksr-star\" style=\"padding-right: 5px\">\n            \n\n<div class=\"kksr-icon\" style=\"width: 24px; height: 24px;\"><\/div>\n        <\/div>\n            <div class=\"kksr-star\" style=\"padding-right: 5px\">\n            \n\n<div class=\"kksr-icon\" style=\"width: 24px; height: 24px;\"><\/div>\n        <\/div>\n    <\/div>\n<\/div>\n                \n\n<div class=\"kksr-legend\" style=\"font-size: 19.2px;\">\n            <span class=\"kksr-muted\">Rate this post<\/span>\n    <\/div>\n    <\/div>\n<p>Seg\u00fan el \u201c<em>Estudio de Opini\u00f3n sobre las Residencias de Mayores Post Confinamiento Covid-19 en Espa\u00f1a\u201d,<\/em> elaborado por <span style=\"text-decoration: underline;\"><span style=\"color: #e86322;\"><a style=\"color: #e86322; text-decoration: underline;\" href=\"http:\/\/www.gaps.cat\/\">GAPS<\/a><\/span><\/span> e impulsado por DomusVi, el 94% de los espa\u00f1oles valora muy positivamente la labor de las residencias geri\u00e1tricas durante la pandemia, de \u00e9ste, y el 71,8% opina que se debe continuar invirtiendo en ellas con el objetivo de mejorar la experiencia y la adaptaci\u00f3n de los servicios a las necesidades de los residentes.<\/p>\n<p>En base a los datos ofrecidos por el estudio, parece que el esfuerzo realizado por las residencias de mayores durante la pandemia se ve reconocido, tanto por los ciudadanos espa\u00f1oles en general como por los familiares de los usuarios. As\u00ed, las residencias de ancianos consiguen una puntuaci\u00f3n de 6,2 sobre 10, en el caso de los centros privados, y de 6 sobre 10, en el caso de los centros p\u00fablicos.<\/p>\n<p><span style=\"color: #e86322;\"><strong>Las instalaciones y el personal reciben las mejores valoraciones<\/strong><\/span><\/p>\n<p>El informe afirma que m\u00e1s del 85% de los espa\u00f1oles con alg\u00fan familiar en una residencia de mayores consideran que el sector ofrece un servicio de calidad. De todos los aspectos valorados, el mantenimiento de las instalaciones se lleva la mejor nota, con un 90,8% de opiniones positivas, seguido del personal (86,6%), la calidad de los cuidados con un (85%), el confort de las habitaciones (84,7%) y la comida (77,4%).<\/p>\n<p>A su vez, el acompa\u00f1amiento constante a los mayores ofreci\u00e9ndoles actividades de animaci\u00f3n y estimulaci\u00f3n; el buen cuidado personalizado por parte de los profesionales; y la facilitaci\u00f3n de una comunicaci\u00f3n fluida entre familias y residentes, son los aspectos mejor valorados.<\/p>\n<p><img decoding=\"async\" class=\"wp-image-10907 aligncenter\" src=\"https:\/\/pensium.es\/wp-content\/uploads\/2021\/10\/calidad-servicio-1.png\" alt=\"calidad servicio residencias\" width=\"646\" height=\"364\" data-wp-pid=\"10904\" srcset=\"https:\/\/pensium.es\/wp-content\/uploads\/2021\/10\/calidad-servicio-1.png 883w, https:\/\/pensium.es\/wp-content\/uploads\/2021\/10\/calidad-servicio-1-300x169.png 300w, https:\/\/pensium.es\/wp-content\/uploads\/2021\/10\/calidad-servicio-1-768x432.png 768w\" sizes=\"(max-width: 646px) 100vw, 646px\" \/><\/p>\n<p><span style=\"color: #e86322;\"><strong>Las familias tranquilas y confiadas con la decisi\u00f3n de ingreso en una residencia<\/strong><\/span><\/p>\n<p>Adem\u00e1s, otro dato interesante que aporta el estudio, es que 8 de cada 10 familias encuestadas, que afirman que de inicio ten\u00edan reticencias en ingresar a su familiar en una residencia geri\u00e1trica, se sienten tranquilas y confiadas con la decisi\u00f3n.<\/p>\n<p><img decoding=\"async\" class=\"wp-image-10911 aligncenter\" src=\"https:\/\/pensium.es\/wp-content\/uploads\/2021\/10\/sentimientos-residencia.png\" alt=\"\" width=\"609\" height=\"343\" data-wp-pid=\"10908\" srcset=\"https:\/\/pensium.es\/wp-content\/uploads\/2021\/10\/sentimientos-residencia.png 883w, https:\/\/pensium.es\/wp-content\/uploads\/2021\/10\/sentimientos-residencia-300x169.png 300w, https:\/\/pensium.es\/wp-content\/uploads\/2021\/10\/sentimientos-residencia-768x432.png 768w\" sizes=\"(max-width: 609px) 100vw, 609px\" \/><\/p>\n<p><strong>Desde <\/strong><span style=\"text-decoration: underline;\"><span style=\"color: #e86322; text-decoration: underline;\"><a style=\"color: #e86322; text-decoration: underline;\" href=\"pensium.es\">Pensium<\/a><\/span><\/span><strong> ya hemos hablado en varias ocasiones del <\/strong><span style=\"text-decoration: underline;\"><span style=\"color: #e86322; text-decoration: underline;\"><a style=\"color: #e86322; text-decoration: underline;\" href=\"https:\/\/pensium.es\/residencias-de-mayores-frente-el-covid-19\/\">gran trabajo de las residencias de ancianos<\/a><\/span><\/span><strong> durante toda la pandemia y de lo convencidos que est\u00e1bamos de que, una vez dejado atr\u00e1s el covid-19, seguir\u00edan siendo <\/strong><span style=\"color: #e86322;\"><a style=\"color: #e86322;\" href=\"https:\/\/pensium.es\/residencias-de-mayores-mejor-alternativa-tras-covid-19\/\"><span style=\"text-decoration: underline;\">la<\/span> mejor alternativa para el cuidado de las personas mayores<\/a><\/span><strong>. Por ello nos alegramos mucho de ver que, despu\u00e9s del esfuerzo y el sufrimiento de los \u00faltimos dos a\u00f1os, su labor se vea reconocida.<\/strong><\/p>\n<p><span style=\"color: #e86322;\"><strong>Acerca del Estudio de Opini\u00f3n<\/strong><\/span><\/p>\n<p>La investigaci\u00f3n se ha realizado a trav\u00e9s de un sondeo de opini\u00f3n mediante encuestas online a 1.252 personas de m\u00e1s de 25 a\u00f1os residentes en Espa\u00f1a, a trav\u00e9s de dos muestras representativas de la poblaci\u00f3n espa\u00f1ola. Una proporcional con cuotas cruzadas de sexo-edad por Comunidades Aut\u00f3nomas, seg\u00fan datos censo Espa\u00f1a 2020; y la segunda de conveniencia con personas mayores de 50 a\u00f1os con familiar en residencia (a trav\u00e9s de pregunta filtro).<\/p>\n<p>La recogida de datos se ha realizado entre el 9 y el 15 de junio de 2021.<\/p>\n<p>&nbsp;<\/p>\n","protected":false},"excerpt":{"rendered":"<p>Seg\u00fan el \u201cEstudio de Opini\u00f3n sobre las Residencias de Mayores Post Confinamiento Covid-19 en Espa\u00f1a\u201d, elaborado por GAPS e impulsado por DomusVi, el 94% de los espa\u00f1oles valora muy positivamente la labor de las residencias geri\u00e1tricas durante la pandemia, de \u00e9ste, y el 71,8% opina que se debe continuar invirtiendo en ellas con el objetivo &#8230; <a class=\"excerpt-readmore\" href=\"https:\/\/pensium.es\/gl\/residencias-mayores-sacan-buena-nota\/\">Read More<\/a><\/p>\n","protected":false},"author":4,"featured_media":10915,"comment_status":"open","ping_status":"closed","sticky":false,"template":"","format":"standard","meta":{"footnotes":""},"categories":[325],"tags":[],"class_list":["post-10923","post","type-post","status-publish","format-standard","has-post-thumbnail","hentry","category-residencias-para-persoas-maiores"],"yoast_head":"<!-- This site is optimized with the Yoast SEO plugin v27.3 - https:\/\/yoast.com\/product\/yoast-seo-wordpress\/ -->\n<title>La residencias de mayores aprueban con nota durante la pandemia<\/title>\n<meta name=\"description\" content=\"El 94% de los espa\u00f1oles valora muy positivamente la labor de las residencias geri\u00e1tricas durante la pandemia, seg\u00fan el estudio de GAPS.\" \/>\n<meta name=\"robots\" content=\"index, follow, max-snippet:-1, max-image-preview:large, max-video-preview:-1\" \/>\n<link rel=\"canonical\" href=\"https:\/\/pensium.es\/gl\/residencias-mayores-sacan-buena-nota\/\" \/>\n<meta property=\"og:locale\" content=\"gl_ES\" \/>\n<meta property=\"og:type\" content=\"article\" \/>\n<meta property=\"og:title\" content=\"La residencias de mayores aprueban con nota durante la pandemia\" \/>\n<meta property=\"og:description\" content=\"El 94% de los espa\u00f1oles valora muy positivamente la labor de las residencias geri\u00e1tricas durante la pandemia, seg\u00fan el estudio de GAPS.\" \/>\n<meta property=\"og:url\" content=\"https:\/\/pensium.es\/residencias-mayores-sacan-buena-nota\/\" \/>\n<meta property=\"og:site_name\" content=\"Pensium\" \/>\n<meta property=\"article:publisher\" content=\"https:\/\/www.facebook.com\/pensium.es\/\" \/>\n<meta property=\"article:published_time\" content=\"2021-10-18T11:53:13+00:00\" \/>\n<meta property=\"article:modified_time\" content=\"2021-10-18T11:57:37+00:00\" \/>\n<meta property=\"og:image\" content=\"https:\/\/pensium.es\/wp-content\/uploads\/2021\/10\/nota-residencias-ancianos.jpg\" \/>\n\t<meta property=\"og:image:width\" content=\"945\" \/>\n\t<meta property=\"og:image:height\" content=\"456\" \/>\n\t<meta property=\"og:image:type\" content=\"image\/jpeg\" \/>\n<meta name=\"author\" content=\"Pensium\" \/>\n<meta name=\"twitter:card\" content=\"summary_large_image\" \/>\n<meta name=\"twitter:label1\" content=\"Escrito por\" \/>\n\t<meta name=\"twitter:data1\" content=\"Pensium\" \/>\n\t<meta name=\"twitter:label2\" content=\"Tempo de lectura\" \/>\n\t<meta name=\"twitter:data2\" content=\"3 minutos\" \/>\n<script type=\"application\/ld+json\" class=\"yoast-schema-graph\">{\"@context\":\"https:\\\/\\\/schema.org\",\"@graph\":[{\"@type\":\"Article\",\"@id\":\"https:\\\/\\\/pensium.es\\\/residencias-mayores-sacan-buena-nota\\\/#article\",\"isPartOf\":{\"@id\":\"https:\\\/\\\/pensium.es\\\/gl\\\/residencias-mayores-sacan-buena-nota\\\/\"},\"author\":{\"name\":\"Pensium\",\"@id\":\"https:\\\/\\\/pensium.es\\\/gl\\\/#\\\/schema\\\/person\\\/3b2c54086c781c3b9d4903a784f4049f\"},\"headline\":\"Los espa\u00f1oles reconocen la labor de las residencias de mayores durante la pandemia\",\"datePublished\":\"2021-10-18T11:53:13+00:00\",\"dateModified\":\"2021-10-18T11:57:37+00:00\",\"mainEntityOfPage\":{\"@id\":\"https:\\\/\\\/pensium.es\\\/gl\\\/residencias-mayores-sacan-buena-nota\\\/\"},\"wordCount\":513,\"commentCount\":0,\"image\":{\"@id\":\"https:\\\/\\\/pensium.es\\\/residencias-mayores-sacan-buena-nota\\\/#primaryimage\"},\"thumbnailUrl\":\"https:\\\/\\\/pensium.es\\\/wp-content\\\/uploads\\\/2021\\\/10\\\/nota-residencias-ancianos.jpg\",\"articleSection\":[\"Residencias para persoas maiores\"],\"inLanguage\":\"gl-ES\",\"potentialAction\":[{\"@type\":\"CommentAction\",\"name\":\"Comment\",\"target\":[\"https:\\\/\\\/pensium.es\\\/residencias-mayores-sacan-buena-nota\\\/#respond\"]}]},{\"@type\":\"WebPage\",\"@id\":\"https:\\\/\\\/pensium.es\\\/gl\\\/residencias-mayores-sacan-buena-nota\\\/\",\"url\":\"https:\\\/\\\/pensium.es\\\/residencias-mayores-sacan-buena-nota\\\/\",\"name\":\"La residencias de mayores aprueban con nota durante la pandemia\",\"isPartOf\":{\"@id\":\"https:\\\/\\\/pensium.es\\\/gl\\\/#website\"},\"primaryImageOfPage\":{\"@id\":\"https:\\\/\\\/pensium.es\\\/residencias-mayores-sacan-buena-nota\\\/#primaryimage\"},\"image\":{\"@id\":\"https:\\\/\\\/pensium.es\\\/residencias-mayores-sacan-buena-nota\\\/#primaryimage\"},\"thumbnailUrl\":\"https:\\\/\\\/pensium.es\\\/wp-content\\\/uploads\\\/2021\\\/10\\\/nota-residencias-ancianos.jpg\",\"datePublished\":\"2021-10-18T11:53:13+00:00\",\"dateModified\":\"2021-10-18T11:57:37+00:00\",\"author\":{\"@id\":\"https:\\\/\\\/pensium.es\\\/gl\\\/#\\\/schema\\\/person\\\/3b2c54086c781c3b9d4903a784f4049f\"},\"description\":\"El 94% de los espa\u00f1oles valora muy positivamente la labor de las residencias geri\u00e1tricas durante la pandemia, seg\u00fan el estudio de GAPS.\",\"breadcrumb\":{\"@id\":\"https:\\\/\\\/pensium.es\\\/residencias-mayores-sacan-buena-nota\\\/#breadcrumb\"},\"inLanguage\":\"gl-ES\",\"potentialAction\":[{\"@type\":\"ReadAction\",\"target\":[\"https:\\\/\\\/pensium.es\\\/residencias-mayores-sacan-buena-nota\\\/\"]}]},{\"@type\":\"ImageObject\",\"inLanguage\":\"gl-ES\",\"@id\":\"https:\\\/\\\/pensium.es\\\/residencias-mayores-sacan-buena-nota\\\/#primaryimage\",\"url\":\"https:\\\/\\\/pensium.es\\\/wp-content\\\/uploads\\\/2021\\\/10\\\/nota-residencias-ancianos.jpg\",\"contentUrl\":\"https:\\\/\\\/pensium.es\\\/wp-content\\\/uploads\\\/2021\\\/10\\\/nota-residencias-ancianos.jpg\",\"width\":945,\"height\":456,\"caption\":\"Buena valoraci\u00f3n residencias de ancianos\"},{\"@type\":\"BreadcrumbList\",\"@id\":\"https:\\\/\\\/pensium.es\\\/residencias-mayores-sacan-buena-nota\\\/#breadcrumb\",\"itemListElement\":[{\"@type\":\"ListItem\",\"position\":1,\"name\":\"Inicio\",\"item\":\"https:\\\/\\\/pensium.es\\\/gl\\\/\"},{\"@type\":\"ListItem\",\"position\":2,\"name\":\"Los espa\u00f1oles reconocen la labor de las residencias de mayores durante la pandemia\"}]},{\"@type\":\"WebSite\",\"@id\":\"https:\\\/\\\/pensium.es\\\/gl\\\/#website\",\"url\":\"https:\\\/\\\/pensium.es\\\/gl\\\/\",\"name\":\"Pensium\",\"description\":\"Pagar a residencia de maiores co pago anticipado do alugueiro\",\"potentialAction\":[{\"@type\":\"SearchAction\",\"target\":{\"@type\":\"EntryPoint\",\"urlTemplate\":\"https:\\\/\\\/pensium.es\\\/gl\\\/?s={search_term_string}\"},\"query-input\":{\"@type\":\"PropertyValueSpecification\",\"valueRequired\":true,\"valueName\":\"search_term_string\"}}],\"inLanguage\":\"gl-ES\"},{\"@type\":\"Person\",\"@id\":\"https:\\\/\\\/pensium.es\\\/gl\\\/#\\\/schema\\\/person\\\/3b2c54086c781c3b9d4903a784f4049f\",\"name\":\"Pensium\",\"image\":{\"@type\":\"ImageObject\",\"inLanguage\":\"gl-ES\",\"@id\":\"https:\\\/\\\/secure.gravatar.com\\\/avatar\\\/676b3457f9f57981f28982fb1f950341359281c6cba0f3f7366cd94ca4f532bd?s=96&d=mm&r=g\",\"url\":\"https:\\\/\\\/secure.gravatar.com\\\/avatar\\\/676b3457f9f57981f28982fb1f950341359281c6cba0f3f7366cd94ca4f532bd?s=96&d=mm&r=g\",\"contentUrl\":\"https:\\\/\\\/secure.gravatar.com\\\/avatar\\\/676b3457f9f57981f28982fb1f950341359281c6cba0f3f7366cd94ca4f532bd?s=96&d=mm&r=g\",\"caption\":\"Pensium\"},\"url\":\"https:\\\/\\\/pensium.es\\\/gl\\\/author\\\/pensium-2\\\/\"}]}<\/script>\n<!-- \/ Yoast SEO plugin. -->","yoast_head_json":{"title":"La residencias de mayores aprueban con nota durante la pandemia","description":"El 94% de los espa\u00f1oles valora muy positivamente la labor de las residencias geri\u00e1tricas durante la pandemia, seg\u00fan el estudio de GAPS.","robots":{"index":"index","follow":"follow","max-snippet":"max-snippet:-1","max-image-preview":"max-image-preview:large","max-video-preview":"max-video-preview:-1"},"canonical":"https:\/\/pensium.es\/gl\/residencias-mayores-sacan-buena-nota\/","og_locale":"gl_ES","og_type":"article","og_title":"La residencias de mayores aprueban con nota durante la pandemia","og_description":"El 94% de los espa\u00f1oles valora muy positivamente la labor de las residencias geri\u00e1tricas durante la pandemia, seg\u00fan el estudio de GAPS.","og_url":"https:\/\/pensium.es\/residencias-mayores-sacan-buena-nota\/","og_site_name":"Pensium","article_publisher":"https:\/\/www.facebook.com\/pensium.es\/","article_published_time":"2021-10-18T11:53:13+00:00","article_modified_time":"2021-10-18T11:57:37+00:00","og_image":[{"width":945,"height":456,"url":"https:\/\/pensium.es\/wp-content\/uploads\/2021\/10\/nota-residencias-ancianos.jpg","type":"image\/jpeg"}],"author":"Pensium","twitter_card":"summary_large_image","twitter_misc":{"Escrito por":"Pensium","Tempo de lectura":"3 minutos"},"schema":{"@context":"https:\/\/schema.org","@graph":[{"@type":"Article","@id":"https:\/\/pensium.es\/residencias-mayores-sacan-buena-nota\/#article","isPartOf":{"@id":"https:\/\/pensium.es\/gl\/residencias-mayores-sacan-buena-nota\/"},"author":{"name":"Pensium","@id":"https:\/\/pensium.es\/gl\/#\/schema\/person\/3b2c54086c781c3b9d4903a784f4049f"},"headline":"Los espa\u00f1oles reconocen la labor de las residencias de mayores durante la pandemia","datePublished":"2021-10-18T11:53:13+00:00","dateModified":"2021-10-18T11:57:37+00:00","mainEntityOfPage":{"@id":"https:\/\/pensium.es\/gl\/residencias-mayores-sacan-buena-nota\/"},"wordCount":513,"commentCount":0,"image":{"@id":"https:\/\/pensium.es\/residencias-mayores-sacan-buena-nota\/#primaryimage"},"thumbnailUrl":"https:\/\/pensium.es\/wp-content\/uploads\/2021\/10\/nota-residencias-ancianos.jpg","articleSection":["Residencias para persoas maiores"],"inLanguage":"gl-ES","potentialAction":[{"@type":"CommentAction","name":"Comment","target":["https:\/\/pensium.es\/residencias-mayores-sacan-buena-nota\/#respond"]}]},{"@type":"WebPage","@id":"https:\/\/pensium.es\/gl\/residencias-mayores-sacan-buena-nota\/","url":"https:\/\/pensium.es\/residencias-mayores-sacan-buena-nota\/","name":"La residencias de mayores aprueban con nota durante la pandemia","isPartOf":{"@id":"https:\/\/pensium.es\/gl\/#website"},"primaryImageOfPage":{"@id":"https:\/\/pensium.es\/residencias-mayores-sacan-buena-nota\/#primaryimage"},"image":{"@id":"https:\/\/pensium.es\/residencias-mayores-sacan-buena-nota\/#primaryimage"},"thumbnailUrl":"https:\/\/pensium.es\/wp-content\/uploads\/2021\/10\/nota-residencias-ancianos.jpg","datePublished":"2021-10-18T11:53:13+00:00","dateModified":"2021-10-18T11:57:37+00:00","author":{"@id":"https:\/\/pensium.es\/gl\/#\/schema\/person\/3b2c54086c781c3b9d4903a784f4049f"},"description":"El 94% de los espa\u00f1oles valora muy positivamente la labor de las residencias geri\u00e1tricas durante la pandemia, seg\u00fan el estudio de GAPS.","breadcrumb":{"@id":"https:\/\/pensium.es\/residencias-mayores-sacan-buena-nota\/#breadcrumb"},"inLanguage":"gl-ES","potentialAction":[{"@type":"ReadAction","target":["https:\/\/pensium.es\/residencias-mayores-sacan-buena-nota\/"]}]},{"@type":"ImageObject","inLanguage":"gl-ES","@id":"https:\/\/pensium.es\/residencias-mayores-sacan-buena-nota\/#primaryimage","url":"https:\/\/pensium.es\/wp-content\/uploads\/2021\/10\/nota-residencias-ancianos.jpg","contentUrl":"https:\/\/pensium.es\/wp-content\/uploads\/2021\/10\/nota-residencias-ancianos.jpg","width":945,"height":456,"caption":"Buena valoraci\u00f3n residencias de ancianos"},{"@type":"BreadcrumbList","@id":"https:\/\/pensium.es\/residencias-mayores-sacan-buena-nota\/#breadcrumb","itemListElement":[{"@type":"ListItem","position":1,"name":"Inicio","item":"https:\/\/pensium.es\/gl\/"},{"@type":"ListItem","position":2,"name":"Los espa\u00f1oles reconocen la labor de las residencias de mayores durante la pandemia"}]},{"@type":"WebSite","@id":"https:\/\/pensium.es\/gl\/#website","url":"https:\/\/pensium.es\/gl\/","name":"Pensium","description":"Pagar a residencia de maiores co pago anticipado do alugueiro","potentialAction":[{"@type":"SearchAction","target":{"@type":"EntryPoint","urlTemplate":"https:\/\/pensium.es\/gl\/?s={search_term_string}"},"query-input":{"@type":"PropertyValueSpecification","valueRequired":true,"valueName":"search_term_string"}}],"inLanguage":"gl-ES"},{"@type":"Person","@id":"https:\/\/pensium.es\/gl\/#\/schema\/person\/3b2c54086c781c3b9d4903a784f4049f","name":"Pensium","image":{"@type":"ImageObject","inLanguage":"gl-ES","@id":"https:\/\/secure.gravatar.com\/avatar\/676b3457f9f57981f28982fb1f950341359281c6cba0f3f7366cd94ca4f532bd?s=96&d=mm&r=g","url":"https:\/\/secure.gravatar.com\/avatar\/676b3457f9f57981f28982fb1f950341359281c6cba0f3f7366cd94ca4f532bd?s=96&d=mm&r=g","contentUrl":"https:\/\/secure.gravatar.com\/avatar\/676b3457f9f57981f28982fb1f950341359281c6cba0f3f7366cd94ca4f532bd?s=96&d=mm&r=g","caption":"Pensium"},"url":"https:\/\/pensium.es\/gl\/author\/pensium-2\/"}]}},"_links":{"self":[{"href":"https:\/\/pensium.es\/gl\/wp-json\/wp\/v2\/posts\/10923","targetHints":{"allow":["GET"]}}],"collection":[{"href":"https:\/\/pensium.es\/gl\/wp-json\/wp\/v2\/posts"}],"about":[{"href":"https:\/\/pensium.es\/gl\/wp-json\/wp\/v2\/types\/post"}],"author":[{"embeddable":true,"href":"https:\/\/pensium.es\/gl\/wp-json\/wp\/v2\/users\/4"}],"replies":[{"embeddable":true,"href":"https:\/\/pensium.es\/gl\/wp-json\/wp\/v2\/comments?post=10923"}],"version-history":[{"count":1,"href":"https:\/\/pensium.es\/gl\/wp-json\/wp\/v2\/posts\/10923\/revisions"}],"predecessor-version":[{"id":10924,"href":"https:\/\/pensium.es\/gl\/wp-json\/wp\/v2\/posts\/10923\/revisions\/10924"}],"wp:featuredmedia":[{"embeddable":true,"href":"https:\/\/pensium.es\/gl\/wp-json\/wp\/v2\/media\/10915"}],"wp:attachment":[{"href":"https:\/\/pensium.es\/gl\/wp-json\/wp\/v2\/media?parent=10923"}],"wp:term":[{"taxonomy":"category","embeddable":true,"href":"https:\/\/pensium.es\/gl\/wp-json\/wp\/v2\/categories?post=10923"},{"taxonomy":"post_tag","embeddable":true,"href":"https:\/\/pensium.es\/gl\/wp-json\/wp\/v2\/tags?post=10923"}],"curies":[{"name":"wp","href":"https:\/\/api.w.org\/{rel}","templated":true}]}}