{"id":11048,"date":"2021-10-26T12:55:46","date_gmt":"2021-10-26T10:55:46","guid":{"rendered":"https:\/\/pensium.es\/acuerdo-pensium-gransliving\/"},"modified":"2021-10-26T13:02:46","modified_gmt":"2021-10-26T11:02:46","slug":"acuerdo-pensium-gransliving","status":"publish","type":"post","link":"https:\/\/pensium.es\/gl\/acuerdo-pensium-gransliving\/","title":{"rendered":"PENSIUM y Gransliving firman un acuerdo para facilitar el acceso a las personas mayores a las plazas residenciales"},"content":{"rendered":"\n\n<div class=\"kk-star-ratings kksr-auto kksr-align-left kksr-valign-top\"\n    data-payload='{&quot;align&quot;:&quot;left&quot;,&quot;id&quot;:&quot;11048&quot;,&quot;slug&quot;:&quot;default&quot;,&quot;valign&quot;:&quot;top&quot;,&quot;ignore&quot;:&quot;&quot;,&quot;reference&quot;:&quot;auto&quot;,&quot;class&quot;:&quot;&quot;,&quot;count&quot;:&quot;0&quot;,&quot;legendonly&quot;:&quot;&quot;,&quot;readonly&quot;:&quot;&quot;,&quot;score&quot;:&quot;0&quot;,&quot;starsonly&quot;:&quot;&quot;,&quot;best&quot;:&quot;5&quot;,&quot;gap&quot;:&quot;5&quot;,&quot;greet&quot;:&quot;Rate this post&quot;,&quot;legend&quot;:&quot;0\\\/5 - (0 votes)&quot;,&quot;size&quot;:&quot;24&quot;,&quot;title&quot;:&quot;PENSIUM y Gransliving firman un acuerdo para facilitar el acceso a las personas mayores a las plazas residenciales&quot;,&quot;width&quot;:&quot;0&quot;,&quot;_legend&quot;:&quot;{score}\\\/{best} - ({count} {votes})&quot;,&quot;font_factor&quot;:&quot;1.25&quot;}'>\n            \n<div class=\"kksr-stars\">\n    \n<div class=\"kksr-stars-inactive\">\n            <div class=\"kksr-star\" data-star=\"1\" style=\"padding-right: 5px\">\n            \n\n<div class=\"kksr-icon\" style=\"width: 24px; height: 24px;\"><\/div>\n        <\/div>\n            <div class=\"kksr-star\" data-star=\"2\" style=\"padding-right: 5px\">\n            \n\n<div class=\"kksr-icon\" style=\"width: 24px; height: 24px;\"><\/div>\n        <\/div>\n            <div class=\"kksr-star\" data-star=\"3\" style=\"padding-right: 5px\">\n            \n\n<div class=\"kksr-icon\" style=\"width: 24px; height: 24px;\"><\/div>\n        <\/div>\n            <div class=\"kksr-star\" data-star=\"4\" style=\"padding-right: 5px\">\n            \n\n<div class=\"kksr-icon\" style=\"width: 24px; height: 24px;\"><\/div>\n        <\/div>\n            <div class=\"kksr-star\" data-star=\"5\" style=\"padding-right: 5px\">\n            \n\n<div class=\"kksr-icon\" style=\"width: 24px; height: 24px;\"><\/div>\n        <\/div>\n    <\/div>\n    \n<div class=\"kksr-stars-active\" style=\"width: 0px;\">\n            <div class=\"kksr-star\" style=\"padding-right: 5px\">\n            \n\n<div class=\"kksr-icon\" style=\"width: 24px; height: 24px;\"><\/div>\n        <\/div>\n            <div class=\"kksr-star\" style=\"padding-right: 5px\">\n            \n\n<div class=\"kksr-icon\" style=\"width: 24px; height: 24px;\"><\/div>\n        <\/div>\n            <div class=\"kksr-star\" style=\"padding-right: 5px\">\n            \n\n<div class=\"kksr-icon\" style=\"width: 24px; height: 24px;\"><\/div>\n        <\/div>\n            <div class=\"kksr-star\" style=\"padding-right: 5px\">\n            \n\n<div class=\"kksr-icon\" style=\"width: 24px; height: 24px;\"><\/div>\n        <\/div>\n            <div class=\"kksr-star\" style=\"padding-right: 5px\">\n            \n\n<div class=\"kksr-icon\" style=\"width: 24px; height: 24px;\"><\/div>\n        <\/div>\n    <\/div>\n<\/div>\n                \n\n<div class=\"kksr-legend\" style=\"font-size: 19.2px;\">\n            <span class=\"kksr-muted\">Rate this post<\/span>\n    <\/div>\n    <\/div>\n<p>Dar el paso para ingresar en una residencia de mayores puede ser un paso emocionalmente dif\u00edcil. Supone un cambio importante en el d\u00eda a d\u00eda de la persona mayor y de su familia, y puede generar dudas sobre si realmente es la mejor opci\u00f3n.<\/p>\n<p>No cabe duda de que la atenci\u00f3n a las personas mayores en los centros residenciales es de calidad. De hecho, <span style=\"text-decoration: underline;\"><span style=\"color: #e86322;\"><a style=\"color: #e86322; text-decoration: underline;\" href=\"https:\/\/pensium.es\/gl\/residencias-mayores-sacan-buena-nota\/\">un estudio reciente<\/a><\/span><\/span> muestra que la valoraci\u00f3n de la labor de los centros residenciales aprueba con nota, y que es especialmente bien valorada por la mayor\u00eda de las familias con un familiar en un centro residencial.<\/p>\n<p>Sin embargo, el desconocimiento de c\u00f3mo funciona el d\u00eda a d\u00eda en una residencia de mayores nos puede generar dudas, que suelen disiparse cuando vemos realmente y en primera persona la profesionalidad y servicio que ofrecen estos centros.<\/p>\n<p>Un factor clave es encontrar el centro m\u00e1s adecuado para cada caso, ya que cada persona tiene unas necesidades particulares. \u00c9ste es el objetivo de <span style=\"text-decoration: underline;\"><span style=\"color: #e86322;\"><a style=\"color: #e86322; text-decoration: underline;\" href=\"https:\/\/gransliving.com\/\">Gransliving<\/a><\/span><\/span>, un nuevo buscador de residencias que ofrece a las familias un servicio de asesoramiento online gratuito sobre el tipo de centro m\u00e1s adecuado para su familiar mayor, y un acompa\u00f1amiento en el proceso de b\u00fasqueda.<\/p>\n<p>Y para poder ofrecer a las familias un asesoramiento a\u00fan m\u00e1s amplio, Gransliving ha firmado una colaboraci\u00f3n con Pensium para informar a las familias del programa Pensium como sistema de pago de la residencia. Porque tener tranquilidad para pagar el coste de la plaza privada permite a las familias tomar la decisi\u00f3n sobre qu\u00e9 centro escoger en base a los servicios que ofrece, que es lo realmente importante cuando lo que buscamos es el bienestar de nuestro familiar mayor.<\/p>\n<p>Este tipo de alianzas permiten facilitar el acceso a la asistencia profesional a muchas familias que, de otro modo, quiz\u00e1s ver\u00edan la posibilidad de acceder a una plaza privada como algo poco accesible o costoso.<\/p>\n<p>Tener la informaci\u00f3n y asesoramiento adecuados en estos momentos tiene un valor incalculable. Por eso desde <span style=\"text-decoration: underline; color: #e86322;\"><a style=\"color: #e86322; text-decoration: underline;\" href=\"https:\/\/pensium.es\/gl\/\">Pensium<\/a><\/span> apoyamos cualquier iniciativa como Gransliving, que se convierte en una gran ayuda para las familias en el momento de tomar la decisi\u00f3n de ingresar en una plaza residencial.<\/p>\n","protected":false},"excerpt":{"rendered":"<p>Dar el paso para ingresar en una residencia de mayores puede ser un paso emocionalmente dif\u00edcil. Supone un cambio importante en el d\u00eda a d\u00eda de la persona mayor y de su familia, y puede generar dudas sobre si realmente es la mejor opci\u00f3n. No cabe duda de que la atenci\u00f3n a las personas mayores &#8230; <a class=\"excerpt-readmore\" href=\"https:\/\/pensium.es\/gl\/acuerdo-pensium-gransliving\/\">Read More<\/a><\/p>\n","protected":false},"author":4,"featured_media":11043,"comment_status":"open","ping_status":"closed","sticky":false,"template":"","format":"standard","meta":{"footnotes":""},"categories":[325,324],"tags":[],"class_list":["post-11048","post","type-post","status-publish","format-standard","has-post-thumbnail","hentry","category-residencias-para-persoas-maiores","category-xeral"],"yoast_head":"<!-- This site is optimized with the Yoast SEO plugin v27.3 - https:\/\/yoast.com\/product\/yoast-seo-wordpress\/ -->\n<title>PENSIUM y Gransliving firman un acuerdo<\/title>\n<meta name=\"robots\" content=\"index, follow, max-snippet:-1, max-image-preview:large, max-video-preview:-1\" \/>\n<link rel=\"canonical\" href=\"https:\/\/pensium.es\/gl\/acuerdo-pensium-gransliving\/\" \/>\n<meta property=\"og:locale\" content=\"gl_ES\" \/>\n<meta property=\"og:type\" content=\"article\" \/>\n<meta property=\"og:title\" content=\"PENSIUM y Gransliving firman un acuerdo\" \/>\n<meta property=\"og:description\" content=\"Dar el paso para ingresar en una residencia de mayores puede ser un paso emocionalmente dif\u00edcil. Supone un cambio importante en el d\u00eda a d\u00eda de la persona mayor y de su familia, y puede generar dudas sobre si realmente es la mejor opci\u00f3n. No cabe duda de que la atenci\u00f3n a las personas mayores ... Read More\" \/>\n<meta property=\"og:url\" content=\"https:\/\/pensium.es\/acuerdo-pensium-gransliving\/\" \/>\n<meta property=\"og:site_name\" content=\"Pensium\" \/>\n<meta property=\"article:publisher\" content=\"https:\/\/www.facebook.com\/pensium.es\/\" \/>\n<meta property=\"article:published_time\" content=\"2021-10-26T10:55:46+00:00\" \/>\n<meta property=\"article:modified_time\" content=\"2021-10-26T11:02:46+00:00\" \/>\n<meta property=\"og:image\" content=\"https:\/\/pensium.es\/wp-content\/uploads\/2021\/10\/gransliving-pensium.jpg\" \/>\n\t<meta property=\"og:image:width\" content=\"945\" \/>\n\t<meta property=\"og:image:height\" content=\"456\" \/>\n\t<meta property=\"og:image:type\" content=\"image\/jpeg\" \/>\n<meta name=\"author\" content=\"Pensium\" \/>\n<meta name=\"twitter:card\" content=\"summary_large_image\" \/>\n<meta name=\"twitter:label1\" content=\"Escrito por\" \/>\n\t<meta name=\"twitter:data1\" content=\"Pensium\" \/>\n\t<meta name=\"twitter:label2\" content=\"Tempo de lectura\" \/>\n\t<meta name=\"twitter:data2\" content=\"2 minutos\" \/>\n<script type=\"application\/ld+json\" class=\"yoast-schema-graph\">{\"@context\":\"https:\\\/\\\/schema.org\",\"@graph\":[{\"@type\":\"Article\",\"@id\":\"https:\\\/\\\/pensium.es\\\/acuerdo-pensium-gransliving\\\/#article\",\"isPartOf\":{\"@id\":\"https:\\\/\\\/pensium.es\\\/gl\\\/acuerdo-pensium-gransliving\\\/\"},\"author\":{\"name\":\"Pensium\",\"@id\":\"https:\\\/\\\/pensium.es\\\/gl\\\/#\\\/schema\\\/person\\\/3b2c54086c781c3b9d4903a784f4049f\"},\"headline\":\"PENSIUM y Gransliving firman un acuerdo para facilitar el acceso a las personas mayores a las plazas residenciales\",\"datePublished\":\"2021-10-26T10:55:46+00:00\",\"dateModified\":\"2021-10-26T11:02:46+00:00\",\"mainEntityOfPage\":{\"@id\":\"https:\\\/\\\/pensium.es\\\/gl\\\/acuerdo-pensium-gransliving\\\/\"},\"wordCount\":398,\"commentCount\":0,\"image\":{\"@id\":\"https:\\\/\\\/pensium.es\\\/acuerdo-pensium-gransliving\\\/#primaryimage\"},\"thumbnailUrl\":\"https:\\\/\\\/pensium.es\\\/wp-content\\\/uploads\\\/2021\\\/10\\\/gransliving-pensium.jpg\",\"articleSection\":[\"Residencias para persoas maiores\",\"Xeral\"],\"inLanguage\":\"gl-ES\",\"potentialAction\":[{\"@type\":\"CommentAction\",\"name\":\"Comment\",\"target\":[\"https:\\\/\\\/pensium.es\\\/acuerdo-pensium-gransliving\\\/#respond\"]}]},{\"@type\":\"WebPage\",\"@id\":\"https:\\\/\\\/pensium.es\\\/gl\\\/acuerdo-pensium-gransliving\\\/\",\"url\":\"https:\\\/\\\/pensium.es\\\/acuerdo-pensium-gransliving\\\/\",\"name\":\"PENSIUM y Gransliving firman un acuerdo\",\"isPartOf\":{\"@id\":\"https:\\\/\\\/pensium.es\\\/gl\\\/#website\"},\"primaryImageOfPage\":{\"@id\":\"https:\\\/\\\/pensium.es\\\/acuerdo-pensium-gransliving\\\/#primaryimage\"},\"image\":{\"@id\":\"https:\\\/\\\/pensium.es\\\/acuerdo-pensium-gransliving\\\/#primaryimage\"},\"thumbnailUrl\":\"https:\\\/\\\/pensium.es\\\/wp-content\\\/uploads\\\/2021\\\/10\\\/gransliving-pensium.jpg\",\"datePublished\":\"2021-10-26T10:55:46+00:00\",\"dateModified\":\"2021-10-26T11:02:46+00:00\",\"author\":{\"@id\":\"https:\\\/\\\/pensium.es\\\/gl\\\/#\\\/schema\\\/person\\\/3b2c54086c781c3b9d4903a784f4049f\"},\"breadcrumb\":{\"@id\":\"https:\\\/\\\/pensium.es\\\/acuerdo-pensium-gransliving\\\/#breadcrumb\"},\"inLanguage\":\"gl-ES\",\"potentialAction\":[{\"@type\":\"ReadAction\",\"target\":[\"https:\\\/\\\/pensium.es\\\/acuerdo-pensium-gransliving\\\/\"]}]},{\"@type\":\"ImageObject\",\"inLanguage\":\"gl-ES\",\"@id\":\"https:\\\/\\\/pensium.es\\\/acuerdo-pensium-gransliving\\\/#primaryimage\",\"url\":\"https:\\\/\\\/pensium.es\\\/wp-content\\\/uploads\\\/2021\\\/10\\\/gransliving-pensium.jpg\",\"contentUrl\":\"https:\\\/\\\/pensium.es\\\/wp-content\\\/uploads\\\/2021\\\/10\\\/gransliving-pensium.jpg\",\"width\":945,\"height\":456,\"caption\":\"acuerdo pensium gransliving\"},{\"@type\":\"BreadcrumbList\",\"@id\":\"https:\\\/\\\/pensium.es\\\/acuerdo-pensium-gransliving\\\/#breadcrumb\",\"itemListElement\":[{\"@type\":\"ListItem\",\"position\":1,\"name\":\"Inicio\",\"item\":\"https:\\\/\\\/pensium.es\\\/gl\\\/\"},{\"@type\":\"ListItem\",\"position\":2,\"name\":\"PENSIUM y Gransliving firman un acuerdo para facilitar el acceso a las personas mayores a las plazas residenciales\"}]},{\"@type\":\"WebSite\",\"@id\":\"https:\\\/\\\/pensium.es\\\/gl\\\/#website\",\"url\":\"https:\\\/\\\/pensium.es\\\/gl\\\/\",\"name\":\"Pensium\",\"description\":\"Pagar a residencia de maiores co pago anticipado do alugueiro\",\"potentialAction\":[{\"@type\":\"SearchAction\",\"target\":{\"@type\":\"EntryPoint\",\"urlTemplate\":\"https:\\\/\\\/pensium.es\\\/gl\\\/?s={search_term_string}\"},\"query-input\":{\"@type\":\"PropertyValueSpecification\",\"valueRequired\":true,\"valueName\":\"search_term_string\"}}],\"inLanguage\":\"gl-ES\"},{\"@type\":\"Person\",\"@id\":\"https:\\\/\\\/pensium.es\\\/gl\\\/#\\\/schema\\\/person\\\/3b2c54086c781c3b9d4903a784f4049f\",\"name\":\"Pensium\",\"image\":{\"@type\":\"ImageObject\",\"inLanguage\":\"gl-ES\",\"@id\":\"https:\\\/\\\/secure.gravatar.com\\\/avatar\\\/676b3457f9f57981f28982fb1f950341359281c6cba0f3f7366cd94ca4f532bd?s=96&d=mm&r=g\",\"url\":\"https:\\\/\\\/secure.gravatar.com\\\/avatar\\\/676b3457f9f57981f28982fb1f950341359281c6cba0f3f7366cd94ca4f532bd?s=96&d=mm&r=g\",\"contentUrl\":\"https:\\\/\\\/secure.gravatar.com\\\/avatar\\\/676b3457f9f57981f28982fb1f950341359281c6cba0f3f7366cd94ca4f532bd?s=96&d=mm&r=g\",\"caption\":\"Pensium\"},\"url\":\"https:\\\/\\\/pensium.es\\\/gl\\\/author\\\/pensium-2\\\/\"}]}<\/script>\n<!-- \/ Yoast SEO plugin. -->","yoast_head_json":{"title":"PENSIUM y Gransliving firman un acuerdo","robots":{"index":"index","follow":"follow","max-snippet":"max-snippet:-1","max-image-preview":"max-image-preview:large","max-video-preview":"max-video-preview:-1"},"canonical":"https:\/\/pensium.es\/gl\/acuerdo-pensium-gransliving\/","og_locale":"gl_ES","og_type":"article","og_title":"PENSIUM y Gransliving firman un acuerdo","og_description":"Dar el paso para ingresar en una residencia de mayores puede ser un paso emocionalmente dif\u00edcil. Supone un cambio importante en el d\u00eda a d\u00eda de la persona mayor y de su familia, y puede generar dudas sobre si realmente es la mejor opci\u00f3n. No cabe duda de que la atenci\u00f3n a las personas mayores ... Read More","og_url":"https:\/\/pensium.es\/acuerdo-pensium-gransliving\/","og_site_name":"Pensium","article_publisher":"https:\/\/www.facebook.com\/pensium.es\/","article_published_time":"2021-10-26T10:55:46+00:00","article_modified_time":"2021-10-26T11:02:46+00:00","og_image":[{"width":945,"height":456,"url":"https:\/\/pensium.es\/wp-content\/uploads\/2021\/10\/gransliving-pensium.jpg","type":"image\/jpeg"}],"author":"Pensium","twitter_card":"summary_large_image","twitter_misc":{"Escrito por":"Pensium","Tempo de lectura":"2 minutos"},"schema":{"@context":"https:\/\/schema.org","@graph":[{"@type":"Article","@id":"https:\/\/pensium.es\/acuerdo-pensium-gransliving\/#article","isPartOf":{"@id":"https:\/\/pensium.es\/gl\/acuerdo-pensium-gransliving\/"},"author":{"name":"Pensium","@id":"https:\/\/pensium.es\/gl\/#\/schema\/person\/3b2c54086c781c3b9d4903a784f4049f"},"headline":"PENSIUM y Gransliving firman un acuerdo para facilitar el acceso a las personas mayores a las plazas residenciales","datePublished":"2021-10-26T10:55:46+00:00","dateModified":"2021-10-26T11:02:46+00:00","mainEntityOfPage":{"@id":"https:\/\/pensium.es\/gl\/acuerdo-pensium-gransliving\/"},"wordCount":398,"commentCount":0,"image":{"@id":"https:\/\/pensium.es\/acuerdo-pensium-gransliving\/#primaryimage"},"thumbnailUrl":"https:\/\/pensium.es\/wp-content\/uploads\/2021\/10\/gransliving-pensium.jpg","articleSection":["Residencias para persoas maiores","Xeral"],"inLanguage":"gl-ES","potentialAction":[{"@type":"CommentAction","name":"Comment","target":["https:\/\/pensium.es\/acuerdo-pensium-gransliving\/#respond"]}]},{"@type":"WebPage","@id":"https:\/\/pensium.es\/gl\/acuerdo-pensium-gransliving\/","url":"https:\/\/pensium.es\/acuerdo-pensium-gransliving\/","name":"PENSIUM y Gransliving firman un acuerdo","isPartOf":{"@id":"https:\/\/pensium.es\/gl\/#website"},"primaryImageOfPage":{"@id":"https:\/\/pensium.es\/acuerdo-pensium-gransliving\/#primaryimage"},"image":{"@id":"https:\/\/pensium.es\/acuerdo-pensium-gransliving\/#primaryimage"},"thumbnailUrl":"https:\/\/pensium.es\/wp-content\/uploads\/2021\/10\/gransliving-pensium.jpg","datePublished":"2021-10-26T10:55:46+00:00","dateModified":"2021-10-26T11:02:46+00:00","author":{"@id":"https:\/\/pensium.es\/gl\/#\/schema\/person\/3b2c54086c781c3b9d4903a784f4049f"},"breadcrumb":{"@id":"https:\/\/pensium.es\/acuerdo-pensium-gransliving\/#breadcrumb"},"inLanguage":"gl-ES","potentialAction":[{"@type":"ReadAction","target":["https:\/\/pensium.es\/acuerdo-pensium-gransliving\/"]}]},{"@type":"ImageObject","inLanguage":"gl-ES","@id":"https:\/\/pensium.es\/acuerdo-pensium-gransliving\/#primaryimage","url":"https:\/\/pensium.es\/wp-content\/uploads\/2021\/10\/gransliving-pensium.jpg","contentUrl":"https:\/\/pensium.es\/wp-content\/uploads\/2021\/10\/gransliving-pensium.jpg","width":945,"height":456,"caption":"acuerdo pensium gransliving"},{"@type":"BreadcrumbList","@id":"https:\/\/pensium.es\/acuerdo-pensium-gransliving\/#breadcrumb","itemListElement":[{"@type":"ListItem","position":1,"name":"Inicio","item":"https:\/\/pensium.es\/gl\/"},{"@type":"ListItem","position":2,"name":"PENSIUM y Gransliving firman un acuerdo para facilitar el acceso a las personas mayores a las plazas residenciales"}]},{"@type":"WebSite","@id":"https:\/\/pensium.es\/gl\/#website","url":"https:\/\/pensium.es\/gl\/","name":"Pensium","description":"Pagar a residencia de maiores co pago anticipado do alugueiro","potentialAction":[{"@type":"SearchAction","target":{"@type":"EntryPoint","urlTemplate":"https:\/\/pensium.es\/gl\/?s={search_term_string}"},"query-input":{"@type":"PropertyValueSpecification","valueRequired":true,"valueName":"search_term_string"}}],"inLanguage":"gl-ES"},{"@type":"Person","@id":"https:\/\/pensium.es\/gl\/#\/schema\/person\/3b2c54086c781c3b9d4903a784f4049f","name":"Pensium","image":{"@type":"ImageObject","inLanguage":"gl-ES","@id":"https:\/\/secure.gravatar.com\/avatar\/676b3457f9f57981f28982fb1f950341359281c6cba0f3f7366cd94ca4f532bd?s=96&d=mm&r=g","url":"https:\/\/secure.gravatar.com\/avatar\/676b3457f9f57981f28982fb1f950341359281c6cba0f3f7366cd94ca4f532bd?s=96&d=mm&r=g","contentUrl":"https:\/\/secure.gravatar.com\/avatar\/676b3457f9f57981f28982fb1f950341359281c6cba0f3f7366cd94ca4f532bd?s=96&d=mm&r=g","caption":"Pensium"},"url":"https:\/\/pensium.es\/gl\/author\/pensium-2\/"}]}},"_links":{"self":[{"href":"https:\/\/pensium.es\/gl\/wp-json\/wp\/v2\/posts\/11048","targetHints":{"allow":["GET"]}}],"collection":[{"href":"https:\/\/pensium.es\/gl\/wp-json\/wp\/v2\/posts"}],"about":[{"href":"https:\/\/pensium.es\/gl\/wp-json\/wp\/v2\/types\/post"}],"author":[{"embeddable":true,"href":"https:\/\/pensium.es\/gl\/wp-json\/wp\/v2\/users\/4"}],"replies":[{"embeddable":true,"href":"https:\/\/pensium.es\/gl\/wp-json\/wp\/v2\/comments?post=11048"}],"version-history":[{"count":1,"href":"https:\/\/pensium.es\/gl\/wp-json\/wp\/v2\/posts\/11048\/revisions"}],"predecessor-version":[{"id":11050,"href":"https:\/\/pensium.es\/gl\/wp-json\/wp\/v2\/posts\/11048\/revisions\/11050"}],"wp:featuredmedia":[{"embeddable":true,"href":"https:\/\/pensium.es\/gl\/wp-json\/wp\/v2\/media\/11043"}],"wp:attachment":[{"href":"https:\/\/pensium.es\/gl\/wp-json\/wp\/v2\/media?parent=11048"}],"wp:term":[{"taxonomy":"category","embeddable":true,"href":"https:\/\/pensium.es\/gl\/wp-json\/wp\/v2\/categories?post=11048"},{"taxonomy":"post_tag","embeddable":true,"href":"https:\/\/pensium.es\/gl\/wp-json\/wp\/v2\/tags?post=11048"}],"curies":[{"name":"wp","href":"https:\/\/api.w.org\/{rel}","templated":true}]}}