{"id":11373,"date":"2021-12-23T13:08:25","date_gmt":"2021-12-23T11:08:25","guid":{"rendered":"https:\/\/pensium.es\/precauciones-covid-navidad-2021\/"},"modified":"2021-12-23T13:31:36","modified_gmt":"2021-12-23T11:31:36","slug":"precauciones-covid-navidad-2021","status":"publish","type":"post","link":"https:\/\/pensium.es\/gl\/precauciones-covid-navidad-2021\/","title":{"rendered":"Precauciones COVID para estas fiestas navide\u00f1as"},"content":{"rendered":"\n\n<div class=\"kk-star-ratings kksr-auto kksr-align-left kksr-valign-top\"\n    data-payload='{&quot;align&quot;:&quot;left&quot;,&quot;id&quot;:&quot;11373&quot;,&quot;slug&quot;:&quot;default&quot;,&quot;valign&quot;:&quot;top&quot;,&quot;ignore&quot;:&quot;&quot;,&quot;reference&quot;:&quot;auto&quot;,&quot;class&quot;:&quot;&quot;,&quot;count&quot;:&quot;0&quot;,&quot;legendonly&quot;:&quot;&quot;,&quot;readonly&quot;:&quot;&quot;,&quot;score&quot;:&quot;0&quot;,&quot;starsonly&quot;:&quot;&quot;,&quot;best&quot;:&quot;5&quot;,&quot;gap&quot;:&quot;5&quot;,&quot;greet&quot;:&quot;Rate this post&quot;,&quot;legend&quot;:&quot;0\\\/5 - (0 votes)&quot;,&quot;size&quot;:&quot;24&quot;,&quot;title&quot;:&quot;Precauciones COVID para estas fiestas navide\u00f1as&quot;,&quot;width&quot;:&quot;0&quot;,&quot;_legend&quot;:&quot;{score}\\\/{best} - ({count} {votes})&quot;,&quot;font_factor&quot;:&quot;1.25&quot;}'>\n            \n<div class=\"kksr-stars\">\n    \n<div class=\"kksr-stars-inactive\">\n            <div class=\"kksr-star\" data-star=\"1\" style=\"padding-right: 5px\">\n            \n\n<div class=\"kksr-icon\" style=\"width: 24px; height: 24px;\"><\/div>\n        <\/div>\n            <div class=\"kksr-star\" data-star=\"2\" style=\"padding-right: 5px\">\n            \n\n<div class=\"kksr-icon\" style=\"width: 24px; height: 24px;\"><\/div>\n        <\/div>\n            <div class=\"kksr-star\" data-star=\"3\" style=\"padding-right: 5px\">\n            \n\n<div class=\"kksr-icon\" style=\"width: 24px; height: 24px;\"><\/div>\n        <\/div>\n            <div class=\"kksr-star\" data-star=\"4\" style=\"padding-right: 5px\">\n            \n\n<div class=\"kksr-icon\" style=\"width: 24px; height: 24px;\"><\/div>\n        <\/div>\n            <div class=\"kksr-star\" data-star=\"5\" style=\"padding-right: 5px\">\n            \n\n<div class=\"kksr-icon\" style=\"width: 24px; height: 24px;\"><\/div>\n        <\/div>\n    <\/div>\n    \n<div class=\"kksr-stars-active\" style=\"width: 0px;\">\n            <div class=\"kksr-star\" style=\"padding-right: 5px\">\n            \n\n<div class=\"kksr-icon\" style=\"width: 24px; height: 24px;\"><\/div>\n        <\/div>\n            <div class=\"kksr-star\" style=\"padding-right: 5px\">\n            \n\n<div class=\"kksr-icon\" style=\"width: 24px; height: 24px;\"><\/div>\n        <\/div>\n            <div class=\"kksr-star\" style=\"padding-right: 5px\">\n            \n\n<div class=\"kksr-icon\" style=\"width: 24px; height: 24px;\"><\/div>\n        <\/div>\n            <div class=\"kksr-star\" style=\"padding-right: 5px\">\n            \n\n<div class=\"kksr-icon\" style=\"width: 24px; height: 24px;\"><\/div>\n        <\/div>\n            <div class=\"kksr-star\" style=\"padding-right: 5px\">\n            \n\n<div class=\"kksr-icon\" style=\"width: 24px; height: 24px;\"><\/div>\n        <\/div>\n    <\/div>\n<\/div>\n                \n\n<div class=\"kksr-legend\" style=\"font-size: 19.2px;\">\n            <span class=\"kksr-muted\">Rate this post<\/span>\n    <\/div>\n    <\/div>\n<p>Se acerca Navidad y, aunque realmente estamos mucho mejor que el a\u00f1o pasado a nivel de pandemia, no podemos bajar la guardia, puesto que los datos muestran un aumento de casos positivos.<\/p>\n<p>A grandes rasgos, si tuvi\u00e9ramos que resumir la situaci\u00f3n actual en unos pocos titulares podr\u00edamos decir que:<\/p>\n<ul>\n<li>Espa\u00f1a se sit\u00faa entre los pa\u00edses con mayor proporci\u00f3n de personas con pauta de vacunaci\u00f3n completa (m\u00e1s del 80% de la poblaci\u00f3n total).<\/li>\n<li>El porcentaje de personas mayores de 60 a\u00f1os con pauta completa es cercano al 100%.<\/li>\n<li>La protecci\u00f3n de las vacunas frente al riesgo de sufrir complicaciones graves por COVID-19 es alta, pero la protecci\u00f3n frente la transmisi\u00f3n ha ido decayendo desde la campa\u00f1a de vacunaci\u00f3n.<\/li>\n<li>Se ha iniciado la campa\u00f1a de terceras dosis, que parece recuperar buena parte de la protecci\u00f3n frente a la infecci\u00f3n, pero a\u00fan hay gran parte de la poblaci\u00f3n pendiente de recibir la tercera vacuna.<\/li>\n<li>Se observa un crecimiento sostenido de la transmisi\u00f3n desde octubre que parece haberse acelerado las \u00faltimas semanas.<\/li>\n<li>Se desconoce el potencial de la variante del virus \u00f3micron, pero est\u00e1 claro que cambiar\u00e1 el curso de la pandemia, con lo que se pide prudencia.<\/li>\n<\/ul>\n<p>Ante este contexto, desde Pensium, creemos que es buen momento para recordar las principales medidas preventivas que podemos tomar para celebrar estas fiestas con la m\u00e1xima seguridad, especialmente si tenemos personas mayores en casa.<\/p>\n<p>A falta de que el Gobierno indique alguna restricci\u00f3n m\u00e1s para las celebraciones familiares de los pr\u00f3ximos d\u00edas, lo que seguro que podemos hacer proactivamente para protegernos del virus es:<\/p>\n<ul>\n<li>Usar mascarilla tanto en espacios cerrados como en la calle.<\/li>\n<li>Realizar un <strong>test de ant\u00edgeno<\/strong> <strong>o PCR<\/strong> antes de cualquier reuni\u00f3n familiar o social, especialmente cuando haya alg\u00fan tipo de sintomatolog\u00eda.<\/li>\n<li>Reducir al m\u00e1ximo las interacciones sociales y los contactos con personas no conviventes.<\/li>\n<li>En las celebraciones familiares y sociales no superar los 10 asistentes ni los 2 grupos de convivencia.<\/li>\n<li>En la medida de lo posible, mantener la distancia de seguridad de 1,5 &#8211; 2 metros.<\/li>\n<li>Evitar vol\u00famenes de voz altos y compartir dispositivos m\u00f3viles u otros objetos.<\/li>\n<li>Realizar la celebraci\u00f3n en un espacio abierto o ventilar la estancia donde se realiza el evento lo m\u00e1ximo posible.<\/li>\n<\/ul>\n<p>Seamos prudentes estas Navidades, especialmente con los colectivos m\u00e1s vulnerables como es el de las personas mayores.<\/p>\n<p><img decoding=\"async\" class=\"aligncenter wp-image-11365 size-full\" src=\"https:\/\/pensium.es\/wp-content\/uploads\/2021\/12\/Imagen-1.png\" alt=\"felices fiestas 2021\" width=\"547\" height=\"364\" data-wp-pid=\"11362\" srcset=\"https:\/\/pensium.es\/wp-content\/uploads\/2021\/12\/Imagen-1.png 547w, https:\/\/pensium.es\/wp-content\/uploads\/2021\/12\/Imagen-1-300x200.png 300w\" sizes=\"(max-width: 547px) 100vw, 547px\" \/><\/p>\n<p>&nbsp;<\/p>\n<p>&nbsp;<\/p>\n<p>&nbsp;<\/p>\n<p>&nbsp;<\/p>\n","protected":false},"excerpt":{"rendered":"<p>Se acerca Navidad y, aunque realmente estamos mucho mejor que el a\u00f1o pasado a nivel de pandemia, no podemos bajar la guardia, puesto que los datos muestran un aumento de casos positivos. A grandes rasgos, si tuvi\u00e9ramos que resumir la situaci\u00f3n actual en unos pocos titulares podr\u00edamos decir que: Espa\u00f1a se sit\u00faa entre los pa\u00edses &#8230; <a class=\"excerpt-readmore\" href=\"https:\/\/pensium.es\/gl\/precauciones-covid-navidad-2021\/\">Read More<\/a><\/p>\n","protected":false},"author":4,"featured_media":11369,"comment_status":"open","ping_status":"closed","sticky":false,"template":"","format":"standard","meta":{"footnotes":""},"categories":[324],"tags":[],"class_list":["post-11373","post","type-post","status-publish","format-standard","has-post-thumbnail","hentry","category-xeral"],"yoast_head":"<!-- This site is optimized with the Yoast SEO plugin v27.3 - https:\/\/yoast.com\/product\/yoast-seo-wordpress\/ -->\n<title>Precauciones COVID para estas fiestas navide\u00f1as<\/title>\n<meta name=\"robots\" content=\"index, follow, max-snippet:-1, max-image-preview:large, max-video-preview:-1\" \/>\n<link rel=\"canonical\" href=\"https:\/\/pensium.es\/gl\/precauciones-covid-navidad-2021\/\" \/>\n<meta property=\"og:locale\" content=\"gl_ES\" \/>\n<meta property=\"og:type\" content=\"article\" \/>\n<meta property=\"og:title\" content=\"Precauciones COVID para estas fiestas navide\u00f1as\" \/>\n<meta property=\"og:description\" content=\"Se acerca Navidad y, aunque realmente estamos mucho mejor que el a\u00f1o pasado a nivel de pandemia, no podemos bajar la guardia, puesto que los datos muestran un aumento de casos positivos. A grandes rasgos, si tuvi\u00e9ramos que resumir la situaci\u00f3n actual en unos pocos titulares podr\u00edamos decir que: Espa\u00f1a se sit\u00faa entre los pa\u00edses ... Read More\" \/>\n<meta property=\"og:url\" content=\"https:\/\/pensium.es\/precauciones-covid-navidad-2021\/\" \/>\n<meta property=\"og:site_name\" content=\"Pensium\" \/>\n<meta property=\"article:publisher\" content=\"https:\/\/www.facebook.com\/pensium.es\/\" \/>\n<meta property=\"article:published_time\" content=\"2021-12-23T11:08:25+00:00\" \/>\n<meta property=\"article:modified_time\" content=\"2021-12-23T11:31:36+00:00\" \/>\n<meta property=\"og:image\" content=\"https:\/\/pensium.es\/wp-content\/uploads\/2021\/12\/covid-navidad-2021.jpg\" \/>\n\t<meta property=\"og:image:width\" content=\"945\" \/>\n\t<meta property=\"og:image:height\" content=\"455\" \/>\n\t<meta property=\"og:image:type\" content=\"image\/jpeg\" \/>\n<meta name=\"author\" content=\"Pensium\" \/>\n<meta name=\"twitter:card\" content=\"summary_large_image\" \/>\n<meta name=\"twitter:label1\" content=\"Escrito por\" \/>\n\t<meta name=\"twitter:data1\" content=\"Pensium\" \/>\n\t<meta name=\"twitter:label2\" content=\"Tempo de lectura\" \/>\n\t<meta name=\"twitter:data2\" content=\"2 minutos\" \/>\n<script type=\"application\/ld+json\" class=\"yoast-schema-graph\">{\"@context\":\"https:\\\/\\\/schema.org\",\"@graph\":[{\"@type\":\"Article\",\"@id\":\"https:\\\/\\\/pensium.es\\\/precauciones-covid-navidad-2021\\\/#article\",\"isPartOf\":{\"@id\":\"https:\\\/\\\/pensium.es\\\/gl\\\/precauciones-covid-navidad-2021\\\/\"},\"author\":{\"name\":\"Pensium\",\"@id\":\"https:\\\/\\\/pensium.es\\\/gl\\\/#\\\/schema\\\/person\\\/3b2c54086c781c3b9d4903a784f4049f\"},\"headline\":\"Precauciones COVID para estas fiestas navide\u00f1as\",\"datePublished\":\"2021-12-23T11:08:25+00:00\",\"dateModified\":\"2021-12-23T11:31:36+00:00\",\"mainEntityOfPage\":{\"@id\":\"https:\\\/\\\/pensium.es\\\/gl\\\/precauciones-covid-navidad-2021\\\/\"},\"wordCount\":425,\"commentCount\":0,\"image\":{\"@id\":\"https:\\\/\\\/pensium.es\\\/precauciones-covid-navidad-2021\\\/#primaryimage\"},\"thumbnailUrl\":\"https:\\\/\\\/pensium.es\\\/wp-content\\\/uploads\\\/2021\\\/12\\\/covid-navidad-2021.jpg\",\"articleSection\":[\"Xeral\"],\"inLanguage\":\"gl-ES\",\"potentialAction\":[{\"@type\":\"CommentAction\",\"name\":\"Comment\",\"target\":[\"https:\\\/\\\/pensium.es\\\/precauciones-covid-navidad-2021\\\/#respond\"]}]},{\"@type\":\"WebPage\",\"@id\":\"https:\\\/\\\/pensium.es\\\/gl\\\/precauciones-covid-navidad-2021\\\/\",\"url\":\"https:\\\/\\\/pensium.es\\\/precauciones-covid-navidad-2021\\\/\",\"name\":\"Precauciones COVID para estas fiestas navide\u00f1as\",\"isPartOf\":{\"@id\":\"https:\\\/\\\/pensium.es\\\/gl\\\/#website\"},\"primaryImageOfPage\":{\"@id\":\"https:\\\/\\\/pensium.es\\\/precauciones-covid-navidad-2021\\\/#primaryimage\"},\"image\":{\"@id\":\"https:\\\/\\\/pensium.es\\\/precauciones-covid-navidad-2021\\\/#primaryimage\"},\"thumbnailUrl\":\"https:\\\/\\\/pensium.es\\\/wp-content\\\/uploads\\\/2021\\\/12\\\/covid-navidad-2021.jpg\",\"datePublished\":\"2021-12-23T11:08:25+00:00\",\"dateModified\":\"2021-12-23T11:31:36+00:00\",\"author\":{\"@id\":\"https:\\\/\\\/pensium.es\\\/gl\\\/#\\\/schema\\\/person\\\/3b2c54086c781c3b9d4903a784f4049f\"},\"breadcrumb\":{\"@id\":\"https:\\\/\\\/pensium.es\\\/precauciones-covid-navidad-2021\\\/#breadcrumb\"},\"inLanguage\":\"gl-ES\",\"potentialAction\":[{\"@type\":\"ReadAction\",\"target\":[\"https:\\\/\\\/pensium.es\\\/precauciones-covid-navidad-2021\\\/\"]}]},{\"@type\":\"ImageObject\",\"inLanguage\":\"gl-ES\",\"@id\":\"https:\\\/\\\/pensium.es\\\/precauciones-covid-navidad-2021\\\/#primaryimage\",\"url\":\"https:\\\/\\\/pensium.es\\\/wp-content\\\/uploads\\\/2021\\\/12\\\/covid-navidad-2021.jpg\",\"contentUrl\":\"https:\\\/\\\/pensium.es\\\/wp-content\\\/uploads\\\/2021\\\/12\\\/covid-navidad-2021.jpg\",\"width\":945,\"height\":455,\"caption\":\"covid-navidad-2021\"},{\"@type\":\"BreadcrumbList\",\"@id\":\"https:\\\/\\\/pensium.es\\\/precauciones-covid-navidad-2021\\\/#breadcrumb\",\"itemListElement\":[{\"@type\":\"ListItem\",\"position\":1,\"name\":\"Inicio\",\"item\":\"https:\\\/\\\/pensium.es\\\/gl\\\/\"},{\"@type\":\"ListItem\",\"position\":2,\"name\":\"Precauciones COVID para estas fiestas navide\u00f1as\"}]},{\"@type\":\"WebSite\",\"@id\":\"https:\\\/\\\/pensium.es\\\/gl\\\/#website\",\"url\":\"https:\\\/\\\/pensium.es\\\/gl\\\/\",\"name\":\"Pensium\",\"description\":\"Pagar a residencia de maiores co pago anticipado do alugueiro\",\"potentialAction\":[{\"@type\":\"SearchAction\",\"target\":{\"@type\":\"EntryPoint\",\"urlTemplate\":\"https:\\\/\\\/pensium.es\\\/gl\\\/?s={search_term_string}\"},\"query-input\":{\"@type\":\"PropertyValueSpecification\",\"valueRequired\":true,\"valueName\":\"search_term_string\"}}],\"inLanguage\":\"gl-ES\"},{\"@type\":\"Person\",\"@id\":\"https:\\\/\\\/pensium.es\\\/gl\\\/#\\\/schema\\\/person\\\/3b2c54086c781c3b9d4903a784f4049f\",\"name\":\"Pensium\",\"image\":{\"@type\":\"ImageObject\",\"inLanguage\":\"gl-ES\",\"@id\":\"https:\\\/\\\/secure.gravatar.com\\\/avatar\\\/676b3457f9f57981f28982fb1f950341359281c6cba0f3f7366cd94ca4f532bd?s=96&d=mm&r=g\",\"url\":\"https:\\\/\\\/secure.gravatar.com\\\/avatar\\\/676b3457f9f57981f28982fb1f950341359281c6cba0f3f7366cd94ca4f532bd?s=96&d=mm&r=g\",\"contentUrl\":\"https:\\\/\\\/secure.gravatar.com\\\/avatar\\\/676b3457f9f57981f28982fb1f950341359281c6cba0f3f7366cd94ca4f532bd?s=96&d=mm&r=g\",\"caption\":\"Pensium\"},\"url\":\"https:\\\/\\\/pensium.es\\\/gl\\\/author\\\/pensium-2\\\/\"}]}<\/script>\n<!-- \/ Yoast SEO plugin. -->","yoast_head_json":{"title":"Precauciones COVID para estas fiestas navide\u00f1as","robots":{"index":"index","follow":"follow","max-snippet":"max-snippet:-1","max-image-preview":"max-image-preview:large","max-video-preview":"max-video-preview:-1"},"canonical":"https:\/\/pensium.es\/gl\/precauciones-covid-navidad-2021\/","og_locale":"gl_ES","og_type":"article","og_title":"Precauciones COVID para estas fiestas navide\u00f1as","og_description":"Se acerca Navidad y, aunque realmente estamos mucho mejor que el a\u00f1o pasado a nivel de pandemia, no podemos bajar la guardia, puesto que los datos muestran un aumento de casos positivos. A grandes rasgos, si tuvi\u00e9ramos que resumir la situaci\u00f3n actual en unos pocos titulares podr\u00edamos decir que: Espa\u00f1a se sit\u00faa entre los pa\u00edses ... Read More","og_url":"https:\/\/pensium.es\/precauciones-covid-navidad-2021\/","og_site_name":"Pensium","article_publisher":"https:\/\/www.facebook.com\/pensium.es\/","article_published_time":"2021-12-23T11:08:25+00:00","article_modified_time":"2021-12-23T11:31:36+00:00","og_image":[{"width":945,"height":455,"url":"https:\/\/pensium.es\/wp-content\/uploads\/2021\/12\/covid-navidad-2021.jpg","type":"image\/jpeg"}],"author":"Pensium","twitter_card":"summary_large_image","twitter_misc":{"Escrito por":"Pensium","Tempo de lectura":"2 minutos"},"schema":{"@context":"https:\/\/schema.org","@graph":[{"@type":"Article","@id":"https:\/\/pensium.es\/precauciones-covid-navidad-2021\/#article","isPartOf":{"@id":"https:\/\/pensium.es\/gl\/precauciones-covid-navidad-2021\/"},"author":{"name":"Pensium","@id":"https:\/\/pensium.es\/gl\/#\/schema\/person\/3b2c54086c781c3b9d4903a784f4049f"},"headline":"Precauciones COVID para estas fiestas navide\u00f1as","datePublished":"2021-12-23T11:08:25+00:00","dateModified":"2021-12-23T11:31:36+00:00","mainEntityOfPage":{"@id":"https:\/\/pensium.es\/gl\/precauciones-covid-navidad-2021\/"},"wordCount":425,"commentCount":0,"image":{"@id":"https:\/\/pensium.es\/precauciones-covid-navidad-2021\/#primaryimage"},"thumbnailUrl":"https:\/\/pensium.es\/wp-content\/uploads\/2021\/12\/covid-navidad-2021.jpg","articleSection":["Xeral"],"inLanguage":"gl-ES","potentialAction":[{"@type":"CommentAction","name":"Comment","target":["https:\/\/pensium.es\/precauciones-covid-navidad-2021\/#respond"]}]},{"@type":"WebPage","@id":"https:\/\/pensium.es\/gl\/precauciones-covid-navidad-2021\/","url":"https:\/\/pensium.es\/precauciones-covid-navidad-2021\/","name":"Precauciones COVID para estas fiestas navide\u00f1as","isPartOf":{"@id":"https:\/\/pensium.es\/gl\/#website"},"primaryImageOfPage":{"@id":"https:\/\/pensium.es\/precauciones-covid-navidad-2021\/#primaryimage"},"image":{"@id":"https:\/\/pensium.es\/precauciones-covid-navidad-2021\/#primaryimage"},"thumbnailUrl":"https:\/\/pensium.es\/wp-content\/uploads\/2021\/12\/covid-navidad-2021.jpg","datePublished":"2021-12-23T11:08:25+00:00","dateModified":"2021-12-23T11:31:36+00:00","author":{"@id":"https:\/\/pensium.es\/gl\/#\/schema\/person\/3b2c54086c781c3b9d4903a784f4049f"},"breadcrumb":{"@id":"https:\/\/pensium.es\/precauciones-covid-navidad-2021\/#breadcrumb"},"inLanguage":"gl-ES","potentialAction":[{"@type":"ReadAction","target":["https:\/\/pensium.es\/precauciones-covid-navidad-2021\/"]}]},{"@type":"ImageObject","inLanguage":"gl-ES","@id":"https:\/\/pensium.es\/precauciones-covid-navidad-2021\/#primaryimage","url":"https:\/\/pensium.es\/wp-content\/uploads\/2021\/12\/covid-navidad-2021.jpg","contentUrl":"https:\/\/pensium.es\/wp-content\/uploads\/2021\/12\/covid-navidad-2021.jpg","width":945,"height":455,"caption":"covid-navidad-2021"},{"@type":"BreadcrumbList","@id":"https:\/\/pensium.es\/precauciones-covid-navidad-2021\/#breadcrumb","itemListElement":[{"@type":"ListItem","position":1,"name":"Inicio","item":"https:\/\/pensium.es\/gl\/"},{"@type":"ListItem","position":2,"name":"Precauciones COVID para estas fiestas navide\u00f1as"}]},{"@type":"WebSite","@id":"https:\/\/pensium.es\/gl\/#website","url":"https:\/\/pensium.es\/gl\/","name":"Pensium","description":"Pagar a residencia de maiores co pago anticipado do alugueiro","potentialAction":[{"@type":"SearchAction","target":{"@type":"EntryPoint","urlTemplate":"https:\/\/pensium.es\/gl\/?s={search_term_string}"},"query-input":{"@type":"PropertyValueSpecification","valueRequired":true,"valueName":"search_term_string"}}],"inLanguage":"gl-ES"},{"@type":"Person","@id":"https:\/\/pensium.es\/gl\/#\/schema\/person\/3b2c54086c781c3b9d4903a784f4049f","name":"Pensium","image":{"@type":"ImageObject","inLanguage":"gl-ES","@id":"https:\/\/secure.gravatar.com\/avatar\/676b3457f9f57981f28982fb1f950341359281c6cba0f3f7366cd94ca4f532bd?s=96&d=mm&r=g","url":"https:\/\/secure.gravatar.com\/avatar\/676b3457f9f57981f28982fb1f950341359281c6cba0f3f7366cd94ca4f532bd?s=96&d=mm&r=g","contentUrl":"https:\/\/secure.gravatar.com\/avatar\/676b3457f9f57981f28982fb1f950341359281c6cba0f3f7366cd94ca4f532bd?s=96&d=mm&r=g","caption":"Pensium"},"url":"https:\/\/pensium.es\/gl\/author\/pensium-2\/"}]}},"_links":{"self":[{"href":"https:\/\/pensium.es\/gl\/wp-json\/wp\/v2\/posts\/11373","targetHints":{"allow":["GET"]}}],"collection":[{"href":"https:\/\/pensium.es\/gl\/wp-json\/wp\/v2\/posts"}],"about":[{"href":"https:\/\/pensium.es\/gl\/wp-json\/wp\/v2\/types\/post"}],"author":[{"embeddable":true,"href":"https:\/\/pensium.es\/gl\/wp-json\/wp\/v2\/users\/4"}],"replies":[{"embeddable":true,"href":"https:\/\/pensium.es\/gl\/wp-json\/wp\/v2\/comments?post=11373"}],"version-history":[{"count":1,"href":"https:\/\/pensium.es\/gl\/wp-json\/wp\/v2\/posts\/11373\/revisions"}],"predecessor-version":[{"id":11374,"href":"https:\/\/pensium.es\/gl\/wp-json\/wp\/v2\/posts\/11373\/revisions\/11374"}],"wp:featuredmedia":[{"embeddable":true,"href":"https:\/\/pensium.es\/gl\/wp-json\/wp\/v2\/media\/11369"}],"wp:attachment":[{"href":"https:\/\/pensium.es\/gl\/wp-json\/wp\/v2\/media?parent=11373"}],"wp:term":[{"taxonomy":"category","embeddable":true,"href":"https:\/\/pensium.es\/gl\/wp-json\/wp\/v2\/categories?post=11373"},{"taxonomy":"post_tag","embeddable":true,"href":"https:\/\/pensium.es\/gl\/wp-json\/wp\/v2\/tags?post=11373"}],"curies":[{"name":"wp","href":"https:\/\/api.w.org\/{rel}","templated":true}]}}