{"id":11473,"date":"2022-01-20T16:16:49","date_gmt":"2022-01-20T14:16:49","guid":{"rendered":"https:\/\/pensium.es\/vacuna-reduce-gravedad-covid-residencias-mayores\/"},"modified":"2022-01-27T13:36:10","modified_gmt":"2022-01-27T11:36:10","slug":"vacuna-reduce-gravedad-covid-residencias-mayores","status":"publish","type":"post","link":"https:\/\/pensium.es\/gl\/vacuna-reduce-gravedad-covid-residencias-mayores\/","title":{"rendered":"La vacuna reduce la gravedad del COVID en las residencias de mayores"},"content":{"rendered":"\n\n<div class=\"kk-star-ratings kksr-auto kksr-align-left kksr-valign-top\"\n    data-payload='{&quot;align&quot;:&quot;left&quot;,&quot;id&quot;:&quot;11473&quot;,&quot;slug&quot;:&quot;default&quot;,&quot;valign&quot;:&quot;top&quot;,&quot;ignore&quot;:&quot;&quot;,&quot;reference&quot;:&quot;auto&quot;,&quot;class&quot;:&quot;&quot;,&quot;count&quot;:&quot;0&quot;,&quot;legendonly&quot;:&quot;&quot;,&quot;readonly&quot;:&quot;&quot;,&quot;score&quot;:&quot;0&quot;,&quot;starsonly&quot;:&quot;&quot;,&quot;best&quot;:&quot;5&quot;,&quot;gap&quot;:&quot;5&quot;,&quot;greet&quot;:&quot;Rate this post&quot;,&quot;legend&quot;:&quot;0\\\/5 - (0 votes)&quot;,&quot;size&quot;:&quot;24&quot;,&quot;title&quot;:&quot;La vacuna reduce la gravedad del COVID en las residencias de mayores&quot;,&quot;width&quot;:&quot;0&quot;,&quot;_legend&quot;:&quot;{score}\\\/{best} - ({count} {votes})&quot;,&quot;font_factor&quot;:&quot;1.25&quot;}'>\n            \n<div class=\"kksr-stars\">\n    \n<div class=\"kksr-stars-inactive\">\n            <div class=\"kksr-star\" data-star=\"1\" style=\"padding-right: 5px\">\n            \n\n<div class=\"kksr-icon\" style=\"width: 24px; height: 24px;\"><\/div>\n        <\/div>\n            <div class=\"kksr-star\" data-star=\"2\" style=\"padding-right: 5px\">\n            \n\n<div class=\"kksr-icon\" style=\"width: 24px; height: 24px;\"><\/div>\n        <\/div>\n            <div class=\"kksr-star\" data-star=\"3\" style=\"padding-right: 5px\">\n            \n\n<div class=\"kksr-icon\" style=\"width: 24px; height: 24px;\"><\/div>\n        <\/div>\n            <div class=\"kksr-star\" data-star=\"4\" style=\"padding-right: 5px\">\n            \n\n<div class=\"kksr-icon\" style=\"width: 24px; height: 24px;\"><\/div>\n        <\/div>\n            <div class=\"kksr-star\" data-star=\"5\" style=\"padding-right: 5px\">\n            \n\n<div class=\"kksr-icon\" style=\"width: 24px; height: 24px;\"><\/div>\n        <\/div>\n    <\/div>\n    \n<div class=\"kksr-stars-active\" style=\"width: 0px;\">\n            <div class=\"kksr-star\" style=\"padding-right: 5px\">\n            \n\n<div class=\"kksr-icon\" style=\"width: 24px; height: 24px;\"><\/div>\n        <\/div>\n            <div class=\"kksr-star\" style=\"padding-right: 5px\">\n            \n\n<div class=\"kksr-icon\" style=\"width: 24px; height: 24px;\"><\/div>\n        <\/div>\n            <div class=\"kksr-star\" style=\"padding-right: 5px\">\n            \n\n<div class=\"kksr-icon\" style=\"width: 24px; height: 24px;\"><\/div>\n        <\/div>\n            <div class=\"kksr-star\" style=\"padding-right: 5px\">\n            \n\n<div class=\"kksr-icon\" style=\"width: 24px; height: 24px;\"><\/div>\n        <\/div>\n            <div class=\"kksr-star\" style=\"padding-right: 5px\">\n            \n\n<div class=\"kksr-icon\" style=\"width: 24px; height: 24px;\"><\/div>\n        <\/div>\n    <\/div>\n<\/div>\n                \n\n<div class=\"kksr-legend\" style=\"font-size: 19.2px;\">\n            <span class=\"kksr-muted\">Rate this post<\/span>\n    <\/div>\n    <\/div>\n<p>Pese a que, seg\u00fan el <a href=\"https:\/\/www.imserso.es\/imserso_01\/mas_informacion\/serv_soc\/sem_cr\/index.htm\">informe semanal COVID-19 en centros residenciales<\/a> elaborado por el IMSERSO, la sexta ola de la pandemia ha comportado contagios en las residencias de mayores, el impacto del virus es mucho menor que en las olas anteriores.<\/p>\n<p>Seg\u00fan los expertos, ello se explica en gran parte a la protecci\u00f3n ofrecida por la tercera dosis de la vacuna, que las personas mayores residentes en centros geri\u00e1tricos empezaron a recibir en septiembre, y a las fuertes medidas de control del sector.<\/p>\n<h2><span style=\"color: #e86322;\"><strong>Vacunaci\u00f3n en las residencias de mayores<\/strong><\/span><\/h2>\n<p>Seg\u00fan los datos aportados por el <a href=\"https:\/\/www.sanidad.gob.es\/profesionales\/saludPublica\/ccayes\/alertasActual\/nCov\/documentos\/Informe_GIV_comunicacion_20220117.pdf\">informe ejecutivo de vacunaci\u00f3n COVID-19 del Ministerio de Sanidad<\/a>, de actualizaci\u00f3n diaria, el 90,3% de los mayores de 70 a\u00f1os en Espa\u00f1a han recibido la tercera dosis de la vacuna. Este hecho parece empezar a dar buenos resultados en las residencias de mayores, tal como afirma el mismo ministerio en su <a href=\"https:\/\/www.sanidad.gob.es\/profesionales\/saludPublica\/prevPromocion\/vacunaciones\/covid19\/docs\/Efectividad_VacunacionCOVID-19_Espana_3Informe.pdf\">informe de efectividad vacunaci\u00f3n<\/a>: <em>\u201clos resultados muestran que la EV (efectividad de la vacuna) se mantiene en valores en torno al 80% frente a hospitalizaci\u00f3n y defunci\u00f3n\u201d <\/em>por lo que <em>\u201c<\/em><em>aunque las estimaciones son algo inestables y con intervalos de confianza amplios,<\/em><em> parece observarse el efecto beneficioso de la dosis de recuerdo a partir del mes de octubre\u201d<\/em><\/p>\n<p>As\u00ed mismo, tambi\u00e9n se ha acelerado la vacunaci\u00f3n del personal de las residencias, para evitar tener una ola de contagios que ponga a los centros en una situaci\u00f3n complicada.<\/p>\n<h2><span style=\"color: #e86322;\"><strong>Protocolos en las residencias de mayores<\/strong><\/span><\/h2>\n<p>Si bien en los \u00faltimos meses las medidas de control en las residencias de mayores se han ido relajando, a\u00fan se mantienen bastante restrictivas para evitar que el virus haga da\u00f1o a sus residentes.<\/p>\n<p>As\u00ed, aunque los protocolos de actuaci\u00f3n los marca cada comunidad aut\u00f3noma, en la mayor\u00eda de casos se mantienen medidas como:<\/p>\n<ul>\n<li>Cribados peri\u00f3dicos al personal<\/li>\n<li>Visitas con cita previa<\/li>\n<li>Intensificaci\u00f3n de las medidas de protecci\u00f3n ante la visita de familiares<\/li>\n<li>Mascarilla e higiene de manos<\/li>\n<li>Ventilaci\u00f3n y mayor actividad al aire libre<\/li>\n<\/ul>\n<p>Sin embargo, diversas comunidades est\u00e1n relajando algunos protocolos para favorecer el contacto entre residentes y familiares, facilitando que los residentes vacunados puedan mantener este contacto.<\/p>\n<h2><span style=\"color: #e86322;\"><strong>Pasaporte COVID en las residencias de mayores<\/strong><\/span><\/h2>\n<p>Hay comunidades, como Catalu\u00f1a o Baleares, en las que se a\u00f1ade la obligatoriedad de presentar el pasaporte COVID para acceder al centro residencial, igual que se solicita en otros espacios cerrados.<\/p>\n<p>Algunas de estas medidas pueden incomodar a residentes y familiares, pero son la garant\u00eda para que las residencias contin\u00faen siendo espacios seguros para sus residentes. El virus ha intentado entrar en estos centros y se ha producido un aumento de contagios, pero en menor medida que en la poblaci\u00f3n general y con un resultado en cuanto a gravedad de los casos de gravedad infinitamente menor que en anteriores olas, como muestran los siguientes datos del IMSERSO.<\/p>\n<p><img decoding=\"async\" class=\"wp-image-11464 aligncenter\" src=\"https:\/\/pensium.es\/wp-content\/uploads\/2022\/01\/fallecidos-covid.png\" alt=\"fallecidos covid\" width=\"876\" height=\"285\" data-wp-pid=\"11461\" srcset=\"https:\/\/pensium.es\/wp-content\/uploads\/2022\/01\/fallecidos-covid.png 883w, https:\/\/pensium.es\/wp-content\/uploads\/2022\/01\/fallecidos-covid-300x98.png 300w, https:\/\/pensium.es\/wp-content\/uploads\/2022\/01\/fallecidos-covid-768x250.png 768w\" sizes=\"(max-width: 876px) 100vw, 876px\" \/><\/p>\n","protected":false},"excerpt":{"rendered":"<p>Pese a que, seg\u00fan el informe semanal COVID-19 en centros residenciales elaborado por el IMSERSO, la sexta ola de la pandemia ha comportado contagios en las residencias de mayores, el impacto del virus es mucho menor que en las olas anteriores. Seg\u00fan los expertos, ello se explica en gran parte a la protecci\u00f3n ofrecida por &#8230; <a class=\"excerpt-readmore\" href=\"https:\/\/pensium.es\/gl\/vacuna-reduce-gravedad-covid-residencias-mayores\/\">Read More<\/a><\/p>\n","protected":false},"author":5,"featured_media":11468,"comment_status":"open","ping_status":"closed","sticky":false,"template":"","format":"standard","meta":{"footnotes":""},"categories":[325,324],"tags":[],"class_list":["post-11473","post","type-post","status-publish","format-standard","has-post-thumbnail","hentry","category-residencias-para-persoas-maiores","category-xeral"],"yoast_head":"<!-- This site is optimized with the Yoast SEO plugin v27.3 - https:\/\/yoast.com\/product\/yoast-seo-wordpress\/ -->\n<title>La vacuna reduce la gravedad del COVID en las residencias de mayores<\/title>\n<meta name=\"description\" content=\"Las sexta ola contabiliza m\u00e1s contagios en las residencias de mayores pero de menor gravedad gracias a la prevenci\u00f3n y a la vacunaci\u00f3n.\" \/>\n<meta name=\"robots\" content=\"index, follow, max-snippet:-1, max-image-preview:large, max-video-preview:-1\" \/>\n<link rel=\"canonical\" href=\"https:\/\/pensium.es\/gl\/vacuna-reduce-gravedad-covid-residencias-mayores\/\" \/>\n<meta property=\"og:locale\" content=\"gl_ES\" \/>\n<meta property=\"og:type\" content=\"article\" \/>\n<meta property=\"og:title\" content=\"La vacuna reduce la gravedad del COVID en las residencias de mayores\" \/>\n<meta property=\"og:description\" content=\"Las sexta ola contabiliza m\u00e1s contagios en las residencias de mayores pero de menor gravedad gracias a la prevenci\u00f3n y a la vacunaci\u00f3n.\" \/>\n<meta property=\"og:url\" content=\"https:\/\/pensium.es\/vacuna-reduce-gravedad-covid-residencias-mayores\/\" \/>\n<meta property=\"og:site_name\" content=\"Pensium\" \/>\n<meta property=\"article:publisher\" content=\"https:\/\/www.facebook.com\/pensium.es\/\" \/>\n<meta property=\"article:published_time\" content=\"2022-01-20T14:16:49+00:00\" \/>\n<meta property=\"article:modified_time\" content=\"2022-01-27T11:36:10+00:00\" \/>\n<meta property=\"og:image\" content=\"https:\/\/pensium.es\/wp-content\/uploads\/2022\/01\/vacuna-refuerzo.jpg\" \/>\n\t<meta property=\"og:image:width\" content=\"945\" \/>\n\t<meta property=\"og:image:height\" content=\"455\" \/>\n\t<meta property=\"og:image:type\" content=\"image\/jpeg\" \/>\n<meta name=\"author\" content=\"Nat\u00e0lia Bund\u00f3\" \/>\n<meta name=\"twitter:card\" content=\"summary_large_image\" \/>\n<meta name=\"twitter:label1\" content=\"Escrito por\" \/>\n\t<meta name=\"twitter:data1\" content=\"Nat\u00e0lia Bund\u00f3\" \/>\n\t<meta name=\"twitter:label2\" content=\"Tempo de lectura\" \/>\n\t<meta name=\"twitter:data2\" content=\"3 minutos\" \/>\n<script type=\"application\/ld+json\" class=\"yoast-schema-graph\">{\"@context\":\"https:\\\/\\\/schema.org\",\"@graph\":[{\"@type\":\"Article\",\"@id\":\"https:\\\/\\\/pensium.es\\\/vacuna-reduce-gravedad-covid-residencias-mayores\\\/#article\",\"isPartOf\":{\"@id\":\"https:\\\/\\\/pensium.es\\\/gl\\\/vacuna-reduce-gravedad-covid-residencias-mayores\\\/\"},\"author\":{\"name\":\"Nat\u00e0lia Bund\u00f3\",\"@id\":\"https:\\\/\\\/pensium.es\\\/gl\\\/#\\\/schema\\\/person\\\/8f53b90de2d2cdf1999b79389ba5d6e8\"},\"headline\":\"La vacuna reduce la gravedad del COVID en las residencias de mayores\",\"datePublished\":\"2022-01-20T14:16:49+00:00\",\"dateModified\":\"2022-01-27T11:36:10+00:00\",\"mainEntityOfPage\":{\"@id\":\"https:\\\/\\\/pensium.es\\\/gl\\\/vacuna-reduce-gravedad-covid-residencias-mayores\\\/\"},\"wordCount\":503,\"commentCount\":0,\"image\":{\"@id\":\"https:\\\/\\\/pensium.es\\\/vacuna-reduce-gravedad-covid-residencias-mayores\\\/#primaryimage\"},\"thumbnailUrl\":\"https:\\\/\\\/pensium.es\\\/wp-content\\\/uploads\\\/2022\\\/01\\\/vacuna-refuerzo.jpg\",\"articleSection\":[\"Residencias para persoas maiores\",\"Xeral\"],\"inLanguage\":\"gl-ES\",\"potentialAction\":[{\"@type\":\"CommentAction\",\"name\":\"Comment\",\"target\":[\"https:\\\/\\\/pensium.es\\\/vacuna-reduce-gravedad-covid-residencias-mayores\\\/#respond\"]}]},{\"@type\":\"WebPage\",\"@id\":\"https:\\\/\\\/pensium.es\\\/gl\\\/vacuna-reduce-gravedad-covid-residencias-mayores\\\/\",\"url\":\"https:\\\/\\\/pensium.es\\\/vacuna-reduce-gravedad-covid-residencias-mayores\\\/\",\"name\":\"La vacuna reduce la gravedad del COVID en las residencias de mayores\",\"isPartOf\":{\"@id\":\"https:\\\/\\\/pensium.es\\\/gl\\\/#website\"},\"primaryImageOfPage\":{\"@id\":\"https:\\\/\\\/pensium.es\\\/vacuna-reduce-gravedad-covid-residencias-mayores\\\/#primaryimage\"},\"image\":{\"@id\":\"https:\\\/\\\/pensium.es\\\/vacuna-reduce-gravedad-covid-residencias-mayores\\\/#primaryimage\"},\"thumbnailUrl\":\"https:\\\/\\\/pensium.es\\\/wp-content\\\/uploads\\\/2022\\\/01\\\/vacuna-refuerzo.jpg\",\"datePublished\":\"2022-01-20T14:16:49+00:00\",\"dateModified\":\"2022-01-27T11:36:10+00:00\",\"author\":{\"@id\":\"https:\\\/\\\/pensium.es\\\/gl\\\/#\\\/schema\\\/person\\\/8f53b90de2d2cdf1999b79389ba5d6e8\"},\"description\":\"Las sexta ola contabiliza m\u00e1s contagios en las residencias de mayores pero de menor gravedad gracias a la prevenci\u00f3n y a la vacunaci\u00f3n.\",\"breadcrumb\":{\"@id\":\"https:\\\/\\\/pensium.es\\\/vacuna-reduce-gravedad-covid-residencias-mayores\\\/#breadcrumb\"},\"inLanguage\":\"gl-ES\",\"potentialAction\":[{\"@type\":\"ReadAction\",\"target\":[\"https:\\\/\\\/pensium.es\\\/vacuna-reduce-gravedad-covid-residencias-mayores\\\/\"]}]},{\"@type\":\"ImageObject\",\"inLanguage\":\"gl-ES\",\"@id\":\"https:\\\/\\\/pensium.es\\\/vacuna-reduce-gravedad-covid-residencias-mayores\\\/#primaryimage\",\"url\":\"https:\\\/\\\/pensium.es\\\/wp-content\\\/uploads\\\/2022\\\/01\\\/vacuna-refuerzo.jpg\",\"contentUrl\":\"https:\\\/\\\/pensium.es\\\/wp-content\\\/uploads\\\/2022\\\/01\\\/vacuna-refuerzo.jpg\",\"width\":945,\"height\":455,\"caption\":\"vacuna refuerzo residencias\"},{\"@type\":\"BreadcrumbList\",\"@id\":\"https:\\\/\\\/pensium.es\\\/vacuna-reduce-gravedad-covid-residencias-mayores\\\/#breadcrumb\",\"itemListElement\":[{\"@type\":\"ListItem\",\"position\":1,\"name\":\"Inicio\",\"item\":\"https:\\\/\\\/pensium.es\\\/gl\\\/\"},{\"@type\":\"ListItem\",\"position\":2,\"name\":\"La vacuna reduce la gravedad del COVID en las residencias de mayores\"}]},{\"@type\":\"WebSite\",\"@id\":\"https:\\\/\\\/pensium.es\\\/gl\\\/#website\",\"url\":\"https:\\\/\\\/pensium.es\\\/gl\\\/\",\"name\":\"Pensium\",\"description\":\"Pagar a residencia de maiores co pago anticipado do alugueiro\",\"potentialAction\":[{\"@type\":\"SearchAction\",\"target\":{\"@type\":\"EntryPoint\",\"urlTemplate\":\"https:\\\/\\\/pensium.es\\\/gl\\\/?s={search_term_string}\"},\"query-input\":{\"@type\":\"PropertyValueSpecification\",\"valueRequired\":true,\"valueName\":\"search_term_string\"}}],\"inLanguage\":\"gl-ES\"},{\"@type\":\"Person\",\"@id\":\"https:\\\/\\\/pensium.es\\\/gl\\\/#\\\/schema\\\/person\\\/8f53b90de2d2cdf1999b79389ba5d6e8\",\"name\":\"Nat\u00e0lia Bund\u00f3\",\"image\":{\"@type\":\"ImageObject\",\"inLanguage\":\"gl-ES\",\"@id\":\"https:\\\/\\\/secure.gravatar.com\\\/avatar\\\/29a8443d2e13eb9fd9d663eafd4741eb2b56a96126d7d235de6c111b88308be8?s=96&d=mm&r=g\",\"url\":\"https:\\\/\\\/secure.gravatar.com\\\/avatar\\\/29a8443d2e13eb9fd9d663eafd4741eb2b56a96126d7d235de6c111b88308be8?s=96&d=mm&r=g\",\"contentUrl\":\"https:\\\/\\\/secure.gravatar.com\\\/avatar\\\/29a8443d2e13eb9fd9d663eafd4741eb2b56a96126d7d235de6c111b88308be8?s=96&d=mm&r=g\",\"caption\":\"Nat\u00e0lia Bund\u00f3\"},\"description\":\"Economista, M\u00e1ster en Marketing y especialista en el sector de personas mayores\",\"sameAs\":[\"https:\\\/\\\/www.linkedin.com\\\/in\\\/nataliabundo\"],\"url\":\"https:\\\/\\\/pensium.es\\\/gl\\\/author\\\/natalia\\\/\"}]}<\/script>\n<!-- \/ Yoast SEO plugin. -->","yoast_head_json":{"title":"La vacuna reduce la gravedad del COVID en las residencias de mayores","description":"Las sexta ola contabiliza m\u00e1s contagios en las residencias de mayores pero de menor gravedad gracias a la prevenci\u00f3n y a la vacunaci\u00f3n.","robots":{"index":"index","follow":"follow","max-snippet":"max-snippet:-1","max-image-preview":"max-image-preview:large","max-video-preview":"max-video-preview:-1"},"canonical":"https:\/\/pensium.es\/gl\/vacuna-reduce-gravedad-covid-residencias-mayores\/","og_locale":"gl_ES","og_type":"article","og_title":"La vacuna reduce la gravedad del COVID en las residencias de mayores","og_description":"Las sexta ola contabiliza m\u00e1s contagios en las residencias de mayores pero de menor gravedad gracias a la prevenci\u00f3n y a la vacunaci\u00f3n.","og_url":"https:\/\/pensium.es\/vacuna-reduce-gravedad-covid-residencias-mayores\/","og_site_name":"Pensium","article_publisher":"https:\/\/www.facebook.com\/pensium.es\/","article_published_time":"2022-01-20T14:16:49+00:00","article_modified_time":"2022-01-27T11:36:10+00:00","og_image":[{"width":945,"height":455,"url":"https:\/\/pensium.es\/wp-content\/uploads\/2022\/01\/vacuna-refuerzo.jpg","type":"image\/jpeg"}],"author":"Nat\u00e0lia Bund\u00f3","twitter_card":"summary_large_image","twitter_misc":{"Escrito por":"Nat\u00e0lia Bund\u00f3","Tempo de lectura":"3 minutos"},"schema":{"@context":"https:\/\/schema.org","@graph":[{"@type":"Article","@id":"https:\/\/pensium.es\/vacuna-reduce-gravedad-covid-residencias-mayores\/#article","isPartOf":{"@id":"https:\/\/pensium.es\/gl\/vacuna-reduce-gravedad-covid-residencias-mayores\/"},"author":{"name":"Nat\u00e0lia Bund\u00f3","@id":"https:\/\/pensium.es\/gl\/#\/schema\/person\/8f53b90de2d2cdf1999b79389ba5d6e8"},"headline":"La vacuna reduce la gravedad del COVID en las residencias de mayores","datePublished":"2022-01-20T14:16:49+00:00","dateModified":"2022-01-27T11:36:10+00:00","mainEntityOfPage":{"@id":"https:\/\/pensium.es\/gl\/vacuna-reduce-gravedad-covid-residencias-mayores\/"},"wordCount":503,"commentCount":0,"image":{"@id":"https:\/\/pensium.es\/vacuna-reduce-gravedad-covid-residencias-mayores\/#primaryimage"},"thumbnailUrl":"https:\/\/pensium.es\/wp-content\/uploads\/2022\/01\/vacuna-refuerzo.jpg","articleSection":["Residencias para persoas maiores","Xeral"],"inLanguage":"gl-ES","potentialAction":[{"@type":"CommentAction","name":"Comment","target":["https:\/\/pensium.es\/vacuna-reduce-gravedad-covid-residencias-mayores\/#respond"]}]},{"@type":"WebPage","@id":"https:\/\/pensium.es\/gl\/vacuna-reduce-gravedad-covid-residencias-mayores\/","url":"https:\/\/pensium.es\/vacuna-reduce-gravedad-covid-residencias-mayores\/","name":"La vacuna reduce la gravedad del COVID en las residencias de mayores","isPartOf":{"@id":"https:\/\/pensium.es\/gl\/#website"},"primaryImageOfPage":{"@id":"https:\/\/pensium.es\/vacuna-reduce-gravedad-covid-residencias-mayores\/#primaryimage"},"image":{"@id":"https:\/\/pensium.es\/vacuna-reduce-gravedad-covid-residencias-mayores\/#primaryimage"},"thumbnailUrl":"https:\/\/pensium.es\/wp-content\/uploads\/2022\/01\/vacuna-refuerzo.jpg","datePublished":"2022-01-20T14:16:49+00:00","dateModified":"2022-01-27T11:36:10+00:00","author":{"@id":"https:\/\/pensium.es\/gl\/#\/schema\/person\/8f53b90de2d2cdf1999b79389ba5d6e8"},"description":"Las sexta ola contabiliza m\u00e1s contagios en las residencias de mayores pero de menor gravedad gracias a la prevenci\u00f3n y a la vacunaci\u00f3n.","breadcrumb":{"@id":"https:\/\/pensium.es\/vacuna-reduce-gravedad-covid-residencias-mayores\/#breadcrumb"},"inLanguage":"gl-ES","potentialAction":[{"@type":"ReadAction","target":["https:\/\/pensium.es\/vacuna-reduce-gravedad-covid-residencias-mayores\/"]}]},{"@type":"ImageObject","inLanguage":"gl-ES","@id":"https:\/\/pensium.es\/vacuna-reduce-gravedad-covid-residencias-mayores\/#primaryimage","url":"https:\/\/pensium.es\/wp-content\/uploads\/2022\/01\/vacuna-refuerzo.jpg","contentUrl":"https:\/\/pensium.es\/wp-content\/uploads\/2022\/01\/vacuna-refuerzo.jpg","width":945,"height":455,"caption":"vacuna refuerzo residencias"},{"@type":"BreadcrumbList","@id":"https:\/\/pensium.es\/vacuna-reduce-gravedad-covid-residencias-mayores\/#breadcrumb","itemListElement":[{"@type":"ListItem","position":1,"name":"Inicio","item":"https:\/\/pensium.es\/gl\/"},{"@type":"ListItem","position":2,"name":"La vacuna reduce la gravedad del COVID en las residencias de mayores"}]},{"@type":"WebSite","@id":"https:\/\/pensium.es\/gl\/#website","url":"https:\/\/pensium.es\/gl\/","name":"Pensium","description":"Pagar a residencia de maiores co pago anticipado do alugueiro","potentialAction":[{"@type":"SearchAction","target":{"@type":"EntryPoint","urlTemplate":"https:\/\/pensium.es\/gl\/?s={search_term_string}"},"query-input":{"@type":"PropertyValueSpecification","valueRequired":true,"valueName":"search_term_string"}}],"inLanguage":"gl-ES"},{"@type":"Person","@id":"https:\/\/pensium.es\/gl\/#\/schema\/person\/8f53b90de2d2cdf1999b79389ba5d6e8","name":"Nat\u00e0lia Bund\u00f3","image":{"@type":"ImageObject","inLanguage":"gl-ES","@id":"https:\/\/secure.gravatar.com\/avatar\/29a8443d2e13eb9fd9d663eafd4741eb2b56a96126d7d235de6c111b88308be8?s=96&d=mm&r=g","url":"https:\/\/secure.gravatar.com\/avatar\/29a8443d2e13eb9fd9d663eafd4741eb2b56a96126d7d235de6c111b88308be8?s=96&d=mm&r=g","contentUrl":"https:\/\/secure.gravatar.com\/avatar\/29a8443d2e13eb9fd9d663eafd4741eb2b56a96126d7d235de6c111b88308be8?s=96&d=mm&r=g","caption":"Nat\u00e0lia Bund\u00f3"},"description":"Economista, M\u00e1ster en Marketing y especialista en el sector de personas mayores","sameAs":["https:\/\/www.linkedin.com\/in\/nataliabundo"],"url":"https:\/\/pensium.es\/gl\/author\/natalia\/"}]}},"_links":{"self":[{"href":"https:\/\/pensium.es\/gl\/wp-json\/wp\/v2\/posts\/11473","targetHints":{"allow":["GET"]}}],"collection":[{"href":"https:\/\/pensium.es\/gl\/wp-json\/wp\/v2\/posts"}],"about":[{"href":"https:\/\/pensium.es\/gl\/wp-json\/wp\/v2\/types\/post"}],"author":[{"embeddable":true,"href":"https:\/\/pensium.es\/gl\/wp-json\/wp\/v2\/users\/5"}],"replies":[{"embeddable":true,"href":"https:\/\/pensium.es\/gl\/wp-json\/wp\/v2\/comments?post=11473"}],"version-history":[{"count":1,"href":"https:\/\/pensium.es\/gl\/wp-json\/wp\/v2\/posts\/11473\/revisions"}],"predecessor-version":[{"id":11474,"href":"https:\/\/pensium.es\/gl\/wp-json\/wp\/v2\/posts\/11473\/revisions\/11474"}],"wp:featuredmedia":[{"embeddable":true,"href":"https:\/\/pensium.es\/gl\/wp-json\/wp\/v2\/media\/11468"}],"wp:attachment":[{"href":"https:\/\/pensium.es\/gl\/wp-json\/wp\/v2\/media?parent=11473"}],"wp:term":[{"taxonomy":"category","embeddable":true,"href":"https:\/\/pensium.es\/gl\/wp-json\/wp\/v2\/categories?post=11473"},{"taxonomy":"post_tag","embeddable":true,"href":"https:\/\/pensium.es\/gl\/wp-json\/wp\/v2\/tags?post=11473"}],"curies":[{"name":"wp","href":"https:\/\/api.w.org\/{rel}","templated":true}]}}