{"id":11543,"date":"2022-02-04T11:08:59","date_gmt":"2022-02-04T09:08:59","guid":{"rendered":"https:\/\/pensium.es\/gercat-convenio-colectivo-atencion-gente-mayor\/"},"modified":"2022-02-04T11:16:15","modified_gmt":"2022-02-04T09:16:15","slug":"gercat-convenio-colectivo-atencion-gente-mayor","status":"publish","type":"post","link":"https:\/\/pensium.es\/gl\/gercat-convenio-colectivo-atencion-gente-mayor\/","title":{"rendered":"GERCAT, el primer convenio colectivo auton\u00f3mico de Catalu\u00f1a de atenci\u00f3n a la gente mayor."},"content":{"rendered":"\n\n<div class=\"kk-star-ratings kksr-auto kksr-align-left kksr-valign-top\"\n    data-payload='{&quot;align&quot;:&quot;left&quot;,&quot;id&quot;:&quot;11543&quot;,&quot;slug&quot;:&quot;default&quot;,&quot;valign&quot;:&quot;top&quot;,&quot;ignore&quot;:&quot;&quot;,&quot;reference&quot;:&quot;auto&quot;,&quot;class&quot;:&quot;&quot;,&quot;count&quot;:&quot;0&quot;,&quot;legendonly&quot;:&quot;&quot;,&quot;readonly&quot;:&quot;&quot;,&quot;score&quot;:&quot;0&quot;,&quot;starsonly&quot;:&quot;&quot;,&quot;best&quot;:&quot;5&quot;,&quot;gap&quot;:&quot;5&quot;,&quot;greet&quot;:&quot;Rate this post&quot;,&quot;legend&quot;:&quot;0\\\/5 - (0 votes)&quot;,&quot;size&quot;:&quot;24&quot;,&quot;title&quot;:&quot;GERCAT, el primer convenio colectivo auton\u00f3mico de Catalu\u00f1a de atenci\u00f3n a la gente mayor.&quot;,&quot;width&quot;:&quot;0&quot;,&quot;_legend&quot;:&quot;{score}\\\/{best} - ({count} {votes})&quot;,&quot;font_factor&quot;:&quot;1.25&quot;}'>\n            \n<div class=\"kksr-stars\">\n    \n<div class=\"kksr-stars-inactive\">\n            <div class=\"kksr-star\" data-star=\"1\" style=\"padding-right: 5px\">\n            \n\n<div class=\"kksr-icon\" style=\"width: 24px; height: 24px;\"><\/div>\n        <\/div>\n            <div class=\"kksr-star\" data-star=\"2\" style=\"padding-right: 5px\">\n            \n\n<div class=\"kksr-icon\" style=\"width: 24px; height: 24px;\"><\/div>\n        <\/div>\n            <div class=\"kksr-star\" data-star=\"3\" style=\"padding-right: 5px\">\n            \n\n<div class=\"kksr-icon\" style=\"width: 24px; height: 24px;\"><\/div>\n        <\/div>\n            <div class=\"kksr-star\" data-star=\"4\" style=\"padding-right: 5px\">\n            \n\n<div class=\"kksr-icon\" style=\"width: 24px; height: 24px;\"><\/div>\n        <\/div>\n            <div class=\"kksr-star\" data-star=\"5\" style=\"padding-right: 5px\">\n            \n\n<div class=\"kksr-icon\" style=\"width: 24px; height: 24px;\"><\/div>\n        <\/div>\n    <\/div>\n    \n<div class=\"kksr-stars-active\" style=\"width: 0px;\">\n            <div class=\"kksr-star\" style=\"padding-right: 5px\">\n            \n\n<div class=\"kksr-icon\" style=\"width: 24px; height: 24px;\"><\/div>\n        <\/div>\n            <div class=\"kksr-star\" style=\"padding-right: 5px\">\n            \n\n<div class=\"kksr-icon\" style=\"width: 24px; height: 24px;\"><\/div>\n        <\/div>\n            <div class=\"kksr-star\" style=\"padding-right: 5px\">\n            \n\n<div class=\"kksr-icon\" style=\"width: 24px; height: 24px;\"><\/div>\n        <\/div>\n            <div class=\"kksr-star\" style=\"padding-right: 5px\">\n            \n\n<div class=\"kksr-icon\" style=\"width: 24px; height: 24px;\"><\/div>\n        <\/div>\n            <div class=\"kksr-star\" style=\"padding-right: 5px\">\n            \n\n<div class=\"kksr-icon\" style=\"width: 24px; height: 24px;\"><\/div>\n        <\/div>\n    <\/div>\n<\/div>\n                \n\n<div class=\"kksr-legend\" style=\"font-size: 19.2px;\">\n            <span class=\"kksr-muted\">Rate this post<\/span>\n    <\/div>\n    <\/div>\n<p>En Espa\u00f1a existe un marco estatal para regular las condiciones de los servicios de atenci\u00f3n a las personas mayores, publicado en el BOE el 21 de septiembre de 2018. Se trata del <em>VII convenio colectivo marco estatal de servicios de atenci\u00f3n a las personas dependientes y desarrollo de la autonom\u00eda personal (residencias privadas de personas mayores y del servicio de ayuda a domicilio)<\/em>. Dicho convenio regula, entre otros aspectos:<\/p>\n<ul>\n<li>La clasificaci\u00f3n profesional de cada persona adscrita, seg\u00fan el \u00e1rea de actividad<\/li>\n<li>Las funciones establecidas para cada \u00e1rea de actividad<\/li>\n<li>Los criterios sobre modalidades de contrataci\u00f3n<\/li>\n<li>Las ratios de personal<\/li>\n<li>Las condiciones laborales (jornada laboral, estructura retributiva, etc.)<\/li>\n<\/ul>\n<p>Este convenio estatal prev\u00e9 que puedan desarrollarse otros convenios m\u00e1s espec\u00edficos a nivel Auton\u00f3mico, Provincial e incluso a nivel de convenio de empresa y grupo de empresas.<\/p>\n<p>Hace poco m\u00e1s de un mes que se public\u00f3 en el Diario Oficial de la Generalitat de Catalu\u00f1a (DOGC) el primer convenio colectivo de \u00e1mbito auton\u00f3mico de la atenci\u00f3n a las personas mayores en Catalunya (GERCAT). Un convenio muy esperado que el propio sector ha considerado como \u201chist\u00f3rico\u201d, y que entra en vigor con efectos retroactivos desde el 1 de enero de 2021.<\/p>\n<p>El acuerdo, firmado por la Associaci\u00f3 Catalana de Recursos Assistencials (<span style=\"text-decoration: underline;\"><span style=\"color: #e86322; text-decoration: underline;\"><a style=\"color: #e86322; text-decoration: underline;\" href=\"https:\/\/www.acra.cat\/ca\/\">ACRA<\/a>)<\/span><\/span>, la Uni\u00f3 Catalana d\u2019Hospitals (<span style=\"text-decoration: underline;\"><span style=\"color: #e86322;\"><a style=\"color: #e86322; text-decoration: underline;\" href=\"https:\/\/www.uch.cat\/\">La Uni\u00f3<\/a><\/span><\/span>), el Consorci Associaci\u00f3 Patronal Sanit\u00e0riai Social (<span style=\"text-decoration: underline;\"><span style=\"color: #e86322;\"><a style=\"color: #e86322; text-decoration: underline;\" href=\"http:\/\/www.consorci.org\/professionals\/es_capss\/\">CAPSS<\/a><\/span><\/span>), Comissions Obreres (<span style=\"text-decoration: underline;\"><span style=\"color: #e86322;\"><a style=\"color: #e86322; text-decoration: underline;\" href=\"https:\/\/www.ccoo.cat\/\">CCOO<\/a><\/span><\/span>) y la Uni\u00f3 General de Treballadors (<span style=\"text-decoration: underline;\"><span style=\"color: #e86322;\"><a style=\"color: #e86322; text-decoration: underline;\" href=\"http:\/\/www.ugt.cat\/\">UGT<\/a><\/span><\/span>), comporta varias mejoras sociales y econ\u00f3micas tanto para las empresas como para los profesionales del sector. Entre otras, un incremento salarial del 6% en t\u00e9rminos generales.<\/p>\n<p>El convenio es de aplicaci\u00f3n a las residencias para personas mayores, centros de d\u00eda, centros de noche, viviendas tuteladas, siempre que no tengan Convenio colectivo propio y que acrediten unos ingresos habituales y continuados superiores al 60% de su facturaci\u00f3n por esta actividad provenientes de la Administraci\u00f3n P\u00fablica.<\/p>\n<p>Desde <a href=\"\/\"><span style=\"text-decoration: underline;\"><span style=\"color: #e86322; text-decoration: underline;\">Pensium<\/span><\/span><\/a> nos alegramos mucho de que se haya dado este paso adelante en el sector, y confiamos en que muchas de las comunidades aut\u00f3nomas que a\u00fan no tienen su propio convenio colectivo para el sector se sumen a una iniciativa que permite mejorar las condiciones de un sector b\u00e1sico para el bienestar de la ciudadan\u00eda.<\/p>\n","protected":false},"excerpt":{"rendered":"<p>En Espa\u00f1a existe un marco estatal para regular las condiciones de los servicios de atenci\u00f3n a las personas mayores, publicado en el BOE el 21 de septiembre de 2018. Se trata del VII convenio colectivo marco estatal de servicios de atenci\u00f3n a las personas dependientes y desarrollo de la autonom\u00eda personal (residencias privadas de personas &#8230; <a class=\"excerpt-readmore\" href=\"https:\/\/pensium.es\/gl\/gercat-convenio-colectivo-atencion-gente-mayor\/\">Read More<\/a><\/p>\n","protected":false},"author":4,"featured_media":11537,"comment_status":"open","ping_status":"closed","sticky":false,"template":"","format":"standard","meta":{"footnotes":""},"categories":[325,324],"tags":[],"class_list":["post-11543","post","type-post","status-publish","format-standard","has-post-thumbnail","hentry","category-residencias-para-persoas-maiores","category-xeral"],"yoast_head":"<!-- This site is optimized with the Yoast SEO plugin v27.3 - https:\/\/yoast.com\/product\/yoast-seo-wordpress\/ -->\n<title>GERCAT, el convenio colectivo de atenci\u00f3n a la gente mayor en Catalu\u00f1a<\/title>\n<meta name=\"description\" content=\"Entra en vigor, con efectos retroactivos, GERCAT: el primer convenio colectivo auton\u00f3mico de Catalu\u00f1a de atenci\u00f3n a la gente mayor.\" \/>\n<meta name=\"robots\" content=\"index, follow, max-snippet:-1, max-image-preview:large, max-video-preview:-1\" \/>\n<link rel=\"canonical\" href=\"https:\/\/pensium.es\/gl\/gercat-convenio-colectivo-atencion-gente-mayor\/\" \/>\n<meta property=\"og:locale\" content=\"gl_ES\" \/>\n<meta property=\"og:type\" content=\"article\" \/>\n<meta property=\"og:title\" content=\"GERCAT, el convenio colectivo de atenci\u00f3n a la gente mayor en Catalu\u00f1a\" \/>\n<meta property=\"og:description\" content=\"Entra en vigor, con efectos retroactivos, GERCAT: el primer convenio colectivo auton\u00f3mico de Catalu\u00f1a de atenci\u00f3n a la gente mayor.\" \/>\n<meta property=\"og:url\" content=\"https:\/\/pensium.es\/gercat-convenio-colectivo-atencion-gente-mayor\/\" \/>\n<meta property=\"og:site_name\" content=\"Pensium\" \/>\n<meta property=\"article:publisher\" content=\"https:\/\/www.facebook.com\/pensium.es\/\" \/>\n<meta property=\"article:published_time\" content=\"2022-02-04T09:08:59+00:00\" \/>\n<meta property=\"article:modified_time\" content=\"2022-02-04T09:16:15+00:00\" \/>\n<meta property=\"og:image\" content=\"https:\/\/pensium.es\/wp-content\/uploads\/2022\/02\/gercat.png\" \/>\n\t<meta property=\"og:image:width\" content=\"945\" \/>\n\t<meta property=\"og:image:height\" content=\"455\" \/>\n\t<meta property=\"og:image:type\" content=\"image\/png\" \/>\n<meta name=\"author\" content=\"Pensium\" \/>\n<meta name=\"twitter:card\" content=\"summary_large_image\" \/>\n<meta name=\"twitter:label1\" content=\"Escrito por\" \/>\n\t<meta name=\"twitter:data1\" content=\"Pensium\" \/>\n\t<meta name=\"twitter:label2\" content=\"Tempo de lectura\" \/>\n\t<meta name=\"twitter:data2\" content=\"2 minutos\" \/>\n<script type=\"application\/ld+json\" class=\"yoast-schema-graph\">{\"@context\":\"https:\\\/\\\/schema.org\",\"@graph\":[{\"@type\":\"Article\",\"@id\":\"https:\\\/\\\/pensium.es\\\/gercat-convenio-colectivo-atencion-gente-mayor\\\/#article\",\"isPartOf\":{\"@id\":\"https:\\\/\\\/pensium.es\\\/gl\\\/gercat-convenio-colectivo-atencion-gente-mayor\\\/\"},\"author\":{\"name\":\"Pensium\",\"@id\":\"https:\\\/\\\/pensium.es\\\/gl\\\/#\\\/schema\\\/person\\\/3b2c54086c781c3b9d4903a784f4049f\"},\"headline\":\"GERCAT, el primer convenio colectivo auton\u00f3mico de Catalu\u00f1a de atenci\u00f3n a la gente mayor.\",\"datePublished\":\"2022-02-04T09:08:59+00:00\",\"dateModified\":\"2022-02-04T09:16:15+00:00\",\"mainEntityOfPage\":{\"@id\":\"https:\\\/\\\/pensium.es\\\/gl\\\/gercat-convenio-colectivo-atencion-gente-mayor\\\/\"},\"wordCount\":400,\"commentCount\":0,\"image\":{\"@id\":\"https:\\\/\\\/pensium.es\\\/gercat-convenio-colectivo-atencion-gente-mayor\\\/#primaryimage\"},\"thumbnailUrl\":\"https:\\\/\\\/pensium.es\\\/wp-content\\\/uploads\\\/2022\\\/02\\\/gercat.png\",\"articleSection\":[\"Residencias para persoas maiores\",\"Xeral\"],\"inLanguage\":\"gl-ES\",\"potentialAction\":[{\"@type\":\"CommentAction\",\"name\":\"Comment\",\"target\":[\"https:\\\/\\\/pensium.es\\\/gercat-convenio-colectivo-atencion-gente-mayor\\\/#respond\"]}]},{\"@type\":\"WebPage\",\"@id\":\"https:\\\/\\\/pensium.es\\\/gl\\\/gercat-convenio-colectivo-atencion-gente-mayor\\\/\",\"url\":\"https:\\\/\\\/pensium.es\\\/gercat-convenio-colectivo-atencion-gente-mayor\\\/\",\"name\":\"GERCAT, el convenio colectivo de atenci\u00f3n a la gente mayor en Catalu\u00f1a\",\"isPartOf\":{\"@id\":\"https:\\\/\\\/pensium.es\\\/gl\\\/#website\"},\"primaryImageOfPage\":{\"@id\":\"https:\\\/\\\/pensium.es\\\/gercat-convenio-colectivo-atencion-gente-mayor\\\/#primaryimage\"},\"image\":{\"@id\":\"https:\\\/\\\/pensium.es\\\/gercat-convenio-colectivo-atencion-gente-mayor\\\/#primaryimage\"},\"thumbnailUrl\":\"https:\\\/\\\/pensium.es\\\/wp-content\\\/uploads\\\/2022\\\/02\\\/gercat.png\",\"datePublished\":\"2022-02-04T09:08:59+00:00\",\"dateModified\":\"2022-02-04T09:16:15+00:00\",\"author\":{\"@id\":\"https:\\\/\\\/pensium.es\\\/gl\\\/#\\\/schema\\\/person\\\/3b2c54086c781c3b9d4903a784f4049f\"},\"description\":\"Entra en vigor, con efectos retroactivos, GERCAT: el primer convenio colectivo auton\u00f3mico de Catalu\u00f1a de atenci\u00f3n a la gente mayor.\",\"breadcrumb\":{\"@id\":\"https:\\\/\\\/pensium.es\\\/gercat-convenio-colectivo-atencion-gente-mayor\\\/#breadcrumb\"},\"inLanguage\":\"gl-ES\",\"potentialAction\":[{\"@type\":\"ReadAction\",\"target\":[\"https:\\\/\\\/pensium.es\\\/gercat-convenio-colectivo-atencion-gente-mayor\\\/\"]}]},{\"@type\":\"ImageObject\",\"inLanguage\":\"gl-ES\",\"@id\":\"https:\\\/\\\/pensium.es\\\/gercat-convenio-colectivo-atencion-gente-mayor\\\/#primaryimage\",\"url\":\"https:\\\/\\\/pensium.es\\\/wp-content\\\/uploads\\\/2022\\\/02\\\/gercat.png\",\"contentUrl\":\"https:\\\/\\\/pensium.es\\\/wp-content\\\/uploads\\\/2022\\\/02\\\/gercat.png\",\"width\":945,\"height\":455,\"caption\":\"convenio colectivo atenci\u00f3n personas mayores\"},{\"@type\":\"BreadcrumbList\",\"@id\":\"https:\\\/\\\/pensium.es\\\/gercat-convenio-colectivo-atencion-gente-mayor\\\/#breadcrumb\",\"itemListElement\":[{\"@type\":\"ListItem\",\"position\":1,\"name\":\"Inicio\",\"item\":\"https:\\\/\\\/pensium.es\\\/gl\\\/\"},{\"@type\":\"ListItem\",\"position\":2,\"name\":\"GERCAT, el primer convenio colectivo auton\u00f3mico de Catalu\u00f1a de atenci\u00f3n a la gente mayor.\"}]},{\"@type\":\"WebSite\",\"@id\":\"https:\\\/\\\/pensium.es\\\/gl\\\/#website\",\"url\":\"https:\\\/\\\/pensium.es\\\/gl\\\/\",\"name\":\"Pensium\",\"description\":\"Pagar a residencia de maiores co pago anticipado do alugueiro\",\"potentialAction\":[{\"@type\":\"SearchAction\",\"target\":{\"@type\":\"EntryPoint\",\"urlTemplate\":\"https:\\\/\\\/pensium.es\\\/gl\\\/?s={search_term_string}\"},\"query-input\":{\"@type\":\"PropertyValueSpecification\",\"valueRequired\":true,\"valueName\":\"search_term_string\"}}],\"inLanguage\":\"gl-ES\"},{\"@type\":\"Person\",\"@id\":\"https:\\\/\\\/pensium.es\\\/gl\\\/#\\\/schema\\\/person\\\/3b2c54086c781c3b9d4903a784f4049f\",\"name\":\"Pensium\",\"image\":{\"@type\":\"ImageObject\",\"inLanguage\":\"gl-ES\",\"@id\":\"https:\\\/\\\/secure.gravatar.com\\\/avatar\\\/676b3457f9f57981f28982fb1f950341359281c6cba0f3f7366cd94ca4f532bd?s=96&d=mm&r=g\",\"url\":\"https:\\\/\\\/secure.gravatar.com\\\/avatar\\\/676b3457f9f57981f28982fb1f950341359281c6cba0f3f7366cd94ca4f532bd?s=96&d=mm&r=g\",\"contentUrl\":\"https:\\\/\\\/secure.gravatar.com\\\/avatar\\\/676b3457f9f57981f28982fb1f950341359281c6cba0f3f7366cd94ca4f532bd?s=96&d=mm&r=g\",\"caption\":\"Pensium\"},\"url\":\"https:\\\/\\\/pensium.es\\\/gl\\\/author\\\/pensium-2\\\/\"}]}<\/script>\n<!-- \/ Yoast SEO plugin. -->","yoast_head_json":{"title":"GERCAT, el convenio colectivo de atenci\u00f3n a la gente mayor en Catalu\u00f1a","description":"Entra en vigor, con efectos retroactivos, GERCAT: el primer convenio colectivo auton\u00f3mico de Catalu\u00f1a de atenci\u00f3n a la gente mayor.","robots":{"index":"index","follow":"follow","max-snippet":"max-snippet:-1","max-image-preview":"max-image-preview:large","max-video-preview":"max-video-preview:-1"},"canonical":"https:\/\/pensium.es\/gl\/gercat-convenio-colectivo-atencion-gente-mayor\/","og_locale":"gl_ES","og_type":"article","og_title":"GERCAT, el convenio colectivo de atenci\u00f3n a la gente mayor en Catalu\u00f1a","og_description":"Entra en vigor, con efectos retroactivos, GERCAT: el primer convenio colectivo auton\u00f3mico de Catalu\u00f1a de atenci\u00f3n a la gente mayor.","og_url":"https:\/\/pensium.es\/gercat-convenio-colectivo-atencion-gente-mayor\/","og_site_name":"Pensium","article_publisher":"https:\/\/www.facebook.com\/pensium.es\/","article_published_time":"2022-02-04T09:08:59+00:00","article_modified_time":"2022-02-04T09:16:15+00:00","og_image":[{"width":945,"height":455,"url":"https:\/\/pensium.es\/wp-content\/uploads\/2022\/02\/gercat.png","type":"image\/png"}],"author":"Pensium","twitter_card":"summary_large_image","twitter_misc":{"Escrito por":"Pensium","Tempo de lectura":"2 minutos"},"schema":{"@context":"https:\/\/schema.org","@graph":[{"@type":"Article","@id":"https:\/\/pensium.es\/gercat-convenio-colectivo-atencion-gente-mayor\/#article","isPartOf":{"@id":"https:\/\/pensium.es\/gl\/gercat-convenio-colectivo-atencion-gente-mayor\/"},"author":{"name":"Pensium","@id":"https:\/\/pensium.es\/gl\/#\/schema\/person\/3b2c54086c781c3b9d4903a784f4049f"},"headline":"GERCAT, el primer convenio colectivo auton\u00f3mico de Catalu\u00f1a de atenci\u00f3n a la gente mayor.","datePublished":"2022-02-04T09:08:59+00:00","dateModified":"2022-02-04T09:16:15+00:00","mainEntityOfPage":{"@id":"https:\/\/pensium.es\/gl\/gercat-convenio-colectivo-atencion-gente-mayor\/"},"wordCount":400,"commentCount":0,"image":{"@id":"https:\/\/pensium.es\/gercat-convenio-colectivo-atencion-gente-mayor\/#primaryimage"},"thumbnailUrl":"https:\/\/pensium.es\/wp-content\/uploads\/2022\/02\/gercat.png","articleSection":["Residencias para persoas maiores","Xeral"],"inLanguage":"gl-ES","potentialAction":[{"@type":"CommentAction","name":"Comment","target":["https:\/\/pensium.es\/gercat-convenio-colectivo-atencion-gente-mayor\/#respond"]}]},{"@type":"WebPage","@id":"https:\/\/pensium.es\/gl\/gercat-convenio-colectivo-atencion-gente-mayor\/","url":"https:\/\/pensium.es\/gercat-convenio-colectivo-atencion-gente-mayor\/","name":"GERCAT, el convenio colectivo de atenci\u00f3n a la gente mayor en Catalu\u00f1a","isPartOf":{"@id":"https:\/\/pensium.es\/gl\/#website"},"primaryImageOfPage":{"@id":"https:\/\/pensium.es\/gercat-convenio-colectivo-atencion-gente-mayor\/#primaryimage"},"image":{"@id":"https:\/\/pensium.es\/gercat-convenio-colectivo-atencion-gente-mayor\/#primaryimage"},"thumbnailUrl":"https:\/\/pensium.es\/wp-content\/uploads\/2022\/02\/gercat.png","datePublished":"2022-02-04T09:08:59+00:00","dateModified":"2022-02-04T09:16:15+00:00","author":{"@id":"https:\/\/pensium.es\/gl\/#\/schema\/person\/3b2c54086c781c3b9d4903a784f4049f"},"description":"Entra en vigor, con efectos retroactivos, GERCAT: el primer convenio colectivo auton\u00f3mico de Catalu\u00f1a de atenci\u00f3n a la gente mayor.","breadcrumb":{"@id":"https:\/\/pensium.es\/gercat-convenio-colectivo-atencion-gente-mayor\/#breadcrumb"},"inLanguage":"gl-ES","potentialAction":[{"@type":"ReadAction","target":["https:\/\/pensium.es\/gercat-convenio-colectivo-atencion-gente-mayor\/"]}]},{"@type":"ImageObject","inLanguage":"gl-ES","@id":"https:\/\/pensium.es\/gercat-convenio-colectivo-atencion-gente-mayor\/#primaryimage","url":"https:\/\/pensium.es\/wp-content\/uploads\/2022\/02\/gercat.png","contentUrl":"https:\/\/pensium.es\/wp-content\/uploads\/2022\/02\/gercat.png","width":945,"height":455,"caption":"convenio colectivo atenci\u00f3n personas mayores"},{"@type":"BreadcrumbList","@id":"https:\/\/pensium.es\/gercat-convenio-colectivo-atencion-gente-mayor\/#breadcrumb","itemListElement":[{"@type":"ListItem","position":1,"name":"Inicio","item":"https:\/\/pensium.es\/gl\/"},{"@type":"ListItem","position":2,"name":"GERCAT, el primer convenio colectivo auton\u00f3mico de Catalu\u00f1a de atenci\u00f3n a la gente mayor."}]},{"@type":"WebSite","@id":"https:\/\/pensium.es\/gl\/#website","url":"https:\/\/pensium.es\/gl\/","name":"Pensium","description":"Pagar a residencia de maiores co pago anticipado do alugueiro","potentialAction":[{"@type":"SearchAction","target":{"@type":"EntryPoint","urlTemplate":"https:\/\/pensium.es\/gl\/?s={search_term_string}"},"query-input":{"@type":"PropertyValueSpecification","valueRequired":true,"valueName":"search_term_string"}}],"inLanguage":"gl-ES"},{"@type":"Person","@id":"https:\/\/pensium.es\/gl\/#\/schema\/person\/3b2c54086c781c3b9d4903a784f4049f","name":"Pensium","image":{"@type":"ImageObject","inLanguage":"gl-ES","@id":"https:\/\/secure.gravatar.com\/avatar\/676b3457f9f57981f28982fb1f950341359281c6cba0f3f7366cd94ca4f532bd?s=96&d=mm&r=g","url":"https:\/\/secure.gravatar.com\/avatar\/676b3457f9f57981f28982fb1f950341359281c6cba0f3f7366cd94ca4f532bd?s=96&d=mm&r=g","contentUrl":"https:\/\/secure.gravatar.com\/avatar\/676b3457f9f57981f28982fb1f950341359281c6cba0f3f7366cd94ca4f532bd?s=96&d=mm&r=g","caption":"Pensium"},"url":"https:\/\/pensium.es\/gl\/author\/pensium-2\/"}]}},"_links":{"self":[{"href":"https:\/\/pensium.es\/gl\/wp-json\/wp\/v2\/posts\/11543","targetHints":{"allow":["GET"]}}],"collection":[{"href":"https:\/\/pensium.es\/gl\/wp-json\/wp\/v2\/posts"}],"about":[{"href":"https:\/\/pensium.es\/gl\/wp-json\/wp\/v2\/types\/post"}],"author":[{"embeddable":true,"href":"https:\/\/pensium.es\/gl\/wp-json\/wp\/v2\/users\/4"}],"replies":[{"embeddable":true,"href":"https:\/\/pensium.es\/gl\/wp-json\/wp\/v2\/comments?post=11543"}],"version-history":[{"count":1,"href":"https:\/\/pensium.es\/gl\/wp-json\/wp\/v2\/posts\/11543\/revisions"}],"predecessor-version":[{"id":11544,"href":"https:\/\/pensium.es\/gl\/wp-json\/wp\/v2\/posts\/11543\/revisions\/11544"}],"wp:featuredmedia":[{"embeddable":true,"href":"https:\/\/pensium.es\/gl\/wp-json\/wp\/v2\/media\/11537"}],"wp:attachment":[{"href":"https:\/\/pensium.es\/gl\/wp-json\/wp\/v2\/media?parent=11543"}],"wp:term":[{"taxonomy":"category","embeddable":true,"href":"https:\/\/pensium.es\/gl\/wp-json\/wp\/v2\/categories?post=11543"},{"taxonomy":"post_tag","embeddable":true,"href":"https:\/\/pensium.es\/gl\/wp-json\/wp\/v2\/tags?post=11543"}],"curies":[{"name":"wp","href":"https:\/\/api.w.org\/{rel}","templated":true}]}}