{"id":11592,"date":"2022-02-10T12:05:45","date_gmt":"2022-02-10T10:05:45","guid":{"rendered":"https:\/\/pensium.es\/sentimientos-culpa-ingresar-residencia-mayores\/"},"modified":"2022-02-10T12:21:46","modified_gmt":"2022-02-10T10:21:46","slug":"sentimientos-culpa-ingresar-residencia-mayores","status":"publish","type":"post","link":"https:\/\/pensium.es\/gl\/sentimientos-culpa-ingresar-residencia-mayores\/","title":{"rendered":"Gestionar los sentimientos de culpa al ingresar a un familiar en una residencia de mayores"},"content":{"rendered":"\n\n<div class=\"kk-star-ratings kksr-auto kksr-align-left kksr-valign-top\"\n    data-payload='{&quot;align&quot;:&quot;left&quot;,&quot;id&quot;:&quot;11592&quot;,&quot;slug&quot;:&quot;default&quot;,&quot;valign&quot;:&quot;top&quot;,&quot;ignore&quot;:&quot;&quot;,&quot;reference&quot;:&quot;auto&quot;,&quot;class&quot;:&quot;&quot;,&quot;count&quot;:&quot;0&quot;,&quot;legendonly&quot;:&quot;&quot;,&quot;readonly&quot;:&quot;&quot;,&quot;score&quot;:&quot;0&quot;,&quot;starsonly&quot;:&quot;&quot;,&quot;best&quot;:&quot;5&quot;,&quot;gap&quot;:&quot;5&quot;,&quot;greet&quot;:&quot;Rate this post&quot;,&quot;legend&quot;:&quot;0\\\/5 - (0 votes)&quot;,&quot;size&quot;:&quot;24&quot;,&quot;title&quot;:&quot;Gestionar los sentimientos de culpa al ingresar a un familiar en una residencia de mayores&quot;,&quot;width&quot;:&quot;0&quot;,&quot;_legend&quot;:&quot;{score}\\\/{best} - ({count} {votes})&quot;,&quot;font_factor&quot;:&quot;1.25&quot;}'>\n            \n<div class=\"kksr-stars\">\n    \n<div class=\"kksr-stars-inactive\">\n            <div class=\"kksr-star\" data-star=\"1\" style=\"padding-right: 5px\">\n            \n\n<div class=\"kksr-icon\" style=\"width: 24px; height: 24px;\"><\/div>\n        <\/div>\n            <div class=\"kksr-star\" data-star=\"2\" style=\"padding-right: 5px\">\n            \n\n<div class=\"kksr-icon\" style=\"width: 24px; height: 24px;\"><\/div>\n        <\/div>\n            <div class=\"kksr-star\" data-star=\"3\" style=\"padding-right: 5px\">\n            \n\n<div class=\"kksr-icon\" style=\"width: 24px; height: 24px;\"><\/div>\n        <\/div>\n            <div class=\"kksr-star\" data-star=\"4\" style=\"padding-right: 5px\">\n            \n\n<div class=\"kksr-icon\" style=\"width: 24px; height: 24px;\"><\/div>\n        <\/div>\n            <div class=\"kksr-star\" data-star=\"5\" style=\"padding-right: 5px\">\n            \n\n<div class=\"kksr-icon\" style=\"width: 24px; height: 24px;\"><\/div>\n        <\/div>\n    <\/div>\n    \n<div class=\"kksr-stars-active\" style=\"width: 0px;\">\n            <div class=\"kksr-star\" style=\"padding-right: 5px\">\n            \n\n<div class=\"kksr-icon\" style=\"width: 24px; height: 24px;\"><\/div>\n        <\/div>\n            <div class=\"kksr-star\" style=\"padding-right: 5px\">\n            \n\n<div class=\"kksr-icon\" style=\"width: 24px; height: 24px;\"><\/div>\n        <\/div>\n            <div class=\"kksr-star\" style=\"padding-right: 5px\">\n            \n\n<div class=\"kksr-icon\" style=\"width: 24px; height: 24px;\"><\/div>\n        <\/div>\n            <div class=\"kksr-star\" style=\"padding-right: 5px\">\n            \n\n<div class=\"kksr-icon\" style=\"width: 24px; height: 24px;\"><\/div>\n        <\/div>\n            <div class=\"kksr-star\" style=\"padding-right: 5px\">\n            \n\n<div class=\"kksr-icon\" style=\"width: 24px; height: 24px;\"><\/div>\n        <\/div>\n    <\/div>\n<\/div>\n                \n\n<div class=\"kksr-legend\" style=\"font-size: 19.2px;\">\n            <span class=\"kksr-muted\">Rate this post<\/span>\n    <\/div>\n    <\/div>\n<p>Vivimos en un pa\u00eds en el que sigue siendo muy habitual que el cuidado de los mayores recaiga en el entorno familiar. De hecho, tal como apuntamos en el art\u00edculo \u201c<span style=\"text-decoration: underline;\"><span style=\"color: #e86322;\"><a style=\"color: #e86322; text-decoration: underline;\" href=\"https:\/\/pensium.es\/cuidado-de-personas-mayores\/\">El cuidado de personas mayores en Espa\u00f1a<\/a><\/span><\/span>\u201d, suelen ser las mujeres las que pasan a responsabilizarse de la atenci\u00f3n y el cuidado de los mayores dependientes de la familia cuando surge la necesidad. Esto implica varios reajustes importantes en sus vidas, sobretodo a nivel laboral, y no siempre se est\u00e1 en disposici\u00f3n de realizar tales cambios.<\/p>\n<p>Como \u00e9ste es un tema muy arraigado a nivel cultural en nuestro pa\u00eds, cuando finalmente se decide optar por ingresar al familiar dependiente en una residencia suele haber sentimientos encontrados. Seg\u00fan los expertos en psicolog\u00eda, estos sentimientos se producen por el choque entre el modelo de conducta que nos ense\u00f1an de peque\u00f1os (lo que pensamos que deber\u00edamos hacer) y lo que realmente acabamos haciendo.<\/p>\n<p>Si bien las residencias de ancianos son lugares donde se ofrece una muy buena atenci\u00f3n a los mayores, que reciben los cuidados profesionales totalmente acordes a sus necesidades, no siempre se han percibido as\u00ed. Antiguamente las residencias eran consideradas lugares en los que se \u201caparcaba\u201d o \u201cabandonaba\u201d a las personas mayores sin recursos y sin familia que los cuidara. Aunque hoy en d\u00eda todos sabemos que esta imagen est\u00e1 muy alejada de la realidad, de alg\u00fan modo a\u00fan pesa en la memoria colectiva.<\/p>\n<p>Es importante que poco a poco vayamos cambiando este sentimiento y veamos los beneficios reales de las residencias de mayores, y c\u00f3mo ayudan al bienestar de los mayores y de sus familias, ya que permiten que las personas que asum\u00edan el rol de cuidadoras puedan dedicar tiempo a su propio cuidado o al de su pareja e hijos<\/p>\n<p><span style=\"color: #e86322;\"><strong>Revisemos algunos factores que pueden generar este sentimiento de incomodidad por plantear un ingreso en una residencia<\/strong><\/span><\/p>\n<p><strong>Ingreso contra la voluntad de la persona mayor<\/strong><\/p>\n<p>En muchos casos es probable que la voluntad expresa de la persona mayor sea quedarse en su casa hasta el \u00faltimo de sus d\u00edas, con lo que la decisi\u00f3n de ingreso en una residencia genera sentimientos de malestar en los familiares.<\/p>\n<p><strong>Promesas incumplidas<\/strong><\/p>\n<p>En ocasiones sucede que se ha acordado con la persona mayor que le cuidar\u00edamos en casa y que, sin embargo, eso ahora ya no es posible. El hecho de incumplir la promesa puede llegar a generar mucho malestar.<\/p>\n<p><strong>Opiniones externas<\/strong><\/p>\n<p>Otras veces familiares lejanos o incluso amistades juzgan a qui\u00e9n no ha cambiado su vida por cuidar a la persona mayor. Aunque generalmente estas opiniones no son las m\u00e1s acertadas para nuestra situaci\u00f3n, evidentemente no ayudan a la familia directa a sentirse mejor, sino todo lo contrario.<\/p>\n<p><strong>Desconfianza con el nuevo hogar<\/strong><\/p>\n<p>Es muy habitual que en los primeros d\u00edas del traslado se est\u00e9 mucho m\u00e1s pendiente de los cuidados que recibe el familiar mayor ingresado en la residencia y se perciban como insuficientes. Esto es normal durante el proceso de adaptaci\u00f3n y forma parte del cambio, pero suele generar mucha angustia y la duda sobre si se ha tomado la decisi\u00f3n correcta.<\/p>\n<p>Para paliar toda esta avalancha de sentimientos negativos es importante ser muy conscientes que las residencias son una de las mejores opciones para ofrecer los mejores cuidados que la persona mayor necesita. Los familiares son cuidadores no profesionales y, en muchos casos, la atenci\u00f3n que pueden llegar a ofrecer no es suficiente para cubrir correctamente las necesidades del familiar mayor dependiente.<\/p>\n<p><span style=\"color: #e86322;\"><strong>Beneficios de las residencias para los mayores<\/strong><\/span><\/p>\n<p>Las residencias de mayores ofrecen grandes beneficios a las personas residentes. Entre ellos:<\/p>\n<p><strong>Atenci\u00f3n personalizada<\/strong><\/p>\n<p>La atenci\u00f3n ofrecida est\u00e1 totalmente personalizada de acuerdo a las necesidades de la persona mayor, tanto a nivel de asistencia m\u00e9dica como a nivel de cuidados de car\u00e1cter personal.<\/p>\n<p><strong>Envejecimiento activo<\/strong><\/p>\n<p>Una de las premisas b\u00e1sicas que rigen las actividades de todas las residencias hoy en d\u00eda es la de promover el envejecimiento activo, con lo que sus programas siempre incluyen actividades para fomentarlo.<\/p>\n<p><strong>Relaciones sociales<\/strong><\/p>\n<p>Los mayores son un colectivo muy vulnerable a la soledad y al aislamiento. En las residencias hay espacios comunes donde socializar y hacer amistades, con lo que el peligro a sufrir por el sentimiento de soledad se reduce.<\/p>\n<p><strong>Movilidad<\/strong><\/p>\n<p>Uno de los problemas m\u00e1s habituales que genera el envejecimiento es la p\u00e9rdida de movilidad, lo que se traduce en una disminuci\u00f3n de la autonom\u00eda, especialmente en hogares no adaptados. En las residencias no hay este problema puesto que est\u00e1n totalmente adaptadas para facilitar al m\u00e1ximo la autonom\u00eda de las personas con movilidad reducida.<\/p>\n<p><strong>Dieta equilibrada<\/strong><\/p>\n<p>Los men\u00fas en las residencias de la tercera edad est\u00e1n elaborados por profesionales y est\u00e1n totalmente adaptados a las necesidades personales de cada residente.<\/p>\n<p><strong>Control de la medicaci\u00f3n<\/strong><\/p>\n<p>Los profesionales de las residencias se encargan de controlar la toma de medicamentos de cada uno de los residentes, lo que garantiza que se sigan correctamente los tratamientos indicados por los m\u00e9dicos en cada caso particular.<\/p>\n<p><span style=\"color: #e86322;\"><strong>Consejos para realizar una buena adaptaci\u00f3n<\/strong><\/span><\/p>\n<p>La adaptaci\u00f3n a la nueva situaci\u00f3n es clave, por lo que os ofrecemos algunos consejos para facilitar este proceso:<\/p>\n<p><strong>Implicar a la persona mayor<\/strong><\/p>\n<p>Una vez tomada la decisi\u00f3n, en la medida de lo posible, es recomendable implicar a la persona mayor en la elecci\u00f3n de residencia. Al fin y al cabo, es su vida, con lo que si ve que se cuenta con su opini\u00f3n el traslado ser\u00e1 menos traum\u00e1tico.<\/p>\n<p><strong>Confiar en los profesionales<\/strong><\/p>\n<p>Dej\u00e9monos guiar por el personal de la residencia en cuanto al proceso de adaptaci\u00f3n. Todas las residencias tienen sus protocolos de ingreso, acogida y adaptaci\u00f3n y \u00e9stos est\u00e1n especialmente dise\u00f1ados para dar soporte tanto al residente como a la familia. Confiar en los profesionales permitir\u00e1 hacer el proceso m\u00e1s llevadero por todas las partes implicadas.<\/p>\n<p><strong>Focalizar en lo positivo<\/strong><\/p>\n<p>Como todo en la vida, el ingreso tendr\u00e1 puntos positivos y puntos no tan positivos. Lo m\u00e1s habitual es que la persona mayor ingresada vea mucho m\u00e1s lo negativo que lo positivo as\u00ed que como familiares deberemos hacer la contra y poner el foco en los aspectos positivos del cambio (aunque tambi\u00e9n veamos las cosas mejorables).<\/p>\n<p><strong>Mantener las visitas y el inter\u00e9s<\/strong><\/p>\n<p>Una vez pasen los d\u00edas y la persona mayor est\u00e9 m\u00e1s adaptada, es importante mantener el ritmo de visitas y el inter\u00e9s por sus necesidades para que no se sienta \u201cabandonada\u201d.<\/p>\n<p>En resumen, lo importante es ir tomando conciencia de que el ingreso en una residencia de mayores es una buena decisi\u00f3n, y valorar de manera objetiva sus beneficios y la mejor manera de pasar por el proceso de cambio.<\/p>\n","protected":false},"excerpt":{"rendered":"<p>Vivimos en un pa\u00eds en el que sigue siendo muy habitual que el cuidado de los mayores recaiga en el entorno familiar. De hecho, tal como apuntamos en el art\u00edculo \u201cEl cuidado de personas mayores en Espa\u00f1a\u201d, suelen ser las mujeres las que pasan a responsabilizarse de la atenci\u00f3n y el cuidado de los mayores &#8230; <a class=\"excerpt-readmore\" href=\"https:\/\/pensium.es\/gl\/sentimientos-culpa-ingresar-residencia-mayores\/\">Read More<\/a><\/p>\n","protected":false},"author":4,"featured_media":11586,"comment_status":"open","ping_status":"closed","sticky":false,"template":"","format":"standard","meta":{"footnotes":""},"categories":[325],"tags":[],"class_list":["post-11592","post","type-post","status-publish","format-standard","has-post-thumbnail","hentry","category-residencias-para-persoas-maiores"],"yoast_head":"<!-- This site is optimized with the Yoast SEO plugin v27.3 - https:\/\/yoast.com\/product\/yoast-seo-wordpress\/ -->\n<title>Sentir culpa por ingresar a un familiar en la residencia de mayores<\/title>\n<meta name=\"description\" content=\"La decisi\u00f3n de ingresar a un familiar en una residencias de mayores a menudo genera sentimientos encontrados, hablamos de c\u00f3mo gestionarlo.\" \/>\n<meta name=\"robots\" content=\"index, follow, max-snippet:-1, max-image-preview:large, max-video-preview:-1\" \/>\n<link rel=\"canonical\" href=\"https:\/\/pensium.es\/gl\/sentimientos-culpa-ingresar-residencia-mayores\/\" \/>\n<meta property=\"og:locale\" content=\"gl_ES\" \/>\n<meta property=\"og:type\" content=\"article\" \/>\n<meta property=\"og:title\" content=\"Sentir culpa por ingresar a un familiar en la residencia de mayores\" \/>\n<meta property=\"og:description\" content=\"La decisi\u00f3n de ingresar a un familiar en una residencias de mayores a menudo genera sentimientos encontrados, hablamos de c\u00f3mo gestionarlo.\" \/>\n<meta property=\"og:url\" content=\"https:\/\/pensium.es\/sentimientos-culpa-ingresar-residencia-mayores\/\" \/>\n<meta property=\"og:site_name\" content=\"Pensium\" \/>\n<meta property=\"article:publisher\" content=\"https:\/\/www.facebook.com\/pensium.es\/\" \/>\n<meta property=\"article:published_time\" content=\"2022-02-10T10:05:45+00:00\" \/>\n<meta property=\"article:modified_time\" content=\"2022-02-10T10:21:46+00:00\" \/>\n<meta property=\"og:image\" content=\"https:\/\/pensium.es\/wp-content\/uploads\/2022\/02\/sentimiento-culpa-residencia-mayores.jpg\" \/>\n\t<meta property=\"og:image:width\" content=\"945\" \/>\n\t<meta property=\"og:image:height\" content=\"455\" \/>\n\t<meta property=\"og:image:type\" content=\"image\/jpeg\" \/>\n<meta name=\"author\" content=\"Pensium\" \/>\n<meta name=\"twitter:card\" content=\"summary_large_image\" \/>\n<meta name=\"twitter:label1\" content=\"Escrito por\" \/>\n\t<meta name=\"twitter:data1\" content=\"Pensium\" \/>\n\t<meta name=\"twitter:label2\" content=\"Tempo de lectura\" \/>\n\t<meta name=\"twitter:data2\" content=\"6 minutos\" \/>\n<script type=\"application\/ld+json\" class=\"yoast-schema-graph\">{\"@context\":\"https:\\\/\\\/schema.org\",\"@graph\":[{\"@type\":\"Article\",\"@id\":\"https:\\\/\\\/pensium.es\\\/sentimientos-culpa-ingresar-residencia-mayores\\\/#article\",\"isPartOf\":{\"@id\":\"https:\\\/\\\/pensium.es\\\/gl\\\/sentimientos-culpa-ingresar-residencia-mayores\\\/\"},\"author\":{\"name\":\"Pensium\",\"@id\":\"https:\\\/\\\/pensium.es\\\/gl\\\/#\\\/schema\\\/person\\\/3b2c54086c781c3b9d4903a784f4049f\"},\"headline\":\"Gestionar los sentimientos de culpa al ingresar a un familiar en una residencia de mayores\",\"datePublished\":\"2022-02-10T10:05:45+00:00\",\"dateModified\":\"2022-02-10T10:21:46+00:00\",\"mainEntityOfPage\":{\"@id\":\"https:\\\/\\\/pensium.es\\\/gl\\\/sentimientos-culpa-ingresar-residencia-mayores\\\/\"},\"wordCount\":1174,\"commentCount\":0,\"image\":{\"@id\":\"https:\\\/\\\/pensium.es\\\/sentimientos-culpa-ingresar-residencia-mayores\\\/#primaryimage\"},\"thumbnailUrl\":\"https:\\\/\\\/pensium.es\\\/wp-content\\\/uploads\\\/2022\\\/02\\\/sentimiento-culpa-residencia-mayores.jpg\",\"articleSection\":[\"Residencias para persoas maiores\"],\"inLanguage\":\"gl-ES\",\"potentialAction\":[{\"@type\":\"CommentAction\",\"name\":\"Comment\",\"target\":[\"https:\\\/\\\/pensium.es\\\/sentimientos-culpa-ingresar-residencia-mayores\\\/#respond\"]}]},{\"@type\":\"WebPage\",\"@id\":\"https:\\\/\\\/pensium.es\\\/gl\\\/sentimientos-culpa-ingresar-residencia-mayores\\\/\",\"url\":\"https:\\\/\\\/pensium.es\\\/sentimientos-culpa-ingresar-residencia-mayores\\\/\",\"name\":\"Sentir culpa por ingresar a un familiar en la residencia de mayores\",\"isPartOf\":{\"@id\":\"https:\\\/\\\/pensium.es\\\/gl\\\/#website\"},\"primaryImageOfPage\":{\"@id\":\"https:\\\/\\\/pensium.es\\\/sentimientos-culpa-ingresar-residencia-mayores\\\/#primaryimage\"},\"image\":{\"@id\":\"https:\\\/\\\/pensium.es\\\/sentimientos-culpa-ingresar-residencia-mayores\\\/#primaryimage\"},\"thumbnailUrl\":\"https:\\\/\\\/pensium.es\\\/wp-content\\\/uploads\\\/2022\\\/02\\\/sentimiento-culpa-residencia-mayores.jpg\",\"datePublished\":\"2022-02-10T10:05:45+00:00\",\"dateModified\":\"2022-02-10T10:21:46+00:00\",\"author\":{\"@id\":\"https:\\\/\\\/pensium.es\\\/gl\\\/#\\\/schema\\\/person\\\/3b2c54086c781c3b9d4903a784f4049f\"},\"description\":\"La decisi\u00f3n de ingresar a un familiar en una residencias de mayores a menudo genera sentimientos encontrados, hablamos de c\u00f3mo gestionarlo.\",\"breadcrumb\":{\"@id\":\"https:\\\/\\\/pensium.es\\\/sentimientos-culpa-ingresar-residencia-mayores\\\/#breadcrumb\"},\"inLanguage\":\"gl-ES\",\"potentialAction\":[{\"@type\":\"ReadAction\",\"target\":[\"https:\\\/\\\/pensium.es\\\/sentimientos-culpa-ingresar-residencia-mayores\\\/\"]}]},{\"@type\":\"ImageObject\",\"inLanguage\":\"gl-ES\",\"@id\":\"https:\\\/\\\/pensium.es\\\/sentimientos-culpa-ingresar-residencia-mayores\\\/#primaryimage\",\"url\":\"https:\\\/\\\/pensium.es\\\/wp-content\\\/uploads\\\/2022\\\/02\\\/sentimiento-culpa-residencia-mayores.jpg\",\"contentUrl\":\"https:\\\/\\\/pensium.es\\\/wp-content\\\/uploads\\\/2022\\\/02\\\/sentimiento-culpa-residencia-mayores.jpg\",\"width\":945,\"height\":455,\"caption\":\"sentimiento de culpa por ingresar un familiar en una residencia de mayores\"},{\"@type\":\"BreadcrumbList\",\"@id\":\"https:\\\/\\\/pensium.es\\\/sentimientos-culpa-ingresar-residencia-mayores\\\/#breadcrumb\",\"itemListElement\":[{\"@type\":\"ListItem\",\"position\":1,\"name\":\"Inicio\",\"item\":\"https:\\\/\\\/pensium.es\\\/gl\\\/\"},{\"@type\":\"ListItem\",\"position\":2,\"name\":\"Gestionar los sentimientos de culpa al ingresar a un familiar en una residencia de mayores\"}]},{\"@type\":\"WebSite\",\"@id\":\"https:\\\/\\\/pensium.es\\\/gl\\\/#website\",\"url\":\"https:\\\/\\\/pensium.es\\\/gl\\\/\",\"name\":\"Pensium\",\"description\":\"Pagar a residencia de maiores co pago anticipado do alugueiro\",\"potentialAction\":[{\"@type\":\"SearchAction\",\"target\":{\"@type\":\"EntryPoint\",\"urlTemplate\":\"https:\\\/\\\/pensium.es\\\/gl\\\/?s={search_term_string}\"},\"query-input\":{\"@type\":\"PropertyValueSpecification\",\"valueRequired\":true,\"valueName\":\"search_term_string\"}}],\"inLanguage\":\"gl-ES\"},{\"@type\":\"Person\",\"@id\":\"https:\\\/\\\/pensium.es\\\/gl\\\/#\\\/schema\\\/person\\\/3b2c54086c781c3b9d4903a784f4049f\",\"name\":\"Pensium\",\"image\":{\"@type\":\"ImageObject\",\"inLanguage\":\"gl-ES\",\"@id\":\"https:\\\/\\\/secure.gravatar.com\\\/avatar\\\/676b3457f9f57981f28982fb1f950341359281c6cba0f3f7366cd94ca4f532bd?s=96&d=mm&r=g\",\"url\":\"https:\\\/\\\/secure.gravatar.com\\\/avatar\\\/676b3457f9f57981f28982fb1f950341359281c6cba0f3f7366cd94ca4f532bd?s=96&d=mm&r=g\",\"contentUrl\":\"https:\\\/\\\/secure.gravatar.com\\\/avatar\\\/676b3457f9f57981f28982fb1f950341359281c6cba0f3f7366cd94ca4f532bd?s=96&d=mm&r=g\",\"caption\":\"Pensium\"},\"url\":\"https:\\\/\\\/pensium.es\\\/gl\\\/author\\\/pensium-2\\\/\"}]}<\/script>\n<!-- \/ Yoast SEO plugin. -->","yoast_head_json":{"title":"Sentir culpa por ingresar a un familiar en la residencia de mayores","description":"La decisi\u00f3n de ingresar a un familiar en una residencias de mayores a menudo genera sentimientos encontrados, hablamos de c\u00f3mo gestionarlo.","robots":{"index":"index","follow":"follow","max-snippet":"max-snippet:-1","max-image-preview":"max-image-preview:large","max-video-preview":"max-video-preview:-1"},"canonical":"https:\/\/pensium.es\/gl\/sentimientos-culpa-ingresar-residencia-mayores\/","og_locale":"gl_ES","og_type":"article","og_title":"Sentir culpa por ingresar a un familiar en la residencia de mayores","og_description":"La decisi\u00f3n de ingresar a un familiar en una residencias de mayores a menudo genera sentimientos encontrados, hablamos de c\u00f3mo gestionarlo.","og_url":"https:\/\/pensium.es\/sentimientos-culpa-ingresar-residencia-mayores\/","og_site_name":"Pensium","article_publisher":"https:\/\/www.facebook.com\/pensium.es\/","article_published_time":"2022-02-10T10:05:45+00:00","article_modified_time":"2022-02-10T10:21:46+00:00","og_image":[{"width":945,"height":455,"url":"https:\/\/pensium.es\/wp-content\/uploads\/2022\/02\/sentimiento-culpa-residencia-mayores.jpg","type":"image\/jpeg"}],"author":"Pensium","twitter_card":"summary_large_image","twitter_misc":{"Escrito por":"Pensium","Tempo de lectura":"6 minutos"},"schema":{"@context":"https:\/\/schema.org","@graph":[{"@type":"Article","@id":"https:\/\/pensium.es\/sentimientos-culpa-ingresar-residencia-mayores\/#article","isPartOf":{"@id":"https:\/\/pensium.es\/gl\/sentimientos-culpa-ingresar-residencia-mayores\/"},"author":{"name":"Pensium","@id":"https:\/\/pensium.es\/gl\/#\/schema\/person\/3b2c54086c781c3b9d4903a784f4049f"},"headline":"Gestionar los sentimientos de culpa al ingresar a un familiar en una residencia de mayores","datePublished":"2022-02-10T10:05:45+00:00","dateModified":"2022-02-10T10:21:46+00:00","mainEntityOfPage":{"@id":"https:\/\/pensium.es\/gl\/sentimientos-culpa-ingresar-residencia-mayores\/"},"wordCount":1174,"commentCount":0,"image":{"@id":"https:\/\/pensium.es\/sentimientos-culpa-ingresar-residencia-mayores\/#primaryimage"},"thumbnailUrl":"https:\/\/pensium.es\/wp-content\/uploads\/2022\/02\/sentimiento-culpa-residencia-mayores.jpg","articleSection":["Residencias para persoas maiores"],"inLanguage":"gl-ES","potentialAction":[{"@type":"CommentAction","name":"Comment","target":["https:\/\/pensium.es\/sentimientos-culpa-ingresar-residencia-mayores\/#respond"]}]},{"@type":"WebPage","@id":"https:\/\/pensium.es\/gl\/sentimientos-culpa-ingresar-residencia-mayores\/","url":"https:\/\/pensium.es\/sentimientos-culpa-ingresar-residencia-mayores\/","name":"Sentir culpa por ingresar a un familiar en la residencia de mayores","isPartOf":{"@id":"https:\/\/pensium.es\/gl\/#website"},"primaryImageOfPage":{"@id":"https:\/\/pensium.es\/sentimientos-culpa-ingresar-residencia-mayores\/#primaryimage"},"image":{"@id":"https:\/\/pensium.es\/sentimientos-culpa-ingresar-residencia-mayores\/#primaryimage"},"thumbnailUrl":"https:\/\/pensium.es\/wp-content\/uploads\/2022\/02\/sentimiento-culpa-residencia-mayores.jpg","datePublished":"2022-02-10T10:05:45+00:00","dateModified":"2022-02-10T10:21:46+00:00","author":{"@id":"https:\/\/pensium.es\/gl\/#\/schema\/person\/3b2c54086c781c3b9d4903a784f4049f"},"description":"La decisi\u00f3n de ingresar a un familiar en una residencias de mayores a menudo genera sentimientos encontrados, hablamos de c\u00f3mo gestionarlo.","breadcrumb":{"@id":"https:\/\/pensium.es\/sentimientos-culpa-ingresar-residencia-mayores\/#breadcrumb"},"inLanguage":"gl-ES","potentialAction":[{"@type":"ReadAction","target":["https:\/\/pensium.es\/sentimientos-culpa-ingresar-residencia-mayores\/"]}]},{"@type":"ImageObject","inLanguage":"gl-ES","@id":"https:\/\/pensium.es\/sentimientos-culpa-ingresar-residencia-mayores\/#primaryimage","url":"https:\/\/pensium.es\/wp-content\/uploads\/2022\/02\/sentimiento-culpa-residencia-mayores.jpg","contentUrl":"https:\/\/pensium.es\/wp-content\/uploads\/2022\/02\/sentimiento-culpa-residencia-mayores.jpg","width":945,"height":455,"caption":"sentimiento de culpa por ingresar un familiar en una residencia de mayores"},{"@type":"BreadcrumbList","@id":"https:\/\/pensium.es\/sentimientos-culpa-ingresar-residencia-mayores\/#breadcrumb","itemListElement":[{"@type":"ListItem","position":1,"name":"Inicio","item":"https:\/\/pensium.es\/gl\/"},{"@type":"ListItem","position":2,"name":"Gestionar los sentimientos de culpa al ingresar a un familiar en una residencia de mayores"}]},{"@type":"WebSite","@id":"https:\/\/pensium.es\/gl\/#website","url":"https:\/\/pensium.es\/gl\/","name":"Pensium","description":"Pagar a residencia de maiores co pago anticipado do alugueiro","potentialAction":[{"@type":"SearchAction","target":{"@type":"EntryPoint","urlTemplate":"https:\/\/pensium.es\/gl\/?s={search_term_string}"},"query-input":{"@type":"PropertyValueSpecification","valueRequired":true,"valueName":"search_term_string"}}],"inLanguage":"gl-ES"},{"@type":"Person","@id":"https:\/\/pensium.es\/gl\/#\/schema\/person\/3b2c54086c781c3b9d4903a784f4049f","name":"Pensium","image":{"@type":"ImageObject","inLanguage":"gl-ES","@id":"https:\/\/secure.gravatar.com\/avatar\/676b3457f9f57981f28982fb1f950341359281c6cba0f3f7366cd94ca4f532bd?s=96&d=mm&r=g","url":"https:\/\/secure.gravatar.com\/avatar\/676b3457f9f57981f28982fb1f950341359281c6cba0f3f7366cd94ca4f532bd?s=96&d=mm&r=g","contentUrl":"https:\/\/secure.gravatar.com\/avatar\/676b3457f9f57981f28982fb1f950341359281c6cba0f3f7366cd94ca4f532bd?s=96&d=mm&r=g","caption":"Pensium"},"url":"https:\/\/pensium.es\/gl\/author\/pensium-2\/"}]}},"_links":{"self":[{"href":"https:\/\/pensium.es\/gl\/wp-json\/wp\/v2\/posts\/11592","targetHints":{"allow":["GET"]}}],"collection":[{"href":"https:\/\/pensium.es\/gl\/wp-json\/wp\/v2\/posts"}],"about":[{"href":"https:\/\/pensium.es\/gl\/wp-json\/wp\/v2\/types\/post"}],"author":[{"embeddable":true,"href":"https:\/\/pensium.es\/gl\/wp-json\/wp\/v2\/users\/4"}],"replies":[{"embeddable":true,"href":"https:\/\/pensium.es\/gl\/wp-json\/wp\/v2\/comments?post=11592"}],"version-history":[{"count":1,"href":"https:\/\/pensium.es\/gl\/wp-json\/wp\/v2\/posts\/11592\/revisions"}],"predecessor-version":[{"id":11595,"href":"https:\/\/pensium.es\/gl\/wp-json\/wp\/v2\/posts\/11592\/revisions\/11595"}],"wp:featuredmedia":[{"embeddable":true,"href":"https:\/\/pensium.es\/gl\/wp-json\/wp\/v2\/media\/11586"}],"wp:attachment":[{"href":"https:\/\/pensium.es\/gl\/wp-json\/wp\/v2\/media?parent=11592"}],"wp:term":[{"taxonomy":"category","embeddable":true,"href":"https:\/\/pensium.es\/gl\/wp-json\/wp\/v2\/categories?post=11592"},{"taxonomy":"post_tag","embeddable":true,"href":"https:\/\/pensium.es\/gl\/wp-json\/wp\/v2\/tags?post=11592"}],"curies":[{"name":"wp","href":"https:\/\/api.w.org\/{rel}","templated":true}]}}