{"id":11810,"date":"2022-03-24T10:37:40","date_gmt":"2022-03-24T08:37:40","guid":{"rendered":"https:\/\/pensium.es\/viviendas-inclusivas-personas-mayores\/"},"modified":"2022-03-24T10:41:10","modified_gmt":"2022-03-24T08:41:10","slug":"viviendas-inclusivas-personas-mayores","status":"publish","type":"post","link":"https:\/\/pensium.es\/gl\/viviendas-inclusivas-personas-mayores\/","title":{"rendered":"Viviendas inclusivas para personas mayores"},"content":{"rendered":"\n\n<div class=\"kk-star-ratings kksr-auto kksr-align-left kksr-valign-top\"\n    data-payload='{&quot;align&quot;:&quot;left&quot;,&quot;id&quot;:&quot;11810&quot;,&quot;slug&quot;:&quot;default&quot;,&quot;valign&quot;:&quot;top&quot;,&quot;ignore&quot;:&quot;&quot;,&quot;reference&quot;:&quot;auto&quot;,&quot;class&quot;:&quot;&quot;,&quot;count&quot;:&quot;0&quot;,&quot;legendonly&quot;:&quot;&quot;,&quot;readonly&quot;:&quot;&quot;,&quot;score&quot;:&quot;0&quot;,&quot;starsonly&quot;:&quot;&quot;,&quot;best&quot;:&quot;5&quot;,&quot;gap&quot;:&quot;5&quot;,&quot;greet&quot;:&quot;Rate this post&quot;,&quot;legend&quot;:&quot;0\\\/5 - (0 votes)&quot;,&quot;size&quot;:&quot;24&quot;,&quot;title&quot;:&quot;Viviendas inclusivas para personas mayores&quot;,&quot;width&quot;:&quot;0&quot;,&quot;_legend&quot;:&quot;{score}\\\/{best} - ({count} {votes})&quot;,&quot;font_factor&quot;:&quot;1.25&quot;}'>\n            \n<div class=\"kksr-stars\">\n    \n<div class=\"kksr-stars-inactive\">\n            <div class=\"kksr-star\" data-star=\"1\" style=\"padding-right: 5px\">\n            \n\n<div class=\"kksr-icon\" style=\"width: 24px; height: 24px;\"><\/div>\n        <\/div>\n            <div class=\"kksr-star\" data-star=\"2\" style=\"padding-right: 5px\">\n            \n\n<div class=\"kksr-icon\" style=\"width: 24px; height: 24px;\"><\/div>\n        <\/div>\n            <div class=\"kksr-star\" data-star=\"3\" style=\"padding-right: 5px\">\n            \n\n<div class=\"kksr-icon\" style=\"width: 24px; height: 24px;\"><\/div>\n        <\/div>\n            <div class=\"kksr-star\" data-star=\"4\" style=\"padding-right: 5px\">\n            \n\n<div class=\"kksr-icon\" style=\"width: 24px; height: 24px;\"><\/div>\n        <\/div>\n            <div class=\"kksr-star\" data-star=\"5\" style=\"padding-right: 5px\">\n            \n\n<div class=\"kksr-icon\" style=\"width: 24px; height: 24px;\"><\/div>\n        <\/div>\n    <\/div>\n    \n<div class=\"kksr-stars-active\" style=\"width: 0px;\">\n            <div class=\"kksr-star\" style=\"padding-right: 5px\">\n            \n\n<div class=\"kksr-icon\" style=\"width: 24px; height: 24px;\"><\/div>\n        <\/div>\n            <div class=\"kksr-star\" style=\"padding-right: 5px\">\n            \n\n<div class=\"kksr-icon\" style=\"width: 24px; height: 24px;\"><\/div>\n        <\/div>\n            <div class=\"kksr-star\" style=\"padding-right: 5px\">\n            \n\n<div class=\"kksr-icon\" style=\"width: 24px; height: 24px;\"><\/div>\n        <\/div>\n            <div class=\"kksr-star\" style=\"padding-right: 5px\">\n            \n\n<div class=\"kksr-icon\" style=\"width: 24px; height: 24px;\"><\/div>\n        <\/div>\n            <div class=\"kksr-star\" style=\"padding-right: 5px\">\n            \n\n<div class=\"kksr-icon\" style=\"width: 24px; height: 24px;\"><\/div>\n        <\/div>\n    <\/div>\n<\/div>\n                \n\n<div class=\"kksr-legend\" style=\"font-size: 19.2px;\">\n            <span class=\"kksr-muted\">Rate this post<\/span>\n    <\/div>\n    <\/div>\n<p>Las personas mayores cada vez valoran m\u00e1s poder pasar sus \u00faltimos a\u00f1os en entornos lo m\u00e1s parecidos posible a su vivienda. Por ello, la demanda de viviendas de calidad adaptadas a las necesidades de las personas mayores, y con la opci\u00f3n de recibir atenci\u00f3n y soporte <em>in situ<\/em>, est\u00e1 aumentado y se espera que siga creciendo los pr\u00f3ximos a\u00f1os. Un reciente estudio realizado por la Universidad de Bristol en colaboraci\u00f3n con The International Longevity Center-UK (ILC) y The Housing Learning and Improvement Network (Housing LIN) lo confirma.<\/p>\n<p>Este estudio, \u201cInclusive neighbourhoods\u201d (Vencindarios inclusivos) defiende que las \u2018viviendas con atenci\u00f3n y soporte\u2019 (denominadas HCS, <em>Housing with care and support<\/em>) o viviendas tuteladas aportan m\u00faltiples beneficios a las personas mayores, puesto que est\u00e1n especialmente dise\u00f1adas para:<\/p>\n<ul>\n<li>Prevenir el aislamiento<\/li>\n<li>Promover la interacci\u00f3n entre los residentes<\/li>\n<li>Ayudar a las personas a vivir una vida independiente y saludable cuando llegan a cierta edad.<\/li>\n<\/ul>\n<p>A\u00fan as\u00ed, es cierto que sigue existiendo la necesidad de trabajar en la inclusi\u00f3n en estos entornos residenciales de las personas mayores pertenecientes a colectivos sociales minoritarios.<\/p>\n<p>Para promover este tipo de entornos residenciales inclusivos para mayores e incluir en ellos los grupos minoritarios, el informe ofrece algunas recomendaciones de las que Espa\u00f1a seguro que puede tomar buena nota. Entre ellas encontramos:<\/p>\n<p><strong>Recomendaciones para los Gobiernos nacionales<\/strong><\/p>\n<ul>\n<li>Mejorar la coordinaci\u00f3n entre gobiernos auton\u00f3micos sobre pol\u00edtica de vivienda inclusiva para mayores, incluyendo la creaci\u00f3n de un grupo de trabajo especialmente enfocado al plan de viviendas con atenci\u00f3n y soporte o viviendas tuteladas.<\/li>\n<li>Proporcionar incentivos financieros para la creaci\u00f3n de m\u00e1s viviendas de este tipo.<\/li>\n<\/ul>\n<p><strong>Recomendaciones para Ayuntamientos, dise\u00f1adores y arquitectos<\/strong><\/p>\n<ul>\n<li>Los ayuntamientos deber\u00edan proporcionar informaci\u00f3n y promover el acceso a las distintas opciones disponibles de viviendas tuteladas en la zona.<\/li>\n<li>Los ayuntamientos deber\u00edan trabajar con arquitectos y dise\u00f1adores para definir unos est\u00e1ndares de dise\u00f1o de viviendas inclusivas adaptadas a las necesidades de las personas mayores.<\/li>\n<li>Los dise\u00f1adores y arquitectos deber\u00edan implicar a las personas mayores en el proyecto de dise\u00f1o de las viviendas tuteladas.<\/li>\n<\/ul>\n<p><strong>Recomendaciones para gestores y personal de viviendas tuteladas<\/strong><\/p>\n<ul>\n<li>Recoger y controlar los datos demogr\u00e1ficos de las personas residentes para mejorar la respuesta a sus necesidades.<\/li>\n<li>Escuchar las opiniones de los residentes para poder as\u00ed identificar puntos de mejora y, al mismo tiempo, idear conjuntamente planes para mejorar la inclusi\u00f3n, especialmente, de las personas con m\u00e1s riesgo de exclusi\u00f3n.<\/li>\n<li>Priorizar la contrataci\u00f3n de personal in situ, lo que permitir\u00e1 construir relaciones coherentes y duraderas con los residentes.<\/li>\n<li>Invertir en infraestructura digital que permita a los residentes mantener conexiones sociales virtualmente.<\/li>\n<\/ul>\n<p>Aunque el estudio se centre en el Reino Unido, las necesidades de las personas mayores en Espa\u00f1a no son distintas a las de cualquier otro pa\u00eds europeo. Por ello parece claro que, m\u00e1s tarde o m\u00e1s temprano, la demanda de este tipo de viviendas o barrios inclusivos crecer\u00e1 tambi\u00e9n en nuestro pa\u00eds y ser\u00e1 totalmente necesario que la administraci\u00f3n est\u00e9 alineada con esta nueva demanda.<\/p>\n<p>Puedes descargarte el estudio completo haciendo <span style=\"text-decoration: underline;\"><span style=\"color: #e86322;\"><a style=\"color: #e86322; text-decoration: underline;\" href=\"https:\/\/ilcuk.org.uk\/wp-content\/uploads\/2022\/01\/ILC-Inclusive-environments.pdf\">clic aqu\u00ed<\/a><\/span><\/span>.<\/p>\n","protected":false},"excerpt":{"rendered":"<p>Las personas mayores cada vez valoran m\u00e1s poder pasar sus \u00faltimos a\u00f1os en entornos lo m\u00e1s parecidos posible a su vivienda. Por ello, la demanda de viviendas de calidad adaptadas a las necesidades de las personas mayores, y con la opci\u00f3n de recibir atenci\u00f3n y soporte in situ, est\u00e1 aumentado y se espera que siga &#8230; <a class=\"excerpt-readmore\" href=\"https:\/\/pensium.es\/gl\/viviendas-inclusivas-personas-mayores\/\">Read More<\/a><\/p>\n","protected":false},"author":4,"featured_media":11805,"comment_status":"open","ping_status":"closed","sticky":false,"template":"","format":"standard","meta":{"footnotes":""},"categories":[324],"tags":[],"class_list":["post-11810","post","type-post","status-publish","format-standard","has-post-thumbnail","hentry","category-xeral"],"yoast_head":"<!-- This site is optimized with the Yoast SEO plugin v27.3 - https:\/\/yoast.com\/product\/yoast-seo-wordpress\/ -->\n<title>Viviendas inclusivas para personas mayores<\/title>\n<meta name=\"description\" content=\"Crece la demanda de las viviendas inclusivas con atenci\u00f3n y soporte para personas mayores, una tendencia al alza en Europa.\" \/>\n<meta name=\"robots\" content=\"index, follow, max-snippet:-1, max-image-preview:large, max-video-preview:-1\" \/>\n<link rel=\"canonical\" href=\"https:\/\/pensium.es\/gl\/viviendas-inclusivas-personas-mayores\/\" \/>\n<meta property=\"og:locale\" content=\"gl_ES\" \/>\n<meta property=\"og:type\" content=\"article\" \/>\n<meta property=\"og:title\" content=\"Viviendas inclusivas para personas mayores\" \/>\n<meta property=\"og:description\" content=\"Crece la demanda de las viviendas inclusivas con atenci\u00f3n y soporte para personas mayores, una tendencia al alza en Europa.\" \/>\n<meta property=\"og:url\" content=\"https:\/\/pensium.es\/viviendas-inclusivas-personas-mayores\/\" \/>\n<meta property=\"og:site_name\" content=\"Pensium\" \/>\n<meta property=\"article:publisher\" content=\"https:\/\/www.facebook.com\/pensium.es\/\" \/>\n<meta property=\"article:published_time\" content=\"2022-03-24T08:37:40+00:00\" \/>\n<meta property=\"article:modified_time\" content=\"2022-03-24T08:41:10+00:00\" \/>\n<meta property=\"og:image\" content=\"https:\/\/pensium.es\/wp-content\/uploads\/2022\/03\/viviendas-inclusivas.jpg\" \/>\n\t<meta property=\"og:image:width\" content=\"945\" \/>\n\t<meta property=\"og:image:height\" content=\"455\" \/>\n\t<meta property=\"og:image:type\" content=\"image\/jpeg\" \/>\n<meta name=\"author\" content=\"Pensium\" \/>\n<meta name=\"twitter:card\" content=\"summary_large_image\" \/>\n<meta name=\"twitter:label1\" content=\"Escrito por\" \/>\n\t<meta name=\"twitter:data1\" content=\"Pensium\" \/>\n\t<meta name=\"twitter:label2\" content=\"Tempo de lectura\" \/>\n\t<meta name=\"twitter:data2\" content=\"3 minutos\" \/>\n<script type=\"application\/ld+json\" class=\"yoast-schema-graph\">{\"@context\":\"https:\\\/\\\/schema.org\",\"@graph\":[{\"@type\":\"Article\",\"@id\":\"https:\\\/\\\/pensium.es\\\/viviendas-inclusivas-personas-mayores\\\/#article\",\"isPartOf\":{\"@id\":\"https:\\\/\\\/pensium.es\\\/gl\\\/viviendas-inclusivas-personas-mayores\\\/\"},\"author\":{\"name\":\"Pensium\",\"@id\":\"https:\\\/\\\/pensium.es\\\/gl\\\/#\\\/schema\\\/person\\\/3b2c54086c781c3b9d4903a784f4049f\"},\"headline\":\"Viviendas inclusivas para personas mayores\",\"datePublished\":\"2022-03-24T08:37:40+00:00\",\"dateModified\":\"2022-03-24T08:41:10+00:00\",\"mainEntityOfPage\":{\"@id\":\"https:\\\/\\\/pensium.es\\\/gl\\\/viviendas-inclusivas-personas-mayores\\\/\"},\"wordCount\":544,\"commentCount\":0,\"image\":{\"@id\":\"https:\\\/\\\/pensium.es\\\/viviendas-inclusivas-personas-mayores\\\/#primaryimage\"},\"thumbnailUrl\":\"https:\\\/\\\/pensium.es\\\/wp-content\\\/uploads\\\/2022\\\/03\\\/viviendas-inclusivas.jpg\",\"articleSection\":[\"Xeral\"],\"inLanguage\":\"gl-ES\",\"potentialAction\":[{\"@type\":\"CommentAction\",\"name\":\"Comment\",\"target\":[\"https:\\\/\\\/pensium.es\\\/viviendas-inclusivas-personas-mayores\\\/#respond\"]}]},{\"@type\":\"WebPage\",\"@id\":\"https:\\\/\\\/pensium.es\\\/gl\\\/viviendas-inclusivas-personas-mayores\\\/\",\"url\":\"https:\\\/\\\/pensium.es\\\/viviendas-inclusivas-personas-mayores\\\/\",\"name\":\"Viviendas inclusivas para personas mayores\",\"isPartOf\":{\"@id\":\"https:\\\/\\\/pensium.es\\\/gl\\\/#website\"},\"primaryImageOfPage\":{\"@id\":\"https:\\\/\\\/pensium.es\\\/viviendas-inclusivas-personas-mayores\\\/#primaryimage\"},\"image\":{\"@id\":\"https:\\\/\\\/pensium.es\\\/viviendas-inclusivas-personas-mayores\\\/#primaryimage\"},\"thumbnailUrl\":\"https:\\\/\\\/pensium.es\\\/wp-content\\\/uploads\\\/2022\\\/03\\\/viviendas-inclusivas.jpg\",\"datePublished\":\"2022-03-24T08:37:40+00:00\",\"dateModified\":\"2022-03-24T08:41:10+00:00\",\"author\":{\"@id\":\"https:\\\/\\\/pensium.es\\\/gl\\\/#\\\/schema\\\/person\\\/3b2c54086c781c3b9d4903a784f4049f\"},\"description\":\"Crece la demanda de las viviendas inclusivas con atenci\u00f3n y soporte para personas mayores, una tendencia al alza en Europa.\",\"breadcrumb\":{\"@id\":\"https:\\\/\\\/pensium.es\\\/viviendas-inclusivas-personas-mayores\\\/#breadcrumb\"},\"inLanguage\":\"gl-ES\",\"potentialAction\":[{\"@type\":\"ReadAction\",\"target\":[\"https:\\\/\\\/pensium.es\\\/viviendas-inclusivas-personas-mayores\\\/\"]}]},{\"@type\":\"ImageObject\",\"inLanguage\":\"gl-ES\",\"@id\":\"https:\\\/\\\/pensium.es\\\/viviendas-inclusivas-personas-mayores\\\/#primaryimage\",\"url\":\"https:\\\/\\\/pensium.es\\\/wp-content\\\/uploads\\\/2022\\\/03\\\/viviendas-inclusivas.jpg\",\"contentUrl\":\"https:\\\/\\\/pensium.es\\\/wp-content\\\/uploads\\\/2022\\\/03\\\/viviendas-inclusivas.jpg\",\"width\":945,\"height\":455,\"caption\":\"viviendas inclusivas para mayores\"},{\"@type\":\"BreadcrumbList\",\"@id\":\"https:\\\/\\\/pensium.es\\\/viviendas-inclusivas-personas-mayores\\\/#breadcrumb\",\"itemListElement\":[{\"@type\":\"ListItem\",\"position\":1,\"name\":\"Inicio\",\"item\":\"https:\\\/\\\/pensium.es\\\/gl\\\/\"},{\"@type\":\"ListItem\",\"position\":2,\"name\":\"Viviendas inclusivas para personas mayores\"}]},{\"@type\":\"WebSite\",\"@id\":\"https:\\\/\\\/pensium.es\\\/gl\\\/#website\",\"url\":\"https:\\\/\\\/pensium.es\\\/gl\\\/\",\"name\":\"Pensium\",\"description\":\"Pagar a residencia de maiores co pago anticipado do alugueiro\",\"potentialAction\":[{\"@type\":\"SearchAction\",\"target\":{\"@type\":\"EntryPoint\",\"urlTemplate\":\"https:\\\/\\\/pensium.es\\\/gl\\\/?s={search_term_string}\"},\"query-input\":{\"@type\":\"PropertyValueSpecification\",\"valueRequired\":true,\"valueName\":\"search_term_string\"}}],\"inLanguage\":\"gl-ES\"},{\"@type\":\"Person\",\"@id\":\"https:\\\/\\\/pensium.es\\\/gl\\\/#\\\/schema\\\/person\\\/3b2c54086c781c3b9d4903a784f4049f\",\"name\":\"Pensium\",\"image\":{\"@type\":\"ImageObject\",\"inLanguage\":\"gl-ES\",\"@id\":\"https:\\\/\\\/secure.gravatar.com\\\/avatar\\\/676b3457f9f57981f28982fb1f950341359281c6cba0f3f7366cd94ca4f532bd?s=96&d=mm&r=g\",\"url\":\"https:\\\/\\\/secure.gravatar.com\\\/avatar\\\/676b3457f9f57981f28982fb1f950341359281c6cba0f3f7366cd94ca4f532bd?s=96&d=mm&r=g\",\"contentUrl\":\"https:\\\/\\\/secure.gravatar.com\\\/avatar\\\/676b3457f9f57981f28982fb1f950341359281c6cba0f3f7366cd94ca4f532bd?s=96&d=mm&r=g\",\"caption\":\"Pensium\"},\"url\":\"https:\\\/\\\/pensium.es\\\/gl\\\/author\\\/pensium-2\\\/\"}]}<\/script>\n<!-- \/ Yoast SEO plugin. -->","yoast_head_json":{"title":"Viviendas inclusivas para personas mayores","description":"Crece la demanda de las viviendas inclusivas con atenci\u00f3n y soporte para personas mayores, una tendencia al alza en Europa.","robots":{"index":"index","follow":"follow","max-snippet":"max-snippet:-1","max-image-preview":"max-image-preview:large","max-video-preview":"max-video-preview:-1"},"canonical":"https:\/\/pensium.es\/gl\/viviendas-inclusivas-personas-mayores\/","og_locale":"gl_ES","og_type":"article","og_title":"Viviendas inclusivas para personas mayores","og_description":"Crece la demanda de las viviendas inclusivas con atenci\u00f3n y soporte para personas mayores, una tendencia al alza en Europa.","og_url":"https:\/\/pensium.es\/viviendas-inclusivas-personas-mayores\/","og_site_name":"Pensium","article_publisher":"https:\/\/www.facebook.com\/pensium.es\/","article_published_time":"2022-03-24T08:37:40+00:00","article_modified_time":"2022-03-24T08:41:10+00:00","og_image":[{"width":945,"height":455,"url":"https:\/\/pensium.es\/wp-content\/uploads\/2022\/03\/viviendas-inclusivas.jpg","type":"image\/jpeg"}],"author":"Pensium","twitter_card":"summary_large_image","twitter_misc":{"Escrito por":"Pensium","Tempo de lectura":"3 minutos"},"schema":{"@context":"https:\/\/schema.org","@graph":[{"@type":"Article","@id":"https:\/\/pensium.es\/viviendas-inclusivas-personas-mayores\/#article","isPartOf":{"@id":"https:\/\/pensium.es\/gl\/viviendas-inclusivas-personas-mayores\/"},"author":{"name":"Pensium","@id":"https:\/\/pensium.es\/gl\/#\/schema\/person\/3b2c54086c781c3b9d4903a784f4049f"},"headline":"Viviendas inclusivas para personas mayores","datePublished":"2022-03-24T08:37:40+00:00","dateModified":"2022-03-24T08:41:10+00:00","mainEntityOfPage":{"@id":"https:\/\/pensium.es\/gl\/viviendas-inclusivas-personas-mayores\/"},"wordCount":544,"commentCount":0,"image":{"@id":"https:\/\/pensium.es\/viviendas-inclusivas-personas-mayores\/#primaryimage"},"thumbnailUrl":"https:\/\/pensium.es\/wp-content\/uploads\/2022\/03\/viviendas-inclusivas.jpg","articleSection":["Xeral"],"inLanguage":"gl-ES","potentialAction":[{"@type":"CommentAction","name":"Comment","target":["https:\/\/pensium.es\/viviendas-inclusivas-personas-mayores\/#respond"]}]},{"@type":"WebPage","@id":"https:\/\/pensium.es\/gl\/viviendas-inclusivas-personas-mayores\/","url":"https:\/\/pensium.es\/viviendas-inclusivas-personas-mayores\/","name":"Viviendas inclusivas para personas mayores","isPartOf":{"@id":"https:\/\/pensium.es\/gl\/#website"},"primaryImageOfPage":{"@id":"https:\/\/pensium.es\/viviendas-inclusivas-personas-mayores\/#primaryimage"},"image":{"@id":"https:\/\/pensium.es\/viviendas-inclusivas-personas-mayores\/#primaryimage"},"thumbnailUrl":"https:\/\/pensium.es\/wp-content\/uploads\/2022\/03\/viviendas-inclusivas.jpg","datePublished":"2022-03-24T08:37:40+00:00","dateModified":"2022-03-24T08:41:10+00:00","author":{"@id":"https:\/\/pensium.es\/gl\/#\/schema\/person\/3b2c54086c781c3b9d4903a784f4049f"},"description":"Crece la demanda de las viviendas inclusivas con atenci\u00f3n y soporte para personas mayores, una tendencia al alza en Europa.","breadcrumb":{"@id":"https:\/\/pensium.es\/viviendas-inclusivas-personas-mayores\/#breadcrumb"},"inLanguage":"gl-ES","potentialAction":[{"@type":"ReadAction","target":["https:\/\/pensium.es\/viviendas-inclusivas-personas-mayores\/"]}]},{"@type":"ImageObject","inLanguage":"gl-ES","@id":"https:\/\/pensium.es\/viviendas-inclusivas-personas-mayores\/#primaryimage","url":"https:\/\/pensium.es\/wp-content\/uploads\/2022\/03\/viviendas-inclusivas.jpg","contentUrl":"https:\/\/pensium.es\/wp-content\/uploads\/2022\/03\/viviendas-inclusivas.jpg","width":945,"height":455,"caption":"viviendas inclusivas para mayores"},{"@type":"BreadcrumbList","@id":"https:\/\/pensium.es\/viviendas-inclusivas-personas-mayores\/#breadcrumb","itemListElement":[{"@type":"ListItem","position":1,"name":"Inicio","item":"https:\/\/pensium.es\/gl\/"},{"@type":"ListItem","position":2,"name":"Viviendas inclusivas para personas mayores"}]},{"@type":"WebSite","@id":"https:\/\/pensium.es\/gl\/#website","url":"https:\/\/pensium.es\/gl\/","name":"Pensium","description":"Pagar a residencia de maiores co pago anticipado do alugueiro","potentialAction":[{"@type":"SearchAction","target":{"@type":"EntryPoint","urlTemplate":"https:\/\/pensium.es\/gl\/?s={search_term_string}"},"query-input":{"@type":"PropertyValueSpecification","valueRequired":true,"valueName":"search_term_string"}}],"inLanguage":"gl-ES"},{"@type":"Person","@id":"https:\/\/pensium.es\/gl\/#\/schema\/person\/3b2c54086c781c3b9d4903a784f4049f","name":"Pensium","image":{"@type":"ImageObject","inLanguage":"gl-ES","@id":"https:\/\/secure.gravatar.com\/avatar\/676b3457f9f57981f28982fb1f950341359281c6cba0f3f7366cd94ca4f532bd?s=96&d=mm&r=g","url":"https:\/\/secure.gravatar.com\/avatar\/676b3457f9f57981f28982fb1f950341359281c6cba0f3f7366cd94ca4f532bd?s=96&d=mm&r=g","contentUrl":"https:\/\/secure.gravatar.com\/avatar\/676b3457f9f57981f28982fb1f950341359281c6cba0f3f7366cd94ca4f532bd?s=96&d=mm&r=g","caption":"Pensium"},"url":"https:\/\/pensium.es\/gl\/author\/pensium-2\/"}]}},"_links":{"self":[{"href":"https:\/\/pensium.es\/gl\/wp-json\/wp\/v2\/posts\/11810","targetHints":{"allow":["GET"]}}],"collection":[{"href":"https:\/\/pensium.es\/gl\/wp-json\/wp\/v2\/posts"}],"about":[{"href":"https:\/\/pensium.es\/gl\/wp-json\/wp\/v2\/types\/post"}],"author":[{"embeddable":true,"href":"https:\/\/pensium.es\/gl\/wp-json\/wp\/v2\/users\/4"}],"replies":[{"embeddable":true,"href":"https:\/\/pensium.es\/gl\/wp-json\/wp\/v2\/comments?post=11810"}],"version-history":[{"count":1,"href":"https:\/\/pensium.es\/gl\/wp-json\/wp\/v2\/posts\/11810\/revisions"}],"predecessor-version":[{"id":11812,"href":"https:\/\/pensium.es\/gl\/wp-json\/wp\/v2\/posts\/11810\/revisions\/11812"}],"wp:featuredmedia":[{"embeddable":true,"href":"https:\/\/pensium.es\/gl\/wp-json\/wp\/v2\/media\/11805"}],"wp:attachment":[{"href":"https:\/\/pensium.es\/gl\/wp-json\/wp\/v2\/media?parent=11810"}],"wp:term":[{"taxonomy":"category","embeddable":true,"href":"https:\/\/pensium.es\/gl\/wp-json\/wp\/v2\/categories?post=11810"},{"taxonomy":"post_tag","embeddable":true,"href":"https:\/\/pensium.es\/gl\/wp-json\/wp\/v2\/tags?post=11810"}],"curies":[{"name":"wp","href":"https:\/\/api.w.org\/{rel}","templated":true}]}}