{"id":11864,"date":"2022-04-07T14:13:26","date_gmt":"2022-04-07T12:13:26","guid":{"rendered":"https:\/\/pensium.es\/superinflacion-personas-mayores\/"},"modified":"2022-04-07T14:15:33","modified_gmt":"2022-04-07T12:15:33","slug":"superinflacion-personas-mayores","status":"publish","type":"post","link":"https:\/\/pensium.es\/gl\/superinflacion-personas-mayores\/","title":{"rendered":"C\u00f3mo afectar\u00e1 la superinflaci\u00f3n a las personas mayores"},"content":{"rendered":"\n\n<div class=\"kk-star-ratings kksr-auto kksr-align-left kksr-valign-top\"\n    data-payload='{&quot;align&quot;:&quot;left&quot;,&quot;id&quot;:&quot;11864&quot;,&quot;slug&quot;:&quot;default&quot;,&quot;valign&quot;:&quot;top&quot;,&quot;ignore&quot;:&quot;&quot;,&quot;reference&quot;:&quot;auto&quot;,&quot;class&quot;:&quot;&quot;,&quot;count&quot;:&quot;0&quot;,&quot;legendonly&quot;:&quot;&quot;,&quot;readonly&quot;:&quot;&quot;,&quot;score&quot;:&quot;0&quot;,&quot;starsonly&quot;:&quot;&quot;,&quot;best&quot;:&quot;5&quot;,&quot;gap&quot;:&quot;5&quot;,&quot;greet&quot;:&quot;Rate this post&quot;,&quot;legend&quot;:&quot;0\\\/5 - (0 votes)&quot;,&quot;size&quot;:&quot;24&quot;,&quot;title&quot;:&quot;C\u00f3mo afectar\u00e1 la superinflaci\u00f3n a las personas mayores&quot;,&quot;width&quot;:&quot;0&quot;,&quot;_legend&quot;:&quot;{score}\\\/{best} - ({count} {votes})&quot;,&quot;font_factor&quot;:&quot;1.25&quot;}'>\n            \n<div class=\"kksr-stars\">\n    \n<div class=\"kksr-stars-inactive\">\n            <div class=\"kksr-star\" data-star=\"1\" style=\"padding-right: 5px\">\n            \n\n<div class=\"kksr-icon\" style=\"width: 24px; height: 24px;\"><\/div>\n        <\/div>\n            <div class=\"kksr-star\" data-star=\"2\" style=\"padding-right: 5px\">\n            \n\n<div class=\"kksr-icon\" style=\"width: 24px; height: 24px;\"><\/div>\n        <\/div>\n            <div class=\"kksr-star\" data-star=\"3\" style=\"padding-right: 5px\">\n            \n\n<div class=\"kksr-icon\" style=\"width: 24px; height: 24px;\"><\/div>\n        <\/div>\n            <div class=\"kksr-star\" data-star=\"4\" style=\"padding-right: 5px\">\n            \n\n<div class=\"kksr-icon\" style=\"width: 24px; height: 24px;\"><\/div>\n        <\/div>\n            <div class=\"kksr-star\" data-star=\"5\" style=\"padding-right: 5px\">\n            \n\n<div class=\"kksr-icon\" style=\"width: 24px; height: 24px;\"><\/div>\n        <\/div>\n    <\/div>\n    \n<div class=\"kksr-stars-active\" style=\"width: 0px;\">\n            <div class=\"kksr-star\" style=\"padding-right: 5px\">\n            \n\n<div class=\"kksr-icon\" style=\"width: 24px; height: 24px;\"><\/div>\n        <\/div>\n            <div class=\"kksr-star\" style=\"padding-right: 5px\">\n            \n\n<div class=\"kksr-icon\" style=\"width: 24px; height: 24px;\"><\/div>\n        <\/div>\n            <div class=\"kksr-star\" style=\"padding-right: 5px\">\n            \n\n<div class=\"kksr-icon\" style=\"width: 24px; height: 24px;\"><\/div>\n        <\/div>\n            <div class=\"kksr-star\" style=\"padding-right: 5px\">\n            \n\n<div class=\"kksr-icon\" style=\"width: 24px; height: 24px;\"><\/div>\n        <\/div>\n            <div class=\"kksr-star\" style=\"padding-right: 5px\">\n            \n\n<div class=\"kksr-icon\" style=\"width: 24px; height: 24px;\"><\/div>\n        <\/div>\n    <\/div>\n<\/div>\n                \n\n<div class=\"kksr-legend\" style=\"font-size: 19.2px;\">\n            <span class=\"kksr-muted\">Rate this post<\/span>\n    <\/div>\n    <\/div>\n<p>El Banco de Espa\u00f1a acaba de publicar la previsi\u00f3n anual de inflaci\u00f3n, que aumenta en casi cuatro puntos frente las anteriores previsiones. <strong>El BdE espera que el \u00edndice de precios al consumo (IPC) medio en 2022 sea del 7,5%<\/strong>.<\/p>\n<p>\u00bfQu\u00e9 quiere decir esto exactamente? Pues que vienen tiempos en que el precio de la vida ser\u00e1 m\u00e1s elevado. Hay un aumento general de los precios, con lo que por cada euro hoy se pueden adquirir menos productos\/servicios que ayer. Frutas, verduras, carnes, pescados, \u2026 y, en general, toda la cesta de la compra se encarece este a\u00f1o, al igual que la luz y otros servicios de primera necesidad.<\/p>\n<p><strong>\u00bfC\u00f3mo afectar\u00e1 esto a la vida de las personas mayores? <\/strong><\/p>\n<p>El pasado mes de enero el Consejo de Ministros aprob\u00f3 la\u00a0revalorizaci\u00f3n de las pensiones para el a\u00f1o 2022, lo que supuso una subida del 2,5% para las contributivas y de las Clases Pasivas del Estado y el incremento del 3% de las pensiones m\u00ednimas y de las no contributivas, entre ellas el Ingreso M\u00ednimo Vital. Sin duda, una subida bastante inferior a la previsi\u00f3n de inflaci\u00f3n publicada esta semana.<\/p>\n<p>Ello, irremediablemente, se traduce en una p\u00e9rdida de poder adquisitivo de las personas mayores pensionistas, puesto que el coste de la vida aumenta m\u00e1s que sus ingresos provenientes de las pensiones.<\/p>\n<p>Por otro lado, tenemos la afectaci\u00f3n sobre el precio de las residencias de mayores. Por ahora, el precio se contiene puesto que ya se efectu\u00f3 la subida correspondiente a principios de a\u00f1o, pero si los costes siguen creciendo lo l\u00f3gico es que las residencias trasladen dicho incremento a las cuotas mensuales de los residentes.<\/p>\n<p><strong>\u00bfQu\u00e9 opciones de financiaci\u00f3n tienen las personas mayores en este contexto?<\/strong><\/p>\n<p>Como bien sabemos, el acceso de las personas mayores a los cr\u00e9ditos bancarios es limitado. Por edad e ingresos, se considera que el riesgo de impago es elevado con lo que es muy habitual que las entidades financieras sean reticentes a aprobar cr\u00e9ditos a partir de cierta edad.<\/p>\n<p>Una opci\u00f3n siempre es la venta de propiedades inmobiliarias, aunque no es lo m\u00e1s aconsejable ahora mismo. La previsi\u00f3n es que el valor de los inmuebles se incremente, con lo que lo mejor ahora es mantener el patrimonio inmobiliario en vez de cambiarlo por liquidez. Adem\u00e1s, las opciones de inversi\u00f3n que existen actualmente no ofrecen rentabilidades demasiado altas, con lo que tener el dinero en el banco no parece ser la mejor decisi\u00f3n.<\/p>\n<p>Sin embargo, una alternativa a contemplar es el alquiler de la vivienda. Seg\u00fan el portal inmobiliario Idealista, el precio del alquiler de viviendas en Espa\u00f1a se increment\u00f3 un 1,9% durante los \u00faltimos 3 meses, alcanzando, a cierre del mes de marzo, los 10,8\u20ac por metro cuadrado.<\/p>\n<p>As\u00ed, por ejemplo, una vivienda de 70m2 tiene un precio de alquiler medio de 756 euros mensuales, lo que conlleva la posibilidad de obtener unos ingresos extra nada despreciables para la persona mayor.<\/p>\n<p>En el caso de las personas mayores que residan en centros geri\u00e1tricos o que necesiten acceder a un centro a corto plazo, el <span style=\"text-decoration: underline;\"><span style=\"color: #e86322;\"><a style=\"color: #e86322; text-decoration: underline;\" href=\"https:\/\/pensium.es\/gl\/\">programa Pensium<\/a><\/span><\/span> puede ser una buena opci\u00f3n, puesto que est\u00e1 pensado especialmente para facilitar el pago de la residencia o de los gastos asistenciales <strong>gracias al alquiler de la vivienda y al anticipo de hasta el doble del alquiler. \u00a0<\/strong><\/p>\n","protected":false},"excerpt":{"rendered":"<p>El Banco de Espa\u00f1a acaba de publicar la previsi\u00f3n anual de inflaci\u00f3n, que aumenta en casi cuatro puntos frente las anteriores previsiones. El BdE espera que el \u00edndice de precios al consumo (IPC) medio en 2022 sea del 7,5%. \u00bfQu\u00e9 quiere decir esto exactamente? Pues que vienen tiempos en que el precio de la vida &#8230; <a class=\"excerpt-readmore\" href=\"https:\/\/pensium.es\/gl\/superinflacion-personas-mayores\/\">Read More<\/a><\/p>\n","protected":false},"author":4,"featured_media":11859,"comment_status":"open","ping_status":"closed","sticky":false,"template":"","format":"standard","meta":{"footnotes":""},"categories":[324],"tags":[],"class_list":["post-11864","post","type-post","status-publish","format-standard","has-post-thumbnail","hentry","category-xeral"],"yoast_head":"<!-- This site is optimized with the Yoast SEO plugin v27.3 - https:\/\/yoast.com\/product\/yoast-seo-wordpress\/ -->\n<title>C\u00f3mo afectar\u00e1 la superinflaci\u00f3n a las personas mayores<\/title>\n<meta name=\"description\" content=\"Analizamos c\u00f3mo afectar\u00e1 la inflaci\u00f3n al d\u00eda a d\u00eda de las personas mayores, vivan en casa o en una residencia de mayores.\" \/>\n<meta name=\"robots\" content=\"index, follow, max-snippet:-1, max-image-preview:large, max-video-preview:-1\" \/>\n<link rel=\"canonical\" href=\"https:\/\/pensium.es\/gl\/superinflacion-personas-mayores\/\" \/>\n<meta property=\"og:locale\" content=\"gl_ES\" \/>\n<meta property=\"og:type\" content=\"article\" \/>\n<meta property=\"og:title\" content=\"C\u00f3mo afectar\u00e1 la superinflaci\u00f3n a las personas mayores\" \/>\n<meta property=\"og:description\" content=\"Analizamos c\u00f3mo afectar\u00e1 la inflaci\u00f3n al d\u00eda a d\u00eda de las personas mayores, vivan en casa o en una residencia de mayores.\" \/>\n<meta property=\"og:url\" content=\"https:\/\/pensium.es\/superinflacion-personas-mayores\/\" \/>\n<meta property=\"og:site_name\" content=\"Pensium\" \/>\n<meta property=\"article:publisher\" content=\"https:\/\/www.facebook.com\/pensium.es\/\" \/>\n<meta property=\"article:published_time\" content=\"2022-04-07T12:13:26+00:00\" \/>\n<meta property=\"article:modified_time\" content=\"2022-04-07T12:15:33+00:00\" \/>\n<meta property=\"og:image\" content=\"https:\/\/pensium.es\/wp-content\/uploads\/2022\/04\/inflacion.png\" \/>\n\t<meta property=\"og:image:width\" content=\"945\" \/>\n\t<meta property=\"og:image:height\" content=\"456\" \/>\n\t<meta property=\"og:image:type\" content=\"image\/png\" \/>\n<meta name=\"author\" content=\"Pensium\" \/>\n<meta name=\"twitter:card\" content=\"summary_large_image\" \/>\n<meta name=\"twitter:label1\" content=\"Escrito por\" \/>\n\t<meta name=\"twitter:data1\" content=\"Pensium\" \/>\n\t<meta name=\"twitter:label2\" content=\"Tempo de lectura\" \/>\n\t<meta name=\"twitter:data2\" content=\"3 minutos\" \/>\n<script type=\"application\/ld+json\" class=\"yoast-schema-graph\">{\"@context\":\"https:\\\/\\\/schema.org\",\"@graph\":[{\"@type\":\"Article\",\"@id\":\"https:\\\/\\\/pensium.es\\\/superinflacion-personas-mayores\\\/#article\",\"isPartOf\":{\"@id\":\"https:\\\/\\\/pensium.es\\\/gl\\\/superinflacion-personas-mayores\\\/\"},\"author\":{\"name\":\"Pensium\",\"@id\":\"https:\\\/\\\/pensium.es\\\/gl\\\/#\\\/schema\\\/person\\\/3b2c54086c781c3b9d4903a784f4049f\"},\"headline\":\"C\u00f3mo afectar\u00e1 la superinflaci\u00f3n a las personas mayores\",\"datePublished\":\"2022-04-07T12:13:26+00:00\",\"dateModified\":\"2022-04-07T12:15:33+00:00\",\"mainEntityOfPage\":{\"@id\":\"https:\\\/\\\/pensium.es\\\/gl\\\/superinflacion-personas-mayores\\\/\"},\"wordCount\":577,\"commentCount\":0,\"image\":{\"@id\":\"https:\\\/\\\/pensium.es\\\/superinflacion-personas-mayores\\\/#primaryimage\"},\"thumbnailUrl\":\"https:\\\/\\\/pensium.es\\\/wp-content\\\/uploads\\\/2022\\\/04\\\/inflacion.png\",\"articleSection\":[\"Xeral\"],\"inLanguage\":\"gl-ES\",\"potentialAction\":[{\"@type\":\"CommentAction\",\"name\":\"Comment\",\"target\":[\"https:\\\/\\\/pensium.es\\\/superinflacion-personas-mayores\\\/#respond\"]}]},{\"@type\":\"WebPage\",\"@id\":\"https:\\\/\\\/pensium.es\\\/gl\\\/superinflacion-personas-mayores\\\/\",\"url\":\"https:\\\/\\\/pensium.es\\\/superinflacion-personas-mayores\\\/\",\"name\":\"C\u00f3mo afectar\u00e1 la superinflaci\u00f3n a las personas mayores\",\"isPartOf\":{\"@id\":\"https:\\\/\\\/pensium.es\\\/gl\\\/#website\"},\"primaryImageOfPage\":{\"@id\":\"https:\\\/\\\/pensium.es\\\/superinflacion-personas-mayores\\\/#primaryimage\"},\"image\":{\"@id\":\"https:\\\/\\\/pensium.es\\\/superinflacion-personas-mayores\\\/#primaryimage\"},\"thumbnailUrl\":\"https:\\\/\\\/pensium.es\\\/wp-content\\\/uploads\\\/2022\\\/04\\\/inflacion.png\",\"datePublished\":\"2022-04-07T12:13:26+00:00\",\"dateModified\":\"2022-04-07T12:15:33+00:00\",\"author\":{\"@id\":\"https:\\\/\\\/pensium.es\\\/gl\\\/#\\\/schema\\\/person\\\/3b2c54086c781c3b9d4903a784f4049f\"},\"description\":\"Analizamos c\u00f3mo afectar\u00e1 la inflaci\u00f3n al d\u00eda a d\u00eda de las personas mayores, vivan en casa o en una residencia de mayores.\",\"breadcrumb\":{\"@id\":\"https:\\\/\\\/pensium.es\\\/superinflacion-personas-mayores\\\/#breadcrumb\"},\"inLanguage\":\"gl-ES\",\"potentialAction\":[{\"@type\":\"ReadAction\",\"target\":[\"https:\\\/\\\/pensium.es\\\/superinflacion-personas-mayores\\\/\"]}]},{\"@type\":\"ImageObject\",\"inLanguage\":\"gl-ES\",\"@id\":\"https:\\\/\\\/pensium.es\\\/superinflacion-personas-mayores\\\/#primaryimage\",\"url\":\"https:\\\/\\\/pensium.es\\\/wp-content\\\/uploads\\\/2022\\\/04\\\/inflacion.png\",\"contentUrl\":\"https:\\\/\\\/pensium.es\\\/wp-content\\\/uploads\\\/2022\\\/04\\\/inflacion.png\",\"width\":945,\"height\":456,\"caption\":\"inlfaaci\u00f3n y personas mayores\"},{\"@type\":\"BreadcrumbList\",\"@id\":\"https:\\\/\\\/pensium.es\\\/superinflacion-personas-mayores\\\/#breadcrumb\",\"itemListElement\":[{\"@type\":\"ListItem\",\"position\":1,\"name\":\"Inicio\",\"item\":\"https:\\\/\\\/pensium.es\\\/gl\\\/\"},{\"@type\":\"ListItem\",\"position\":2,\"name\":\"C\u00f3mo afectar\u00e1 la superinflaci\u00f3n a las personas mayores\"}]},{\"@type\":\"WebSite\",\"@id\":\"https:\\\/\\\/pensium.es\\\/gl\\\/#website\",\"url\":\"https:\\\/\\\/pensium.es\\\/gl\\\/\",\"name\":\"Pensium\",\"description\":\"Pagar a residencia de maiores co pago anticipado do alugueiro\",\"potentialAction\":[{\"@type\":\"SearchAction\",\"target\":{\"@type\":\"EntryPoint\",\"urlTemplate\":\"https:\\\/\\\/pensium.es\\\/gl\\\/?s={search_term_string}\"},\"query-input\":{\"@type\":\"PropertyValueSpecification\",\"valueRequired\":true,\"valueName\":\"search_term_string\"}}],\"inLanguage\":\"gl-ES\"},{\"@type\":\"Person\",\"@id\":\"https:\\\/\\\/pensium.es\\\/gl\\\/#\\\/schema\\\/person\\\/3b2c54086c781c3b9d4903a784f4049f\",\"name\":\"Pensium\",\"image\":{\"@type\":\"ImageObject\",\"inLanguage\":\"gl-ES\",\"@id\":\"https:\\\/\\\/secure.gravatar.com\\\/avatar\\\/676b3457f9f57981f28982fb1f950341359281c6cba0f3f7366cd94ca4f532bd?s=96&d=mm&r=g\",\"url\":\"https:\\\/\\\/secure.gravatar.com\\\/avatar\\\/676b3457f9f57981f28982fb1f950341359281c6cba0f3f7366cd94ca4f532bd?s=96&d=mm&r=g\",\"contentUrl\":\"https:\\\/\\\/secure.gravatar.com\\\/avatar\\\/676b3457f9f57981f28982fb1f950341359281c6cba0f3f7366cd94ca4f532bd?s=96&d=mm&r=g\",\"caption\":\"Pensium\"},\"url\":\"https:\\\/\\\/pensium.es\\\/gl\\\/author\\\/pensium-2\\\/\"}]}<\/script>\n<!-- \/ Yoast SEO plugin. -->","yoast_head_json":{"title":"C\u00f3mo afectar\u00e1 la superinflaci\u00f3n a las personas mayores","description":"Analizamos c\u00f3mo afectar\u00e1 la inflaci\u00f3n al d\u00eda a d\u00eda de las personas mayores, vivan en casa o en una residencia de mayores.","robots":{"index":"index","follow":"follow","max-snippet":"max-snippet:-1","max-image-preview":"max-image-preview:large","max-video-preview":"max-video-preview:-1"},"canonical":"https:\/\/pensium.es\/gl\/superinflacion-personas-mayores\/","og_locale":"gl_ES","og_type":"article","og_title":"C\u00f3mo afectar\u00e1 la superinflaci\u00f3n a las personas mayores","og_description":"Analizamos c\u00f3mo afectar\u00e1 la inflaci\u00f3n al d\u00eda a d\u00eda de las personas mayores, vivan en casa o en una residencia de mayores.","og_url":"https:\/\/pensium.es\/superinflacion-personas-mayores\/","og_site_name":"Pensium","article_publisher":"https:\/\/www.facebook.com\/pensium.es\/","article_published_time":"2022-04-07T12:13:26+00:00","article_modified_time":"2022-04-07T12:15:33+00:00","og_image":[{"width":945,"height":456,"url":"https:\/\/pensium.es\/wp-content\/uploads\/2022\/04\/inflacion.png","type":"image\/png"}],"author":"Pensium","twitter_card":"summary_large_image","twitter_misc":{"Escrito por":"Pensium","Tempo de lectura":"3 minutos"},"schema":{"@context":"https:\/\/schema.org","@graph":[{"@type":"Article","@id":"https:\/\/pensium.es\/superinflacion-personas-mayores\/#article","isPartOf":{"@id":"https:\/\/pensium.es\/gl\/superinflacion-personas-mayores\/"},"author":{"name":"Pensium","@id":"https:\/\/pensium.es\/gl\/#\/schema\/person\/3b2c54086c781c3b9d4903a784f4049f"},"headline":"C\u00f3mo afectar\u00e1 la superinflaci\u00f3n a las personas mayores","datePublished":"2022-04-07T12:13:26+00:00","dateModified":"2022-04-07T12:15:33+00:00","mainEntityOfPage":{"@id":"https:\/\/pensium.es\/gl\/superinflacion-personas-mayores\/"},"wordCount":577,"commentCount":0,"image":{"@id":"https:\/\/pensium.es\/superinflacion-personas-mayores\/#primaryimage"},"thumbnailUrl":"https:\/\/pensium.es\/wp-content\/uploads\/2022\/04\/inflacion.png","articleSection":["Xeral"],"inLanguage":"gl-ES","potentialAction":[{"@type":"CommentAction","name":"Comment","target":["https:\/\/pensium.es\/superinflacion-personas-mayores\/#respond"]}]},{"@type":"WebPage","@id":"https:\/\/pensium.es\/gl\/superinflacion-personas-mayores\/","url":"https:\/\/pensium.es\/superinflacion-personas-mayores\/","name":"C\u00f3mo afectar\u00e1 la superinflaci\u00f3n a las personas mayores","isPartOf":{"@id":"https:\/\/pensium.es\/gl\/#website"},"primaryImageOfPage":{"@id":"https:\/\/pensium.es\/superinflacion-personas-mayores\/#primaryimage"},"image":{"@id":"https:\/\/pensium.es\/superinflacion-personas-mayores\/#primaryimage"},"thumbnailUrl":"https:\/\/pensium.es\/wp-content\/uploads\/2022\/04\/inflacion.png","datePublished":"2022-04-07T12:13:26+00:00","dateModified":"2022-04-07T12:15:33+00:00","author":{"@id":"https:\/\/pensium.es\/gl\/#\/schema\/person\/3b2c54086c781c3b9d4903a784f4049f"},"description":"Analizamos c\u00f3mo afectar\u00e1 la inflaci\u00f3n al d\u00eda a d\u00eda de las personas mayores, vivan en casa o en una residencia de mayores.","breadcrumb":{"@id":"https:\/\/pensium.es\/superinflacion-personas-mayores\/#breadcrumb"},"inLanguage":"gl-ES","potentialAction":[{"@type":"ReadAction","target":["https:\/\/pensium.es\/superinflacion-personas-mayores\/"]}]},{"@type":"ImageObject","inLanguage":"gl-ES","@id":"https:\/\/pensium.es\/superinflacion-personas-mayores\/#primaryimage","url":"https:\/\/pensium.es\/wp-content\/uploads\/2022\/04\/inflacion.png","contentUrl":"https:\/\/pensium.es\/wp-content\/uploads\/2022\/04\/inflacion.png","width":945,"height":456,"caption":"inlfaaci\u00f3n y personas mayores"},{"@type":"BreadcrumbList","@id":"https:\/\/pensium.es\/superinflacion-personas-mayores\/#breadcrumb","itemListElement":[{"@type":"ListItem","position":1,"name":"Inicio","item":"https:\/\/pensium.es\/gl\/"},{"@type":"ListItem","position":2,"name":"C\u00f3mo afectar\u00e1 la superinflaci\u00f3n a las personas mayores"}]},{"@type":"WebSite","@id":"https:\/\/pensium.es\/gl\/#website","url":"https:\/\/pensium.es\/gl\/","name":"Pensium","description":"Pagar a residencia de maiores co pago anticipado do alugueiro","potentialAction":[{"@type":"SearchAction","target":{"@type":"EntryPoint","urlTemplate":"https:\/\/pensium.es\/gl\/?s={search_term_string}"},"query-input":{"@type":"PropertyValueSpecification","valueRequired":true,"valueName":"search_term_string"}}],"inLanguage":"gl-ES"},{"@type":"Person","@id":"https:\/\/pensium.es\/gl\/#\/schema\/person\/3b2c54086c781c3b9d4903a784f4049f","name":"Pensium","image":{"@type":"ImageObject","inLanguage":"gl-ES","@id":"https:\/\/secure.gravatar.com\/avatar\/676b3457f9f57981f28982fb1f950341359281c6cba0f3f7366cd94ca4f532bd?s=96&d=mm&r=g","url":"https:\/\/secure.gravatar.com\/avatar\/676b3457f9f57981f28982fb1f950341359281c6cba0f3f7366cd94ca4f532bd?s=96&d=mm&r=g","contentUrl":"https:\/\/secure.gravatar.com\/avatar\/676b3457f9f57981f28982fb1f950341359281c6cba0f3f7366cd94ca4f532bd?s=96&d=mm&r=g","caption":"Pensium"},"url":"https:\/\/pensium.es\/gl\/author\/pensium-2\/"}]}},"_links":{"self":[{"href":"https:\/\/pensium.es\/gl\/wp-json\/wp\/v2\/posts\/11864","targetHints":{"allow":["GET"]}}],"collection":[{"href":"https:\/\/pensium.es\/gl\/wp-json\/wp\/v2\/posts"}],"about":[{"href":"https:\/\/pensium.es\/gl\/wp-json\/wp\/v2\/types\/post"}],"author":[{"embeddable":true,"href":"https:\/\/pensium.es\/gl\/wp-json\/wp\/v2\/users\/4"}],"replies":[{"embeddable":true,"href":"https:\/\/pensium.es\/gl\/wp-json\/wp\/v2\/comments?post=11864"}],"version-history":[{"count":1,"href":"https:\/\/pensium.es\/gl\/wp-json\/wp\/v2\/posts\/11864\/revisions"}],"predecessor-version":[{"id":11867,"href":"https:\/\/pensium.es\/gl\/wp-json\/wp\/v2\/posts\/11864\/revisions\/11867"}],"wp:featuredmedia":[{"embeddable":true,"href":"https:\/\/pensium.es\/gl\/wp-json\/wp\/v2\/media\/11859"}],"wp:attachment":[{"href":"https:\/\/pensium.es\/gl\/wp-json\/wp\/v2\/media?parent=11864"}],"wp:term":[{"taxonomy":"category","embeddable":true,"href":"https:\/\/pensium.es\/gl\/wp-json\/wp\/v2\/categories?post=11864"},{"taxonomy":"post_tag","embeddable":true,"href":"https:\/\/pensium.es\/gl\/wp-json\/wp\/v2\/tags?post=11864"}],"curies":[{"name":"wp","href":"https:\/\/api.w.org\/{rel}","templated":true}]}}