{"id":12298,"date":"2022-06-02T18:02:14","date_gmt":"2022-06-02T16:02:14","guid":{"rendered":"https:\/\/pensium.es\/derechos-personas-mayores-espana\/"},"modified":"2022-06-02T18:04:38","modified_gmt":"2022-06-02T16:04:38","slug":"derechos-personas-mayores-espana","status":"publish","type":"post","link":"https:\/\/pensium.es\/gl\/derechos-personas-mayores-espana\/","title":{"rendered":"Los derechos de las personas mayores en Espa\u00f1a"},"content":{"rendered":"\n\n<div class=\"kk-star-ratings kksr-auto kksr-align-left kksr-valign-top\"\n    data-payload='{&quot;align&quot;:&quot;left&quot;,&quot;id&quot;:&quot;12298&quot;,&quot;slug&quot;:&quot;default&quot;,&quot;valign&quot;:&quot;top&quot;,&quot;ignore&quot;:&quot;&quot;,&quot;reference&quot;:&quot;auto&quot;,&quot;class&quot;:&quot;&quot;,&quot;count&quot;:&quot;0&quot;,&quot;legendonly&quot;:&quot;&quot;,&quot;readonly&quot;:&quot;&quot;,&quot;score&quot;:&quot;0&quot;,&quot;starsonly&quot;:&quot;&quot;,&quot;best&quot;:&quot;5&quot;,&quot;gap&quot;:&quot;5&quot;,&quot;greet&quot;:&quot;Rate this post&quot;,&quot;legend&quot;:&quot;0\\\/5 - (0 votes)&quot;,&quot;size&quot;:&quot;24&quot;,&quot;title&quot;:&quot;Los derechos de las personas mayores en Espa\u00f1a&quot;,&quot;width&quot;:&quot;0&quot;,&quot;_legend&quot;:&quot;{score}\\\/{best} - ({count} {votes})&quot;,&quot;font_factor&quot;:&quot;1.25&quot;}'>\n            \n<div class=\"kksr-stars\">\n    \n<div class=\"kksr-stars-inactive\">\n            <div class=\"kksr-star\" data-star=\"1\" style=\"padding-right: 5px\">\n            \n\n<div class=\"kksr-icon\" style=\"width: 24px; height: 24px;\"><\/div>\n        <\/div>\n            <div class=\"kksr-star\" data-star=\"2\" style=\"padding-right: 5px\">\n            \n\n<div class=\"kksr-icon\" style=\"width: 24px; height: 24px;\"><\/div>\n        <\/div>\n            <div class=\"kksr-star\" data-star=\"3\" style=\"padding-right: 5px\">\n            \n\n<div class=\"kksr-icon\" style=\"width: 24px; height: 24px;\"><\/div>\n        <\/div>\n            <div class=\"kksr-star\" data-star=\"4\" style=\"padding-right: 5px\">\n            \n\n<div class=\"kksr-icon\" style=\"width: 24px; height: 24px;\"><\/div>\n        <\/div>\n            <div class=\"kksr-star\" data-star=\"5\" style=\"padding-right: 5px\">\n            \n\n<div class=\"kksr-icon\" style=\"width: 24px; height: 24px;\"><\/div>\n        <\/div>\n    <\/div>\n    \n<div class=\"kksr-stars-active\" style=\"width: 0px;\">\n            <div class=\"kksr-star\" style=\"padding-right: 5px\">\n            \n\n<div class=\"kksr-icon\" style=\"width: 24px; height: 24px;\"><\/div>\n        <\/div>\n            <div class=\"kksr-star\" style=\"padding-right: 5px\">\n            \n\n<div class=\"kksr-icon\" style=\"width: 24px; height: 24px;\"><\/div>\n        <\/div>\n            <div class=\"kksr-star\" style=\"padding-right: 5px\">\n            \n\n<div class=\"kksr-icon\" style=\"width: 24px; height: 24px;\"><\/div>\n        <\/div>\n            <div class=\"kksr-star\" style=\"padding-right: 5px\">\n            \n\n<div class=\"kksr-icon\" style=\"width: 24px; height: 24px;\"><\/div>\n        <\/div>\n            <div class=\"kksr-star\" style=\"padding-right: 5px\">\n            \n\n<div class=\"kksr-icon\" style=\"width: 24px; height: 24px;\"><\/div>\n        <\/div>\n    <\/div>\n<\/div>\n                \n\n<div class=\"kksr-legend\" style=\"font-size: 19.2px;\">\n            <span class=\"kksr-muted\">Rate this post<\/span>\n    <\/div>\n    <\/div>\n<p>La Organizaci\u00f3n de las Naciones Unidas (ONU) adopt\u00f3 en el a\u00f1o 1991 una serie de principios a favor de las personas mayores, exhortando a los gobiernos a incluir estos principios en sus programas nacionales. Entre ellos destacan:<\/p>\n<ul>\n<li>Independencia: este principio establece que las personas mayores tienen derecho a tener una adecuada alimentaci\u00f3n, vivienda, atenci\u00f3n de salud, as\u00ed como los ingresos necesarios, teniendo la oportunidad de trabajar o percibir otros tipos de ingresos, deben tener adem\u00e1s acceso a programas educativos y de formaci\u00f3n y a vivir en un entorno seguro.<\/li>\n<li>Participaci\u00f3n: las personas mayores deben vivir plenamente integradas a la sociedad y tener el derecho a participar, deben tener oportunidades para prestar sus servicios a la comunidad y participar como voluntarios. Adem\u00e1s deben tener el derecho a formar libremente en movimientos o asociaciones.<\/li>\n<li>Cuidados: las personas de tercera edad deben tener el derecho a recibir el cuidado y protecci\u00f3n que necesiten, tanto a nivel familiar, como local y estatal, para ello deben tener acceso a servicios de salud adecuados que les ayuden a mantener o recuperar su nivel \u00f3ptimo de bienestar f\u00edsico, mental y emocional, as\u00ed como a contar con el tratamiento adecuado ante cualquier enfermedad.<\/li>\n<li>Autorrealizaci\u00f3n: Las personas de edad deben tener el derecho a desarrollar todo su potencial, teniendo acceso a recursos culturales, educativos, espirituales y recreativos.<\/li>\n<li>Dignidad: toda persona mayor tiene derecho vivir dignamente, tener seguridad y estar libre de cualquier tipo de explotaci\u00f3n y maltrato, por lo que deben recibir un trato digno independientemente de su edad, sexo, raza o creencias religiosas o pol\u00edticas.<\/li>\n<\/ul>\n<p>En Espa\u00f1a, la vigente Constituci\u00f3n en su art\u00edculo 50 establece el derecho de las personas mayores a contar con suficiencia econ\u00f3mica, a trav\u00e9s de pensiones adecuadas, que deben actualizarse de forma peri\u00f3dica. La carta Magna insta a los poderes p\u00fablicos a promover el bienestar de las personas mayores a trav\u00e9s de sistemas de servicios sociales dise\u00f1ados para atender sus problemas espec\u00edficos de vivienda, salud, ocio y cultura.<\/p>\n<p>Las Cortes Generales, a trav\u00e9s de la aprobaci\u00f3n de distintas leyes han venido creando otros derechos para las personas mayores como lo son:<\/p>\n<ul>\n<li>El derecho a la protecci\u00f3n personal y patrimonial.<\/li>\n<li>El derecho a la atenci\u00f3n en situaci\u00f3n de dependencia.<\/li>\n<li>El derecho a disfrutar de un entorno saludable y seguro, as\u00ed como a recibir asistencia socio-sanitaria.<\/li>\n<\/ul>\n<h2><span style=\"color: #e86322;\">Derechos establecidos por las comunidades aut\u00f3nomas<\/span><\/h2>\n<p>Las comunidades aut\u00f3nomas han venido incorporando tambi\u00e9n diversos derechos en favor de las personas mayores a trav\u00e9s de su ordenamiento jur\u00eddico. Veamos como ejemplo las iniciativas que se han desarrollado en algunas de ellas:<\/p>\n<h3>Andaluc\u00eda<\/h3>\n<p>La Junta de Andaluc\u00eda aprob\u00f3 la Ley 6\/1999, de 7 de julio, de atenci\u00f3n y protecci\u00f3n a las personas mayores, que establece el derecho que tienen a:<\/p>\n<ul>\n<li>Protecci\u00f3n econ\u00f3mica.<\/li>\n<li>Asistencia sanitaria.<\/li>\n<li>Atenci\u00f3n socio-sanitaria.<\/li>\n<li>Acceso a servicios sociales.<\/li>\n<li>Acceso a educaci\u00f3n y formaci\u00f3n.<\/li>\n<li>Disfrutar de una vivienda digna y de condiciones urban\u00edsticas adecuadas a sus necesidades.<\/li>\n<li>Participar libremente.<\/li>\n<li>Disfrutar de la protecci\u00f3n jur\u00eddica.<\/li>\n<li>Sensibilizaci\u00f3n de la sociedad con todas las personas mayores.<\/li>\n<\/ul>\n<h3>Arag\u00f3n<\/h3>\n<p>En la Comunidad Aut\u00f3noma de Arag\u00f3n fue creado el Consejo Aragon\u00e9s de las Personas Mayores mediante la Ley 3\/1990, de 4 de abril, modificada por la Ley 22\/2002, de 16 de octubre, este \u00f3rgano se encarga de asesorar y proponer ante los poderes p\u00fablicos todas las medidas necesarias para garantizar los derechos de las personas mayores.<\/p>\n<h3>Asturias<\/h3>\n<p>En el Principado de Asturias se promulg\u00f3 la Ley 7\/1991, de 5 de abril, de Asistencia y Protecci\u00f3n al Anciano, la cual fue modificada en 2014, que recoge los derechos de las personas mayores y crea la figura del Letrado Defensor del anciano, un \u00f3rgano administrativo que se encarga de ejercer la acci\u00f3n p\u00fablica para la defensa de los derechos de las personas mayores en esta comunidad aut\u00f3noma.<\/p>\n<h3>Catalu\u00f1a<\/h3>\n<p>La Carta de Derechos y Deberes de la Gente Mayor de Catalu\u00f1a, instaurada a trav\u00e9s del Acuerdo del Gobierno de 8 de octubre de 2003, establece una serie de derechos para las personas mayores que residen en esta comunidad aut\u00f3noma, entre ellos:<\/p>\n<ul>\n<li>A no ser discriminadas.<\/li>\n<li>A ser tratadas con dignidad.<\/li>\n<li>A acceder a la informaci\u00f3n suficiente.<\/li>\n<li>A vivir en entornos dignos.<\/li>\n<li>A exigir que las administraciones dediquen los recursos y acciones necesarias para atender sus necesidades.<\/li>\n<li>A obtener los recursos econ\u00f3micos necesarios para vivir con suficiencia y dignidad, derecho a una pensi\u00f3n digna.<\/li>\n<\/ul>\n<p>Estos son s\u00f3lo algunos ejemplos, pero todas las CCAA tienen constituido un marco normativo que marca las bases en materia de derecho de los mayores. Ello no solo sirve para constituir un marco normativo alrededor de la defensa de las necesidades de los mayores sino que tambi\u00e9n ayuda en la toma de consciencia de la importancia de<\/p>\n","protected":false},"excerpt":{"rendered":"<p>La Organizaci\u00f3n de las Naciones Unidas (ONU) adopt\u00f3 en el a\u00f1o 1991 una serie de principios a favor de las personas mayores, exhortando a los gobiernos a incluir estos principios en sus programas nacionales. Entre ellos destacan: Independencia: este principio establece que las personas mayores tienen derecho a tener una adecuada alimentaci\u00f3n, vivienda, atenci\u00f3n de &#8230; <a class=\"excerpt-readmore\" href=\"https:\/\/pensium.es\/gl\/derechos-personas-mayores-espana\/\">Read More<\/a><\/p>\n","protected":false},"author":4,"featured_media":12293,"comment_status":"open","ping_status":"closed","sticky":false,"template":"","format":"standard","meta":{"footnotes":""},"categories":[324],"tags":[],"class_list":["post-12298","post","type-post","status-publish","format-standard","has-post-thumbnail","hentry","category-xeral"],"yoast_head":"<!-- This site is optimized with the Yoast SEO plugin v27.3 - https:\/\/yoast.com\/product\/yoast-seo-wordpress\/ -->\n<title>Los derechos de las personas mayores en Espa\u00f1a<\/title>\n<meta name=\"robots\" content=\"index, follow, max-snippet:-1, max-image-preview:large, max-video-preview:-1\" \/>\n<link rel=\"canonical\" href=\"https:\/\/pensium.es\/gl\/derechos-personas-mayores-espana\/\" \/>\n<meta property=\"og:locale\" content=\"gl_ES\" \/>\n<meta property=\"og:type\" content=\"article\" \/>\n<meta property=\"og:title\" content=\"Los derechos de las personas mayores en Espa\u00f1a\" \/>\n<meta property=\"og:description\" content=\"La Organizaci\u00f3n de las Naciones Unidas (ONU) adopt\u00f3 en el a\u00f1o 1991 una serie de principios a favor de las personas mayores, exhortando a los gobiernos a incluir estos principios en sus programas nacionales. Entre ellos destacan: Independencia: este principio establece que las personas mayores tienen derecho a tener una adecuada alimentaci\u00f3n, vivienda, atenci\u00f3n de ... Read More\" \/>\n<meta property=\"og:url\" content=\"https:\/\/pensium.es\/derechos-personas-mayores-espana\/\" \/>\n<meta property=\"og:site_name\" content=\"Pensium\" \/>\n<meta property=\"article:publisher\" content=\"https:\/\/www.facebook.com\/pensium.es\/\" \/>\n<meta property=\"article:published_time\" content=\"2022-06-02T16:02:14+00:00\" \/>\n<meta property=\"article:modified_time\" content=\"2022-06-02T16:04:38+00:00\" \/>\n<meta property=\"og:image\" content=\"https:\/\/pensium.es\/wp-content\/uploads\/2022\/06\/derechos-personas-mayores.jpg\" \/>\n\t<meta property=\"og:image:width\" content=\"945\" \/>\n\t<meta property=\"og:image:height\" content=\"454\" \/>\n\t<meta property=\"og:image:type\" content=\"image\/jpeg\" \/>\n<meta name=\"author\" content=\"Pensium\" \/>\n<meta name=\"twitter:card\" content=\"summary_large_image\" \/>\n<meta name=\"twitter:label1\" content=\"Escrito por\" \/>\n\t<meta name=\"twitter:data1\" content=\"Pensium\" \/>\n\t<meta name=\"twitter:label2\" content=\"Tempo de lectura\" \/>\n\t<meta name=\"twitter:data2\" content=\"4 minutos\" \/>\n<script type=\"application\/ld+json\" class=\"yoast-schema-graph\">{\"@context\":\"https:\\\/\\\/schema.org\",\"@graph\":[{\"@type\":\"Article\",\"@id\":\"https:\\\/\\\/pensium.es\\\/derechos-personas-mayores-espana\\\/#article\",\"isPartOf\":{\"@id\":\"https:\\\/\\\/pensium.es\\\/gl\\\/derechos-personas-mayores-espana\\\/\"},\"author\":{\"name\":\"Pensium\",\"@id\":\"https:\\\/\\\/pensium.es\\\/gl\\\/#\\\/schema\\\/person\\\/3b2c54086c781c3b9d4903a784f4049f\"},\"headline\":\"Los derechos de las personas mayores en Espa\u00f1a\",\"datePublished\":\"2022-06-02T16:02:14+00:00\",\"dateModified\":\"2022-06-02T16:04:38+00:00\",\"mainEntityOfPage\":{\"@id\":\"https:\\\/\\\/pensium.es\\\/gl\\\/derechos-personas-mayores-espana\\\/\"},\"wordCount\":830,\"commentCount\":0,\"image\":{\"@id\":\"https:\\\/\\\/pensium.es\\\/derechos-personas-mayores-espana\\\/#primaryimage\"},\"thumbnailUrl\":\"https:\\\/\\\/pensium.es\\\/wp-content\\\/uploads\\\/2022\\\/06\\\/derechos-personas-mayores.jpg\",\"articleSection\":[\"Xeral\"],\"inLanguage\":\"gl-ES\",\"potentialAction\":[{\"@type\":\"CommentAction\",\"name\":\"Comment\",\"target\":[\"https:\\\/\\\/pensium.es\\\/derechos-personas-mayores-espana\\\/#respond\"]}]},{\"@type\":\"WebPage\",\"@id\":\"https:\\\/\\\/pensium.es\\\/gl\\\/derechos-personas-mayores-espana\\\/\",\"url\":\"https:\\\/\\\/pensium.es\\\/derechos-personas-mayores-espana\\\/\",\"name\":\"Los derechos de las personas mayores en Espa\u00f1a\",\"isPartOf\":{\"@id\":\"https:\\\/\\\/pensium.es\\\/gl\\\/#website\"},\"primaryImageOfPage\":{\"@id\":\"https:\\\/\\\/pensium.es\\\/derechos-personas-mayores-espana\\\/#primaryimage\"},\"image\":{\"@id\":\"https:\\\/\\\/pensium.es\\\/derechos-personas-mayores-espana\\\/#primaryimage\"},\"thumbnailUrl\":\"https:\\\/\\\/pensium.es\\\/wp-content\\\/uploads\\\/2022\\\/06\\\/derechos-personas-mayores.jpg\",\"datePublished\":\"2022-06-02T16:02:14+00:00\",\"dateModified\":\"2022-06-02T16:04:38+00:00\",\"author\":{\"@id\":\"https:\\\/\\\/pensium.es\\\/gl\\\/#\\\/schema\\\/person\\\/3b2c54086c781c3b9d4903a784f4049f\"},\"breadcrumb\":{\"@id\":\"https:\\\/\\\/pensium.es\\\/derechos-personas-mayores-espana\\\/#breadcrumb\"},\"inLanguage\":\"gl-ES\",\"potentialAction\":[{\"@type\":\"ReadAction\",\"target\":[\"https:\\\/\\\/pensium.es\\\/derechos-personas-mayores-espana\\\/\"]}]},{\"@type\":\"ImageObject\",\"inLanguage\":\"gl-ES\",\"@id\":\"https:\\\/\\\/pensium.es\\\/derechos-personas-mayores-espana\\\/#primaryimage\",\"url\":\"https:\\\/\\\/pensium.es\\\/wp-content\\\/uploads\\\/2022\\\/06\\\/derechos-personas-mayores.jpg\",\"contentUrl\":\"https:\\\/\\\/pensium.es\\\/wp-content\\\/uploads\\\/2022\\\/06\\\/derechos-personas-mayores.jpg\",\"width\":945,\"height\":454,\"caption\":\"Derechos de las personas mayores en Espa\u00f1a\"},{\"@type\":\"BreadcrumbList\",\"@id\":\"https:\\\/\\\/pensium.es\\\/derechos-personas-mayores-espana\\\/#breadcrumb\",\"itemListElement\":[{\"@type\":\"ListItem\",\"position\":1,\"name\":\"Inicio\",\"item\":\"https:\\\/\\\/pensium.es\\\/gl\\\/\"},{\"@type\":\"ListItem\",\"position\":2,\"name\":\"Los derechos de las personas mayores en Espa\u00f1a\"}]},{\"@type\":\"WebSite\",\"@id\":\"https:\\\/\\\/pensium.es\\\/gl\\\/#website\",\"url\":\"https:\\\/\\\/pensium.es\\\/gl\\\/\",\"name\":\"Pensium\",\"description\":\"Pagar a residencia de maiores co pago anticipado do alugueiro\",\"potentialAction\":[{\"@type\":\"SearchAction\",\"target\":{\"@type\":\"EntryPoint\",\"urlTemplate\":\"https:\\\/\\\/pensium.es\\\/gl\\\/?s={search_term_string}\"},\"query-input\":{\"@type\":\"PropertyValueSpecification\",\"valueRequired\":true,\"valueName\":\"search_term_string\"}}],\"inLanguage\":\"gl-ES\"},{\"@type\":\"Person\",\"@id\":\"https:\\\/\\\/pensium.es\\\/gl\\\/#\\\/schema\\\/person\\\/3b2c54086c781c3b9d4903a784f4049f\",\"name\":\"Pensium\",\"image\":{\"@type\":\"ImageObject\",\"inLanguage\":\"gl-ES\",\"@id\":\"https:\\\/\\\/secure.gravatar.com\\\/avatar\\\/676b3457f9f57981f28982fb1f950341359281c6cba0f3f7366cd94ca4f532bd?s=96&d=mm&r=g\",\"url\":\"https:\\\/\\\/secure.gravatar.com\\\/avatar\\\/676b3457f9f57981f28982fb1f950341359281c6cba0f3f7366cd94ca4f532bd?s=96&d=mm&r=g\",\"contentUrl\":\"https:\\\/\\\/secure.gravatar.com\\\/avatar\\\/676b3457f9f57981f28982fb1f950341359281c6cba0f3f7366cd94ca4f532bd?s=96&d=mm&r=g\",\"caption\":\"Pensium\"},\"url\":\"https:\\\/\\\/pensium.es\\\/gl\\\/author\\\/pensium-2\\\/\"}]}<\/script>\n<!-- \/ Yoast SEO plugin. -->","yoast_head_json":{"title":"Los derechos de las personas mayores en Espa\u00f1a","robots":{"index":"index","follow":"follow","max-snippet":"max-snippet:-1","max-image-preview":"max-image-preview:large","max-video-preview":"max-video-preview:-1"},"canonical":"https:\/\/pensium.es\/gl\/derechos-personas-mayores-espana\/","og_locale":"gl_ES","og_type":"article","og_title":"Los derechos de las personas mayores en Espa\u00f1a","og_description":"La Organizaci\u00f3n de las Naciones Unidas (ONU) adopt\u00f3 en el a\u00f1o 1991 una serie de principios a favor de las personas mayores, exhortando a los gobiernos a incluir estos principios en sus programas nacionales. Entre ellos destacan: Independencia: este principio establece que las personas mayores tienen derecho a tener una adecuada alimentaci\u00f3n, vivienda, atenci\u00f3n de ... Read More","og_url":"https:\/\/pensium.es\/derechos-personas-mayores-espana\/","og_site_name":"Pensium","article_publisher":"https:\/\/www.facebook.com\/pensium.es\/","article_published_time":"2022-06-02T16:02:14+00:00","article_modified_time":"2022-06-02T16:04:38+00:00","og_image":[{"width":945,"height":454,"url":"https:\/\/pensium.es\/wp-content\/uploads\/2022\/06\/derechos-personas-mayores.jpg","type":"image\/jpeg"}],"author":"Pensium","twitter_card":"summary_large_image","twitter_misc":{"Escrito por":"Pensium","Tempo de lectura":"4 minutos"},"schema":{"@context":"https:\/\/schema.org","@graph":[{"@type":"Article","@id":"https:\/\/pensium.es\/derechos-personas-mayores-espana\/#article","isPartOf":{"@id":"https:\/\/pensium.es\/gl\/derechos-personas-mayores-espana\/"},"author":{"name":"Pensium","@id":"https:\/\/pensium.es\/gl\/#\/schema\/person\/3b2c54086c781c3b9d4903a784f4049f"},"headline":"Los derechos de las personas mayores en Espa\u00f1a","datePublished":"2022-06-02T16:02:14+00:00","dateModified":"2022-06-02T16:04:38+00:00","mainEntityOfPage":{"@id":"https:\/\/pensium.es\/gl\/derechos-personas-mayores-espana\/"},"wordCount":830,"commentCount":0,"image":{"@id":"https:\/\/pensium.es\/derechos-personas-mayores-espana\/#primaryimage"},"thumbnailUrl":"https:\/\/pensium.es\/wp-content\/uploads\/2022\/06\/derechos-personas-mayores.jpg","articleSection":["Xeral"],"inLanguage":"gl-ES","potentialAction":[{"@type":"CommentAction","name":"Comment","target":["https:\/\/pensium.es\/derechos-personas-mayores-espana\/#respond"]}]},{"@type":"WebPage","@id":"https:\/\/pensium.es\/gl\/derechos-personas-mayores-espana\/","url":"https:\/\/pensium.es\/derechos-personas-mayores-espana\/","name":"Los derechos de las personas mayores en Espa\u00f1a","isPartOf":{"@id":"https:\/\/pensium.es\/gl\/#website"},"primaryImageOfPage":{"@id":"https:\/\/pensium.es\/derechos-personas-mayores-espana\/#primaryimage"},"image":{"@id":"https:\/\/pensium.es\/derechos-personas-mayores-espana\/#primaryimage"},"thumbnailUrl":"https:\/\/pensium.es\/wp-content\/uploads\/2022\/06\/derechos-personas-mayores.jpg","datePublished":"2022-06-02T16:02:14+00:00","dateModified":"2022-06-02T16:04:38+00:00","author":{"@id":"https:\/\/pensium.es\/gl\/#\/schema\/person\/3b2c54086c781c3b9d4903a784f4049f"},"breadcrumb":{"@id":"https:\/\/pensium.es\/derechos-personas-mayores-espana\/#breadcrumb"},"inLanguage":"gl-ES","potentialAction":[{"@type":"ReadAction","target":["https:\/\/pensium.es\/derechos-personas-mayores-espana\/"]}]},{"@type":"ImageObject","inLanguage":"gl-ES","@id":"https:\/\/pensium.es\/derechos-personas-mayores-espana\/#primaryimage","url":"https:\/\/pensium.es\/wp-content\/uploads\/2022\/06\/derechos-personas-mayores.jpg","contentUrl":"https:\/\/pensium.es\/wp-content\/uploads\/2022\/06\/derechos-personas-mayores.jpg","width":945,"height":454,"caption":"Derechos de las personas mayores en Espa\u00f1a"},{"@type":"BreadcrumbList","@id":"https:\/\/pensium.es\/derechos-personas-mayores-espana\/#breadcrumb","itemListElement":[{"@type":"ListItem","position":1,"name":"Inicio","item":"https:\/\/pensium.es\/gl\/"},{"@type":"ListItem","position":2,"name":"Los derechos de las personas mayores en Espa\u00f1a"}]},{"@type":"WebSite","@id":"https:\/\/pensium.es\/gl\/#website","url":"https:\/\/pensium.es\/gl\/","name":"Pensium","description":"Pagar a residencia de maiores co pago anticipado do alugueiro","potentialAction":[{"@type":"SearchAction","target":{"@type":"EntryPoint","urlTemplate":"https:\/\/pensium.es\/gl\/?s={search_term_string}"},"query-input":{"@type":"PropertyValueSpecification","valueRequired":true,"valueName":"search_term_string"}}],"inLanguage":"gl-ES"},{"@type":"Person","@id":"https:\/\/pensium.es\/gl\/#\/schema\/person\/3b2c54086c781c3b9d4903a784f4049f","name":"Pensium","image":{"@type":"ImageObject","inLanguage":"gl-ES","@id":"https:\/\/secure.gravatar.com\/avatar\/676b3457f9f57981f28982fb1f950341359281c6cba0f3f7366cd94ca4f532bd?s=96&d=mm&r=g","url":"https:\/\/secure.gravatar.com\/avatar\/676b3457f9f57981f28982fb1f950341359281c6cba0f3f7366cd94ca4f532bd?s=96&d=mm&r=g","contentUrl":"https:\/\/secure.gravatar.com\/avatar\/676b3457f9f57981f28982fb1f950341359281c6cba0f3f7366cd94ca4f532bd?s=96&d=mm&r=g","caption":"Pensium"},"url":"https:\/\/pensium.es\/gl\/author\/pensium-2\/"}]}},"_links":{"self":[{"href":"https:\/\/pensium.es\/gl\/wp-json\/wp\/v2\/posts\/12298","targetHints":{"allow":["GET"]}}],"collection":[{"href":"https:\/\/pensium.es\/gl\/wp-json\/wp\/v2\/posts"}],"about":[{"href":"https:\/\/pensium.es\/gl\/wp-json\/wp\/v2\/types\/post"}],"author":[{"embeddable":true,"href":"https:\/\/pensium.es\/gl\/wp-json\/wp\/v2\/users\/4"}],"replies":[{"embeddable":true,"href":"https:\/\/pensium.es\/gl\/wp-json\/wp\/v2\/comments?post=12298"}],"version-history":[{"count":1,"href":"https:\/\/pensium.es\/gl\/wp-json\/wp\/v2\/posts\/12298\/revisions"}],"predecessor-version":[{"id":12301,"href":"https:\/\/pensium.es\/gl\/wp-json\/wp\/v2\/posts\/12298\/revisions\/12301"}],"wp:featuredmedia":[{"embeddable":true,"href":"https:\/\/pensium.es\/gl\/wp-json\/wp\/v2\/media\/12293"}],"wp:attachment":[{"href":"https:\/\/pensium.es\/gl\/wp-json\/wp\/v2\/media?parent=12298"}],"wp:term":[{"taxonomy":"category","embeddable":true,"href":"https:\/\/pensium.es\/gl\/wp-json\/wp\/v2\/categories?post=12298"},{"taxonomy":"post_tag","embeddable":true,"href":"https:\/\/pensium.es\/gl\/wp-json\/wp\/v2\/tags?post=12298"}],"curies":[{"name":"wp","href":"https:\/\/api.w.org\/{rel}","templated":true}]}}