{"id":12313,"date":"2022-06-08T19:42:49","date_gmt":"2022-06-08T17:42:49","guid":{"rendered":"https:\/\/pensium.es\/soledad-no-deseada-personas-mayores\/"},"modified":"2022-06-08T19:53:00","modified_gmt":"2022-06-08T17:53:00","slug":"soledad-no-deseada-personas-mayores","status":"publish","type":"post","link":"https:\/\/pensium.es\/gl\/soledad-no-deseada-personas-mayores\/","title":{"rendered":"La soledad no deseada de las personas mayores y sus efectos a largo plazo"},"content":{"rendered":"\n\n<div class=\"kk-star-ratings kksr-auto kksr-align-left kksr-valign-top\"\n    data-payload='{&quot;align&quot;:&quot;left&quot;,&quot;id&quot;:&quot;12313&quot;,&quot;slug&quot;:&quot;default&quot;,&quot;valign&quot;:&quot;top&quot;,&quot;ignore&quot;:&quot;&quot;,&quot;reference&quot;:&quot;auto&quot;,&quot;class&quot;:&quot;&quot;,&quot;count&quot;:&quot;0&quot;,&quot;legendonly&quot;:&quot;&quot;,&quot;readonly&quot;:&quot;&quot;,&quot;score&quot;:&quot;0&quot;,&quot;starsonly&quot;:&quot;&quot;,&quot;best&quot;:&quot;5&quot;,&quot;gap&quot;:&quot;5&quot;,&quot;greet&quot;:&quot;Rate this post&quot;,&quot;legend&quot;:&quot;0\\\/5 - (0 votes)&quot;,&quot;size&quot;:&quot;24&quot;,&quot;title&quot;:&quot;La soledad no deseada de las personas mayores y sus efectos a largo plazo&quot;,&quot;width&quot;:&quot;0&quot;,&quot;_legend&quot;:&quot;{score}\\\/{best} - ({count} {votes})&quot;,&quot;font_factor&quot;:&quot;1.25&quot;}'>\n            \n<div class=\"kksr-stars\">\n    \n<div class=\"kksr-stars-inactive\">\n            <div class=\"kksr-star\" data-star=\"1\" style=\"padding-right: 5px\">\n            \n\n<div class=\"kksr-icon\" style=\"width: 24px; height: 24px;\"><\/div>\n        <\/div>\n            <div class=\"kksr-star\" data-star=\"2\" style=\"padding-right: 5px\">\n            \n\n<div class=\"kksr-icon\" style=\"width: 24px; height: 24px;\"><\/div>\n        <\/div>\n            <div class=\"kksr-star\" data-star=\"3\" style=\"padding-right: 5px\">\n            \n\n<div class=\"kksr-icon\" style=\"width: 24px; height: 24px;\"><\/div>\n        <\/div>\n            <div class=\"kksr-star\" data-star=\"4\" style=\"padding-right: 5px\">\n            \n\n<div class=\"kksr-icon\" style=\"width: 24px; height: 24px;\"><\/div>\n        <\/div>\n            <div class=\"kksr-star\" data-star=\"5\" style=\"padding-right: 5px\">\n            \n\n<div class=\"kksr-icon\" style=\"width: 24px; height: 24px;\"><\/div>\n        <\/div>\n    <\/div>\n    \n<div class=\"kksr-stars-active\" style=\"width: 0px;\">\n            <div class=\"kksr-star\" style=\"padding-right: 5px\">\n            \n\n<div class=\"kksr-icon\" style=\"width: 24px; height: 24px;\"><\/div>\n        <\/div>\n            <div class=\"kksr-star\" style=\"padding-right: 5px\">\n            \n\n<div class=\"kksr-icon\" style=\"width: 24px; height: 24px;\"><\/div>\n        <\/div>\n            <div class=\"kksr-star\" style=\"padding-right: 5px\">\n            \n\n<div class=\"kksr-icon\" style=\"width: 24px; height: 24px;\"><\/div>\n        <\/div>\n            <div class=\"kksr-star\" style=\"padding-right: 5px\">\n            \n\n<div class=\"kksr-icon\" style=\"width: 24px; height: 24px;\"><\/div>\n        <\/div>\n            <div class=\"kksr-star\" style=\"padding-right: 5px\">\n            \n\n<div class=\"kksr-icon\" style=\"width: 24px; height: 24px;\"><\/div>\n        <\/div>\n    <\/div>\n<\/div>\n                \n\n<div class=\"kksr-legend\" style=\"font-size: 19.2px;\">\n            <span class=\"kksr-muted\">Rate this post<\/span>\n    <\/div>\n    <\/div>\n<p>A lo largo de su ciclo vital, numerosas personas mayores sufrir\u00e1n sentimientos de soledad no deseada como consecuencia de una <strong>reducci\u00f3n de su red de relaciones sociales.<\/strong><\/p>\n<p>Esta problem\u00e1tica est\u00e1 muy presente en la sociedad actual, ya que afecta de forma directa a nuestros mayores, <strong>disminuyendo de forma progresiva su calidad de vida<\/strong> y <strong>aumentando el aislamiento social<\/strong>.<\/p>\n<p>La soledad no deseada puede tener su origen por varias causas, pero no depende directamente de la situaci\u00f3n de convivencia del afectado.<\/p>\n<p>Seg\u00fan el <span style=\"text-decoration: underline;\"><span style=\"color: #e86322;\"><a style=\"color: #e86322; text-decoration: underline;\" href=\"https:\/\/elobservatoriosocial.fundacionlacaixa.org\/-\/la-soledad-no-deseada-en-las-personas-mayores\">Estudio del Observatorio Social de la Fundaci\u00f3n \u201cLa Caixa\u201d<\/a><\/span><\/span>, que realiz\u00f3 14.000 entrevistas a personas mayores, un <strong>64% <\/strong>de la muestra de los entrevistados tuvieron en alg\u00fan momento <strong>sentimientos de soledad no deseada<\/strong>, con un <strong>14,8%<\/strong> con <strong>cuadros graves o muy graves.<\/strong><\/p>\n<p>Los <strong>factores<\/strong> de incidencia principales de la soledad no deseada son el <strong>g\u00e9nero y el nivel de estudios<\/strong>, afectando m\u00e1s a mujeres y personas con un nivel educativo menor.<\/p>\n<p>Para las personas mayores, buscar soluciones a corto y medio plazo para poner soluci\u00f3n a la soledad no deseada es complicado, por lo que las principales <strong>estrategias<\/strong> que aplican para enfrentarse al problema son la <strong>resignaci\u00f3n <\/strong>y la <strong>aceptaci\u00f3n pasiva<\/strong> de la situaci\u00f3n, por lo que en la mayor\u00eda de los casos m\u00e1s graves es muy importante contar con un centro de referencia para hacer frente a esta situaci\u00f3n.<\/p>\n<p>Una buena opci\u00f3n para esto caso es acudir a un <strong>centro de d\u00eda<\/strong>, donde la persona puede pasar buena parte de las horas del d\u00eda en compa\u00f1\u00eda y realizando actividades, o incluso ir a una <strong>residencia de mayores<\/strong>, donde adem\u00e1s de combatir este sentimiento de soledad, la persona mayor estar\u00e1 atenida por profesionales.<\/p>\n<p>Para casos menos graves, en el que el sentimiento de aislamiento es m\u00e1s leve, el <strong>papel de la familia y allegados es fundamental<\/strong>, de manera que, estableciendo unas peque\u00f1as rutinas de visitas o contactos durante la semana, aunque sea de forma telef\u00f3nica, ayudan a que nuestros mayores se sientan m\u00e1s acompa\u00f1ados.<\/p>\n<p>En el caso de que el afectado no tenga una red social de contactos numerosa, existen en todo el territorio nacional <strong>redes de voluntariado<\/strong> que acompa\u00f1an durante unas horas a nuestros mayores en su d\u00eda a d\u00eda.<\/p>\n<p>Y para ampliar su c\u00edrculo social y potenciar las actividades en grupo, existen programas como los del <strong>Imserso<\/strong> que organizan viajes y programas de ocio espec\u00edficamente pensados para las personas mayores, de los que ya hablamos en detalle en nuestro post \u00a0<span style=\"text-decoration: underline;\"><span style=\"color: #e86322;\"><a style=\"color: #e86322; text-decoration: underline;\" href=\"https:\/\/pensium.es\/viajar-con-el-imserso\/\">Viajar con el Imserso<\/a><\/span><\/span>.<\/p>\n<p>Recientemente se ha puesto en marcha una iniciativa de \u00e1mbito estatal para <strong>conocer y estudiar<\/strong> en profundidad los <strong>factores y problem\u00e1tica de la soledad no deseada<\/strong>. Con la Red Soledad.es se fomentar\u00e1n actividades para ayudar a dar est\u00edmulos a la situaci\u00f3n vital de las personas mayores que no tengan compa\u00f1\u00eda. En este proyecto <span style=\"text-decoration: underline;\"><span style=\"color: #e86322;\"><a style=\"color: #e86322; text-decoration: underline;\" href=\"https:\/\/gestionydependencia.com\/noticia\/4254\/actualidad\/nace-la-red-soledad.es-para-combatir-la-soledad-no-deseada-en-personas-mayores.html\">participa el Imserso<\/a><\/span><\/span> como una de las cuarenta organizaciones que componen el proyecto.<\/p>\n","protected":false},"excerpt":{"rendered":"<p>A lo largo de su ciclo vital, numerosas personas mayores sufrir\u00e1n sentimientos de soledad no deseada como consecuencia de una reducci\u00f3n de su red de relaciones sociales. Esta problem\u00e1tica est\u00e1 muy presente en la sociedad actual, ya que afecta de forma directa a nuestros mayores, disminuyendo de forma progresiva su calidad de vida y aumentando &#8230; <a class=\"excerpt-readmore\" href=\"https:\/\/pensium.es\/gl\/soledad-no-deseada-personas-mayores\/\">Read More<\/a><\/p>\n","protected":false},"author":4,"featured_media":12307,"comment_status":"open","ping_status":"closed","sticky":false,"template":"","format":"standard","meta":{"footnotes":""},"categories":[324],"tags":[],"class_list":["post-12313","post","type-post","status-publish","format-standard","has-post-thumbnail","hentry","category-xeral"],"yoast_head":"<!-- This site is optimized with the Yoast SEO plugin v27.3 - https:\/\/yoast.com\/product\/yoast-seo-wordpress\/ -->\n<title>La soledad no deseada de las personas mayores<\/title>\n<meta name=\"description\" content=\"A lo largo de su ciclo vital, numerosas personas mayores sufrir\u00e1n la soledad no deseada, \u00bfqu\u00e9 efectos tiene esto a largo plazo?\" \/>\n<meta name=\"robots\" content=\"index, follow, max-snippet:-1, max-image-preview:large, max-video-preview:-1\" \/>\n<link rel=\"canonical\" href=\"https:\/\/pensium.es\/gl\/soledad-no-deseada-personas-mayores\/\" \/>\n<meta property=\"og:locale\" content=\"gl_ES\" \/>\n<meta property=\"og:type\" content=\"article\" \/>\n<meta property=\"og:title\" content=\"La soledad no deseada de las personas mayores\" \/>\n<meta property=\"og:description\" content=\"A lo largo de su ciclo vital, numerosas personas mayores sufrir\u00e1n la soledad no deseada, \u00bfqu\u00e9 efectos tiene esto a largo plazo?\" \/>\n<meta property=\"og:url\" content=\"https:\/\/pensium.es\/soledad-no-deseada-personas-mayores\/\" \/>\n<meta property=\"og:site_name\" content=\"Pensium\" \/>\n<meta property=\"article:publisher\" content=\"https:\/\/www.facebook.com\/pensium.es\/\" \/>\n<meta property=\"article:published_time\" content=\"2022-06-08T17:42:49+00:00\" \/>\n<meta property=\"article:modified_time\" content=\"2022-06-08T17:53:00+00:00\" \/>\n<meta property=\"og:image\" content=\"https:\/\/pensium.es\/wp-content\/uploads\/2022\/06\/soledad-personas-mayores.jpg\" \/>\n\t<meta property=\"og:image:width\" content=\"945\" \/>\n\t<meta property=\"og:image:height\" content=\"455\" \/>\n\t<meta property=\"og:image:type\" content=\"image\/jpeg\" \/>\n<meta name=\"author\" content=\"Pensium\" \/>\n<meta name=\"twitter:card\" content=\"summary_large_image\" \/>\n<meta name=\"twitter:label1\" content=\"Escrito por\" \/>\n\t<meta name=\"twitter:data1\" content=\"Pensium\" \/>\n\t<meta name=\"twitter:label2\" content=\"Tempo de lectura\" \/>\n\t<meta name=\"twitter:data2\" content=\"3 minutos\" \/>\n<script type=\"application\/ld+json\" class=\"yoast-schema-graph\">{\"@context\":\"https:\\\/\\\/schema.org\",\"@graph\":[{\"@type\":\"Article\",\"@id\":\"https:\\\/\\\/pensium.es\\\/soledad-no-deseada-personas-mayores\\\/#article\",\"isPartOf\":{\"@id\":\"https:\\\/\\\/pensium.es\\\/gl\\\/soledad-no-deseada-personas-mayores\\\/\"},\"author\":{\"name\":\"Pensium\",\"@id\":\"https:\\\/\\\/pensium.es\\\/gl\\\/#\\\/schema\\\/person\\\/3b2c54086c781c3b9d4903a784f4049f\"},\"headline\":\"La soledad no deseada de las personas mayores y sus efectos a largo plazo\",\"datePublished\":\"2022-06-08T17:42:49+00:00\",\"dateModified\":\"2022-06-08T17:53:00+00:00\",\"mainEntityOfPage\":{\"@id\":\"https:\\\/\\\/pensium.es\\\/gl\\\/soledad-no-deseada-personas-mayores\\\/\"},\"wordCount\":522,\"commentCount\":0,\"image\":{\"@id\":\"https:\\\/\\\/pensium.es\\\/soledad-no-deseada-personas-mayores\\\/#primaryimage\"},\"thumbnailUrl\":\"https:\\\/\\\/pensium.es\\\/wp-content\\\/uploads\\\/2022\\\/06\\\/soledad-personas-mayores.jpg\",\"articleSection\":[\"Xeral\"],\"inLanguage\":\"gl-ES\",\"potentialAction\":[{\"@type\":\"CommentAction\",\"name\":\"Comment\",\"target\":[\"https:\\\/\\\/pensium.es\\\/soledad-no-deseada-personas-mayores\\\/#respond\"]}]},{\"@type\":\"WebPage\",\"@id\":\"https:\\\/\\\/pensium.es\\\/gl\\\/soledad-no-deseada-personas-mayores\\\/\",\"url\":\"https:\\\/\\\/pensium.es\\\/soledad-no-deseada-personas-mayores\\\/\",\"name\":\"La soledad no deseada de las personas mayores\",\"isPartOf\":{\"@id\":\"https:\\\/\\\/pensium.es\\\/gl\\\/#website\"},\"primaryImageOfPage\":{\"@id\":\"https:\\\/\\\/pensium.es\\\/soledad-no-deseada-personas-mayores\\\/#primaryimage\"},\"image\":{\"@id\":\"https:\\\/\\\/pensium.es\\\/soledad-no-deseada-personas-mayores\\\/#primaryimage\"},\"thumbnailUrl\":\"https:\\\/\\\/pensium.es\\\/wp-content\\\/uploads\\\/2022\\\/06\\\/soledad-personas-mayores.jpg\",\"datePublished\":\"2022-06-08T17:42:49+00:00\",\"dateModified\":\"2022-06-08T17:53:00+00:00\",\"author\":{\"@id\":\"https:\\\/\\\/pensium.es\\\/gl\\\/#\\\/schema\\\/person\\\/3b2c54086c781c3b9d4903a784f4049f\"},\"description\":\"A lo largo de su ciclo vital, numerosas personas mayores sufrir\u00e1n la soledad no deseada, \u00bfqu\u00e9 efectos tiene esto a largo plazo?\",\"breadcrumb\":{\"@id\":\"https:\\\/\\\/pensium.es\\\/soledad-no-deseada-personas-mayores\\\/#breadcrumb\"},\"inLanguage\":\"gl-ES\",\"potentialAction\":[{\"@type\":\"ReadAction\",\"target\":[\"https:\\\/\\\/pensium.es\\\/soledad-no-deseada-personas-mayores\\\/\"]}]},{\"@type\":\"ImageObject\",\"inLanguage\":\"gl-ES\",\"@id\":\"https:\\\/\\\/pensium.es\\\/soledad-no-deseada-personas-mayores\\\/#primaryimage\",\"url\":\"https:\\\/\\\/pensium.es\\\/wp-content\\\/uploads\\\/2022\\\/06\\\/soledad-personas-mayores.jpg\",\"contentUrl\":\"https:\\\/\\\/pensium.es\\\/wp-content\\\/uploads\\\/2022\\\/06\\\/soledad-personas-mayores.jpg\",\"width\":945,\"height\":455,\"caption\":\"la soledad en las personas mayores\"},{\"@type\":\"BreadcrumbList\",\"@id\":\"https:\\\/\\\/pensium.es\\\/soledad-no-deseada-personas-mayores\\\/#breadcrumb\",\"itemListElement\":[{\"@type\":\"ListItem\",\"position\":1,\"name\":\"Inicio\",\"item\":\"https:\\\/\\\/pensium.es\\\/gl\\\/\"},{\"@type\":\"ListItem\",\"position\":2,\"name\":\"La soledad no deseada de las personas mayores y sus efectos a largo plazo\"}]},{\"@type\":\"WebSite\",\"@id\":\"https:\\\/\\\/pensium.es\\\/gl\\\/#website\",\"url\":\"https:\\\/\\\/pensium.es\\\/gl\\\/\",\"name\":\"Pensium\",\"description\":\"Pagar a residencia de maiores co pago anticipado do alugueiro\",\"potentialAction\":[{\"@type\":\"SearchAction\",\"target\":{\"@type\":\"EntryPoint\",\"urlTemplate\":\"https:\\\/\\\/pensium.es\\\/gl\\\/?s={search_term_string}\"},\"query-input\":{\"@type\":\"PropertyValueSpecification\",\"valueRequired\":true,\"valueName\":\"search_term_string\"}}],\"inLanguage\":\"gl-ES\"},{\"@type\":\"Person\",\"@id\":\"https:\\\/\\\/pensium.es\\\/gl\\\/#\\\/schema\\\/person\\\/3b2c54086c781c3b9d4903a784f4049f\",\"name\":\"Pensium\",\"image\":{\"@type\":\"ImageObject\",\"inLanguage\":\"gl-ES\",\"@id\":\"https:\\\/\\\/secure.gravatar.com\\\/avatar\\\/676b3457f9f57981f28982fb1f950341359281c6cba0f3f7366cd94ca4f532bd?s=96&d=mm&r=g\",\"url\":\"https:\\\/\\\/secure.gravatar.com\\\/avatar\\\/676b3457f9f57981f28982fb1f950341359281c6cba0f3f7366cd94ca4f532bd?s=96&d=mm&r=g\",\"contentUrl\":\"https:\\\/\\\/secure.gravatar.com\\\/avatar\\\/676b3457f9f57981f28982fb1f950341359281c6cba0f3f7366cd94ca4f532bd?s=96&d=mm&r=g\",\"caption\":\"Pensium\"},\"url\":\"https:\\\/\\\/pensium.es\\\/gl\\\/author\\\/pensium-2\\\/\"}]}<\/script>\n<!-- \/ Yoast SEO plugin. -->","yoast_head_json":{"title":"La soledad no deseada de las personas mayores","description":"A lo largo de su ciclo vital, numerosas personas mayores sufrir\u00e1n la soledad no deseada, \u00bfqu\u00e9 efectos tiene esto a largo plazo?","robots":{"index":"index","follow":"follow","max-snippet":"max-snippet:-1","max-image-preview":"max-image-preview:large","max-video-preview":"max-video-preview:-1"},"canonical":"https:\/\/pensium.es\/gl\/soledad-no-deseada-personas-mayores\/","og_locale":"gl_ES","og_type":"article","og_title":"La soledad no deseada de las personas mayores","og_description":"A lo largo de su ciclo vital, numerosas personas mayores sufrir\u00e1n la soledad no deseada, \u00bfqu\u00e9 efectos tiene esto a largo plazo?","og_url":"https:\/\/pensium.es\/soledad-no-deseada-personas-mayores\/","og_site_name":"Pensium","article_publisher":"https:\/\/www.facebook.com\/pensium.es\/","article_published_time":"2022-06-08T17:42:49+00:00","article_modified_time":"2022-06-08T17:53:00+00:00","og_image":[{"width":945,"height":455,"url":"https:\/\/pensium.es\/wp-content\/uploads\/2022\/06\/soledad-personas-mayores.jpg","type":"image\/jpeg"}],"author":"Pensium","twitter_card":"summary_large_image","twitter_misc":{"Escrito por":"Pensium","Tempo de lectura":"3 minutos"},"schema":{"@context":"https:\/\/schema.org","@graph":[{"@type":"Article","@id":"https:\/\/pensium.es\/soledad-no-deseada-personas-mayores\/#article","isPartOf":{"@id":"https:\/\/pensium.es\/gl\/soledad-no-deseada-personas-mayores\/"},"author":{"name":"Pensium","@id":"https:\/\/pensium.es\/gl\/#\/schema\/person\/3b2c54086c781c3b9d4903a784f4049f"},"headline":"La soledad no deseada de las personas mayores y sus efectos a largo plazo","datePublished":"2022-06-08T17:42:49+00:00","dateModified":"2022-06-08T17:53:00+00:00","mainEntityOfPage":{"@id":"https:\/\/pensium.es\/gl\/soledad-no-deseada-personas-mayores\/"},"wordCount":522,"commentCount":0,"image":{"@id":"https:\/\/pensium.es\/soledad-no-deseada-personas-mayores\/#primaryimage"},"thumbnailUrl":"https:\/\/pensium.es\/wp-content\/uploads\/2022\/06\/soledad-personas-mayores.jpg","articleSection":["Xeral"],"inLanguage":"gl-ES","potentialAction":[{"@type":"CommentAction","name":"Comment","target":["https:\/\/pensium.es\/soledad-no-deseada-personas-mayores\/#respond"]}]},{"@type":"WebPage","@id":"https:\/\/pensium.es\/gl\/soledad-no-deseada-personas-mayores\/","url":"https:\/\/pensium.es\/soledad-no-deseada-personas-mayores\/","name":"La soledad no deseada de las personas mayores","isPartOf":{"@id":"https:\/\/pensium.es\/gl\/#website"},"primaryImageOfPage":{"@id":"https:\/\/pensium.es\/soledad-no-deseada-personas-mayores\/#primaryimage"},"image":{"@id":"https:\/\/pensium.es\/soledad-no-deseada-personas-mayores\/#primaryimage"},"thumbnailUrl":"https:\/\/pensium.es\/wp-content\/uploads\/2022\/06\/soledad-personas-mayores.jpg","datePublished":"2022-06-08T17:42:49+00:00","dateModified":"2022-06-08T17:53:00+00:00","author":{"@id":"https:\/\/pensium.es\/gl\/#\/schema\/person\/3b2c54086c781c3b9d4903a784f4049f"},"description":"A lo largo de su ciclo vital, numerosas personas mayores sufrir\u00e1n la soledad no deseada, \u00bfqu\u00e9 efectos tiene esto a largo plazo?","breadcrumb":{"@id":"https:\/\/pensium.es\/soledad-no-deseada-personas-mayores\/#breadcrumb"},"inLanguage":"gl-ES","potentialAction":[{"@type":"ReadAction","target":["https:\/\/pensium.es\/soledad-no-deseada-personas-mayores\/"]}]},{"@type":"ImageObject","inLanguage":"gl-ES","@id":"https:\/\/pensium.es\/soledad-no-deseada-personas-mayores\/#primaryimage","url":"https:\/\/pensium.es\/wp-content\/uploads\/2022\/06\/soledad-personas-mayores.jpg","contentUrl":"https:\/\/pensium.es\/wp-content\/uploads\/2022\/06\/soledad-personas-mayores.jpg","width":945,"height":455,"caption":"la soledad en las personas mayores"},{"@type":"BreadcrumbList","@id":"https:\/\/pensium.es\/soledad-no-deseada-personas-mayores\/#breadcrumb","itemListElement":[{"@type":"ListItem","position":1,"name":"Inicio","item":"https:\/\/pensium.es\/gl\/"},{"@type":"ListItem","position":2,"name":"La soledad no deseada de las personas mayores y sus efectos a largo plazo"}]},{"@type":"WebSite","@id":"https:\/\/pensium.es\/gl\/#website","url":"https:\/\/pensium.es\/gl\/","name":"Pensium","description":"Pagar a residencia de maiores co pago anticipado do alugueiro","potentialAction":[{"@type":"SearchAction","target":{"@type":"EntryPoint","urlTemplate":"https:\/\/pensium.es\/gl\/?s={search_term_string}"},"query-input":{"@type":"PropertyValueSpecification","valueRequired":true,"valueName":"search_term_string"}}],"inLanguage":"gl-ES"},{"@type":"Person","@id":"https:\/\/pensium.es\/gl\/#\/schema\/person\/3b2c54086c781c3b9d4903a784f4049f","name":"Pensium","image":{"@type":"ImageObject","inLanguage":"gl-ES","@id":"https:\/\/secure.gravatar.com\/avatar\/676b3457f9f57981f28982fb1f950341359281c6cba0f3f7366cd94ca4f532bd?s=96&d=mm&r=g","url":"https:\/\/secure.gravatar.com\/avatar\/676b3457f9f57981f28982fb1f950341359281c6cba0f3f7366cd94ca4f532bd?s=96&d=mm&r=g","contentUrl":"https:\/\/secure.gravatar.com\/avatar\/676b3457f9f57981f28982fb1f950341359281c6cba0f3f7366cd94ca4f532bd?s=96&d=mm&r=g","caption":"Pensium"},"url":"https:\/\/pensium.es\/gl\/author\/pensium-2\/"}]}},"_links":{"self":[{"href":"https:\/\/pensium.es\/gl\/wp-json\/wp\/v2\/posts\/12313","targetHints":{"allow":["GET"]}}],"collection":[{"href":"https:\/\/pensium.es\/gl\/wp-json\/wp\/v2\/posts"}],"about":[{"href":"https:\/\/pensium.es\/gl\/wp-json\/wp\/v2\/types\/post"}],"author":[{"embeddable":true,"href":"https:\/\/pensium.es\/gl\/wp-json\/wp\/v2\/users\/4"}],"replies":[{"embeddable":true,"href":"https:\/\/pensium.es\/gl\/wp-json\/wp\/v2\/comments?post=12313"}],"version-history":[{"count":1,"href":"https:\/\/pensium.es\/gl\/wp-json\/wp\/v2\/posts\/12313\/revisions"}],"predecessor-version":[{"id":12314,"href":"https:\/\/pensium.es\/gl\/wp-json\/wp\/v2\/posts\/12313\/revisions\/12314"}],"wp:featuredmedia":[{"embeddable":true,"href":"https:\/\/pensium.es\/gl\/wp-json\/wp\/v2\/media\/12307"}],"wp:attachment":[{"href":"https:\/\/pensium.es\/gl\/wp-json\/wp\/v2\/media?parent=12313"}],"wp:term":[{"taxonomy":"category","embeddable":true,"href":"https:\/\/pensium.es\/gl\/wp-json\/wp\/v2\/categories?post=12313"},{"taxonomy":"post_tag","embeddable":true,"href":"https:\/\/pensium.es\/gl\/wp-json\/wp\/v2\/tags?post=12313"}],"curies":[{"name":"wp","href":"https:\/\/api.w.org\/{rel}","templated":true}]}}