{"id":12668,"date":"2022-11-07T23:46:14","date_gmt":"2022-11-07T21:46:14","guid":{"rendered":"https:\/\/pensium.es\/consejos-cuidadores-personas-demencia\/"},"modified":"2022-11-07T23:49:41","modified_gmt":"2022-11-07T21:49:41","slug":"consejos-cuidadores-personas-demencia","status":"publish","type":"post","link":"https:\/\/pensium.es\/gl\/consejos-cuidadores-personas-demencia\/","title":{"rendered":"Consejos para los cuidadores y familiares de personas con demencia"},"content":{"rendered":"\n\n<div class=\"kk-star-ratings kksr-auto kksr-align-left kksr-valign-top\"\n    data-payload='{&quot;align&quot;:&quot;left&quot;,&quot;id&quot;:&quot;12668&quot;,&quot;slug&quot;:&quot;default&quot;,&quot;valign&quot;:&quot;top&quot;,&quot;ignore&quot;:&quot;&quot;,&quot;reference&quot;:&quot;auto&quot;,&quot;class&quot;:&quot;&quot;,&quot;count&quot;:&quot;0&quot;,&quot;legendonly&quot;:&quot;&quot;,&quot;readonly&quot;:&quot;&quot;,&quot;score&quot;:&quot;0&quot;,&quot;starsonly&quot;:&quot;&quot;,&quot;best&quot;:&quot;5&quot;,&quot;gap&quot;:&quot;5&quot;,&quot;greet&quot;:&quot;Rate this post&quot;,&quot;legend&quot;:&quot;0\\\/5 - (0 votes)&quot;,&quot;size&quot;:&quot;24&quot;,&quot;title&quot;:&quot;Consejos para los cuidadores y familiares de personas con demencia&quot;,&quot;width&quot;:&quot;0&quot;,&quot;_legend&quot;:&quot;{score}\\\/{best} - ({count} {votes})&quot;,&quot;font_factor&quot;:&quot;1.25&quot;}'>\n            \n<div class=\"kksr-stars\">\n    \n<div class=\"kksr-stars-inactive\">\n            <div class=\"kksr-star\" data-star=\"1\" style=\"padding-right: 5px\">\n            \n\n<div class=\"kksr-icon\" style=\"width: 24px; height: 24px;\"><\/div>\n        <\/div>\n            <div class=\"kksr-star\" data-star=\"2\" style=\"padding-right: 5px\">\n            \n\n<div class=\"kksr-icon\" style=\"width: 24px; height: 24px;\"><\/div>\n        <\/div>\n            <div class=\"kksr-star\" data-star=\"3\" style=\"padding-right: 5px\">\n            \n\n<div class=\"kksr-icon\" style=\"width: 24px; height: 24px;\"><\/div>\n        <\/div>\n            <div class=\"kksr-star\" data-star=\"4\" style=\"padding-right: 5px\">\n            \n\n<div class=\"kksr-icon\" style=\"width: 24px; height: 24px;\"><\/div>\n        <\/div>\n            <div class=\"kksr-star\" data-star=\"5\" style=\"padding-right: 5px\">\n            \n\n<div class=\"kksr-icon\" style=\"width: 24px; height: 24px;\"><\/div>\n        <\/div>\n    <\/div>\n    \n<div class=\"kksr-stars-active\" style=\"width: 0px;\">\n            <div class=\"kksr-star\" style=\"padding-right: 5px\">\n            \n\n<div class=\"kksr-icon\" style=\"width: 24px; height: 24px;\"><\/div>\n        <\/div>\n            <div class=\"kksr-star\" style=\"padding-right: 5px\">\n            \n\n<div class=\"kksr-icon\" style=\"width: 24px; height: 24px;\"><\/div>\n        <\/div>\n            <div class=\"kksr-star\" style=\"padding-right: 5px\">\n            \n\n<div class=\"kksr-icon\" style=\"width: 24px; height: 24px;\"><\/div>\n        <\/div>\n            <div class=\"kksr-star\" style=\"padding-right: 5px\">\n            \n\n<div class=\"kksr-icon\" style=\"width: 24px; height: 24px;\"><\/div>\n        <\/div>\n            <div class=\"kksr-star\" style=\"padding-right: 5px\">\n            \n\n<div class=\"kksr-icon\" style=\"width: 24px; height: 24px;\"><\/div>\n        <\/div>\n    <\/div>\n<\/div>\n                \n\n<div class=\"kksr-legend\" style=\"font-size: 19.2px;\">\n            <span class=\"kksr-muted\">Rate this post<\/span>\n    <\/div>\n    <\/div>\n<p>La semana pasada en nuestro blog estuvimos hablando del ictus y de sus posibles secuelas en caso de no ser tratado a tiempo. En otras ocasiones hemos hablado de enfermedades como el Alzheimer, el Parkinson o la demencia vascular, todas ellas enfermedades neurodegenerativas que, en estadios avanzados, tienen importantes efectos incapacitantes en las personas que las padecen.<\/p>\n<p>Hoy, pocos d\u00edas despu\u00e9s del D\u00eda Internacional del Cuidador, queremos incidir en que detr\u00e1s de todas las personas afectadas por alguna de estas enfermedades hay al menos un cuidador que se preocupa constantemente por el bienestar de la persona enferma. Justamente por su importante labor, esta semana queremos poner el foco en ellos: los cuidadores.<\/p>\n<p>Usamos el t\u00e9rmino &#8220;cuidador&#8221; para referirnos a toda persona que brinda cuidados a otra, ya sea como familiar o amigo, o como profesional. Como hemos comentado en otras ocasiones, en Espa\u00f1a es muy habitual que el cuidado de personas dependientes recaiga en el entorno familiar, especialmente en las mujeres. En ocasiones se convive con la persona afectada y el rol se desarrolla 24 horas, 7 d\u00edas a la semana y, en otros casos, se vive en viviendas separadas y se va a prestar ayuda a la persona afectada en ciertos momentos del d\u00eda. Sea como sea, a menudo cuidar de una persona con demencia puede ser complicado y agobiante, especialmente si recae en un \u00fanico familiar. Por ello, desde Pensium siempre hemos insistido en la importancia de los <span style=\"text-decoration: underline;\"><span style=\"color: #e86322; text-decoration: underline;\"><a style=\"color: #e86322; text-decoration: underline;\" href=\"https:\/\/pensium.es\/los-cuidados-de-las-personas-cuidadoras\/\">cuidados de las personas cuidadoras<\/a><\/span><\/span> para evitar lo que se conoce como <span style=\"text-decoration: underline;\"><span style=\"color: #e86322; text-decoration: underline;\"><a style=\"color: #e86322; text-decoration: underline;\" href=\"https:\/\/pensium.es\/sindrome-cuidador-quemado-burnout\/\">s\u00edndrome del cuidador quemado<\/a> <\/span><\/span>(o s\u00edndrome Burnout).<\/p>\n<p><strong>\u00bfC\u00f3mo podemos hacer m\u00e1s f\u00e1cil el d\u00eda a d\u00eda de la persona mayor y de su cuidador?<\/strong><\/p>\n<p>Para facilitar el cuidado diario de una persona con demencia, vamos a dar algunos consejos para intentar amenizar el d\u00eda a d\u00eda, tanto de la persona que padece demencia como de aquellas quienes se hacen cargo de ella.<\/p>\n<p>Para empezar, es muy importante <strong>que el cuidador sea consciente de c\u00f3mo funciona la enfermedad y de c\u00f3mo \u00e9sta va a ir avanzando,<\/strong> anulando progresivamente las capacidades de valerse por s\u00ed mismo del afectado. Es importante tomar consciencia de que, en alg\u00fan punto del proceso, el paciente no va a poder hacer las cosas m\u00e1s b\u00e1sicas por s\u00ed solo, como por ejemplo ir al ba\u00f1o, ducharse, cambiarse, tomarse la medicaci\u00f3n\u2026 y va a ser el cuidador quien lo tenga que hacer por \u00e9l.<\/p>\n<p>Una vez informados de c\u00f3mo va a progresar la enfermedad es crucial empezar a <strong>ser muy organizados,<\/strong> pues tenemos que cuidar no solo de nosotros mismos sino de una segunda persona quien va a depender totalmente de nosotros. Es recomendable tratar de seguir una rutina diaria regular, como ba\u00f1arse, vestirse y comer a la misma hora todos los d\u00edas, para establecer un orden en la vida de ambos.<\/p>\n<p>Ayuda a la persona a crear una <strong>lista de tareas<\/strong>, anote las citas con el m\u00e9dico u otros en un cuaderno o calendario y ponlo en alg\u00fan lugar del hogar que sea visible para as\u00ed asegurar que no se olviden de ello. Si la persona necesita tomar sus medicamentos regularmente, es de muy buen uso, tener un sistema o recordatorio para recordarlo. No debemos olvidar que el paciente necesita alegr\u00eda, amabilidad y respeto, pese a que en algunas situaciones puede ser muy cansado mantener la positividad, debemos hacerlo para procurar el m\u00e1ximo bienestar de todos.<\/p>\n<p>Para terminar, recomendamos <strong>apoyarse en otros familiares o amigos,<\/strong> y no tratar de llevar a cabo todas las tareas uno solo, ya que al final va a resultar ser agotador y el paciente no va a estar a gusto con la situaci\u00f3n, cosa que puede provocar el r\u00e1pido avance de la enfermedad. Si no tiene nadie m\u00e1s con quien contar, es aconsejable valorar pedir ayuda profesional, ya sea contratando un cuidador a domicilio o valorando el ingreso del familiar en una residencia geri\u00e1trica.<\/p>\n<p>En ambos casos, es importante conocer las prestaciones y ayudas ofrecidas por la <span style=\"text-decoration: underline;\"><span style=\"color: #e86322; text-decoration: underline;\"><a style=\"color: #e86322; text-decoration: underline;\" href=\"https:\/\/pensium.es\/gl\/ley-de-dependencia-grados-y-prestaciones-economicas\/\">Ley de Dependencia<\/a><\/span><\/span>, as\u00ed como la posibilidad de hacer frente a los costes de ingreso en una residencia privada con el <span style=\"text-decoration: underline;\"><span style=\"color: #e86322; text-decoration: underline;\"><a style=\"color: #e86322; text-decoration: underline;\" href=\"https:\/\/pensium.es\/gl\/como-funciona\/\">Programa Pensium<\/a> <\/span><\/span>mientras no se accede a una plaza p\u00fablica.<\/p>\n","protected":false},"excerpt":{"rendered":"<p>La semana pasada en nuestro blog estuvimos hablando del ictus y de sus posibles secuelas en caso de no ser tratado a tiempo. En otras ocasiones hemos hablado de enfermedades como el Alzheimer, el Parkinson o la demencia vascular, todas ellas enfermedades neurodegenerativas que, en estadios avanzados, tienen importantes efectos incapacitantes en las personas que &#8230; <a class=\"excerpt-readmore\" href=\"https:\/\/pensium.es\/gl\/consejos-cuidadores-personas-demencia\/\">Read More<\/a><\/p>\n","protected":false},"author":4,"featured_media":12662,"comment_status":"open","ping_status":"closed","sticky":false,"template":"","format":"standard","meta":{"footnotes":""},"categories":[318,316,324],"tags":[],"class_list":["post-12668","post","type-post","status-publish","format-standard","has-post-thumbnail","hentry","category-dependencia-gl","category-enfermidades-neurodexenerativas","category-xeral"],"yoast_head":"<!-- This site is optimized with the Yoast SEO plugin v27.3 - https:\/\/yoast.com\/product\/yoast-seo-wordpress\/ -->\n<title>Consejos para cuidadores de personas con demencia<\/title>\n<meta name=\"robots\" content=\"index, follow, max-snippet:-1, max-image-preview:large, max-video-preview:-1\" \/>\n<link rel=\"canonical\" href=\"https:\/\/pensium.es\/gl\/consejos-cuidadores-personas-demencia\/\" \/>\n<meta property=\"og:locale\" content=\"gl_ES\" \/>\n<meta property=\"og:type\" content=\"article\" \/>\n<meta property=\"og:title\" content=\"Consejos para cuidadores de personas con demencia\" \/>\n<meta property=\"og:description\" content=\"La semana pasada en nuestro blog estuvimos hablando del ictus y de sus posibles secuelas en caso de no ser tratado a tiempo. En otras ocasiones hemos hablado de enfermedades como el Alzheimer, el Parkinson o la demencia vascular, todas ellas enfermedades neurodegenerativas que, en estadios avanzados, tienen importantes efectos incapacitantes en las personas que ... Read More\" \/>\n<meta property=\"og:url\" content=\"https:\/\/pensium.es\/consejos-cuidadores-personas-demencia\/\" \/>\n<meta property=\"og:site_name\" content=\"Pensium\" \/>\n<meta property=\"article:publisher\" content=\"https:\/\/www.facebook.com\/pensium.es\/\" \/>\n<meta property=\"article:published_time\" content=\"2022-11-07T21:46:14+00:00\" \/>\n<meta property=\"article:modified_time\" content=\"2022-11-07T21:49:41+00:00\" \/>\n<meta property=\"og:image\" content=\"https:\/\/pensium.es\/wp-content\/uploads\/2022\/11\/cuidadores.png\" \/>\n\t<meta property=\"og:image:width\" content=\"945\" \/>\n\t<meta property=\"og:image:height\" content=\"454\" \/>\n\t<meta property=\"og:image:type\" content=\"image\/png\" \/>\n<meta name=\"author\" content=\"Pensium\" \/>\n<meta name=\"twitter:card\" content=\"summary_large_image\" \/>\n<meta name=\"twitter:label1\" content=\"Escrito por\" \/>\n\t<meta name=\"twitter:data1\" content=\"Pensium\" \/>\n\t<meta name=\"twitter:label2\" content=\"Tempo de lectura\" \/>\n\t<meta name=\"twitter:data2\" content=\"4 minutos\" \/>\n<script type=\"application\/ld+json\" class=\"yoast-schema-graph\">{\"@context\":\"https:\\\/\\\/schema.org\",\"@graph\":[{\"@type\":\"Article\",\"@id\":\"https:\\\/\\\/pensium.es\\\/consejos-cuidadores-personas-demencia\\\/#article\",\"isPartOf\":{\"@id\":\"https:\\\/\\\/pensium.es\\\/gl\\\/consejos-cuidadores-personas-demencia\\\/\"},\"author\":{\"name\":\"Pensium\",\"@id\":\"https:\\\/\\\/pensium.es\\\/gl\\\/#\\\/schema\\\/person\\\/3b2c54086c781c3b9d4903a784f4049f\"},\"headline\":\"Consejos para los cuidadores y familiares de personas con demencia\",\"datePublished\":\"2022-11-07T21:46:14+00:00\",\"dateModified\":\"2022-11-07T21:49:41+00:00\",\"mainEntityOfPage\":{\"@id\":\"https:\\\/\\\/pensium.es\\\/gl\\\/consejos-cuidadores-personas-demencia\\\/\"},\"wordCount\":731,\"commentCount\":0,\"image\":{\"@id\":\"https:\\\/\\\/pensium.es\\\/consejos-cuidadores-personas-demencia\\\/#primaryimage\"},\"thumbnailUrl\":\"https:\\\/\\\/pensium.es\\\/wp-content\\\/uploads\\\/2022\\\/11\\\/cuidadores.png\",\"articleSection\":[\"Dependencia\",\"Enfermidades neurodexenerativas\",\"Xeral\"],\"inLanguage\":\"gl-ES\",\"potentialAction\":[{\"@type\":\"CommentAction\",\"name\":\"Comment\",\"target\":[\"https:\\\/\\\/pensium.es\\\/consejos-cuidadores-personas-demencia\\\/#respond\"]}]},{\"@type\":\"WebPage\",\"@id\":\"https:\\\/\\\/pensium.es\\\/gl\\\/consejos-cuidadores-personas-demencia\\\/\",\"url\":\"https:\\\/\\\/pensium.es\\\/consejos-cuidadores-personas-demencia\\\/\",\"name\":\"Consejos para cuidadores de personas con demencia\",\"isPartOf\":{\"@id\":\"https:\\\/\\\/pensium.es\\\/gl\\\/#website\"},\"primaryImageOfPage\":{\"@id\":\"https:\\\/\\\/pensium.es\\\/consejos-cuidadores-personas-demencia\\\/#primaryimage\"},\"image\":{\"@id\":\"https:\\\/\\\/pensium.es\\\/consejos-cuidadores-personas-demencia\\\/#primaryimage\"},\"thumbnailUrl\":\"https:\\\/\\\/pensium.es\\\/wp-content\\\/uploads\\\/2022\\\/11\\\/cuidadores.png\",\"datePublished\":\"2022-11-07T21:46:14+00:00\",\"dateModified\":\"2022-11-07T21:49:41+00:00\",\"author\":{\"@id\":\"https:\\\/\\\/pensium.es\\\/gl\\\/#\\\/schema\\\/person\\\/3b2c54086c781c3b9d4903a784f4049f\"},\"breadcrumb\":{\"@id\":\"https:\\\/\\\/pensium.es\\\/consejos-cuidadores-personas-demencia\\\/#breadcrumb\"},\"inLanguage\":\"gl-ES\",\"potentialAction\":[{\"@type\":\"ReadAction\",\"target\":[\"https:\\\/\\\/pensium.es\\\/consejos-cuidadores-personas-demencia\\\/\"]}]},{\"@type\":\"ImageObject\",\"inLanguage\":\"gl-ES\",\"@id\":\"https:\\\/\\\/pensium.es\\\/consejos-cuidadores-personas-demencia\\\/#primaryimage\",\"url\":\"https:\\\/\\\/pensium.es\\\/wp-content\\\/uploads\\\/2022\\\/11\\\/cuidadores.png\",\"contentUrl\":\"https:\\\/\\\/pensium.es\\\/wp-content\\\/uploads\\\/2022\\\/11\\\/cuidadores.png\",\"width\":945,\"height\":454,\"caption\":\"cuidadores de personas con demencia\"},{\"@type\":\"BreadcrumbList\",\"@id\":\"https:\\\/\\\/pensium.es\\\/consejos-cuidadores-personas-demencia\\\/#breadcrumb\",\"itemListElement\":[{\"@type\":\"ListItem\",\"position\":1,\"name\":\"Inicio\",\"item\":\"https:\\\/\\\/pensium.es\\\/gl\\\/\"},{\"@type\":\"ListItem\",\"position\":2,\"name\":\"Consejos para los cuidadores y familiares de personas con demencia\"}]},{\"@type\":\"WebSite\",\"@id\":\"https:\\\/\\\/pensium.es\\\/gl\\\/#website\",\"url\":\"https:\\\/\\\/pensium.es\\\/gl\\\/\",\"name\":\"Pensium\",\"description\":\"Pagar a residencia de maiores co pago anticipado do alugueiro\",\"potentialAction\":[{\"@type\":\"SearchAction\",\"target\":{\"@type\":\"EntryPoint\",\"urlTemplate\":\"https:\\\/\\\/pensium.es\\\/gl\\\/?s={search_term_string}\"},\"query-input\":{\"@type\":\"PropertyValueSpecification\",\"valueRequired\":true,\"valueName\":\"search_term_string\"}}],\"inLanguage\":\"gl-ES\"},{\"@type\":\"Person\",\"@id\":\"https:\\\/\\\/pensium.es\\\/gl\\\/#\\\/schema\\\/person\\\/3b2c54086c781c3b9d4903a784f4049f\",\"name\":\"Pensium\",\"image\":{\"@type\":\"ImageObject\",\"inLanguage\":\"gl-ES\",\"@id\":\"https:\\\/\\\/secure.gravatar.com\\\/avatar\\\/676b3457f9f57981f28982fb1f950341359281c6cba0f3f7366cd94ca4f532bd?s=96&d=mm&r=g\",\"url\":\"https:\\\/\\\/secure.gravatar.com\\\/avatar\\\/676b3457f9f57981f28982fb1f950341359281c6cba0f3f7366cd94ca4f532bd?s=96&d=mm&r=g\",\"contentUrl\":\"https:\\\/\\\/secure.gravatar.com\\\/avatar\\\/676b3457f9f57981f28982fb1f950341359281c6cba0f3f7366cd94ca4f532bd?s=96&d=mm&r=g\",\"caption\":\"Pensium\"},\"url\":\"https:\\\/\\\/pensium.es\\\/gl\\\/author\\\/pensium-2\\\/\"}]}<\/script>\n<!-- \/ Yoast SEO plugin. -->","yoast_head_json":{"title":"Consejos para cuidadores de personas con demencia","robots":{"index":"index","follow":"follow","max-snippet":"max-snippet:-1","max-image-preview":"max-image-preview:large","max-video-preview":"max-video-preview:-1"},"canonical":"https:\/\/pensium.es\/gl\/consejos-cuidadores-personas-demencia\/","og_locale":"gl_ES","og_type":"article","og_title":"Consejos para cuidadores de personas con demencia","og_description":"La semana pasada en nuestro blog estuvimos hablando del ictus y de sus posibles secuelas en caso de no ser tratado a tiempo. En otras ocasiones hemos hablado de enfermedades como el Alzheimer, el Parkinson o la demencia vascular, todas ellas enfermedades neurodegenerativas que, en estadios avanzados, tienen importantes efectos incapacitantes en las personas que ... Read More","og_url":"https:\/\/pensium.es\/consejos-cuidadores-personas-demencia\/","og_site_name":"Pensium","article_publisher":"https:\/\/www.facebook.com\/pensium.es\/","article_published_time":"2022-11-07T21:46:14+00:00","article_modified_time":"2022-11-07T21:49:41+00:00","og_image":[{"width":945,"height":454,"url":"https:\/\/pensium.es\/wp-content\/uploads\/2022\/11\/cuidadores.png","type":"image\/png"}],"author":"Pensium","twitter_card":"summary_large_image","twitter_misc":{"Escrito por":"Pensium","Tempo de lectura":"4 minutos"},"schema":{"@context":"https:\/\/schema.org","@graph":[{"@type":"Article","@id":"https:\/\/pensium.es\/consejos-cuidadores-personas-demencia\/#article","isPartOf":{"@id":"https:\/\/pensium.es\/gl\/consejos-cuidadores-personas-demencia\/"},"author":{"name":"Pensium","@id":"https:\/\/pensium.es\/gl\/#\/schema\/person\/3b2c54086c781c3b9d4903a784f4049f"},"headline":"Consejos para los cuidadores y familiares de personas con demencia","datePublished":"2022-11-07T21:46:14+00:00","dateModified":"2022-11-07T21:49:41+00:00","mainEntityOfPage":{"@id":"https:\/\/pensium.es\/gl\/consejos-cuidadores-personas-demencia\/"},"wordCount":731,"commentCount":0,"image":{"@id":"https:\/\/pensium.es\/consejos-cuidadores-personas-demencia\/#primaryimage"},"thumbnailUrl":"https:\/\/pensium.es\/wp-content\/uploads\/2022\/11\/cuidadores.png","articleSection":["Dependencia","Enfermidades neurodexenerativas","Xeral"],"inLanguage":"gl-ES","potentialAction":[{"@type":"CommentAction","name":"Comment","target":["https:\/\/pensium.es\/consejos-cuidadores-personas-demencia\/#respond"]}]},{"@type":"WebPage","@id":"https:\/\/pensium.es\/gl\/consejos-cuidadores-personas-demencia\/","url":"https:\/\/pensium.es\/consejos-cuidadores-personas-demencia\/","name":"Consejos para cuidadores de personas con demencia","isPartOf":{"@id":"https:\/\/pensium.es\/gl\/#website"},"primaryImageOfPage":{"@id":"https:\/\/pensium.es\/consejos-cuidadores-personas-demencia\/#primaryimage"},"image":{"@id":"https:\/\/pensium.es\/consejos-cuidadores-personas-demencia\/#primaryimage"},"thumbnailUrl":"https:\/\/pensium.es\/wp-content\/uploads\/2022\/11\/cuidadores.png","datePublished":"2022-11-07T21:46:14+00:00","dateModified":"2022-11-07T21:49:41+00:00","author":{"@id":"https:\/\/pensium.es\/gl\/#\/schema\/person\/3b2c54086c781c3b9d4903a784f4049f"},"breadcrumb":{"@id":"https:\/\/pensium.es\/consejos-cuidadores-personas-demencia\/#breadcrumb"},"inLanguage":"gl-ES","potentialAction":[{"@type":"ReadAction","target":["https:\/\/pensium.es\/consejos-cuidadores-personas-demencia\/"]}]},{"@type":"ImageObject","inLanguage":"gl-ES","@id":"https:\/\/pensium.es\/consejos-cuidadores-personas-demencia\/#primaryimage","url":"https:\/\/pensium.es\/wp-content\/uploads\/2022\/11\/cuidadores.png","contentUrl":"https:\/\/pensium.es\/wp-content\/uploads\/2022\/11\/cuidadores.png","width":945,"height":454,"caption":"cuidadores de personas con demencia"},{"@type":"BreadcrumbList","@id":"https:\/\/pensium.es\/consejos-cuidadores-personas-demencia\/#breadcrumb","itemListElement":[{"@type":"ListItem","position":1,"name":"Inicio","item":"https:\/\/pensium.es\/gl\/"},{"@type":"ListItem","position":2,"name":"Consejos para los cuidadores y familiares de personas con demencia"}]},{"@type":"WebSite","@id":"https:\/\/pensium.es\/gl\/#website","url":"https:\/\/pensium.es\/gl\/","name":"Pensium","description":"Pagar a residencia de maiores co pago anticipado do alugueiro","potentialAction":[{"@type":"SearchAction","target":{"@type":"EntryPoint","urlTemplate":"https:\/\/pensium.es\/gl\/?s={search_term_string}"},"query-input":{"@type":"PropertyValueSpecification","valueRequired":true,"valueName":"search_term_string"}}],"inLanguage":"gl-ES"},{"@type":"Person","@id":"https:\/\/pensium.es\/gl\/#\/schema\/person\/3b2c54086c781c3b9d4903a784f4049f","name":"Pensium","image":{"@type":"ImageObject","inLanguage":"gl-ES","@id":"https:\/\/secure.gravatar.com\/avatar\/676b3457f9f57981f28982fb1f950341359281c6cba0f3f7366cd94ca4f532bd?s=96&d=mm&r=g","url":"https:\/\/secure.gravatar.com\/avatar\/676b3457f9f57981f28982fb1f950341359281c6cba0f3f7366cd94ca4f532bd?s=96&d=mm&r=g","contentUrl":"https:\/\/secure.gravatar.com\/avatar\/676b3457f9f57981f28982fb1f950341359281c6cba0f3f7366cd94ca4f532bd?s=96&d=mm&r=g","caption":"Pensium"},"url":"https:\/\/pensium.es\/gl\/author\/pensium-2\/"}]}},"_links":{"self":[{"href":"https:\/\/pensium.es\/gl\/wp-json\/wp\/v2\/posts\/12668","targetHints":{"allow":["GET"]}}],"collection":[{"href":"https:\/\/pensium.es\/gl\/wp-json\/wp\/v2\/posts"}],"about":[{"href":"https:\/\/pensium.es\/gl\/wp-json\/wp\/v2\/types\/post"}],"author":[{"embeddable":true,"href":"https:\/\/pensium.es\/gl\/wp-json\/wp\/v2\/users\/4"}],"replies":[{"embeddable":true,"href":"https:\/\/pensium.es\/gl\/wp-json\/wp\/v2\/comments?post=12668"}],"version-history":[{"count":1,"href":"https:\/\/pensium.es\/gl\/wp-json\/wp\/v2\/posts\/12668\/revisions"}],"predecessor-version":[{"id":12669,"href":"https:\/\/pensium.es\/gl\/wp-json\/wp\/v2\/posts\/12668\/revisions\/12669"}],"wp:featuredmedia":[{"embeddable":true,"href":"https:\/\/pensium.es\/gl\/wp-json\/wp\/v2\/media\/12662"}],"wp:attachment":[{"href":"https:\/\/pensium.es\/gl\/wp-json\/wp\/v2\/media?parent=12668"}],"wp:term":[{"taxonomy":"category","embeddable":true,"href":"https:\/\/pensium.es\/gl\/wp-json\/wp\/v2\/categories?post=12668"},{"taxonomy":"post_tag","embeddable":true,"href":"https:\/\/pensium.es\/gl\/wp-json\/wp\/v2\/tags?post=12668"}],"curies":[{"name":"wp","href":"https:\/\/api.w.org\/{rel}","templated":true}]}}