{"id":12876,"date":"2022-11-29T16:57:03","date_gmt":"2022-11-29T14:57:03","guid":{"rendered":"https:\/\/pensium.es\/sostenibilidad-y-objetivos-de-desarrollo-sostenible-ods-en-el-sector-asistencial\/"},"modified":"2022-11-29T16:59:57","modified_gmt":"2022-11-29T14:59:57","slug":"sostenibilidad-y-objetivos-de-desarrollo-sostenible-ods-en-el-sector-asistencial","status":"publish","type":"post","link":"https:\/\/pensium.es\/gl\/sostenibilidad-y-objetivos-de-desarrollo-sostenible-ods-en-el-sector-asistencial\/","title":{"rendered":"Sostenibilidad y Objetivos de Desarrollo Sostenible (ODS) en el sector asistencial"},"content":{"rendered":"\n\n<div class=\"kk-star-ratings kksr-auto kksr-align-left kksr-valign-top\"\n    data-payload='{&quot;align&quot;:&quot;left&quot;,&quot;id&quot;:&quot;12876&quot;,&quot;slug&quot;:&quot;default&quot;,&quot;valign&quot;:&quot;top&quot;,&quot;ignore&quot;:&quot;&quot;,&quot;reference&quot;:&quot;auto&quot;,&quot;class&quot;:&quot;&quot;,&quot;count&quot;:&quot;0&quot;,&quot;legendonly&quot;:&quot;&quot;,&quot;readonly&quot;:&quot;&quot;,&quot;score&quot;:&quot;0&quot;,&quot;starsonly&quot;:&quot;&quot;,&quot;best&quot;:&quot;5&quot;,&quot;gap&quot;:&quot;5&quot;,&quot;greet&quot;:&quot;Rate this post&quot;,&quot;legend&quot;:&quot;0\\\/5 - (0 votes)&quot;,&quot;size&quot;:&quot;24&quot;,&quot;title&quot;:&quot;Sostenibilidad y Objetivos de Desarrollo Sostenible (ODS) en el sector asistencial&quot;,&quot;width&quot;:&quot;0&quot;,&quot;_legend&quot;:&quot;{score}\\\/{best} - ({count} {votes})&quot;,&quot;font_factor&quot;:&quot;1.25&quot;}'>\n            \n<div class=\"kksr-stars\">\n    \n<div class=\"kksr-stars-inactive\">\n            <div class=\"kksr-star\" data-star=\"1\" style=\"padding-right: 5px\">\n            \n\n<div class=\"kksr-icon\" style=\"width: 24px; height: 24px;\"><\/div>\n        <\/div>\n            <div class=\"kksr-star\" data-star=\"2\" style=\"padding-right: 5px\">\n            \n\n<div class=\"kksr-icon\" style=\"width: 24px; height: 24px;\"><\/div>\n        <\/div>\n            <div class=\"kksr-star\" data-star=\"3\" style=\"padding-right: 5px\">\n            \n\n<div class=\"kksr-icon\" style=\"width: 24px; height: 24px;\"><\/div>\n        <\/div>\n            <div class=\"kksr-star\" data-star=\"4\" style=\"padding-right: 5px\">\n            \n\n<div class=\"kksr-icon\" style=\"width: 24px; height: 24px;\"><\/div>\n        <\/div>\n            <div class=\"kksr-star\" data-star=\"5\" style=\"padding-right: 5px\">\n            \n\n<div class=\"kksr-icon\" style=\"width: 24px; height: 24px;\"><\/div>\n        <\/div>\n    <\/div>\n    \n<div class=\"kksr-stars-active\" style=\"width: 0px;\">\n            <div class=\"kksr-star\" style=\"padding-right: 5px\">\n            \n\n<div class=\"kksr-icon\" style=\"width: 24px; height: 24px;\"><\/div>\n        <\/div>\n            <div class=\"kksr-star\" style=\"padding-right: 5px\">\n            \n\n<div class=\"kksr-icon\" style=\"width: 24px; height: 24px;\"><\/div>\n        <\/div>\n            <div class=\"kksr-star\" style=\"padding-right: 5px\">\n            \n\n<div class=\"kksr-icon\" style=\"width: 24px; height: 24px;\"><\/div>\n        <\/div>\n            <div class=\"kksr-star\" style=\"padding-right: 5px\">\n            \n\n<div class=\"kksr-icon\" style=\"width: 24px; height: 24px;\"><\/div>\n        <\/div>\n            <div class=\"kksr-star\" style=\"padding-right: 5px\">\n            \n\n<div class=\"kksr-icon\" style=\"width: 24px; height: 24px;\"><\/div>\n        <\/div>\n    <\/div>\n<\/div>\n                \n\n<div class=\"kksr-legend\" style=\"font-size: 19.2px;\">\n            <span class=\"kksr-muted\">Rate this post<\/span>\n    <\/div>\n    <\/div>\n<h2><span style=\"color: #e86322;\"><strong>Qu\u00e9 son los ODS\u2019s?<\/strong><\/span><\/h2>\n<p>Los Objetivos de Desarrollo Sostenible, tambi\u00e9n conocidos como <strong>Objetivos Globales<\/strong>, tienen su origen en el a\u00f1o 2015 con la aprobaci\u00f3n de la ONU de diecisiete puntos relacionados con la <strong>eliminaci\u00f3n de la pobreza<\/strong> y <strong>la protecci\u00f3n del planeta<\/strong>, con horizonte temporal fijado para el 2030 como fecha prevista para su revisi\u00f3n y consecuci\u00f3n.<\/p>\n<p>Los esfuerzos a nivel global de los ODS\u2019s se centran en combatir el cambio clim\u00e1tico, mejorar la educaci\u00f3n, optimizar el dise\u00f1o de las ciudades con criterios relacionados con la sostenibilidad, reivindicar la igualdad de la mujer, la defensa del medio ambiente y la eliminaci\u00f3n de la pobreza, entre otros. Es importante que la sociedad en su conjunto colabore para el desarrollo y la consecuci\u00f3n de los ODS\u2019s potenciando las siguientes \u00e1reas: la creatividad, el conocimiento, la tecnolog\u00eda y los recursos financieros, que tienen que servir como motor de transformaci\u00f3n para la consecuci\u00f3n de los objetivos fijados.<\/p>\n<p>El cumplimiento de los Objetivos de Desarrollo Sostenible no tiene obligatoriedad jur\u00eddica, pero los gobiernos de los diferentes pa\u00edses son conscientes de la necesidad de que se impliquen en su consecuci\u00f3n a trav\u00e9s del seguimiento de un protocolo para identificar los logros conseguidos y el nivel de avance en las diferentes \u00e1reas de trabajo.<\/p>\n<h2><span style=\"color: #e86322;\"><strong>Los ODS\u2019s en el contexto del sector asistencial <\/strong><\/span><\/h2>\n<p>La prestaci\u00f3n de servicios de atenci\u00f3n a las personas mayores est\u00e1 estrechamente relacionada con los conceptos de sostenibilidad y Responsabilidad Social Empresarial. Como primera iniciativa, la <span style=\"text-decoration: underline;\"><span style=\"color: #e86322; text-decoration: underline;\"><a style=\"color: #e86322; text-decoration: underline;\" href=\"https:\/\/www.edad-vida.org\/\">Fundaci\u00f3n Edad&amp;Vida<\/a> <\/span><\/span>ha publicado una Gu\u00eda de Buenas Pr\u00e1cticas para la integraci\u00f3n de la RSE (Responsabilidad Social Empresarial) y los ODS de Naciones Unidas en el sector de servicios de atenci\u00f3n a personas mayores. Este documento sirve como marco referencial para la consecuci\u00f3n de los objetivos marcados en la agenda sobre sostenibilidad para el pr\u00f3ximo a\u00f1o 2030.<\/p>\n<h2><span style=\"color: #e86322;\"><strong>Mejoras del sector asistencial a trav\u00e9s de los ODS\u2019s<\/strong><\/span><\/h2>\n<p>El envejecimiento de la poblaci\u00f3n es un factor cr\u00edtico que ha modificado el segmento de los cuidados asistenciales, requiriendo soluciones innovadoras para dar respuesta a ese incremento de masa poblacional que necesitar\u00e1 respuestas r\u00e1pidas y eficaces.<\/p>\n<p>A trav\u00e9s de los ODS\u2019s se puede dar soluci\u00f3n a diferentes problem\u00e1ticas en el sector, ofreciendo servicios de mayor calidad, fomentando el di\u00e1logo y la corresponsabilidad con los diferentes agentes p\u00fablicos, la sociedad y los operadores, para generar soluciones innovadoras que generen sinergias entre los diferentes stakeholders.<\/p>\n<p>La gu\u00eda propuesta por la <span style=\"text-decoration: underline;\"><span style=\"color: #e86322;\"><a style=\"color: #e86322; text-decoration: underline;\" href=\"https:\/\/www.edad-vida.org\/\">Fundaci\u00f3n Edad&amp;Vida<\/a><\/span><\/span> ofrece unas pautas a seguir para las buenas pr\u00e1cticas para los centros que ya han iniciado el proceso de implementaci\u00f3n de los ODS\u2019s, as\u00ed como una lista de procesos que pueden mejorar la gesti\u00f3n de los centros que todav\u00eda no se han iniciado en este proceso.<\/p>\n<h2><span style=\"color: #e86322;\"><strong>Diferentes \u00e1reas de implementaci\u00f3n de los Objetivos de Desarrollo Sostenible en los centros sociosanitarios y asistenciales<\/strong><\/span><\/h2>\n<ol>\n<li><strong>Alimentaci\u00f3n<\/strong><\/li>\n<\/ol>\n<ul>\n<li>Disponibilidad de productos m\u00e1s exclusivos y personalizaci\u00f3n de oferta para personas mayores<\/li>\n<li>Erradicaci\u00f3n del desperdicio y excedentes alimentarios, para un mejor reparto de recursos<\/li>\n<li>Incremento de la sostenibilidad en productos alimenticios: innovaci\u00f3n para la mejora de las propiedades de los productos, reducci\u00f3n de costes en el transporte y mejora de los formatos y packaging para una mayor adecuaci\u00f3n al segmento de personas mayores.<\/li>\n<\/ul>\n<ol start=\"2\">\n<li><strong>Construcci\u00f3n y energ\u00eda <\/strong><\/li>\n<\/ol>\n<ul>\n<li>Mejora de la accesibilidad en edificios eliminando barreras arquitect\u00f3nicas y fomento del reciclaje de materiales para una mayor sostenibilidad.<\/li>\n<li>Mayor eficiencia energ\u00e9tica en la construcci\u00f3n de las nuevas residencias y centros de mayores y revisi\u00f3n de las caracter\u00edsticas de las ya existentes.<\/li>\n<li>Fomento del uso de materiales m\u00e1s ecol\u00f3gicos<\/li>\n<li>Uso de tecnolog\u00edas renovables y uso de modelos basados en la econom\u00eda circular<\/li>\n<\/ul>\n<ol start=\"3\">\n<li><strong>\u00c1mbito sanitario<\/strong><\/li>\n<\/ol>\n<ul>\n<li>Incrementar la colaboraci\u00f3n entre el sector p\u00fablico y el sector privado<\/li>\n<li>Innovaci\u00f3n en el estudio de nuevos f\u00e1rmacos que disminuyan el impacto del envejecimiento de la poblaci\u00f3n<\/li>\n<li>Uso de nuevas tecnolog\u00edas que mejoren el control y monitorizaci\u00f3n de los pacientes<\/li>\n<li>Mejora en la capacitaci\u00f3n y formaci\u00f3n en los procesos de cuidados para las personas mayores y desarrollo de nuevos programas de educaci\u00f3n de la salud y prevenci\u00f3n de enfermedades asociadas al envejecimiento<\/li>\n<\/ul>\n<ol start=\"4\">\n<li><strong>Hoja de ruta para la implementaci\u00f3n de los ODS\u2019s <\/strong><\/li>\n<\/ol>\n<p><span style=\"text-decoration: underline;\"><span style=\"color: #e86322;\"><a style=\"color: #e86322; text-decoration: underline;\" href=\"https:\/\/www.edad-vida.org\/wp-content\/uploads\/2018\/02\/Gu%C3%ADa-Buenas-Pr%C3%A1cticas-integraci%C3%B3n-RSE-y-ODS-en-sector-Servicios-de-atenci%C3%B3n-a-personas-mayores.pdf\">La Gu\u00eda de Buenas Pr\u00e1cticas de la Fundaci\u00f3n Edad&amp;Vida<\/a><\/span><\/span> es la hoja de ruta para la implementaci\u00f3n de los Objetivos de Desarrollo Sostenible, fijando como requisitos indispensables para la consecuci\u00f3n de los Objetivos de Desarrollo Sostenible dos aspectos fundamentales relacionados directamente con los principales agentes del sector:<\/p>\n<p><strong>Interacci\u00f3n con los principales Grupos de inter\u00e9s: <\/strong>Los centros residenciales deben identificar a los grupos de inter\u00e9s de su organizaci\u00f3n (empleados, usuarios y familias, proveedores, entorno social, etc.), para desarrollar una estrategia de comunicaci\u00f3n que responda a sus necesidades de la mejor forma posible.<\/p>\n<p><strong>Implicaci\u00f3n de la direcci\u00f3n<\/strong>. La alta direcci\u00f3n y\/o propiedad de los centros asistenciales deben estar comprometidos en la integraci\u00f3n de la Responsabilidad Social Empresarial y la sostenibilidad como objetivo estrat\u00e9gico de la empresa. Si no fuera as\u00ed, deber\u00eda iniciarse un proceso interno para la identificaci\u00f3n y evaluaci\u00f3n de los posibles insights positivos de la RSE en el d\u00eda a d\u00eda de la gesti\u00f3n empresarial.<\/p>\n<p>Pensium apoya a trav\u00e9s del desarrollo de su actividad y la relaci\u00f3n con sus stakeholders las pautas establecidas en los Objetivos de Desarrollo Sostenible. Puedes consultar otras publicaciones de nuestro blog relacionadas con la sostenibilidad <span style=\"text-decoration: underline;\"><span style=\"color: #e86322;\"><a style=\"color: #e86322; text-decoration: underline;\" href=\"https:\/\/pensium.es\/empresa-socialmente-responsable\/\">aqu\u00ed.<\/a><\/span><\/span><\/p>\n","protected":false},"excerpt":{"rendered":"<p>Qu\u00e9 son los ODS\u2019s? Los Objetivos de Desarrollo Sostenible, tambi\u00e9n conocidos como Objetivos Globales, tienen su origen en el a\u00f1o 2015 con la aprobaci\u00f3n de la ONU de diecisiete puntos relacionados con la eliminaci\u00f3n de la pobreza y la protecci\u00f3n del planeta, con horizonte temporal fijado para el 2030 como fecha prevista para su revisi\u00f3n &#8230; <a class=\"excerpt-readmore\" href=\"https:\/\/pensium.es\/gl\/sostenibilidad-y-objetivos-de-desarrollo-sostenible-ods-en-el-sector-asistencial\/\">Read More<\/a><\/p>\n","protected":false},"author":4,"featured_media":12871,"comment_status":"open","ping_status":"closed","sticky":false,"template":"","format":"standard","meta":{"footnotes":""},"categories":[324],"tags":[],"class_list":["post-12876","post","type-post","status-publish","format-standard","has-post-thumbnail","hentry","category-xeral"],"yoast_head":"<!-- This site is optimized with the Yoast SEO plugin v27.3 - https:\/\/yoast.com\/product\/yoast-seo-wordpress\/ -->\n<title>ODS en el sector asistencial<\/title>\n<meta name=\"robots\" content=\"index, follow, max-snippet:-1, max-image-preview:large, max-video-preview:-1\" \/>\n<link rel=\"canonical\" href=\"https:\/\/pensium.es\/gl\/sostenibilidad-y-objetivos-de-desarrollo-sostenible-ods-en-el-sector-asistencial\/\" \/>\n<meta property=\"og:locale\" content=\"gl_ES\" \/>\n<meta property=\"og:type\" content=\"article\" \/>\n<meta property=\"og:title\" content=\"ODS en el sector asistencial\" \/>\n<meta property=\"og:description\" content=\"Qu\u00e9 son los ODS\u2019s? Los Objetivos de Desarrollo Sostenible, tambi\u00e9n conocidos como Objetivos Globales, tienen su origen en el a\u00f1o 2015 con la aprobaci\u00f3n de la ONU de diecisiete puntos relacionados con la eliminaci\u00f3n de la pobreza y la protecci\u00f3n del planeta, con horizonte temporal fijado para el 2030 como fecha prevista para su revisi\u00f3n ... Read More\" \/>\n<meta property=\"og:url\" content=\"https:\/\/pensium.es\/sostenibilidad-y-objetivos-de-desarrollo-sostenible-ods-en-el-sector-asistencial\/\" \/>\n<meta property=\"og:site_name\" content=\"Pensium\" \/>\n<meta property=\"article:publisher\" content=\"https:\/\/www.facebook.com\/pensium.es\/\" \/>\n<meta property=\"article:published_time\" content=\"2022-11-29T14:57:03+00:00\" \/>\n<meta property=\"article:modified_time\" content=\"2022-11-29T14:59:57+00:00\" \/>\n<meta property=\"og:image\" content=\"https:\/\/pensium.es\/wp-content\/uploads\/2022\/11\/ODS-cast.png\" \/>\n\t<meta property=\"og:image:width\" content=\"945\" \/>\n\t<meta property=\"og:image:height\" content=\"447\" \/>\n\t<meta property=\"og:image:type\" content=\"image\/png\" \/>\n<meta name=\"author\" content=\"Pensium\" \/>\n<meta name=\"twitter:card\" content=\"summary_large_image\" \/>\n<meta name=\"twitter:label1\" content=\"Escrito por\" \/>\n\t<meta name=\"twitter:data1\" content=\"Pensium\" \/>\n\t<meta name=\"twitter:label2\" content=\"Tempo de lectura\" \/>\n\t<meta name=\"twitter:data2\" content=\"5 minutos\" \/>\n<script type=\"application\/ld+json\" class=\"yoast-schema-graph\">{\"@context\":\"https:\\\/\\\/schema.org\",\"@graph\":[{\"@type\":\"Article\",\"@id\":\"https:\\\/\\\/pensium.es\\\/sostenibilidad-y-objetivos-de-desarrollo-sostenible-ods-en-el-sector-asistencial\\\/#article\",\"isPartOf\":{\"@id\":\"https:\\\/\\\/pensium.es\\\/gl\\\/sostenibilidad-y-objetivos-de-desarrollo-sostenible-ods-en-el-sector-asistencial\\\/\"},\"author\":{\"name\":\"Pensium\",\"@id\":\"https:\\\/\\\/pensium.es\\\/gl\\\/#\\\/schema\\\/person\\\/3b2c54086c781c3b9d4903a784f4049f\"},\"headline\":\"Sostenibilidad y Objetivos de Desarrollo Sostenible (ODS) en el sector asistencial\",\"datePublished\":\"2022-11-29T14:57:03+00:00\",\"dateModified\":\"2022-11-29T14:59:57+00:00\",\"mainEntityOfPage\":{\"@id\":\"https:\\\/\\\/pensium.es\\\/gl\\\/sostenibilidad-y-objetivos-de-desarrollo-sostenible-ods-en-el-sector-asistencial\\\/\"},\"wordCount\":983,\"commentCount\":0,\"image\":{\"@id\":\"https:\\\/\\\/pensium.es\\\/sostenibilidad-y-objetivos-de-desarrollo-sostenible-ods-en-el-sector-asistencial\\\/#primaryimage\"},\"thumbnailUrl\":\"https:\\\/\\\/pensium.es\\\/wp-content\\\/uploads\\\/2022\\\/11\\\/ODS-cast.png\",\"articleSection\":[\"Xeral\"],\"inLanguage\":\"gl-ES\",\"potentialAction\":[{\"@type\":\"CommentAction\",\"name\":\"Comment\",\"target\":[\"https:\\\/\\\/pensium.es\\\/sostenibilidad-y-objetivos-de-desarrollo-sostenible-ods-en-el-sector-asistencial\\\/#respond\"]}]},{\"@type\":\"WebPage\",\"@id\":\"https:\\\/\\\/pensium.es\\\/gl\\\/sostenibilidad-y-objetivos-de-desarrollo-sostenible-ods-en-el-sector-asistencial\\\/\",\"url\":\"https:\\\/\\\/pensium.es\\\/sostenibilidad-y-objetivos-de-desarrollo-sostenible-ods-en-el-sector-asistencial\\\/\",\"name\":\"ODS en el sector asistencial\",\"isPartOf\":{\"@id\":\"https:\\\/\\\/pensium.es\\\/gl\\\/#website\"},\"primaryImageOfPage\":{\"@id\":\"https:\\\/\\\/pensium.es\\\/sostenibilidad-y-objetivos-de-desarrollo-sostenible-ods-en-el-sector-asistencial\\\/#primaryimage\"},\"image\":{\"@id\":\"https:\\\/\\\/pensium.es\\\/sostenibilidad-y-objetivos-de-desarrollo-sostenible-ods-en-el-sector-asistencial\\\/#primaryimage\"},\"thumbnailUrl\":\"https:\\\/\\\/pensium.es\\\/wp-content\\\/uploads\\\/2022\\\/11\\\/ODS-cast.png\",\"datePublished\":\"2022-11-29T14:57:03+00:00\",\"dateModified\":\"2022-11-29T14:59:57+00:00\",\"author\":{\"@id\":\"https:\\\/\\\/pensium.es\\\/gl\\\/#\\\/schema\\\/person\\\/3b2c54086c781c3b9d4903a784f4049f\"},\"breadcrumb\":{\"@id\":\"https:\\\/\\\/pensium.es\\\/sostenibilidad-y-objetivos-de-desarrollo-sostenible-ods-en-el-sector-asistencial\\\/#breadcrumb\"},\"inLanguage\":\"gl-ES\",\"potentialAction\":[{\"@type\":\"ReadAction\",\"target\":[\"https:\\\/\\\/pensium.es\\\/sostenibilidad-y-objetivos-de-desarrollo-sostenible-ods-en-el-sector-asistencial\\\/\"]}]},{\"@type\":\"ImageObject\",\"inLanguage\":\"gl-ES\",\"@id\":\"https:\\\/\\\/pensium.es\\\/sostenibilidad-y-objetivos-de-desarrollo-sostenible-ods-en-el-sector-asistencial\\\/#primaryimage\",\"url\":\"https:\\\/\\\/pensium.es\\\/wp-content\\\/uploads\\\/2022\\\/11\\\/ODS-cast.png\",\"contentUrl\":\"https:\\\/\\\/pensium.es\\\/wp-content\\\/uploads\\\/2022\\\/11\\\/ODS-cast.png\",\"width\":945,\"height\":447,\"caption\":\"ODS-cast\"},{\"@type\":\"BreadcrumbList\",\"@id\":\"https:\\\/\\\/pensium.es\\\/sostenibilidad-y-objetivos-de-desarrollo-sostenible-ods-en-el-sector-asistencial\\\/#breadcrumb\",\"itemListElement\":[{\"@type\":\"ListItem\",\"position\":1,\"name\":\"Inicio\",\"item\":\"https:\\\/\\\/pensium.es\\\/gl\\\/\"},{\"@type\":\"ListItem\",\"position\":2,\"name\":\"Sostenibilidad y Objetivos de Desarrollo Sostenible (ODS) en el sector asistencial\"}]},{\"@type\":\"WebSite\",\"@id\":\"https:\\\/\\\/pensium.es\\\/gl\\\/#website\",\"url\":\"https:\\\/\\\/pensium.es\\\/gl\\\/\",\"name\":\"Pensium\",\"description\":\"Pagar a residencia de maiores co pago anticipado do alugueiro\",\"potentialAction\":[{\"@type\":\"SearchAction\",\"target\":{\"@type\":\"EntryPoint\",\"urlTemplate\":\"https:\\\/\\\/pensium.es\\\/gl\\\/?s={search_term_string}\"},\"query-input\":{\"@type\":\"PropertyValueSpecification\",\"valueRequired\":true,\"valueName\":\"search_term_string\"}}],\"inLanguage\":\"gl-ES\"},{\"@type\":\"Person\",\"@id\":\"https:\\\/\\\/pensium.es\\\/gl\\\/#\\\/schema\\\/person\\\/3b2c54086c781c3b9d4903a784f4049f\",\"name\":\"Pensium\",\"image\":{\"@type\":\"ImageObject\",\"inLanguage\":\"gl-ES\",\"@id\":\"https:\\\/\\\/secure.gravatar.com\\\/avatar\\\/676b3457f9f57981f28982fb1f950341359281c6cba0f3f7366cd94ca4f532bd?s=96&d=mm&r=g\",\"url\":\"https:\\\/\\\/secure.gravatar.com\\\/avatar\\\/676b3457f9f57981f28982fb1f950341359281c6cba0f3f7366cd94ca4f532bd?s=96&d=mm&r=g\",\"contentUrl\":\"https:\\\/\\\/secure.gravatar.com\\\/avatar\\\/676b3457f9f57981f28982fb1f950341359281c6cba0f3f7366cd94ca4f532bd?s=96&d=mm&r=g\",\"caption\":\"Pensium\"},\"url\":\"https:\\\/\\\/pensium.es\\\/gl\\\/author\\\/pensium-2\\\/\"}]}<\/script>\n<!-- \/ Yoast SEO plugin. -->","yoast_head_json":{"title":"ODS en el sector asistencial","robots":{"index":"index","follow":"follow","max-snippet":"max-snippet:-1","max-image-preview":"max-image-preview:large","max-video-preview":"max-video-preview:-1"},"canonical":"https:\/\/pensium.es\/gl\/sostenibilidad-y-objetivos-de-desarrollo-sostenible-ods-en-el-sector-asistencial\/","og_locale":"gl_ES","og_type":"article","og_title":"ODS en el sector asistencial","og_description":"Qu\u00e9 son los ODS\u2019s? Los Objetivos de Desarrollo Sostenible, tambi\u00e9n conocidos como Objetivos Globales, tienen su origen en el a\u00f1o 2015 con la aprobaci\u00f3n de la ONU de diecisiete puntos relacionados con la eliminaci\u00f3n de la pobreza y la protecci\u00f3n del planeta, con horizonte temporal fijado para el 2030 como fecha prevista para su revisi\u00f3n ... Read More","og_url":"https:\/\/pensium.es\/sostenibilidad-y-objetivos-de-desarrollo-sostenible-ods-en-el-sector-asistencial\/","og_site_name":"Pensium","article_publisher":"https:\/\/www.facebook.com\/pensium.es\/","article_published_time":"2022-11-29T14:57:03+00:00","article_modified_time":"2022-11-29T14:59:57+00:00","og_image":[{"width":945,"height":447,"url":"https:\/\/pensium.es\/wp-content\/uploads\/2022\/11\/ODS-cast.png","type":"image\/png"}],"author":"Pensium","twitter_card":"summary_large_image","twitter_misc":{"Escrito por":"Pensium","Tempo de lectura":"5 minutos"},"schema":{"@context":"https:\/\/schema.org","@graph":[{"@type":"Article","@id":"https:\/\/pensium.es\/sostenibilidad-y-objetivos-de-desarrollo-sostenible-ods-en-el-sector-asistencial\/#article","isPartOf":{"@id":"https:\/\/pensium.es\/gl\/sostenibilidad-y-objetivos-de-desarrollo-sostenible-ods-en-el-sector-asistencial\/"},"author":{"name":"Pensium","@id":"https:\/\/pensium.es\/gl\/#\/schema\/person\/3b2c54086c781c3b9d4903a784f4049f"},"headline":"Sostenibilidad y Objetivos de Desarrollo Sostenible (ODS) en el sector asistencial","datePublished":"2022-11-29T14:57:03+00:00","dateModified":"2022-11-29T14:59:57+00:00","mainEntityOfPage":{"@id":"https:\/\/pensium.es\/gl\/sostenibilidad-y-objetivos-de-desarrollo-sostenible-ods-en-el-sector-asistencial\/"},"wordCount":983,"commentCount":0,"image":{"@id":"https:\/\/pensium.es\/sostenibilidad-y-objetivos-de-desarrollo-sostenible-ods-en-el-sector-asistencial\/#primaryimage"},"thumbnailUrl":"https:\/\/pensium.es\/wp-content\/uploads\/2022\/11\/ODS-cast.png","articleSection":["Xeral"],"inLanguage":"gl-ES","potentialAction":[{"@type":"CommentAction","name":"Comment","target":["https:\/\/pensium.es\/sostenibilidad-y-objetivos-de-desarrollo-sostenible-ods-en-el-sector-asistencial\/#respond"]}]},{"@type":"WebPage","@id":"https:\/\/pensium.es\/gl\/sostenibilidad-y-objetivos-de-desarrollo-sostenible-ods-en-el-sector-asistencial\/","url":"https:\/\/pensium.es\/sostenibilidad-y-objetivos-de-desarrollo-sostenible-ods-en-el-sector-asistencial\/","name":"ODS en el sector asistencial","isPartOf":{"@id":"https:\/\/pensium.es\/gl\/#website"},"primaryImageOfPage":{"@id":"https:\/\/pensium.es\/sostenibilidad-y-objetivos-de-desarrollo-sostenible-ods-en-el-sector-asistencial\/#primaryimage"},"image":{"@id":"https:\/\/pensium.es\/sostenibilidad-y-objetivos-de-desarrollo-sostenible-ods-en-el-sector-asistencial\/#primaryimage"},"thumbnailUrl":"https:\/\/pensium.es\/wp-content\/uploads\/2022\/11\/ODS-cast.png","datePublished":"2022-11-29T14:57:03+00:00","dateModified":"2022-11-29T14:59:57+00:00","author":{"@id":"https:\/\/pensium.es\/gl\/#\/schema\/person\/3b2c54086c781c3b9d4903a784f4049f"},"breadcrumb":{"@id":"https:\/\/pensium.es\/sostenibilidad-y-objetivos-de-desarrollo-sostenible-ods-en-el-sector-asistencial\/#breadcrumb"},"inLanguage":"gl-ES","potentialAction":[{"@type":"ReadAction","target":["https:\/\/pensium.es\/sostenibilidad-y-objetivos-de-desarrollo-sostenible-ods-en-el-sector-asistencial\/"]}]},{"@type":"ImageObject","inLanguage":"gl-ES","@id":"https:\/\/pensium.es\/sostenibilidad-y-objetivos-de-desarrollo-sostenible-ods-en-el-sector-asistencial\/#primaryimage","url":"https:\/\/pensium.es\/wp-content\/uploads\/2022\/11\/ODS-cast.png","contentUrl":"https:\/\/pensium.es\/wp-content\/uploads\/2022\/11\/ODS-cast.png","width":945,"height":447,"caption":"ODS-cast"},{"@type":"BreadcrumbList","@id":"https:\/\/pensium.es\/sostenibilidad-y-objetivos-de-desarrollo-sostenible-ods-en-el-sector-asistencial\/#breadcrumb","itemListElement":[{"@type":"ListItem","position":1,"name":"Inicio","item":"https:\/\/pensium.es\/gl\/"},{"@type":"ListItem","position":2,"name":"Sostenibilidad y Objetivos de Desarrollo Sostenible (ODS) en el sector asistencial"}]},{"@type":"WebSite","@id":"https:\/\/pensium.es\/gl\/#website","url":"https:\/\/pensium.es\/gl\/","name":"Pensium","description":"Pagar a residencia de maiores co pago anticipado do alugueiro","potentialAction":[{"@type":"SearchAction","target":{"@type":"EntryPoint","urlTemplate":"https:\/\/pensium.es\/gl\/?s={search_term_string}"},"query-input":{"@type":"PropertyValueSpecification","valueRequired":true,"valueName":"search_term_string"}}],"inLanguage":"gl-ES"},{"@type":"Person","@id":"https:\/\/pensium.es\/gl\/#\/schema\/person\/3b2c54086c781c3b9d4903a784f4049f","name":"Pensium","image":{"@type":"ImageObject","inLanguage":"gl-ES","@id":"https:\/\/secure.gravatar.com\/avatar\/676b3457f9f57981f28982fb1f950341359281c6cba0f3f7366cd94ca4f532bd?s=96&d=mm&r=g","url":"https:\/\/secure.gravatar.com\/avatar\/676b3457f9f57981f28982fb1f950341359281c6cba0f3f7366cd94ca4f532bd?s=96&d=mm&r=g","contentUrl":"https:\/\/secure.gravatar.com\/avatar\/676b3457f9f57981f28982fb1f950341359281c6cba0f3f7366cd94ca4f532bd?s=96&d=mm&r=g","caption":"Pensium"},"url":"https:\/\/pensium.es\/gl\/author\/pensium-2\/"}]}},"_links":{"self":[{"href":"https:\/\/pensium.es\/gl\/wp-json\/wp\/v2\/posts\/12876","targetHints":{"allow":["GET"]}}],"collection":[{"href":"https:\/\/pensium.es\/gl\/wp-json\/wp\/v2\/posts"}],"about":[{"href":"https:\/\/pensium.es\/gl\/wp-json\/wp\/v2\/types\/post"}],"author":[{"embeddable":true,"href":"https:\/\/pensium.es\/gl\/wp-json\/wp\/v2\/users\/4"}],"replies":[{"embeddable":true,"href":"https:\/\/pensium.es\/gl\/wp-json\/wp\/v2\/comments?post=12876"}],"version-history":[{"count":1,"href":"https:\/\/pensium.es\/gl\/wp-json\/wp\/v2\/posts\/12876\/revisions"}],"predecessor-version":[{"id":12877,"href":"https:\/\/pensium.es\/gl\/wp-json\/wp\/v2\/posts\/12876\/revisions\/12877"}],"wp:featuredmedia":[{"embeddable":true,"href":"https:\/\/pensium.es\/gl\/wp-json\/wp\/v2\/media\/12871"}],"wp:attachment":[{"href":"https:\/\/pensium.es\/gl\/wp-json\/wp\/v2\/media?parent=12876"}],"wp:term":[{"taxonomy":"category","embeddable":true,"href":"https:\/\/pensium.es\/gl\/wp-json\/wp\/v2\/categories?post=12876"},{"taxonomy":"post_tag","embeddable":true,"href":"https:\/\/pensium.es\/gl\/wp-json\/wp\/v2\/tags?post=12876"}],"curies":[{"name":"wp","href":"https:\/\/api.w.org\/{rel}","templated":true}]}}