{"id":12890,"date":"2022-12-06T18:04:57","date_gmt":"2022-12-06T16:04:57","guid":{"rendered":"https:\/\/pensium.es\/dia-personas-discapacidad\/"},"modified":"2022-12-06T18:05:52","modified_gmt":"2022-12-06T16:05:52","slug":"dia-personas-discapacidad","status":"publish","type":"post","link":"https:\/\/pensium.es\/gl\/dia-personas-discapacidad\/","title":{"rendered":"3 de diciembre: D\u00eda Internacional de las Personas con Discapacidad"},"content":{"rendered":"\n\n<div class=\"kk-star-ratings kksr-auto kksr-align-left kksr-valign-top\"\n    data-payload='{&quot;align&quot;:&quot;left&quot;,&quot;id&quot;:&quot;12890&quot;,&quot;slug&quot;:&quot;default&quot;,&quot;valign&quot;:&quot;top&quot;,&quot;ignore&quot;:&quot;&quot;,&quot;reference&quot;:&quot;auto&quot;,&quot;class&quot;:&quot;&quot;,&quot;count&quot;:&quot;0&quot;,&quot;legendonly&quot;:&quot;&quot;,&quot;readonly&quot;:&quot;&quot;,&quot;score&quot;:&quot;0&quot;,&quot;starsonly&quot;:&quot;&quot;,&quot;best&quot;:&quot;5&quot;,&quot;gap&quot;:&quot;5&quot;,&quot;greet&quot;:&quot;Rate this post&quot;,&quot;legend&quot;:&quot;0\\\/5 - (0 votes)&quot;,&quot;size&quot;:&quot;24&quot;,&quot;title&quot;:&quot;3 de diciembre: D\u00eda Internacional de las Personas con Discapacidad&quot;,&quot;width&quot;:&quot;0&quot;,&quot;_legend&quot;:&quot;{score}\\\/{best} - ({count} {votes})&quot;,&quot;font_factor&quot;:&quot;1.25&quot;}'>\n            \n<div class=\"kksr-stars\">\n    \n<div class=\"kksr-stars-inactive\">\n            <div class=\"kksr-star\" data-star=\"1\" style=\"padding-right: 5px\">\n            \n\n<div class=\"kksr-icon\" style=\"width: 24px; height: 24px;\"><\/div>\n        <\/div>\n            <div class=\"kksr-star\" data-star=\"2\" style=\"padding-right: 5px\">\n            \n\n<div class=\"kksr-icon\" style=\"width: 24px; height: 24px;\"><\/div>\n        <\/div>\n            <div class=\"kksr-star\" data-star=\"3\" style=\"padding-right: 5px\">\n            \n\n<div class=\"kksr-icon\" style=\"width: 24px; height: 24px;\"><\/div>\n        <\/div>\n            <div class=\"kksr-star\" data-star=\"4\" style=\"padding-right: 5px\">\n            \n\n<div class=\"kksr-icon\" style=\"width: 24px; height: 24px;\"><\/div>\n        <\/div>\n            <div class=\"kksr-star\" data-star=\"5\" style=\"padding-right: 5px\">\n            \n\n<div class=\"kksr-icon\" style=\"width: 24px; height: 24px;\"><\/div>\n        <\/div>\n    <\/div>\n    \n<div class=\"kksr-stars-active\" style=\"width: 0px;\">\n            <div class=\"kksr-star\" style=\"padding-right: 5px\">\n            \n\n<div class=\"kksr-icon\" style=\"width: 24px; height: 24px;\"><\/div>\n        <\/div>\n            <div class=\"kksr-star\" style=\"padding-right: 5px\">\n            \n\n<div class=\"kksr-icon\" style=\"width: 24px; height: 24px;\"><\/div>\n        <\/div>\n            <div class=\"kksr-star\" style=\"padding-right: 5px\">\n            \n\n<div class=\"kksr-icon\" style=\"width: 24px; height: 24px;\"><\/div>\n        <\/div>\n            <div class=\"kksr-star\" style=\"padding-right: 5px\">\n            \n\n<div class=\"kksr-icon\" style=\"width: 24px; height: 24px;\"><\/div>\n        <\/div>\n            <div class=\"kksr-star\" style=\"padding-right: 5px\">\n            \n\n<div class=\"kksr-icon\" style=\"width: 24px; height: 24px;\"><\/div>\n        <\/div>\n    <\/div>\n<\/div>\n                \n\n<div class=\"kksr-legend\" style=\"font-size: 19.2px;\">\n            <span class=\"kksr-muted\">Rate this post<\/span>\n    <\/div>\n    <\/div>\n<p>El D\u00eda Internacional de las Personas con Discapacidad se celebra desde 1992 tras ser declarado como tal por la\u00a0<span style=\"text-decoration: underline;\"><span style=\"color: #e86322; text-decoration: underline;\"><a style=\"color: #e86322; text-decoration: underline;\" href=\"https:\/\/www.un.org\/es\/observances\/day-of-persons-with-disabilities\">Asamblea General de las Naciones Unidas<\/a>.<\/span><\/span><\/p>\n<p>En esta fecha se da visibilidad al colectivo de personas afectadas por alg\u00fan tipo de discapacidad, con el objetivo de promover sus derechos y su bienestar en todos los \u00e1mbitos de la vida pol\u00edtica, social, cultural y econ\u00f3mica. Es importante promover la concienciaci\u00f3n en cuanto a los beneficios que puede tener para la sociedad la integraci\u00f3n de este colectivo en todos los sectores econ\u00f3micos para fomentar su inclusi\u00f3n social.<\/p>\n<h2><span style=\"color: #e86322;\"><strong>\u00bfQu\u00e9 entendemos por discapacidad? <\/strong><\/span><\/h2>\n<p>Discapacidad es toda limitaci\u00f3n importante para realizar las actividades de la vida diaria que pueda durar m\u00e1s de 1 a\u00f1o y tenga su origen en una deficiencia. Se entiende por deficiencia cualquier p\u00e9rdida o anomal\u00eda de un \u00f3rgano o de la funci\u00f3n propia de ese \u00f3rgano.<\/p>\n<p>Se considera que la persona tiene una discapacidad si tiene esta limitaci\u00f3n, aunque la tenga superada con el uso de ayudas t\u00e9cnicas externas o con la ayuda o supervisi\u00f3n de otra persona. El estudio de las caracter\u00edsticas de la discapacidad se ha centrado en la poblaci\u00f3n de 6 o m\u00e1s a\u00f1os, para los menores a esta edad se analizan las limitaciones adaptadas a su edad.<\/p>\n<h2><strong><span style=\"color: #e86322;\">La discapacidad en cifras<\/span> <\/strong><\/h2>\n<p>Seg\u00fan los datos proporcionados por <span style=\"text-decoration: underline;\"><span style=\"color: #e86322;\"><a style=\"color: #e86322; text-decoration: underline;\" href=\"https:\/\/www.rpdiscapacidad.gob.es\/\">el Ministerio de Derechos Sociales y Agenda 2030<\/a><\/span><\/span> sobre la discapacidad en Espa\u00f1a, todos los tipos de discapacidad afectaron m\u00e1s a las mujeres\u00a0que a los hombres. Por sexo, 1,81 millones del total son\u00a0hombres y 2,57 millones son mujeres mientras que, por edad,\u00a0el 75,4% del colectivo\u00a0tiene\u00a055 o m\u00e1s a\u00f1os. La discapacidad est\u00e1 muy relacionada con la dependencia, ya que, en la mayor\u00eda de los casos, una persona con discapacidad necesitar\u00e1 de ayuda para la realizaci\u00f3n de actividades relacionadas con su d\u00eda a d\u00eda.<\/p>\n<p>Algunas cifras sobre discapacidad:<\/p>\n<ul>\n<li><strong>N\u00famero total:<\/strong>En Espa\u00f1a hay 4,38 millones de personas con discapacidad.<\/li>\n<\/ul>\n<ul>\n<li><strong>Escolarizaci\u00f3n<\/strong>:\u00a0El 78,7% acude a un colegio ordinario (el 58,7% reciben apoyo especializado) y el 20% restante acude a un centro de educaci\u00f3n especial.<\/li>\n<li><strong>Empleo<\/strong>:\u00a0Solo una de cada cuatro personas con discapacidad en edad de trabajar tiene empleo (23,7% de los hombres y 23,5% de las mujeres).<\/li>\n<li><strong>Accesibilidad<\/strong>:\u00a0El 34% de las personas con discapacidad (1,4 millones) tiene dificultades para desenvolverse con normalidad en su vivienda o en los accesos o interior de su edificio. Un 36,2% del total tiene dificultades para desenvolverse en edificios p\u00fablicos o en el entorno urbano y el 39,4% de las personas con discapacidad tiene dificultades con las nuevas tecnolog\u00edas de la informaci\u00f3n y comunicaci\u00f3n.<\/li>\n<li><strong>Cuidados<\/strong>:\u00a0El 63,7% de las personas que cuidan a alguien con discapacidad son mujeres.<\/li>\n<\/ul>\n<h2><strong><span style=\"color: #e86322;\">Tipos de discapacidad:<\/span> <\/strong><\/h2>\n<p>Los tipos de discapacidad identificados son:<\/p>\n<ul>\n<li><strong>Discapacidad sensorial<\/strong>. Puede ser auditiva, visual o afectar a otros sentidos (tacto, gusto, olfato o sistema nervioso).<\/li>\n<li><strong>Discapacidad mental<\/strong>.\u00a0Es la referida a las alteraciones en la conducta, afecta directamente a las facultades mentales y estructuras neurol\u00f3gicas.<\/li>\n<li><strong>Discapacidad intelectual<\/strong>.\u00a0Se refiere a alteraciones en la funci\u00f3n intelectual,\u00a0dificultando la comprensi\u00f3n y\/o respuesta ante distintas situaciones.<\/li>\n<li><strong>Discapacidad f\u00edsica<\/strong>:\u00a0incluye alteraciones corporales que\u00a0dificultan el movimiento y\/o motricidad, afectando negativamente a la actividad y participaci\u00f3n en las actividades cotidianas. La discapacidad f\u00edsica se divide en funcional y org\u00e1nica:\n<ul>\n<li><strong>Discapacidad funcional<\/strong>.\u00a0Alternaciones que afectan al funcionamiento del sistema neuromuscular y\/o esquel\u00e9tico, y que dificultan o limitan el movimiento.<\/li>\n<li><strong>Discapacidad org\u00e1nica<\/strong>. Afectan a procesos fisiol\u00f3gicos u \u00f3rganos internos: sistema digestivo, metab\u00f3lico, endocrino, respiratorio, excretor, circulatorio, etc.<\/li>\n<\/ul>\n<\/li>\n<li><strong>Pluridiscapacidad<\/strong>.\u00a0Combina varios tipos de discapacidad y presenta d\u00e9ficit en el desarrollo psicomotriz y\/o sensorial, as\u00ed como otros problemas de salud.<\/li>\n<\/ul>\n<h2><strong><span style=\"color: #e86322;\">Estrategias para la inclusi\u00f3n de personas con discapacidad.<\/span> <\/strong><\/h2>\n<p>Para la inclusi\u00f3n de personas con discapacidad en las actividades cotidianas es necesario desarrollar pol\u00edticas dise\u00f1adas para la identificaci\u00f3n y eliminaci\u00f3n de barreras como obst\u00e1culos f\u00edsicos, pero tambi\u00e9n de comunicaci\u00f3n y de actitud, que dificultan la capacidad de las personas de tener una participaci\u00f3n plena en la sociedad. La inclusi\u00f3n conlleva:<\/p>\n<ul>\n<li>eliminar la creencia de que las personas con discapacidades no est\u00e1n sanas o son menos capaces de hacer cosas (erradicaci\u00f3n de los estigmas y estereotipos).<\/li>\n<li>hacer que los productos, las comunicaciones y el ambiente f\u00edsico puedan ser utilizados m\u00e1s por la mayor cantidad de personas posible, facilitando el dise\u00f1o universal, con accesibilidad para todos.<\/li>\n<li>modificar cosas, procedimientos o sistemas para permitir que una persona con una discapacidad los use al m\u00e1ximo posible a trav\u00e9s de adaptaciones funcionales<\/li>\n<li>recibir un trato justo por parte de otras personas<\/li>\n<\/ul>\n<p>Desde Pensium, nos unimos a la celebraci\u00f3n del D\u00eda Internacional de las Personas con Discapacidad y apoyamos todas las acciones que se llevan a cabo para mejorar la calidad de vida de todas las personas afectadas por alg\u00fan tipo de discapacidad.<\/p>\n","protected":false},"excerpt":{"rendered":"<p>El D\u00eda Internacional de las Personas con Discapacidad se celebra desde 1992 tras ser declarado como tal por la\u00a0Asamblea General de las Naciones Unidas. En esta fecha se da visibilidad al colectivo de personas afectadas por alg\u00fan tipo de discapacidad, con el objetivo de promover sus derechos y su bienestar en todos los \u00e1mbitos de &#8230; <a class=\"excerpt-readmore\" href=\"https:\/\/pensium.es\/gl\/dia-personas-discapacidad\/\">Read More<\/a><\/p>\n","protected":false},"author":4,"featured_media":12885,"comment_status":"open","ping_status":"closed","sticky":false,"template":"","format":"standard","meta":{"footnotes":""},"categories":[324],"tags":[],"class_list":["post-12890","post","type-post","status-publish","format-standard","has-post-thumbnail","hentry","category-xeral"],"yoast_head":"<!-- This site is optimized with the Yoast SEO plugin v27.3 - https:\/\/yoast.com\/product\/yoast-seo-wordpress\/ -->\n<title>D\u00eda Internacional de las Personas con Discapacidad<\/title>\n<meta name=\"robots\" content=\"index, follow, max-snippet:-1, max-image-preview:large, max-video-preview:-1\" \/>\n<link rel=\"canonical\" href=\"https:\/\/pensium.es\/gl\/dia-personas-discapacidad\/\" \/>\n<meta property=\"og:locale\" content=\"gl_ES\" \/>\n<meta property=\"og:type\" content=\"article\" \/>\n<meta property=\"og:title\" content=\"D\u00eda Internacional de las Personas con Discapacidad\" \/>\n<meta property=\"og:description\" content=\"El D\u00eda Internacional de las Personas con Discapacidad se celebra desde 1992 tras ser declarado como tal por la\u00a0Asamblea General de las Naciones Unidas. En esta fecha se da visibilidad al colectivo de personas afectadas por alg\u00fan tipo de discapacidad, con el objetivo de promover sus derechos y su bienestar en todos los \u00e1mbitos de ... Read More\" \/>\n<meta property=\"og:url\" content=\"https:\/\/pensium.es\/dia-personas-discapacidad\/\" \/>\n<meta property=\"og:site_name\" content=\"Pensium\" \/>\n<meta property=\"article:publisher\" content=\"https:\/\/www.facebook.com\/pensium.es\/\" \/>\n<meta property=\"article:published_time\" content=\"2022-12-06T16:04:57+00:00\" \/>\n<meta property=\"article:modified_time\" content=\"2022-12-06T16:05:52+00:00\" \/>\n<meta property=\"og:image\" content=\"https:\/\/pensium.es\/wp-content\/uploads\/2022\/12\/discapacidad.jpg\" \/>\n\t<meta property=\"og:image:width\" content=\"945\" \/>\n\t<meta property=\"og:image:height\" content=\"457\" \/>\n\t<meta property=\"og:image:type\" content=\"image\/jpeg\" \/>\n<meta name=\"author\" content=\"Pensium\" \/>\n<meta name=\"twitter:card\" content=\"summary_large_image\" \/>\n<meta name=\"twitter:label1\" content=\"Escrito por\" \/>\n\t<meta name=\"twitter:data1\" content=\"Pensium\" \/>\n\t<meta name=\"twitter:label2\" content=\"Tempo de lectura\" \/>\n\t<meta name=\"twitter:data2\" content=\"5 minutos\" \/>\n<script type=\"application\/ld+json\" class=\"yoast-schema-graph\">{\"@context\":\"https:\\\/\\\/schema.org\",\"@graph\":[{\"@type\":\"Article\",\"@id\":\"https:\\\/\\\/pensium.es\\\/dia-personas-discapacidad\\\/#article\",\"isPartOf\":{\"@id\":\"https:\\\/\\\/pensium.es\\\/gl\\\/dia-personas-discapacidad\\\/\"},\"author\":{\"name\":\"Pensium\",\"@id\":\"https:\\\/\\\/pensium.es\\\/gl\\\/#\\\/schema\\\/person\\\/3b2c54086c781c3b9d4903a784f4049f\"},\"headline\":\"3 de diciembre: D\u00eda Internacional de las Personas con Discapacidad\",\"datePublished\":\"2022-12-06T16:04:57+00:00\",\"dateModified\":\"2022-12-06T16:05:52+00:00\",\"mainEntityOfPage\":{\"@id\":\"https:\\\/\\\/pensium.es\\\/gl\\\/dia-personas-discapacidad\\\/\"},\"wordCount\":850,\"commentCount\":0,\"image\":{\"@id\":\"https:\\\/\\\/pensium.es\\\/dia-personas-discapacidad\\\/#primaryimage\"},\"thumbnailUrl\":\"https:\\\/\\\/pensium.es\\\/wp-content\\\/uploads\\\/2022\\\/12\\\/discapacidad.jpg\",\"articleSection\":[\"Xeral\"],\"inLanguage\":\"gl-ES\",\"potentialAction\":[{\"@type\":\"CommentAction\",\"name\":\"Comment\",\"target\":[\"https:\\\/\\\/pensium.es\\\/dia-personas-discapacidad\\\/#respond\"]}]},{\"@type\":\"WebPage\",\"@id\":\"https:\\\/\\\/pensium.es\\\/gl\\\/dia-personas-discapacidad\\\/\",\"url\":\"https:\\\/\\\/pensium.es\\\/dia-personas-discapacidad\\\/\",\"name\":\"D\u00eda Internacional de las Personas con Discapacidad\",\"isPartOf\":{\"@id\":\"https:\\\/\\\/pensium.es\\\/gl\\\/#website\"},\"primaryImageOfPage\":{\"@id\":\"https:\\\/\\\/pensium.es\\\/dia-personas-discapacidad\\\/#primaryimage\"},\"image\":{\"@id\":\"https:\\\/\\\/pensium.es\\\/dia-personas-discapacidad\\\/#primaryimage\"},\"thumbnailUrl\":\"https:\\\/\\\/pensium.es\\\/wp-content\\\/uploads\\\/2022\\\/12\\\/discapacidad.jpg\",\"datePublished\":\"2022-12-06T16:04:57+00:00\",\"dateModified\":\"2022-12-06T16:05:52+00:00\",\"author\":{\"@id\":\"https:\\\/\\\/pensium.es\\\/gl\\\/#\\\/schema\\\/person\\\/3b2c54086c781c3b9d4903a784f4049f\"},\"breadcrumb\":{\"@id\":\"https:\\\/\\\/pensium.es\\\/dia-personas-discapacidad\\\/#breadcrumb\"},\"inLanguage\":\"gl-ES\",\"potentialAction\":[{\"@type\":\"ReadAction\",\"target\":[\"https:\\\/\\\/pensium.es\\\/dia-personas-discapacidad\\\/\"]}]},{\"@type\":\"ImageObject\",\"inLanguage\":\"gl-ES\",\"@id\":\"https:\\\/\\\/pensium.es\\\/dia-personas-discapacidad\\\/#primaryimage\",\"url\":\"https:\\\/\\\/pensium.es\\\/wp-content\\\/uploads\\\/2022\\\/12\\\/discapacidad.jpg\",\"contentUrl\":\"https:\\\/\\\/pensium.es\\\/wp-content\\\/uploads\\\/2022\\\/12\\\/discapacidad.jpg\",\"width\":945,\"height\":457,\"caption\":\"dia mundial discapacidad\"},{\"@type\":\"BreadcrumbList\",\"@id\":\"https:\\\/\\\/pensium.es\\\/dia-personas-discapacidad\\\/#breadcrumb\",\"itemListElement\":[{\"@type\":\"ListItem\",\"position\":1,\"name\":\"Inicio\",\"item\":\"https:\\\/\\\/pensium.es\\\/gl\\\/\"},{\"@type\":\"ListItem\",\"position\":2,\"name\":\"3 de diciembre: D\u00eda Internacional de las Personas con Discapacidad\"}]},{\"@type\":\"WebSite\",\"@id\":\"https:\\\/\\\/pensium.es\\\/gl\\\/#website\",\"url\":\"https:\\\/\\\/pensium.es\\\/gl\\\/\",\"name\":\"Pensium\",\"description\":\"Pagar a residencia de maiores co pago anticipado do alugueiro\",\"potentialAction\":[{\"@type\":\"SearchAction\",\"target\":{\"@type\":\"EntryPoint\",\"urlTemplate\":\"https:\\\/\\\/pensium.es\\\/gl\\\/?s={search_term_string}\"},\"query-input\":{\"@type\":\"PropertyValueSpecification\",\"valueRequired\":true,\"valueName\":\"search_term_string\"}}],\"inLanguage\":\"gl-ES\"},{\"@type\":\"Person\",\"@id\":\"https:\\\/\\\/pensium.es\\\/gl\\\/#\\\/schema\\\/person\\\/3b2c54086c781c3b9d4903a784f4049f\",\"name\":\"Pensium\",\"image\":{\"@type\":\"ImageObject\",\"inLanguage\":\"gl-ES\",\"@id\":\"https:\\\/\\\/secure.gravatar.com\\\/avatar\\\/676b3457f9f57981f28982fb1f950341359281c6cba0f3f7366cd94ca4f532bd?s=96&d=mm&r=g\",\"url\":\"https:\\\/\\\/secure.gravatar.com\\\/avatar\\\/676b3457f9f57981f28982fb1f950341359281c6cba0f3f7366cd94ca4f532bd?s=96&d=mm&r=g\",\"contentUrl\":\"https:\\\/\\\/secure.gravatar.com\\\/avatar\\\/676b3457f9f57981f28982fb1f950341359281c6cba0f3f7366cd94ca4f532bd?s=96&d=mm&r=g\",\"caption\":\"Pensium\"},\"url\":\"https:\\\/\\\/pensium.es\\\/gl\\\/author\\\/pensium-2\\\/\"}]}<\/script>\n<!-- \/ Yoast SEO plugin. -->","yoast_head_json":{"title":"D\u00eda Internacional de las Personas con Discapacidad","robots":{"index":"index","follow":"follow","max-snippet":"max-snippet:-1","max-image-preview":"max-image-preview:large","max-video-preview":"max-video-preview:-1"},"canonical":"https:\/\/pensium.es\/gl\/dia-personas-discapacidad\/","og_locale":"gl_ES","og_type":"article","og_title":"D\u00eda Internacional de las Personas con Discapacidad","og_description":"El D\u00eda Internacional de las Personas con Discapacidad se celebra desde 1992 tras ser declarado como tal por la\u00a0Asamblea General de las Naciones Unidas. En esta fecha se da visibilidad al colectivo de personas afectadas por alg\u00fan tipo de discapacidad, con el objetivo de promover sus derechos y su bienestar en todos los \u00e1mbitos de ... Read More","og_url":"https:\/\/pensium.es\/dia-personas-discapacidad\/","og_site_name":"Pensium","article_publisher":"https:\/\/www.facebook.com\/pensium.es\/","article_published_time":"2022-12-06T16:04:57+00:00","article_modified_time":"2022-12-06T16:05:52+00:00","og_image":[{"width":945,"height":457,"url":"https:\/\/pensium.es\/wp-content\/uploads\/2022\/12\/discapacidad.jpg","type":"image\/jpeg"}],"author":"Pensium","twitter_card":"summary_large_image","twitter_misc":{"Escrito por":"Pensium","Tempo de lectura":"5 minutos"},"schema":{"@context":"https:\/\/schema.org","@graph":[{"@type":"Article","@id":"https:\/\/pensium.es\/dia-personas-discapacidad\/#article","isPartOf":{"@id":"https:\/\/pensium.es\/gl\/dia-personas-discapacidad\/"},"author":{"name":"Pensium","@id":"https:\/\/pensium.es\/gl\/#\/schema\/person\/3b2c54086c781c3b9d4903a784f4049f"},"headline":"3 de diciembre: D\u00eda Internacional de las Personas con Discapacidad","datePublished":"2022-12-06T16:04:57+00:00","dateModified":"2022-12-06T16:05:52+00:00","mainEntityOfPage":{"@id":"https:\/\/pensium.es\/gl\/dia-personas-discapacidad\/"},"wordCount":850,"commentCount":0,"image":{"@id":"https:\/\/pensium.es\/dia-personas-discapacidad\/#primaryimage"},"thumbnailUrl":"https:\/\/pensium.es\/wp-content\/uploads\/2022\/12\/discapacidad.jpg","articleSection":["Xeral"],"inLanguage":"gl-ES","potentialAction":[{"@type":"CommentAction","name":"Comment","target":["https:\/\/pensium.es\/dia-personas-discapacidad\/#respond"]}]},{"@type":"WebPage","@id":"https:\/\/pensium.es\/gl\/dia-personas-discapacidad\/","url":"https:\/\/pensium.es\/dia-personas-discapacidad\/","name":"D\u00eda Internacional de las Personas con Discapacidad","isPartOf":{"@id":"https:\/\/pensium.es\/gl\/#website"},"primaryImageOfPage":{"@id":"https:\/\/pensium.es\/dia-personas-discapacidad\/#primaryimage"},"image":{"@id":"https:\/\/pensium.es\/dia-personas-discapacidad\/#primaryimage"},"thumbnailUrl":"https:\/\/pensium.es\/wp-content\/uploads\/2022\/12\/discapacidad.jpg","datePublished":"2022-12-06T16:04:57+00:00","dateModified":"2022-12-06T16:05:52+00:00","author":{"@id":"https:\/\/pensium.es\/gl\/#\/schema\/person\/3b2c54086c781c3b9d4903a784f4049f"},"breadcrumb":{"@id":"https:\/\/pensium.es\/dia-personas-discapacidad\/#breadcrumb"},"inLanguage":"gl-ES","potentialAction":[{"@type":"ReadAction","target":["https:\/\/pensium.es\/dia-personas-discapacidad\/"]}]},{"@type":"ImageObject","inLanguage":"gl-ES","@id":"https:\/\/pensium.es\/dia-personas-discapacidad\/#primaryimage","url":"https:\/\/pensium.es\/wp-content\/uploads\/2022\/12\/discapacidad.jpg","contentUrl":"https:\/\/pensium.es\/wp-content\/uploads\/2022\/12\/discapacidad.jpg","width":945,"height":457,"caption":"dia mundial discapacidad"},{"@type":"BreadcrumbList","@id":"https:\/\/pensium.es\/dia-personas-discapacidad\/#breadcrumb","itemListElement":[{"@type":"ListItem","position":1,"name":"Inicio","item":"https:\/\/pensium.es\/gl\/"},{"@type":"ListItem","position":2,"name":"3 de diciembre: D\u00eda Internacional de las Personas con Discapacidad"}]},{"@type":"WebSite","@id":"https:\/\/pensium.es\/gl\/#website","url":"https:\/\/pensium.es\/gl\/","name":"Pensium","description":"Pagar a residencia de maiores co pago anticipado do alugueiro","potentialAction":[{"@type":"SearchAction","target":{"@type":"EntryPoint","urlTemplate":"https:\/\/pensium.es\/gl\/?s={search_term_string}"},"query-input":{"@type":"PropertyValueSpecification","valueRequired":true,"valueName":"search_term_string"}}],"inLanguage":"gl-ES"},{"@type":"Person","@id":"https:\/\/pensium.es\/gl\/#\/schema\/person\/3b2c54086c781c3b9d4903a784f4049f","name":"Pensium","image":{"@type":"ImageObject","inLanguage":"gl-ES","@id":"https:\/\/secure.gravatar.com\/avatar\/676b3457f9f57981f28982fb1f950341359281c6cba0f3f7366cd94ca4f532bd?s=96&d=mm&r=g","url":"https:\/\/secure.gravatar.com\/avatar\/676b3457f9f57981f28982fb1f950341359281c6cba0f3f7366cd94ca4f532bd?s=96&d=mm&r=g","contentUrl":"https:\/\/secure.gravatar.com\/avatar\/676b3457f9f57981f28982fb1f950341359281c6cba0f3f7366cd94ca4f532bd?s=96&d=mm&r=g","caption":"Pensium"},"url":"https:\/\/pensium.es\/gl\/author\/pensium-2\/"}]}},"_links":{"self":[{"href":"https:\/\/pensium.es\/gl\/wp-json\/wp\/v2\/posts\/12890","targetHints":{"allow":["GET"]}}],"collection":[{"href":"https:\/\/pensium.es\/gl\/wp-json\/wp\/v2\/posts"}],"about":[{"href":"https:\/\/pensium.es\/gl\/wp-json\/wp\/v2\/types\/post"}],"author":[{"embeddable":true,"href":"https:\/\/pensium.es\/gl\/wp-json\/wp\/v2\/users\/4"}],"replies":[{"embeddable":true,"href":"https:\/\/pensium.es\/gl\/wp-json\/wp\/v2\/comments?post=12890"}],"version-history":[{"count":1,"href":"https:\/\/pensium.es\/gl\/wp-json\/wp\/v2\/posts\/12890\/revisions"}],"predecessor-version":[{"id":12891,"href":"https:\/\/pensium.es\/gl\/wp-json\/wp\/v2\/posts\/12890\/revisions\/12891"}],"wp:featuredmedia":[{"embeddable":true,"href":"https:\/\/pensium.es\/gl\/wp-json\/wp\/v2\/media\/12885"}],"wp:attachment":[{"href":"https:\/\/pensium.es\/gl\/wp-json\/wp\/v2\/media?parent=12890"}],"wp:term":[{"taxonomy":"category","embeddable":true,"href":"https:\/\/pensium.es\/gl\/wp-json\/wp\/v2\/categories?post=12890"},{"taxonomy":"post_tag","embeddable":true,"href":"https:\/\/pensium.es\/gl\/wp-json\/wp\/v2\/tags?post=12890"}],"curies":[{"name":"wp","href":"https:\/\/api.w.org\/{rel}","templated":true}]}}