{"id":13036,"date":"2023-02-02T09:00:48","date_gmt":"2023-02-02T07:00:48","guid":{"rendered":"https:\/\/pensium.es\/participacion-webinar-sector-geroasistencial-2023\/"},"modified":"2023-02-02T19:37:17","modified_gmt":"2023-02-02T17:37:17","slug":"participacion-webinar-sector-geroasistencial-2023","status":"publish","type":"post","link":"https:\/\/pensium.es\/gl\/participacion-webinar-sector-geroasistencial-2023\/","title":{"rendered":"Pensium particip\u00f3 en el Webinar organizado por Inforesidencias: Claves de financiaci\u00f3n de plazas y de modelo residencial para el 2023&#8243;"},"content":{"rendered":"\n\n<div class=\"kk-star-ratings kksr-auto kksr-align-left kksr-valign-top\"\n    data-payload='{&quot;align&quot;:&quot;left&quot;,&quot;id&quot;:&quot;13036&quot;,&quot;slug&quot;:&quot;default&quot;,&quot;valign&quot;:&quot;top&quot;,&quot;ignore&quot;:&quot;&quot;,&quot;reference&quot;:&quot;auto&quot;,&quot;class&quot;:&quot;&quot;,&quot;count&quot;:&quot;0&quot;,&quot;legendonly&quot;:&quot;&quot;,&quot;readonly&quot;:&quot;&quot;,&quot;score&quot;:&quot;0&quot;,&quot;starsonly&quot;:&quot;&quot;,&quot;best&quot;:&quot;5&quot;,&quot;gap&quot;:&quot;5&quot;,&quot;greet&quot;:&quot;Rate this post&quot;,&quot;legend&quot;:&quot;0\\\/5 - (0 votes)&quot;,&quot;size&quot;:&quot;24&quot;,&quot;title&quot;:&quot;Pensium particip\u00f3 en el Webinar organizado por Inforesidencias: Claves de financiaci\u00f3n de plazas y de modelo residencial para el 2023\\u0026quot;&quot;,&quot;width&quot;:&quot;0&quot;,&quot;_legend&quot;:&quot;{score}\\\/{best} - ({count} {votes})&quot;,&quot;font_factor&quot;:&quot;1.25&quot;}'>\n            \n<div class=\"kksr-stars\">\n    \n<div class=\"kksr-stars-inactive\">\n            <div class=\"kksr-star\" data-star=\"1\" style=\"padding-right: 5px\">\n            \n\n<div class=\"kksr-icon\" style=\"width: 24px; height: 24px;\"><\/div>\n        <\/div>\n            <div class=\"kksr-star\" data-star=\"2\" style=\"padding-right: 5px\">\n            \n\n<div class=\"kksr-icon\" style=\"width: 24px; height: 24px;\"><\/div>\n        <\/div>\n            <div class=\"kksr-star\" data-star=\"3\" style=\"padding-right: 5px\">\n            \n\n<div class=\"kksr-icon\" style=\"width: 24px; height: 24px;\"><\/div>\n        <\/div>\n            <div class=\"kksr-star\" data-star=\"4\" style=\"padding-right: 5px\">\n            \n\n<div class=\"kksr-icon\" style=\"width: 24px; height: 24px;\"><\/div>\n        <\/div>\n            <div class=\"kksr-star\" data-star=\"5\" style=\"padding-right: 5px\">\n            \n\n<div class=\"kksr-icon\" style=\"width: 24px; height: 24px;\"><\/div>\n        <\/div>\n    <\/div>\n    \n<div class=\"kksr-stars-active\" style=\"width: 0px;\">\n            <div class=\"kksr-star\" style=\"padding-right: 5px\">\n            \n\n<div class=\"kksr-icon\" style=\"width: 24px; height: 24px;\"><\/div>\n        <\/div>\n            <div class=\"kksr-star\" style=\"padding-right: 5px\">\n            \n\n<div class=\"kksr-icon\" style=\"width: 24px; height: 24px;\"><\/div>\n        <\/div>\n            <div class=\"kksr-star\" style=\"padding-right: 5px\">\n            \n\n<div class=\"kksr-icon\" style=\"width: 24px; height: 24px;\"><\/div>\n        <\/div>\n            <div class=\"kksr-star\" style=\"padding-right: 5px\">\n            \n\n<div class=\"kksr-icon\" style=\"width: 24px; height: 24px;\"><\/div>\n        <\/div>\n            <div class=\"kksr-star\" style=\"padding-right: 5px\">\n            \n\n<div class=\"kksr-icon\" style=\"width: 24px; height: 24px;\"><\/div>\n        <\/div>\n    <\/div>\n<\/div>\n                \n\n<div class=\"kksr-legend\" style=\"font-size: 19.2px;\">\n            <span class=\"kksr-muted\">Rate this post<\/span>\n    <\/div>\n    <\/div>\n<p>El pasado 25 de enero <span style=\"text-decoration: underline;\"><span style=\"color: #e86322; text-decoration: underline;\"><a style=\"color: #e86322; text-decoration: underline;\" href=\"http:\/\/www.inforesidencias.com\">Inforesidencias<\/a> <\/span><\/span>organiz\u00f3 el webinar \u201cClaves econ\u00f3micas, de financiaci\u00f3n de plazas y de modelo residencial para el sector geroasistencial en 2023\u201d. Pensium tuvo el placer de participar de la mano de su Co-fundador y Director de Operaciones, David Igual, tratando la tem\u00e1tica sobre el mercado de financiaci\u00f3n de plazas residenciales a trav\u00e9s de los diferentes mecanismos disponibles y las tendencias que se vislumbran en el futuro pr\u00f3ximo.<\/p>\n<h2><span style=\"color: #e86322;\"><strong>Inflaci\u00f3n y presi\u00f3n salarial<\/strong><\/span><\/h2>\n<p><strong>Mar\u00eda\u00a0Romero Paniagua,<\/strong> <strong>socia directora de Econom\u00eda de Analistas Financieros Internacionales (<\/strong><span style=\"color: #e86322;\"><a style=\"color: #e86322;\" href=\"https:\/\/www.afi.es\/\"><strong>Afi<\/strong><\/a><\/span><strong>)<\/strong> expuso cu\u00e1les son las <strong>tendencias macroecon\u00f3micas claves<\/strong> para este a\u00f1o, poniendo el foco en la <strong>inflaci\u00f3n <\/strong>y <strong>la presi\u00f3n salarial<\/strong>, aspectos que incidir\u00e1n de forma directa en la estrategia de precios del sector asistencial.<\/p>\n<p>Otro de los indicadores macroecon\u00f3micos que centr\u00f3 su intervenci\u00f3n fue el de las <strong>pensiones,<\/strong> indicando la <strong>revalorizaci\u00f3n<\/strong> de las mismas en <strong>un 8,5%,<\/strong> acorde con las previsiones estimadas. Otras variables claves son el\u00a0<strong>d\u00e9ficit p\u00fablico<\/strong>, que se ha moderado tras la pandemia, y la <strong>recaudaci\u00f3n fiscal<\/strong> potenciada por <strong>la inflaci\u00f3n,<\/strong> como motor de gasto que han permitido la implementaci\u00f3n de medidas para la <strong>reducci\u00f3n del IVA<\/strong> que inciden de forma directa en hogares con rentas m\u00e1s moderadas, destacando personas jubiladas o las que reciben atenci\u00f3n geroasistencial en las residencias.<\/p>\n<p>Para la socia directora de Econom\u00eda de Analistas Financieros Internacionales, varios informes apuntan a que &#8220;se est\u00e1 moderando el <strong>precio de los alimentos<\/strong>\u00a0en los pr\u00f3ximos meses y eso puede ser un alivio en t\u00e9rminos de los <strong>costes<\/strong> que las <strong>residencias<\/strong> tienen que asumir a efectos de proveedor de un servicio tan esencial&#8221;. Aun as\u00ed, concluye, &#8220;<strong>el coste de todos los servicios (comida, energ\u00eda, materiales&#8230;) va a seguir creciendo a un ritmo probablemente m\u00e1s moderado del que lo ha hecho el a\u00f1o pasado, pero va a seguir presionando la cuenta de resultados de una residencia privada&#8221;.<\/strong><\/p>\n<h2><span style=\"color: #e86322;\"><strong>Mercado de financiaci\u00f3n de plazas residenciales<\/strong><\/span><\/h2>\n<p>En su intervenci\u00f3n, <strong>David Igual<\/strong>, <strong>co-fundador y Director de Operaciones de Pensium<\/strong>, abord\u00f3 las diferentes <strong>formas de financiaci\u00f3n <\/strong>disponibles para los usuarios para hacer frente al <strong>pago de las plazas residenciales<\/strong> o cuidados asistenciales.<\/p>\n<p>Tomando como punto de partida a la <strong>vivienda como principal activo<\/strong> para gran parte de las familias espa\u00f1olas, destac\u00f3 que \u201c<strong>La vivienda es el aut\u00e9ntico plan de pensiones de las familias en Espa\u00f1a y que puede ayudarles a obtener ingresos extras para hacer frente a los costes en la etapa de jubilaci\u00f3n<\/strong>, especialmente en los \u00faltimos a\u00f1os en los que los costes asistenciales triplican, de media a las pensiones\u201d. Teniendo en cuenta que <strong>el 89,1% de los mayores de 65 a\u00f1os tienen una vivienda en propiedad en Espa\u00f1a*, <\/strong>la intervenci\u00f3n se centr\u00f3 en c\u00f3mo complementar la pensi\u00f3n rentabilizando la vivienda.<\/p>\n<p>David Igual destac\u00f3 dos modelos de productos que permiten <strong>la monetizaci\u00f3n de la vivienda<\/strong>: las alternativas tradicionales, que impiden residir en la vivienda habitual, y las nuevas alternativas, que s\u00ed permiten el vivir en el inmueble de forma habitual.<\/p>\n<p>Despu\u00e9s de analizar las diferentes alternativas, la principal conclusi\u00f3n es que la mayor\u00eda de los modelos de monetizaci\u00f3n no cubren perfectamente y en su totalidad las necesidades de los mayores dependientes desde los par\u00e1metros de riesgo de fallecimiento prematuro, riesgo de longevidad, incidencia de la inflaci\u00f3n y la situaci\u00f3n de dependencia de cada persona.<\/p>\n<p>El <strong>anticipo de los alquileres<\/strong> de una vivienda en propiedad para las personas mayores y sus familias, que necesitan financiar sus gastos asistenciales es una de las mejores opciones y la \u00fanica que permite cubrir las contingencias se\u00f1aladas en los par\u00e1metros descritos en el p\u00e1rrafo anterior.<\/p>\n<p>Las principales ventajas del modelo de anticipo de alquileres es que la familia no pierde la propiedad de la vivienda, es cancelable seg\u00fan las necesidades y circunstancias personales de la persona dependiente y el importe para poder pagar la residencia est\u00e1 disponible desde el mismo momento de la firma de la operaci\u00f3n.<\/p>\n<p>Finalmente, se habl\u00f3 del reciente <strong>reconocimiento del modelo de anticipo de alquileres en la Ley de Presupuestos Generales del Estado de 2023<\/strong>, con una serie de ventajas fiscales para las personas que constituyen este tipo de f\u00f3rmulas: <strong>la exenci\u00f3n del Impuesto de Transmisiones Patrimoniales y Actos Jur\u00eddicos Documentados, as\u00ed como bonificaciones en la aplicaci\u00f3n de los aranceles notariales y los gastos registrales para la constituci\u00f3n, modificaci\u00f3n o cancelaci\u00f3n de este tipo de operaciones.<\/strong><\/p>\n<h2><span style=\"color: #e86322;\"><strong>Tendencias para la implementaci\u00f3n de nuevos modelos residenciales en Espa\u00f1a<\/strong><\/span><\/h2>\n<p>Como punto de partida de su intervenci\u00f3n,\u00a0Josep de Mart\u00ed, director de Inforesidencias.com, analiz\u00f3 las\u00a0<strong>tendencias para la implementaci\u00f3n de nuevos modelos residenciales\u00a0en Espa\u00f1a<\/strong>, se\u00f1alando como clave el Acuerdo sobre Criterios comunes de acreditaci\u00f3n y calidad de los centros y servicios a la Dependencia. Haciendo referencia a sus declaraciones a <span style=\"text-decoration: underline;\"><span style=\"color: #e86322; text-decoration: underline;\"><a style=\"color: #e86322; text-decoration: underline;\" href=\"http:\/\/www.dependencia.info\">dependencia.info<\/a>,<\/span><\/span> Josep de Mart\u00ed record\u00f3 que hab\u00eda unos meses de plazo que acaban en marzo o abril para aplicar los cambios propuestos en el Acuerdo y, &#8220;de momento, que sepamos no hay ninguna regi\u00f3n que lo haya hecho&#8221;. Adem\u00e1s, insisti\u00f3, &#8220;ya sabemos que hay algunas CCAA que dicen claramente que no lo van a hacer&#8221;, por lo que &#8220;estamos ante la duda de si este a\u00f1o va a ser un a\u00f1o en el que habr\u00e1 un nuevo modelo de atenci\u00f3n, el que sale del acuerdo Belarra, o si cada comunidad aut\u00f3noma va a seguir haciendo lo que le d\u00e9 la gana&#8221;.<\/p>\n<p>El director de Inforesidencias se\u00f1al\u00f3 <strong>el aumento del IPC como factor clave para el incremento de precios<\/strong>: &#8220;vamos tambi\u00e9n a vivir una tensi\u00f3n salarial importante\u00a0porque para captar personal las empresas van a necesitar aumentar los salarios, sobre todo de algunos perfiles espec\u00edficos&#8221;, lo que le llev\u00f3 a indicar que &#8220;por la subida del IPC y por la dificultad para encontrar empleados adecuados, la carga salarial va a aumentar notablemente&#8221;.<\/p>\n<p>Por \u00faltimo, recalc\u00f3 la necesidad de tener personal cualificado en las residencias y establecer las medidas necesarias para reducir la rotaci\u00f3n de personal y medidas salariales adecuadas.<\/p>\n<p>En resumen podemos apuntar que la actual situaci\u00f3n econ\u00f3mica y el entorno de inflaci\u00f3n van a suponer un aumento de costes de los centros de atenci\u00f3n geroasistencial, debido al incremento de elementos b\u00e1sicos como alimentaci\u00f3n y energ\u00eda y a la presi\u00f3n salarial que se prev\u00e9 que vaya en aumento.<\/p>\n<p>Un escenario que puede impulsar una tendencia alcista en los precios de los centros residenciales, y que llevar\u00e1 indudablemente al desarrollo y normalizaci\u00f3n de la financiaci\u00f3n de estos servicios.<\/p>\n<p>&nbsp;<\/p>\n<p>*Fuente: Instituto Nacional de Estad\u00edstica, consulta correspondiente a marzo de 2022<\/p>\n<p>&nbsp;<\/p>\n","protected":false},"excerpt":{"rendered":"<p>El pasado 25 de enero Inforesidencias organiz\u00f3 el webinar \u201cClaves econ\u00f3micas, de financiaci\u00f3n de plazas y de modelo residencial para el sector geroasistencial en 2023\u201d. Pensium tuvo el placer de participar de la mano de su Co-fundador y Director de Operaciones, David Igual, tratando la tem\u00e1tica sobre el mercado de financiaci\u00f3n de plazas residenciales a &#8230; <a class=\"excerpt-readmore\" href=\"https:\/\/pensium.es\/gl\/participacion-webinar-sector-geroasistencial-2023\/\">Read More<\/a><\/p>\n","protected":false},"author":4,"featured_media":13031,"comment_status":"open","ping_status":"closed","sticky":false,"template":"","format":"standard","meta":{"footnotes":""},"categories":[325],"tags":[],"class_list":["post-13036","post","type-post","status-publish","format-standard","has-post-thumbnail","hentry","category-residencias-para-persoas-maiores"],"yoast_head":"<!-- This site is optimized with the Yoast SEO plugin v27.3 - https:\/\/yoast.com\/product\/yoast-seo-wordpress\/ -->\n<title>Pensium particip\u00f3 en el Webinar organizado por Inforesidencias: Claves de financiaci\u00f3n de plazas y de modelo residencial para el 2023&quot;<\/title>\n<meta name=\"robots\" content=\"index, follow, max-snippet:-1, max-image-preview:large, max-video-preview:-1\" \/>\n<link rel=\"canonical\" href=\"https:\/\/pensium.es\/gl\/participacion-webinar-sector-geroasistencial-2023\/\" \/>\n<meta property=\"og:locale\" content=\"gl_ES\" \/>\n<meta property=\"og:type\" content=\"article\" \/>\n<meta property=\"og:title\" content=\"Pensium particip\u00f3 en el Webinar organizado por Inforesidencias: Claves de financiaci\u00f3n de plazas y de modelo residencial para el 2023&quot;\" \/>\n<meta property=\"og:description\" content=\"El pasado 25 de enero Inforesidencias organiz\u00f3 el webinar \u201cClaves econ\u00f3micas, de financiaci\u00f3n de plazas y de modelo residencial para el sector geroasistencial en 2023\u201d. Pensium tuvo el placer de participar de la mano de su Co-fundador y Director de Operaciones, David Igual, tratando la tem\u00e1tica sobre el mercado de financiaci\u00f3n de plazas residenciales a ... Read More\" \/>\n<meta property=\"og:url\" content=\"https:\/\/pensium.es\/participacion-webinar-sector-geroasistencial-2023\/\" \/>\n<meta property=\"og:site_name\" content=\"Pensium\" \/>\n<meta property=\"article:publisher\" content=\"https:\/\/www.facebook.com\/pensium.es\/\" \/>\n<meta property=\"article:published_time\" content=\"2023-02-02T07:00:48+00:00\" \/>\n<meta property=\"article:modified_time\" content=\"2023-02-02T17:37:17+00:00\" \/>\n<meta property=\"og:image\" content=\"https:\/\/pensium.es\/wp-content\/uploads\/2023\/02\/financiacion-residencias.jpg\" \/>\n\t<meta property=\"og:image:width\" content=\"945\" \/>\n\t<meta property=\"og:image:height\" content=\"454\" \/>\n\t<meta property=\"og:image:type\" content=\"image\/jpeg\" \/>\n<meta name=\"author\" content=\"Pensium\" \/>\n<meta name=\"twitter:card\" content=\"summary_large_image\" \/>\n<meta name=\"twitter:label1\" content=\"Escrito por\" \/>\n\t<meta name=\"twitter:data1\" content=\"Pensium\" \/>\n\t<meta name=\"twitter:label2\" content=\"Tempo de lectura\" \/>\n\t<meta name=\"twitter:data2\" content=\"6 minutos\" \/>\n<script type=\"application\/ld+json\" class=\"yoast-schema-graph\">{\"@context\":\"https:\\\/\\\/schema.org\",\"@graph\":[{\"@type\":\"Article\",\"@id\":\"https:\\\/\\\/pensium.es\\\/participacion-webinar-sector-geroasistencial-2023\\\/#article\",\"isPartOf\":{\"@id\":\"https:\\\/\\\/pensium.es\\\/gl\\\/participacion-webinar-sector-geroasistencial-2023\\\/\"},\"author\":{\"name\":\"Pensium\",\"@id\":\"https:\\\/\\\/pensium.es\\\/gl\\\/#\\\/schema\\\/person\\\/3b2c54086c781c3b9d4903a784f4049f\"},\"headline\":\"Pensium particip\u00f3 en el Webinar organizado por Inforesidencias: Claves de financiaci\u00f3n de plazas y de modelo residencial para el 2023&#8243;\",\"datePublished\":\"2023-02-02T07:00:48+00:00\",\"dateModified\":\"2023-02-02T17:37:17+00:00\",\"mainEntityOfPage\":{\"@id\":\"https:\\\/\\\/pensium.es\\\/gl\\\/participacion-webinar-sector-geroasistencial-2023\\\/\"},\"wordCount\":1171,\"commentCount\":0,\"image\":{\"@id\":\"https:\\\/\\\/pensium.es\\\/participacion-webinar-sector-geroasistencial-2023\\\/#primaryimage\"},\"thumbnailUrl\":\"https:\\\/\\\/pensium.es\\\/wp-content\\\/uploads\\\/2023\\\/02\\\/financiacion-residencias.jpg\",\"articleSection\":[\"Residencias para persoas maiores\"],\"inLanguage\":\"gl-ES\",\"potentialAction\":[{\"@type\":\"CommentAction\",\"name\":\"Comment\",\"target\":[\"https:\\\/\\\/pensium.es\\\/participacion-webinar-sector-geroasistencial-2023\\\/#respond\"]}]},{\"@type\":\"WebPage\",\"@id\":\"https:\\\/\\\/pensium.es\\\/gl\\\/participacion-webinar-sector-geroasistencial-2023\\\/\",\"url\":\"https:\\\/\\\/pensium.es\\\/participacion-webinar-sector-geroasistencial-2023\\\/\",\"name\":\"Pensium particip\u00f3 en el Webinar organizado por Inforesidencias: Claves de financiaci\u00f3n de plazas y de modelo residencial para el 2023\\\"\",\"isPartOf\":{\"@id\":\"https:\\\/\\\/pensium.es\\\/gl\\\/#website\"},\"primaryImageOfPage\":{\"@id\":\"https:\\\/\\\/pensium.es\\\/participacion-webinar-sector-geroasistencial-2023\\\/#primaryimage\"},\"image\":{\"@id\":\"https:\\\/\\\/pensium.es\\\/participacion-webinar-sector-geroasistencial-2023\\\/#primaryimage\"},\"thumbnailUrl\":\"https:\\\/\\\/pensium.es\\\/wp-content\\\/uploads\\\/2023\\\/02\\\/financiacion-residencias.jpg\",\"datePublished\":\"2023-02-02T07:00:48+00:00\",\"dateModified\":\"2023-02-02T17:37:17+00:00\",\"author\":{\"@id\":\"https:\\\/\\\/pensium.es\\\/gl\\\/#\\\/schema\\\/person\\\/3b2c54086c781c3b9d4903a784f4049f\"},\"breadcrumb\":{\"@id\":\"https:\\\/\\\/pensium.es\\\/participacion-webinar-sector-geroasistencial-2023\\\/#breadcrumb\"},\"inLanguage\":\"gl-ES\",\"potentialAction\":[{\"@type\":\"ReadAction\",\"target\":[\"https:\\\/\\\/pensium.es\\\/participacion-webinar-sector-geroasistencial-2023\\\/\"]}]},{\"@type\":\"ImageObject\",\"inLanguage\":\"gl-ES\",\"@id\":\"https:\\\/\\\/pensium.es\\\/participacion-webinar-sector-geroasistencial-2023\\\/#primaryimage\",\"url\":\"https:\\\/\\\/pensium.es\\\/wp-content\\\/uploads\\\/2023\\\/02\\\/financiacion-residencias.jpg\",\"contentUrl\":\"https:\\\/\\\/pensium.es\\\/wp-content\\\/uploads\\\/2023\\\/02\\\/financiacion-residencias.jpg\",\"width\":945,\"height\":454,\"caption\":\"financiaci\u00f3n plazas residencias de mayores\"},{\"@type\":\"BreadcrumbList\",\"@id\":\"https:\\\/\\\/pensium.es\\\/participacion-webinar-sector-geroasistencial-2023\\\/#breadcrumb\",\"itemListElement\":[{\"@type\":\"ListItem\",\"position\":1,\"name\":\"Inicio\",\"item\":\"https:\\\/\\\/pensium.es\\\/gl\\\/\"},{\"@type\":\"ListItem\",\"position\":2,\"name\":\"Pensium particip\u00f3 en el Webinar organizado por Inforesidencias: Claves de financiaci\u00f3n de plazas y de modelo residencial para el 2023&#8243;\"}]},{\"@type\":\"WebSite\",\"@id\":\"https:\\\/\\\/pensium.es\\\/gl\\\/#website\",\"url\":\"https:\\\/\\\/pensium.es\\\/gl\\\/\",\"name\":\"Pensium\",\"description\":\"Pagar a residencia de maiores co pago anticipado do alugueiro\",\"potentialAction\":[{\"@type\":\"SearchAction\",\"target\":{\"@type\":\"EntryPoint\",\"urlTemplate\":\"https:\\\/\\\/pensium.es\\\/gl\\\/?s={search_term_string}\"},\"query-input\":{\"@type\":\"PropertyValueSpecification\",\"valueRequired\":true,\"valueName\":\"search_term_string\"}}],\"inLanguage\":\"gl-ES\"},{\"@type\":\"Person\",\"@id\":\"https:\\\/\\\/pensium.es\\\/gl\\\/#\\\/schema\\\/person\\\/3b2c54086c781c3b9d4903a784f4049f\",\"name\":\"Pensium\",\"image\":{\"@type\":\"ImageObject\",\"inLanguage\":\"gl-ES\",\"@id\":\"https:\\\/\\\/secure.gravatar.com\\\/avatar\\\/676b3457f9f57981f28982fb1f950341359281c6cba0f3f7366cd94ca4f532bd?s=96&d=mm&r=g\",\"url\":\"https:\\\/\\\/secure.gravatar.com\\\/avatar\\\/676b3457f9f57981f28982fb1f950341359281c6cba0f3f7366cd94ca4f532bd?s=96&d=mm&r=g\",\"contentUrl\":\"https:\\\/\\\/secure.gravatar.com\\\/avatar\\\/676b3457f9f57981f28982fb1f950341359281c6cba0f3f7366cd94ca4f532bd?s=96&d=mm&r=g\",\"caption\":\"Pensium\"},\"url\":\"https:\\\/\\\/pensium.es\\\/gl\\\/author\\\/pensium-2\\\/\"}]}<\/script>\n<!-- \/ Yoast SEO plugin. -->","yoast_head_json":{"title":"Pensium particip\u00f3 en el Webinar organizado por Inforesidencias: Claves de financiaci\u00f3n de plazas y de modelo residencial para el 2023\"","robots":{"index":"index","follow":"follow","max-snippet":"max-snippet:-1","max-image-preview":"max-image-preview:large","max-video-preview":"max-video-preview:-1"},"canonical":"https:\/\/pensium.es\/gl\/participacion-webinar-sector-geroasistencial-2023\/","og_locale":"gl_ES","og_type":"article","og_title":"Pensium particip\u00f3 en el Webinar organizado por Inforesidencias: Claves de financiaci\u00f3n de plazas y de modelo residencial para el 2023\"","og_description":"El pasado 25 de enero Inforesidencias organiz\u00f3 el webinar \u201cClaves econ\u00f3micas, de financiaci\u00f3n de plazas y de modelo residencial para el sector geroasistencial en 2023\u201d. Pensium tuvo el placer de participar de la mano de su Co-fundador y Director de Operaciones, David Igual, tratando la tem\u00e1tica sobre el mercado de financiaci\u00f3n de plazas residenciales a ... Read More","og_url":"https:\/\/pensium.es\/participacion-webinar-sector-geroasistencial-2023\/","og_site_name":"Pensium","article_publisher":"https:\/\/www.facebook.com\/pensium.es\/","article_published_time":"2023-02-02T07:00:48+00:00","article_modified_time":"2023-02-02T17:37:17+00:00","og_image":[{"width":945,"height":454,"url":"https:\/\/pensium.es\/wp-content\/uploads\/2023\/02\/financiacion-residencias.jpg","type":"image\/jpeg"}],"author":"Pensium","twitter_card":"summary_large_image","twitter_misc":{"Escrito por":"Pensium","Tempo de lectura":"6 minutos"},"schema":{"@context":"https:\/\/schema.org","@graph":[{"@type":"Article","@id":"https:\/\/pensium.es\/participacion-webinar-sector-geroasistencial-2023\/#article","isPartOf":{"@id":"https:\/\/pensium.es\/gl\/participacion-webinar-sector-geroasistencial-2023\/"},"author":{"name":"Pensium","@id":"https:\/\/pensium.es\/gl\/#\/schema\/person\/3b2c54086c781c3b9d4903a784f4049f"},"headline":"Pensium particip\u00f3 en el Webinar organizado por Inforesidencias: Claves de financiaci\u00f3n de plazas y de modelo residencial para el 2023&#8243;","datePublished":"2023-02-02T07:00:48+00:00","dateModified":"2023-02-02T17:37:17+00:00","mainEntityOfPage":{"@id":"https:\/\/pensium.es\/gl\/participacion-webinar-sector-geroasistencial-2023\/"},"wordCount":1171,"commentCount":0,"image":{"@id":"https:\/\/pensium.es\/participacion-webinar-sector-geroasistencial-2023\/#primaryimage"},"thumbnailUrl":"https:\/\/pensium.es\/wp-content\/uploads\/2023\/02\/financiacion-residencias.jpg","articleSection":["Residencias para persoas maiores"],"inLanguage":"gl-ES","potentialAction":[{"@type":"CommentAction","name":"Comment","target":["https:\/\/pensium.es\/participacion-webinar-sector-geroasistencial-2023\/#respond"]}]},{"@type":"WebPage","@id":"https:\/\/pensium.es\/gl\/participacion-webinar-sector-geroasistencial-2023\/","url":"https:\/\/pensium.es\/participacion-webinar-sector-geroasistencial-2023\/","name":"Pensium particip\u00f3 en el Webinar organizado por Inforesidencias: Claves de financiaci\u00f3n de plazas y de modelo residencial para el 2023\"","isPartOf":{"@id":"https:\/\/pensium.es\/gl\/#website"},"primaryImageOfPage":{"@id":"https:\/\/pensium.es\/participacion-webinar-sector-geroasistencial-2023\/#primaryimage"},"image":{"@id":"https:\/\/pensium.es\/participacion-webinar-sector-geroasistencial-2023\/#primaryimage"},"thumbnailUrl":"https:\/\/pensium.es\/wp-content\/uploads\/2023\/02\/financiacion-residencias.jpg","datePublished":"2023-02-02T07:00:48+00:00","dateModified":"2023-02-02T17:37:17+00:00","author":{"@id":"https:\/\/pensium.es\/gl\/#\/schema\/person\/3b2c54086c781c3b9d4903a784f4049f"},"breadcrumb":{"@id":"https:\/\/pensium.es\/participacion-webinar-sector-geroasistencial-2023\/#breadcrumb"},"inLanguage":"gl-ES","potentialAction":[{"@type":"ReadAction","target":["https:\/\/pensium.es\/participacion-webinar-sector-geroasistencial-2023\/"]}]},{"@type":"ImageObject","inLanguage":"gl-ES","@id":"https:\/\/pensium.es\/participacion-webinar-sector-geroasistencial-2023\/#primaryimage","url":"https:\/\/pensium.es\/wp-content\/uploads\/2023\/02\/financiacion-residencias.jpg","contentUrl":"https:\/\/pensium.es\/wp-content\/uploads\/2023\/02\/financiacion-residencias.jpg","width":945,"height":454,"caption":"financiaci\u00f3n plazas residencias de mayores"},{"@type":"BreadcrumbList","@id":"https:\/\/pensium.es\/participacion-webinar-sector-geroasistencial-2023\/#breadcrumb","itemListElement":[{"@type":"ListItem","position":1,"name":"Inicio","item":"https:\/\/pensium.es\/gl\/"},{"@type":"ListItem","position":2,"name":"Pensium particip\u00f3 en el Webinar organizado por Inforesidencias: Claves de financiaci\u00f3n de plazas y de modelo residencial para el 2023&#8243;"}]},{"@type":"WebSite","@id":"https:\/\/pensium.es\/gl\/#website","url":"https:\/\/pensium.es\/gl\/","name":"Pensium","description":"Pagar a residencia de maiores co pago anticipado do alugueiro","potentialAction":[{"@type":"SearchAction","target":{"@type":"EntryPoint","urlTemplate":"https:\/\/pensium.es\/gl\/?s={search_term_string}"},"query-input":{"@type":"PropertyValueSpecification","valueRequired":true,"valueName":"search_term_string"}}],"inLanguage":"gl-ES"},{"@type":"Person","@id":"https:\/\/pensium.es\/gl\/#\/schema\/person\/3b2c54086c781c3b9d4903a784f4049f","name":"Pensium","image":{"@type":"ImageObject","inLanguage":"gl-ES","@id":"https:\/\/secure.gravatar.com\/avatar\/676b3457f9f57981f28982fb1f950341359281c6cba0f3f7366cd94ca4f532bd?s=96&d=mm&r=g","url":"https:\/\/secure.gravatar.com\/avatar\/676b3457f9f57981f28982fb1f950341359281c6cba0f3f7366cd94ca4f532bd?s=96&d=mm&r=g","contentUrl":"https:\/\/secure.gravatar.com\/avatar\/676b3457f9f57981f28982fb1f950341359281c6cba0f3f7366cd94ca4f532bd?s=96&d=mm&r=g","caption":"Pensium"},"url":"https:\/\/pensium.es\/gl\/author\/pensium-2\/"}]}},"_links":{"self":[{"href":"https:\/\/pensium.es\/gl\/wp-json\/wp\/v2\/posts\/13036","targetHints":{"allow":["GET"]}}],"collection":[{"href":"https:\/\/pensium.es\/gl\/wp-json\/wp\/v2\/posts"}],"about":[{"href":"https:\/\/pensium.es\/gl\/wp-json\/wp\/v2\/types\/post"}],"author":[{"embeddable":true,"href":"https:\/\/pensium.es\/gl\/wp-json\/wp\/v2\/users\/4"}],"replies":[{"embeddable":true,"href":"https:\/\/pensium.es\/gl\/wp-json\/wp\/v2\/comments?post=13036"}],"version-history":[{"count":2,"href":"https:\/\/pensium.es\/gl\/wp-json\/wp\/v2\/posts\/13036\/revisions"}],"predecessor-version":[{"id":13041,"href":"https:\/\/pensium.es\/gl\/wp-json\/wp\/v2\/posts\/13036\/revisions\/13041"}],"wp:featuredmedia":[{"embeddable":true,"href":"https:\/\/pensium.es\/gl\/wp-json\/wp\/v2\/media\/13031"}],"wp:attachment":[{"href":"https:\/\/pensium.es\/gl\/wp-json\/wp\/v2\/media?parent=13036"}],"wp:term":[{"taxonomy":"category","embeddable":true,"href":"https:\/\/pensium.es\/gl\/wp-json\/wp\/v2\/categories?post=13036"},{"taxonomy":"post_tag","embeddable":true,"href":"https:\/\/pensium.es\/gl\/wp-json\/wp\/v2\/tags?post=13036"}],"curies":[{"name":"wp","href":"https:\/\/api.w.org\/{rel}","templated":true}]}}