{"id":13085,"date":"2023-02-14T17:40:01","date_gmt":"2023-02-14T15:40:01","guid":{"rendered":"https:\/\/pensium.es\/san-valentin-residencias-ancianos\/"},"modified":"2023-02-14T17:44:29","modified_gmt":"2023-02-14T15:44:29","slug":"san-valentin-residencias-ancianos","status":"publish","type":"post","link":"https:\/\/pensium.es\/gl\/san-valentin-residencias-ancianos\/","title":{"rendered":"San Valent\u00edn: C\u00f3mo se celebra el d\u00eda de los enamorados en los centros para mayores"},"content":{"rendered":"\n\n<div class=\"kk-star-ratings kksr-auto kksr-align-left kksr-valign-top\"\n    data-payload='{&quot;align&quot;:&quot;left&quot;,&quot;id&quot;:&quot;13085&quot;,&quot;slug&quot;:&quot;default&quot;,&quot;valign&quot;:&quot;top&quot;,&quot;ignore&quot;:&quot;&quot;,&quot;reference&quot;:&quot;auto&quot;,&quot;class&quot;:&quot;&quot;,&quot;count&quot;:&quot;0&quot;,&quot;legendonly&quot;:&quot;&quot;,&quot;readonly&quot;:&quot;&quot;,&quot;score&quot;:&quot;0&quot;,&quot;starsonly&quot;:&quot;&quot;,&quot;best&quot;:&quot;5&quot;,&quot;gap&quot;:&quot;5&quot;,&quot;greet&quot;:&quot;Rate this post&quot;,&quot;legend&quot;:&quot;0\\\/5 - (0 votes)&quot;,&quot;size&quot;:&quot;24&quot;,&quot;title&quot;:&quot;San Valent\u00edn: C\u00f3mo se celebra el d\u00eda de los enamorados en los centros para mayores&quot;,&quot;width&quot;:&quot;0&quot;,&quot;_legend&quot;:&quot;{score}\\\/{best} - ({count} {votes})&quot;,&quot;font_factor&quot;:&quot;1.25&quot;}'>\n            \n<div class=\"kksr-stars\">\n    \n<div class=\"kksr-stars-inactive\">\n            <div class=\"kksr-star\" data-star=\"1\" style=\"padding-right: 5px\">\n            \n\n<div class=\"kksr-icon\" style=\"width: 24px; height: 24px;\"><\/div>\n        <\/div>\n            <div class=\"kksr-star\" data-star=\"2\" style=\"padding-right: 5px\">\n            \n\n<div class=\"kksr-icon\" style=\"width: 24px; height: 24px;\"><\/div>\n        <\/div>\n            <div class=\"kksr-star\" data-star=\"3\" style=\"padding-right: 5px\">\n            \n\n<div class=\"kksr-icon\" style=\"width: 24px; height: 24px;\"><\/div>\n        <\/div>\n            <div class=\"kksr-star\" data-star=\"4\" style=\"padding-right: 5px\">\n            \n\n<div class=\"kksr-icon\" style=\"width: 24px; height: 24px;\"><\/div>\n        <\/div>\n            <div class=\"kksr-star\" data-star=\"5\" style=\"padding-right: 5px\">\n            \n\n<div class=\"kksr-icon\" style=\"width: 24px; height: 24px;\"><\/div>\n        <\/div>\n    <\/div>\n    \n<div class=\"kksr-stars-active\" style=\"width: 0px;\">\n            <div class=\"kksr-star\" style=\"padding-right: 5px\">\n            \n\n<div class=\"kksr-icon\" style=\"width: 24px; height: 24px;\"><\/div>\n        <\/div>\n            <div class=\"kksr-star\" style=\"padding-right: 5px\">\n            \n\n<div class=\"kksr-icon\" style=\"width: 24px; height: 24px;\"><\/div>\n        <\/div>\n            <div class=\"kksr-star\" style=\"padding-right: 5px\">\n            \n\n<div class=\"kksr-icon\" style=\"width: 24px; height: 24px;\"><\/div>\n        <\/div>\n            <div class=\"kksr-star\" style=\"padding-right: 5px\">\n            \n\n<div class=\"kksr-icon\" style=\"width: 24px; height: 24px;\"><\/div>\n        <\/div>\n            <div class=\"kksr-star\" style=\"padding-right: 5px\">\n            \n\n<div class=\"kksr-icon\" style=\"width: 24px; height: 24px;\"><\/div>\n        <\/div>\n    <\/div>\n<\/div>\n                \n\n<div class=\"kksr-legend\" style=\"font-size: 19.2px;\">\n            <span class=\"kksr-muted\">Rate this post<\/span>\n    <\/div>\n    <\/div>\n<p>El d\u00eda de San Valent\u00edn es una festividad con un alto nivel de sentimiento y emotividad tanto para los j\u00f3venes como para las personas mayores.<\/p>\n<p>Cada 14 de febrero, millones de personas celebran el amor con su pareja, haci\u00e9ndose regalos y declarando sus sentimientos en un d\u00eda d\u00f3nde el romanticismo es el protagonista de la jornada.<\/p>\n<p>El D\u00eda de San Valent\u00edn tambi\u00e9n puede ser una jornada para celebrar el amor y la amistad entre las personas, dedic\u00e1ndolo no s\u00f3lo a nuestra pareja, sino a las personas que m\u00e1s queremos, y a los que hemos tenido siempre a nuestro lado, sean padres, hermanos y\/o amigos.<\/p>\n<p><strong><span style=\"color: #e86322;\">\u00bfC\u00f3mo se celebra el D\u00eda de San Valent\u00edn en las residencias para personas mayores?<\/span> <\/strong><\/p>\n<p>En las residencias de personas mayores se programan diferentes actividades precisamente para disfrutar de este d\u00eda en un ambiente agradable, con el objetivo de pasar una jornada divertida y para fomentar la interacci\u00f3n y comunicaci\u00f3n entre los residentes.<\/p>\n<p>Dentro de las diferentes actividades que se realizan en las residencias coincidiendo con este d\u00eda destacan:<\/p>\n<p><span style=\"color: #e86322;\"><strong>Manualidades de San Valent\u00edn<\/strong><\/span><\/p>\n<p>Se organizan actividades para dise\u00f1ar adornos con los colores y motivos de San Valent\u00edn como globos, corazones recortados para colgar en las paredes de los centros, murales\u2026Tambi\u00e9n se elaboran tarjetas de felicitaci\u00f3n del D\u00eda de los Enamorados que los residentes pueden intercambiar entre ellos o entregar a sus allegados. Con estas actividades se fomenta el trabajo por grupos, la creatividad y el uso de la imaginaci\u00f3n, adem\u00e1s de pasar un rato divertido para las personas mayores.<\/p>\n<p><span style=\"color: #e86322;\"><strong>Charlas sobre San Valent\u00edn <\/strong><\/span><\/p>\n<p>Las personas mayores se pueden reunir por grupos y recordar c\u00f3mo eran sus festejos por San Valent\u00edn, qu\u00e9 celebraciones hac\u00edan en su juventud, con qui\u00e9n lo celebraban, qu\u00e9 significaba para ellos\u2026Tambi\u00e9n es un buen momento para hablar sobre las relaciones de las personas mayores, sobre c\u00f3mo viven el amor, sus experiencias pasadas y el papel que juega el amor en sus vidas actualmente (tanto el amor en pareja como el amor de sus familiares y conocidos).<\/p>\n<p><span style=\"color: #e86322;\"><strong>Men\u00fas especiales por San Valent\u00edn<\/strong><\/span><\/p>\n<p>En muchos centros, se hacen men\u00fas especiales por San Valent\u00edn y las personas mayores comparten diferentes recetas pudiendo cocinar platos especiales y comparti\u00e9ndolos con sus familiares.<\/p>\n<p><span style=\"color: #e86322;\"><strong>Baile en San Valent\u00edn<\/strong><\/span><\/p>\n<p>Para los m\u00e1s animados, se organizan bailes especiales de San Valent\u00edn e incluso concursos para poder demostrar las habilidades en los diferentes estilos propuestos. Desde los m\u00e1s cl\u00e1sicos hasta los m\u00e1s modernos\u2026.<\/p>\n<p><span style=\"color: #e86322;\"><strong>Poes\u00edas de San Valent\u00edn <\/strong><\/span><\/p>\n<p>Se organizan talleres y concursos bajo la tem\u00e1tica del D\u00eda de los Enamorados d\u00f3nde se comparten las diferentes poes\u00edas con todo el grupo, que sirven para expresar los sentimientos y experiencias sobre el d\u00eda m\u00e1s rom\u00e1ntico del a\u00f1o.<\/p>\n<p style=\"text-align: center;\"><span style=\"color: #e86322;\"><strong>Desde Pensium desemos a personas mayores y no tan mayores, \u00a1Feliz D\u00eda San Valent\u00edn! <\/strong><\/span><\/p>\n","protected":false},"excerpt":{"rendered":"<p>El d\u00eda de San Valent\u00edn es una festividad con un alto nivel de sentimiento y emotividad tanto para los j\u00f3venes como para las personas mayores. Cada 14 de febrero, millones de personas celebran el amor con su pareja, haci\u00e9ndose regalos y declarando sus sentimientos en un d\u00eda d\u00f3nde el romanticismo es el protagonista de la &#8230; <a class=\"excerpt-readmore\" href=\"https:\/\/pensium.es\/gl\/san-valentin-residencias-ancianos\/\">Read More<\/a><\/p>\n","protected":false},"author":4,"featured_media":13081,"comment_status":"open","ping_status":"closed","sticky":false,"template":"","format":"standard","meta":{"footnotes":""},"categories":[325],"tags":[],"class_list":["post-13085","post","type-post","status-publish","format-standard","has-post-thumbnail","hentry","category-residencias-para-persoas-maiores"],"yoast_head":"<!-- This site is optimized with the Yoast SEO plugin v27.3 - https:\/\/yoast.com\/product\/yoast-seo-wordpress\/ -->\n<title>San Valent\u00edn: C\u00f3mo se celebra el d\u00eda de los enamorados en los centros para mayores<\/title>\n<meta name=\"robots\" content=\"index, follow, max-snippet:-1, max-image-preview:large, max-video-preview:-1\" \/>\n<link rel=\"canonical\" href=\"https:\/\/pensium.es\/gl\/san-valentin-residencias-ancianos\/\" \/>\n<meta property=\"og:locale\" content=\"gl_ES\" \/>\n<meta property=\"og:type\" content=\"article\" \/>\n<meta property=\"og:title\" content=\"San Valent\u00edn: C\u00f3mo se celebra el d\u00eda de los enamorados en los centros para mayores\" \/>\n<meta property=\"og:description\" content=\"El d\u00eda de San Valent\u00edn es una festividad con un alto nivel de sentimiento y emotividad tanto para los j\u00f3venes como para las personas mayores. Cada 14 de febrero, millones de personas celebran el amor con su pareja, haci\u00e9ndose regalos y declarando sus sentimientos en un d\u00eda d\u00f3nde el romanticismo es el protagonista de la ... Read More\" \/>\n<meta property=\"og:url\" content=\"https:\/\/pensium.es\/san-valentin-residencias-ancianos\/\" \/>\n<meta property=\"og:site_name\" content=\"Pensium\" \/>\n<meta property=\"article:publisher\" content=\"https:\/\/www.facebook.com\/pensium.es\/\" \/>\n<meta property=\"article:published_time\" content=\"2023-02-14T15:40:01+00:00\" \/>\n<meta property=\"article:modified_time\" content=\"2023-02-14T15:44:29+00:00\" \/>\n<meta property=\"og:image\" content=\"https:\/\/pensium.es\/wp-content\/uploads\/2023\/02\/san-valentin-residencia-ancianos.jpg\" \/>\n\t<meta property=\"og:image:width\" content=\"945\" \/>\n\t<meta property=\"og:image:height\" content=\"456\" \/>\n\t<meta property=\"og:image:type\" content=\"image\/jpeg\" \/>\n<meta name=\"author\" content=\"Pensium\" \/>\n<meta name=\"twitter:card\" content=\"summary_large_image\" \/>\n<meta name=\"twitter:label1\" content=\"Escrito por\" \/>\n\t<meta name=\"twitter:data1\" content=\"Pensium\" \/>\n\t<meta name=\"twitter:label2\" content=\"Tempo de lectura\" \/>\n\t<meta name=\"twitter:data2\" content=\"3 minutos\" \/>\n<script type=\"application\/ld+json\" class=\"yoast-schema-graph\">{\"@context\":\"https:\\\/\\\/schema.org\",\"@graph\":[{\"@type\":\"Article\",\"@id\":\"https:\\\/\\\/pensium.es\\\/san-valentin-residencias-ancianos\\\/#article\",\"isPartOf\":{\"@id\":\"https:\\\/\\\/pensium.es\\\/gl\\\/san-valentin-residencias-ancianos\\\/\"},\"author\":{\"name\":\"Pensium\",\"@id\":\"https:\\\/\\\/pensium.es\\\/gl\\\/#\\\/schema\\\/person\\\/3b2c54086c781c3b9d4903a784f4049f\"},\"headline\":\"San Valent\u00edn: C\u00f3mo se celebra el d\u00eda de los enamorados en los centros para mayores\",\"datePublished\":\"2023-02-14T15:40:01+00:00\",\"dateModified\":\"2023-02-14T15:44:29+00:00\",\"mainEntityOfPage\":{\"@id\":\"https:\\\/\\\/pensium.es\\\/gl\\\/san-valentin-residencias-ancianos\\\/\"},\"wordCount\":532,\"commentCount\":0,\"image\":{\"@id\":\"https:\\\/\\\/pensium.es\\\/san-valentin-residencias-ancianos\\\/#primaryimage\"},\"thumbnailUrl\":\"https:\\\/\\\/pensium.es\\\/wp-content\\\/uploads\\\/2023\\\/02\\\/san-valentin-residencia-ancianos.jpg\",\"articleSection\":[\"Residencias para persoas maiores\"],\"inLanguage\":\"gl-ES\",\"potentialAction\":[{\"@type\":\"CommentAction\",\"name\":\"Comment\",\"target\":[\"https:\\\/\\\/pensium.es\\\/san-valentin-residencias-ancianos\\\/#respond\"]}]},{\"@type\":\"WebPage\",\"@id\":\"https:\\\/\\\/pensium.es\\\/gl\\\/san-valentin-residencias-ancianos\\\/\",\"url\":\"https:\\\/\\\/pensium.es\\\/san-valentin-residencias-ancianos\\\/\",\"name\":\"San Valent\u00edn: C\u00f3mo se celebra el d\u00eda de los enamorados en los centros para mayores\",\"isPartOf\":{\"@id\":\"https:\\\/\\\/pensium.es\\\/gl\\\/#website\"},\"primaryImageOfPage\":{\"@id\":\"https:\\\/\\\/pensium.es\\\/san-valentin-residencias-ancianos\\\/#primaryimage\"},\"image\":{\"@id\":\"https:\\\/\\\/pensium.es\\\/san-valentin-residencias-ancianos\\\/#primaryimage\"},\"thumbnailUrl\":\"https:\\\/\\\/pensium.es\\\/wp-content\\\/uploads\\\/2023\\\/02\\\/san-valentin-residencia-ancianos.jpg\",\"datePublished\":\"2023-02-14T15:40:01+00:00\",\"dateModified\":\"2023-02-14T15:44:29+00:00\",\"author\":{\"@id\":\"https:\\\/\\\/pensium.es\\\/gl\\\/#\\\/schema\\\/person\\\/3b2c54086c781c3b9d4903a784f4049f\"},\"breadcrumb\":{\"@id\":\"https:\\\/\\\/pensium.es\\\/san-valentin-residencias-ancianos\\\/#breadcrumb\"},\"inLanguage\":\"gl-ES\",\"potentialAction\":[{\"@type\":\"ReadAction\",\"target\":[\"https:\\\/\\\/pensium.es\\\/san-valentin-residencias-ancianos\\\/\"]}]},{\"@type\":\"ImageObject\",\"inLanguage\":\"gl-ES\",\"@id\":\"https:\\\/\\\/pensium.es\\\/san-valentin-residencias-ancianos\\\/#primaryimage\",\"url\":\"https:\\\/\\\/pensium.es\\\/wp-content\\\/uploads\\\/2023\\\/02\\\/san-valentin-residencia-ancianos.jpg\",\"contentUrl\":\"https:\\\/\\\/pensium.es\\\/wp-content\\\/uploads\\\/2023\\\/02\\\/san-valentin-residencia-ancianos.jpg\",\"width\":945,\"height\":456,\"caption\":\"san valentin\"},{\"@type\":\"BreadcrumbList\",\"@id\":\"https:\\\/\\\/pensium.es\\\/san-valentin-residencias-ancianos\\\/#breadcrumb\",\"itemListElement\":[{\"@type\":\"ListItem\",\"position\":1,\"name\":\"Inicio\",\"item\":\"https:\\\/\\\/pensium.es\\\/gl\\\/\"},{\"@type\":\"ListItem\",\"position\":2,\"name\":\"San Valent\u00edn: C\u00f3mo se celebra el d\u00eda de los enamorados en los centros para mayores\"}]},{\"@type\":\"WebSite\",\"@id\":\"https:\\\/\\\/pensium.es\\\/gl\\\/#website\",\"url\":\"https:\\\/\\\/pensium.es\\\/gl\\\/\",\"name\":\"Pensium\",\"description\":\"Pagar a residencia de maiores co pago anticipado do alugueiro\",\"potentialAction\":[{\"@type\":\"SearchAction\",\"target\":{\"@type\":\"EntryPoint\",\"urlTemplate\":\"https:\\\/\\\/pensium.es\\\/gl\\\/?s={search_term_string}\"},\"query-input\":{\"@type\":\"PropertyValueSpecification\",\"valueRequired\":true,\"valueName\":\"search_term_string\"}}],\"inLanguage\":\"gl-ES\"},{\"@type\":\"Person\",\"@id\":\"https:\\\/\\\/pensium.es\\\/gl\\\/#\\\/schema\\\/person\\\/3b2c54086c781c3b9d4903a784f4049f\",\"name\":\"Pensium\",\"image\":{\"@type\":\"ImageObject\",\"inLanguage\":\"gl-ES\",\"@id\":\"https:\\\/\\\/secure.gravatar.com\\\/avatar\\\/676b3457f9f57981f28982fb1f950341359281c6cba0f3f7366cd94ca4f532bd?s=96&d=mm&r=g\",\"url\":\"https:\\\/\\\/secure.gravatar.com\\\/avatar\\\/676b3457f9f57981f28982fb1f950341359281c6cba0f3f7366cd94ca4f532bd?s=96&d=mm&r=g\",\"contentUrl\":\"https:\\\/\\\/secure.gravatar.com\\\/avatar\\\/676b3457f9f57981f28982fb1f950341359281c6cba0f3f7366cd94ca4f532bd?s=96&d=mm&r=g\",\"caption\":\"Pensium\"},\"url\":\"https:\\\/\\\/pensium.es\\\/gl\\\/author\\\/pensium-2\\\/\"}]}<\/script>\n<!-- \/ Yoast SEO plugin. -->","yoast_head_json":{"title":"San Valent\u00edn: C\u00f3mo se celebra el d\u00eda de los enamorados en los centros para mayores","robots":{"index":"index","follow":"follow","max-snippet":"max-snippet:-1","max-image-preview":"max-image-preview:large","max-video-preview":"max-video-preview:-1"},"canonical":"https:\/\/pensium.es\/gl\/san-valentin-residencias-ancianos\/","og_locale":"gl_ES","og_type":"article","og_title":"San Valent\u00edn: C\u00f3mo se celebra el d\u00eda de los enamorados en los centros para mayores","og_description":"El d\u00eda de San Valent\u00edn es una festividad con un alto nivel de sentimiento y emotividad tanto para los j\u00f3venes como para las personas mayores. Cada 14 de febrero, millones de personas celebran el amor con su pareja, haci\u00e9ndose regalos y declarando sus sentimientos en un d\u00eda d\u00f3nde el romanticismo es el protagonista de la ... Read More","og_url":"https:\/\/pensium.es\/san-valentin-residencias-ancianos\/","og_site_name":"Pensium","article_publisher":"https:\/\/www.facebook.com\/pensium.es\/","article_published_time":"2023-02-14T15:40:01+00:00","article_modified_time":"2023-02-14T15:44:29+00:00","og_image":[{"width":945,"height":456,"url":"https:\/\/pensium.es\/wp-content\/uploads\/2023\/02\/san-valentin-residencia-ancianos.jpg","type":"image\/jpeg"}],"author":"Pensium","twitter_card":"summary_large_image","twitter_misc":{"Escrito por":"Pensium","Tempo de lectura":"3 minutos"},"schema":{"@context":"https:\/\/schema.org","@graph":[{"@type":"Article","@id":"https:\/\/pensium.es\/san-valentin-residencias-ancianos\/#article","isPartOf":{"@id":"https:\/\/pensium.es\/gl\/san-valentin-residencias-ancianos\/"},"author":{"name":"Pensium","@id":"https:\/\/pensium.es\/gl\/#\/schema\/person\/3b2c54086c781c3b9d4903a784f4049f"},"headline":"San Valent\u00edn: C\u00f3mo se celebra el d\u00eda de los enamorados en los centros para mayores","datePublished":"2023-02-14T15:40:01+00:00","dateModified":"2023-02-14T15:44:29+00:00","mainEntityOfPage":{"@id":"https:\/\/pensium.es\/gl\/san-valentin-residencias-ancianos\/"},"wordCount":532,"commentCount":0,"image":{"@id":"https:\/\/pensium.es\/san-valentin-residencias-ancianos\/#primaryimage"},"thumbnailUrl":"https:\/\/pensium.es\/wp-content\/uploads\/2023\/02\/san-valentin-residencia-ancianos.jpg","articleSection":["Residencias para persoas maiores"],"inLanguage":"gl-ES","potentialAction":[{"@type":"CommentAction","name":"Comment","target":["https:\/\/pensium.es\/san-valentin-residencias-ancianos\/#respond"]}]},{"@type":"WebPage","@id":"https:\/\/pensium.es\/gl\/san-valentin-residencias-ancianos\/","url":"https:\/\/pensium.es\/san-valentin-residencias-ancianos\/","name":"San Valent\u00edn: C\u00f3mo se celebra el d\u00eda de los enamorados en los centros para mayores","isPartOf":{"@id":"https:\/\/pensium.es\/gl\/#website"},"primaryImageOfPage":{"@id":"https:\/\/pensium.es\/san-valentin-residencias-ancianos\/#primaryimage"},"image":{"@id":"https:\/\/pensium.es\/san-valentin-residencias-ancianos\/#primaryimage"},"thumbnailUrl":"https:\/\/pensium.es\/wp-content\/uploads\/2023\/02\/san-valentin-residencia-ancianos.jpg","datePublished":"2023-02-14T15:40:01+00:00","dateModified":"2023-02-14T15:44:29+00:00","author":{"@id":"https:\/\/pensium.es\/gl\/#\/schema\/person\/3b2c54086c781c3b9d4903a784f4049f"},"breadcrumb":{"@id":"https:\/\/pensium.es\/san-valentin-residencias-ancianos\/#breadcrumb"},"inLanguage":"gl-ES","potentialAction":[{"@type":"ReadAction","target":["https:\/\/pensium.es\/san-valentin-residencias-ancianos\/"]}]},{"@type":"ImageObject","inLanguage":"gl-ES","@id":"https:\/\/pensium.es\/san-valentin-residencias-ancianos\/#primaryimage","url":"https:\/\/pensium.es\/wp-content\/uploads\/2023\/02\/san-valentin-residencia-ancianos.jpg","contentUrl":"https:\/\/pensium.es\/wp-content\/uploads\/2023\/02\/san-valentin-residencia-ancianos.jpg","width":945,"height":456,"caption":"san valentin"},{"@type":"BreadcrumbList","@id":"https:\/\/pensium.es\/san-valentin-residencias-ancianos\/#breadcrumb","itemListElement":[{"@type":"ListItem","position":1,"name":"Inicio","item":"https:\/\/pensium.es\/gl\/"},{"@type":"ListItem","position":2,"name":"San Valent\u00edn: C\u00f3mo se celebra el d\u00eda de los enamorados en los centros para mayores"}]},{"@type":"WebSite","@id":"https:\/\/pensium.es\/gl\/#website","url":"https:\/\/pensium.es\/gl\/","name":"Pensium","description":"Pagar a residencia de maiores co pago anticipado do alugueiro","potentialAction":[{"@type":"SearchAction","target":{"@type":"EntryPoint","urlTemplate":"https:\/\/pensium.es\/gl\/?s={search_term_string}"},"query-input":{"@type":"PropertyValueSpecification","valueRequired":true,"valueName":"search_term_string"}}],"inLanguage":"gl-ES"},{"@type":"Person","@id":"https:\/\/pensium.es\/gl\/#\/schema\/person\/3b2c54086c781c3b9d4903a784f4049f","name":"Pensium","image":{"@type":"ImageObject","inLanguage":"gl-ES","@id":"https:\/\/secure.gravatar.com\/avatar\/676b3457f9f57981f28982fb1f950341359281c6cba0f3f7366cd94ca4f532bd?s=96&d=mm&r=g","url":"https:\/\/secure.gravatar.com\/avatar\/676b3457f9f57981f28982fb1f950341359281c6cba0f3f7366cd94ca4f532bd?s=96&d=mm&r=g","contentUrl":"https:\/\/secure.gravatar.com\/avatar\/676b3457f9f57981f28982fb1f950341359281c6cba0f3f7366cd94ca4f532bd?s=96&d=mm&r=g","caption":"Pensium"},"url":"https:\/\/pensium.es\/gl\/author\/pensium-2\/"}]}},"_links":{"self":[{"href":"https:\/\/pensium.es\/gl\/wp-json\/wp\/v2\/posts\/13085","targetHints":{"allow":["GET"]}}],"collection":[{"href":"https:\/\/pensium.es\/gl\/wp-json\/wp\/v2\/posts"}],"about":[{"href":"https:\/\/pensium.es\/gl\/wp-json\/wp\/v2\/types\/post"}],"author":[{"embeddable":true,"href":"https:\/\/pensium.es\/gl\/wp-json\/wp\/v2\/users\/4"}],"replies":[{"embeddable":true,"href":"https:\/\/pensium.es\/gl\/wp-json\/wp\/v2\/comments?post=13085"}],"version-history":[{"count":1,"href":"https:\/\/pensium.es\/gl\/wp-json\/wp\/v2\/posts\/13085\/revisions"}],"predecessor-version":[{"id":13088,"href":"https:\/\/pensium.es\/gl\/wp-json\/wp\/v2\/posts\/13085\/revisions\/13088"}],"wp:featuredmedia":[{"embeddable":true,"href":"https:\/\/pensium.es\/gl\/wp-json\/wp\/v2\/media\/13081"}],"wp:attachment":[{"href":"https:\/\/pensium.es\/gl\/wp-json\/wp\/v2\/media?parent=13085"}],"wp:term":[{"taxonomy":"category","embeddable":true,"href":"https:\/\/pensium.es\/gl\/wp-json\/wp\/v2\/categories?post=13085"},{"taxonomy":"post_tag","embeddable":true,"href":"https:\/\/pensium.es\/gl\/wp-json\/wp\/v2\/tags?post=13085"}],"curies":[{"name":"wp","href":"https:\/\/api.w.org\/{rel}","templated":true}]}}