{"id":13863,"date":"2023-09-21T10:00:19","date_gmt":"2023-09-21T08:00:19","guid":{"rendered":"https:\/\/pensium.es\/?p=13863"},"modified":"2023-09-21T07:22:36","modified_gmt":"2023-09-21T05:22:36","slug":"ecosistema-residencias-ancianos","status":"publish","type":"post","link":"https:\/\/pensium.es\/gl\/ecosistema-residencias-ancianos\/","title":{"rendered":"El ecosistema del sector de las residencias en Espa\u00f1a"},"content":{"rendered":"\n\n<div class=\"kk-star-ratings kksr-auto kksr-align-left kksr-valign-top\"\n    data-payload='{&quot;align&quot;:&quot;left&quot;,&quot;id&quot;:&quot;13863&quot;,&quot;slug&quot;:&quot;default&quot;,&quot;valign&quot;:&quot;top&quot;,&quot;ignore&quot;:&quot;&quot;,&quot;reference&quot;:&quot;auto&quot;,&quot;class&quot;:&quot;&quot;,&quot;count&quot;:&quot;0&quot;,&quot;legendonly&quot;:&quot;&quot;,&quot;readonly&quot;:&quot;&quot;,&quot;score&quot;:&quot;0&quot;,&quot;starsonly&quot;:&quot;&quot;,&quot;best&quot;:&quot;5&quot;,&quot;gap&quot;:&quot;5&quot;,&quot;greet&quot;:&quot;Rate this post&quot;,&quot;legend&quot;:&quot;0\\\/5 - (0 votes)&quot;,&quot;size&quot;:&quot;24&quot;,&quot;title&quot;:&quot;El ecosistema del sector de las residencias en Espa\u00f1a&quot;,&quot;width&quot;:&quot;0&quot;,&quot;_legend&quot;:&quot;{score}\\\/{best} - ({count} {votes})&quot;,&quot;font_factor&quot;:&quot;1.25&quot;}'>\n            \n<div class=\"kksr-stars\">\n    \n<div class=\"kksr-stars-inactive\">\n            <div class=\"kksr-star\" data-star=\"1\" style=\"padding-right: 5px\">\n            \n\n<div class=\"kksr-icon\" style=\"width: 24px; height: 24px;\"><\/div>\n        <\/div>\n            <div class=\"kksr-star\" data-star=\"2\" style=\"padding-right: 5px\">\n            \n\n<div class=\"kksr-icon\" style=\"width: 24px; height: 24px;\"><\/div>\n        <\/div>\n            <div class=\"kksr-star\" data-star=\"3\" style=\"padding-right: 5px\">\n            \n\n<div class=\"kksr-icon\" style=\"width: 24px; height: 24px;\"><\/div>\n        <\/div>\n            <div class=\"kksr-star\" data-star=\"4\" style=\"padding-right: 5px\">\n            \n\n<div class=\"kksr-icon\" style=\"width: 24px; height: 24px;\"><\/div>\n        <\/div>\n            <div class=\"kksr-star\" data-star=\"5\" style=\"padding-right: 5px\">\n            \n\n<div class=\"kksr-icon\" style=\"width: 24px; height: 24px;\"><\/div>\n        <\/div>\n    <\/div>\n    \n<div class=\"kksr-stars-active\" style=\"width: 0px;\">\n            <div class=\"kksr-star\" style=\"padding-right: 5px\">\n            \n\n<div class=\"kksr-icon\" style=\"width: 24px; height: 24px;\"><\/div>\n        <\/div>\n            <div class=\"kksr-star\" style=\"padding-right: 5px\">\n            \n\n<div class=\"kksr-icon\" style=\"width: 24px; height: 24px;\"><\/div>\n        <\/div>\n            <div class=\"kksr-star\" style=\"padding-right: 5px\">\n            \n\n<div class=\"kksr-icon\" style=\"width: 24px; height: 24px;\"><\/div>\n        <\/div>\n            <div class=\"kksr-star\" style=\"padding-right: 5px\">\n            \n\n<div class=\"kksr-icon\" style=\"width: 24px; height: 24px;\"><\/div>\n        <\/div>\n            <div class=\"kksr-star\" style=\"padding-right: 5px\">\n            \n\n<div class=\"kksr-icon\" style=\"width: 24px; height: 24px;\"><\/div>\n        <\/div>\n    <\/div>\n<\/div>\n                \n\n<div class=\"kksr-legend\" style=\"font-size: 19.2px;\">\n            <span class=\"kksr-muted\">Rate this post<\/span>\n    <\/div>\n    <\/div>\n<p>El sector residencial est\u00e1 experimentando un crecimiento notable en los \u00faltimos a\u00f1os, como consecuencia del incremento de la demanda de cuidados asistenciales en los centros residenciales debido la evoluci\u00f3n del envejecimiento de la poblaci\u00f3n y las necesidades de las personas dependientes.<\/p>\n<p>En cuanto al envejecimiento de la poblaci\u00f3n, del total de espa\u00f1oles (47,4 millones) se estima que actualmente el 19% es mayor de 65 a\u00f1os y un 6% mayor de 80 a\u00f1os (Datos del <span style=\"text-decoration: underline;\"><span style=\"color: #e86322;\"><a style=\"color: #e86322; text-decoration: underline;\" href=\"https:\/\/www.ine.es\/\">INE<\/a><\/span><\/span> 2022)<\/p>\n<p>Las previsiones para el 2050 constatan que el n\u00famero de personas de m\u00e1s de 64 a\u00f1os ser\u00e1 de 16 millones, (casi un tercio de la poblaci\u00f3n), por lo que ser\u00e1 de una importancia vital revisar las necesidades de servicios en residencia y asistenciales requeridos por la futura poblaci\u00f3n dependiente. Espa\u00f1a es uno de los pa\u00edses del continente europeo m\u00e1s envejecido, ya que ocupa la cuarta posici\u00f3n por debajo de Grecia, Portugal e Italia.<\/p>\n<p>Para dar respuesta a esta demanda, actualmente existen 5.500 centros geri\u00e1tricos operativos en Espa\u00f1a, con un total de 397.443 plazas residenciales. Las previsiones en este sentido para el 2050 son que se necesitar\u00e1n un total de 785.000 plazas para dar cobertura a las personas dependientes que necesiten cuidados en residencias (estimaciones seg\u00fan el estudio de PwC<sup>1<\/sup>)<\/p>\n<p>Teniendo en cuenta que la esperanza de vida media es de 22 a\u00f1os m\u00e1s que hace 60 a\u00f1os, pero \u00fanicamente s\u00f3lo el 53% de ese tiempo se est\u00e1 realmente en condiciones de salud \u00f3ptimas, el escenario de futuro que se nos plantea es el de una mayor longevidad, pero con unas condiciones vitales y de salud limitadas, que recurrir\u00e1n de cuidados espec\u00edficos para mejorar la calidad de vida.<\/p>\n<p>Ante este escenario, y dado el deterioro cognitivo que se desarrolla seg\u00fan avanza el ciclo vital de las personas mayores, las residencias desarrollan un papel muy importante en nuestra sociedad para el cuidado y el acompa\u00f1amiento del segmento de la poblaci\u00f3n con dependencia severa y de edad m\u00e1s avanzada. Actualmente, el 17% de los hombres y el 25% de las mujeres de m\u00e1s de 80 a\u00f1os viven en residencias de mayores.<\/p>\n<p>Adem\u00e1s de los servicios de alimentaci\u00f3n y supervisi\u00f3n m\u00e9dica en las residencias, existen servicios m\u00e1s especializados y personalizados para cada uno de los pacientes, ya que el 75% de la poblaci\u00f3n mayor de 85 a\u00f1os sufre al menos, una enfermedad cr\u00f3nica (las m\u00e1s habituales son Alzheimer, diabetes, osteoporosis e hipertensi\u00f3n)<\/p>\n<p>Las residencias, adem\u00e1s de aportar los cuidados m\u00e9dicos necesarios a las personas mayores, ayudan a paliar los efectos de la soledad no deseada. La organizaci\u00f3n de actividades en grupo, la estimulaci\u00f3n cognitiva y el seguimiento de la salud mental son parte de las actividades del d\u00eda a d\u00eda en los centros que ayudan a incrementar el bienestar de los mayores.<\/p>\n<p>Teniendo en cuenta que la demanda del servicio de las residencias cada vez ir\u00e1 en aumento y que el importe de las pensiones actualmente no es suficiente para poder pagar la residencia, Pensium ofrece la soluci\u00f3n adecuada para poder tener acceso a los mejores cuidados sin gastar los ahorros y sin perder la propiedad de la vivienda. Se puede anticipar hasta el doble del alquiler de la vivienda para pagar la plaza de la residencia de forma r\u00e1pida y sencilla, con total flexibilidad para los clientes. Se mantiene la propiedad e la vivienda y se puede pagar la residencia con aportaciones garantizadas y cancelable en cualquier momento.<\/p>\n<p>&nbsp;<\/p>\n<p>Si tienes alg\u00fan familiar en esta situaci\u00f3n no dudes en\u00a0<span style=\"text-decoration: underline;\"><span style=\"color: #e86322;\"><a style=\"color: #e86322; text-decoration: underline;\" href=\"https:\/\/pensium.es\/gl\/contacto\/\">contactar con Pensium<\/a><\/span><\/span>. Realizaremos un estudio personalizado de vuestro caso y te explicaremos c\u00f3mo solucionarlo.<\/p>\n<p>Conoce m\u00e1s informaci\u00f3n sobre el sector de las residencias en nuestro blog:<\/p>\n<p><span style=\"text-decoration: underline;\"><span style=\"color: #e86322;\"><a style=\"color: #e86322; text-decoration: underline;\" href=\"https:\/\/pensium.es\/gl\/tipologia-de-residencias-de-mayores-en-espana\/\">https:\/\/pensium.es\/tipologia-de-residencias-de-mayores-en-espana\/<\/a><\/span><\/span><\/p>\n<p>[1] Pricewaterhousecoopers (2020).\u00a0 Radiograf\u00eda del sector de las residencias para la tercera edad en Espa\u00f1a. Documento elaborado para la Federaci\u00f3n Empresarial de la Dependencia (FED).<\/p>\n","protected":false},"excerpt":{"rendered":"<p>El sector residencial est\u00e1 experimentando un crecimiento notable en los \u00faltimos a\u00f1os, como consecuencia del incremento de la demanda de cuidados asistenciales en los centros residenciales debido la evoluci\u00f3n del envejecimiento de la poblaci\u00f3n y las necesidades de las personas dependientes. En cuanto al envejecimiento de la poblaci\u00f3n, del total de espa\u00f1oles (47,4 millones) se &#8230; <a class=\"excerpt-readmore\" href=\"https:\/\/pensium.es\/gl\/ecosistema-residencias-ancianos\/\">Read More<\/a><\/p>\n","protected":false},"author":4,"featured_media":13858,"comment_status":"open","ping_status":"closed","sticky":false,"template":"","format":"standard","meta":{"footnotes":""},"categories":[324],"tags":[],"class_list":["post-13863","post","type-post","status-publish","format-standard","has-post-thumbnail","hentry","category-xeral"],"yoast_head":"<!-- This site is optimized with the Yoast SEO plugin v27.3 - https:\/\/yoast.com\/product\/yoast-seo-wordpress\/ -->\n<title>El ecosistema del sector de las residencias en Espa\u00f1a<\/title>\n<meta name=\"description\" content=\"El sector residencial est\u00e1 creciendo mucho en los \u00faltimos a\u00f1os, te contamos c\u00f3mo evoluciona para afrontar el incremento de demanda.\" \/>\n<meta name=\"robots\" content=\"index, follow, max-snippet:-1, max-image-preview:large, max-video-preview:-1\" \/>\n<link rel=\"canonical\" href=\"https:\/\/pensium.es\/gl\/ecosistema-residencias-ancianos\/\" \/>\n<meta property=\"og:locale\" content=\"gl_ES\" \/>\n<meta property=\"og:type\" content=\"article\" \/>\n<meta property=\"og:title\" content=\"El ecosistema del sector de las residencias en Espa\u00f1a\" \/>\n<meta property=\"og:description\" content=\"El sector residencial est\u00e1 creciendo mucho en los \u00faltimos a\u00f1os, te contamos c\u00f3mo evoluciona para afrontar el incremento de demanda.\" \/>\n<meta property=\"og:url\" content=\"https:\/\/pensium.es\/ecosistema-residencias-ancianos\/\" \/>\n<meta property=\"og:site_name\" content=\"Pensium\" \/>\n<meta property=\"article:publisher\" content=\"https:\/\/www.facebook.com\/pensium.es\/\" \/>\n<meta property=\"article:published_time\" content=\"2023-09-21T08:00:19+00:00\" \/>\n<meta property=\"og:image\" content=\"https:\/\/pensium.es\/wp-content\/uploads\/2023\/09\/ecosistema-residencias.jpg\" \/>\n\t<meta property=\"og:image:width\" content=\"945\" \/>\n\t<meta property=\"og:image:height\" content=\"456\" \/>\n\t<meta property=\"og:image:type\" content=\"image\/jpeg\" \/>\n<meta name=\"author\" content=\"Pensium\" \/>\n<meta name=\"twitter:card\" content=\"summary_large_image\" \/>\n<meta name=\"twitter:label1\" content=\"Escrito por\" \/>\n\t<meta name=\"twitter:data1\" content=\"Pensium\" \/>\n\t<meta name=\"twitter:label2\" content=\"Tempo de lectura\" \/>\n\t<meta name=\"twitter:data2\" content=\"4 minutos\" \/>\n<script type=\"application\/ld+json\" class=\"yoast-schema-graph\">{\"@context\":\"https:\\\/\\\/schema.org\",\"@graph\":[{\"@type\":\"Article\",\"@id\":\"https:\\\/\\\/pensium.es\\\/ecosistema-residencias-ancianos\\\/#article\",\"isPartOf\":{\"@id\":\"https:\\\/\\\/pensium.es\\\/gl\\\/ecosistema-residencias-ancianos\\\/\"},\"author\":{\"name\":\"Pensium\",\"@id\":\"https:\\\/\\\/pensium.es\\\/gl\\\/#\\\/schema\\\/person\\\/3b2c54086c781c3b9d4903a784f4049f\"},\"headline\":\"El ecosistema del sector de las residencias en Espa\u00f1a\",\"datePublished\":\"2023-09-21T08:00:19+00:00\",\"mainEntityOfPage\":{\"@id\":\"https:\\\/\\\/pensium.es\\\/gl\\\/ecosistema-residencias-ancianos\\\/\"},\"wordCount\":673,\"commentCount\":0,\"image\":{\"@id\":\"https:\\\/\\\/pensium.es\\\/ecosistema-residencias-ancianos\\\/#primaryimage\"},\"thumbnailUrl\":\"https:\\\/\\\/pensium.es\\\/wp-content\\\/uploads\\\/2023\\\/09\\\/ecosistema-residencias.jpg\",\"articleSection\":[\"Xeral\"],\"inLanguage\":\"gl-ES\",\"potentialAction\":[{\"@type\":\"CommentAction\",\"name\":\"Comment\",\"target\":[\"https:\\\/\\\/pensium.es\\\/ecosistema-residencias-ancianos\\\/#respond\"]}]},{\"@type\":\"WebPage\",\"@id\":\"https:\\\/\\\/pensium.es\\\/gl\\\/ecosistema-residencias-ancianos\\\/\",\"url\":\"https:\\\/\\\/pensium.es\\\/ecosistema-residencias-ancianos\\\/\",\"name\":\"El ecosistema del sector de las residencias en Espa\u00f1a\",\"isPartOf\":{\"@id\":\"https:\\\/\\\/pensium.es\\\/gl\\\/#website\"},\"primaryImageOfPage\":{\"@id\":\"https:\\\/\\\/pensium.es\\\/ecosistema-residencias-ancianos\\\/#primaryimage\"},\"image\":{\"@id\":\"https:\\\/\\\/pensium.es\\\/ecosistema-residencias-ancianos\\\/#primaryimage\"},\"thumbnailUrl\":\"https:\\\/\\\/pensium.es\\\/wp-content\\\/uploads\\\/2023\\\/09\\\/ecosistema-residencias.jpg\",\"datePublished\":\"2023-09-21T08:00:19+00:00\",\"author\":{\"@id\":\"https:\\\/\\\/pensium.es\\\/gl\\\/#\\\/schema\\\/person\\\/3b2c54086c781c3b9d4903a784f4049f\"},\"description\":\"El sector residencial est\u00e1 creciendo mucho en los \u00faltimos a\u00f1os, te contamos c\u00f3mo evoluciona para afrontar el incremento de demanda.\",\"breadcrumb\":{\"@id\":\"https:\\\/\\\/pensium.es\\\/ecosistema-residencias-ancianos\\\/#breadcrumb\"},\"inLanguage\":\"gl-ES\",\"potentialAction\":[{\"@type\":\"ReadAction\",\"target\":[\"https:\\\/\\\/pensium.es\\\/ecosistema-residencias-ancianos\\\/\"]}]},{\"@type\":\"ImageObject\",\"inLanguage\":\"gl-ES\",\"@id\":\"https:\\\/\\\/pensium.es\\\/ecosistema-residencias-ancianos\\\/#primaryimage\",\"url\":\"https:\\\/\\\/pensium.es\\\/wp-content\\\/uploads\\\/2023\\\/09\\\/ecosistema-residencias.jpg\",\"contentUrl\":\"https:\\\/\\\/pensium.es\\\/wp-content\\\/uploads\\\/2023\\\/09\\\/ecosistema-residencias.jpg\",\"width\":945,\"height\":456,\"caption\":\"ecosistema residencias de mayores\"},{\"@type\":\"BreadcrumbList\",\"@id\":\"https:\\\/\\\/pensium.es\\\/ecosistema-residencias-ancianos\\\/#breadcrumb\",\"itemListElement\":[{\"@type\":\"ListItem\",\"position\":1,\"name\":\"Inicio\",\"item\":\"https:\\\/\\\/pensium.es\\\/gl\\\/\"},{\"@type\":\"ListItem\",\"position\":2,\"name\":\"El ecosistema del sector de las residencias en Espa\u00f1a\"}]},{\"@type\":\"WebSite\",\"@id\":\"https:\\\/\\\/pensium.es\\\/gl\\\/#website\",\"url\":\"https:\\\/\\\/pensium.es\\\/gl\\\/\",\"name\":\"Pensium\",\"description\":\"Pagar a residencia de maiores co pago anticipado do alugueiro\",\"potentialAction\":[{\"@type\":\"SearchAction\",\"target\":{\"@type\":\"EntryPoint\",\"urlTemplate\":\"https:\\\/\\\/pensium.es\\\/gl\\\/?s={search_term_string}\"},\"query-input\":{\"@type\":\"PropertyValueSpecification\",\"valueRequired\":true,\"valueName\":\"search_term_string\"}}],\"inLanguage\":\"gl-ES\"},{\"@type\":\"Person\",\"@id\":\"https:\\\/\\\/pensium.es\\\/gl\\\/#\\\/schema\\\/person\\\/3b2c54086c781c3b9d4903a784f4049f\",\"name\":\"Pensium\",\"image\":{\"@type\":\"ImageObject\",\"inLanguage\":\"gl-ES\",\"@id\":\"https:\\\/\\\/secure.gravatar.com\\\/avatar\\\/676b3457f9f57981f28982fb1f950341359281c6cba0f3f7366cd94ca4f532bd?s=96&d=mm&r=g\",\"url\":\"https:\\\/\\\/secure.gravatar.com\\\/avatar\\\/676b3457f9f57981f28982fb1f950341359281c6cba0f3f7366cd94ca4f532bd?s=96&d=mm&r=g\",\"contentUrl\":\"https:\\\/\\\/secure.gravatar.com\\\/avatar\\\/676b3457f9f57981f28982fb1f950341359281c6cba0f3f7366cd94ca4f532bd?s=96&d=mm&r=g\",\"caption\":\"Pensium\"},\"url\":\"https:\\\/\\\/pensium.es\\\/gl\\\/author\\\/pensium-2\\\/\"}]}<\/script>\n<!-- \/ Yoast SEO plugin. -->","yoast_head_json":{"title":"El ecosistema del sector de las residencias en Espa\u00f1a","description":"El sector residencial est\u00e1 creciendo mucho en los \u00faltimos a\u00f1os, te contamos c\u00f3mo evoluciona para afrontar el incremento de demanda.","robots":{"index":"index","follow":"follow","max-snippet":"max-snippet:-1","max-image-preview":"max-image-preview:large","max-video-preview":"max-video-preview:-1"},"canonical":"https:\/\/pensium.es\/gl\/ecosistema-residencias-ancianos\/","og_locale":"gl_ES","og_type":"article","og_title":"El ecosistema del sector de las residencias en Espa\u00f1a","og_description":"El sector residencial est\u00e1 creciendo mucho en los \u00faltimos a\u00f1os, te contamos c\u00f3mo evoluciona para afrontar el incremento de demanda.","og_url":"https:\/\/pensium.es\/ecosistema-residencias-ancianos\/","og_site_name":"Pensium","article_publisher":"https:\/\/www.facebook.com\/pensium.es\/","article_published_time":"2023-09-21T08:00:19+00:00","og_image":[{"width":945,"height":456,"url":"https:\/\/pensium.es\/wp-content\/uploads\/2023\/09\/ecosistema-residencias.jpg","type":"image\/jpeg"}],"author":"Pensium","twitter_card":"summary_large_image","twitter_misc":{"Escrito por":"Pensium","Tempo de lectura":"4 minutos"},"schema":{"@context":"https:\/\/schema.org","@graph":[{"@type":"Article","@id":"https:\/\/pensium.es\/ecosistema-residencias-ancianos\/#article","isPartOf":{"@id":"https:\/\/pensium.es\/gl\/ecosistema-residencias-ancianos\/"},"author":{"name":"Pensium","@id":"https:\/\/pensium.es\/gl\/#\/schema\/person\/3b2c54086c781c3b9d4903a784f4049f"},"headline":"El ecosistema del sector de las residencias en Espa\u00f1a","datePublished":"2023-09-21T08:00:19+00:00","mainEntityOfPage":{"@id":"https:\/\/pensium.es\/gl\/ecosistema-residencias-ancianos\/"},"wordCount":673,"commentCount":0,"image":{"@id":"https:\/\/pensium.es\/ecosistema-residencias-ancianos\/#primaryimage"},"thumbnailUrl":"https:\/\/pensium.es\/wp-content\/uploads\/2023\/09\/ecosistema-residencias.jpg","articleSection":["Xeral"],"inLanguage":"gl-ES","potentialAction":[{"@type":"CommentAction","name":"Comment","target":["https:\/\/pensium.es\/ecosistema-residencias-ancianos\/#respond"]}]},{"@type":"WebPage","@id":"https:\/\/pensium.es\/gl\/ecosistema-residencias-ancianos\/","url":"https:\/\/pensium.es\/ecosistema-residencias-ancianos\/","name":"El ecosistema del sector de las residencias en Espa\u00f1a","isPartOf":{"@id":"https:\/\/pensium.es\/gl\/#website"},"primaryImageOfPage":{"@id":"https:\/\/pensium.es\/ecosistema-residencias-ancianos\/#primaryimage"},"image":{"@id":"https:\/\/pensium.es\/ecosistema-residencias-ancianos\/#primaryimage"},"thumbnailUrl":"https:\/\/pensium.es\/wp-content\/uploads\/2023\/09\/ecosistema-residencias.jpg","datePublished":"2023-09-21T08:00:19+00:00","author":{"@id":"https:\/\/pensium.es\/gl\/#\/schema\/person\/3b2c54086c781c3b9d4903a784f4049f"},"description":"El sector residencial est\u00e1 creciendo mucho en los \u00faltimos a\u00f1os, te contamos c\u00f3mo evoluciona para afrontar el incremento de demanda.","breadcrumb":{"@id":"https:\/\/pensium.es\/ecosistema-residencias-ancianos\/#breadcrumb"},"inLanguage":"gl-ES","potentialAction":[{"@type":"ReadAction","target":["https:\/\/pensium.es\/ecosistema-residencias-ancianos\/"]}]},{"@type":"ImageObject","inLanguage":"gl-ES","@id":"https:\/\/pensium.es\/ecosistema-residencias-ancianos\/#primaryimage","url":"https:\/\/pensium.es\/wp-content\/uploads\/2023\/09\/ecosistema-residencias.jpg","contentUrl":"https:\/\/pensium.es\/wp-content\/uploads\/2023\/09\/ecosistema-residencias.jpg","width":945,"height":456,"caption":"ecosistema residencias de mayores"},{"@type":"BreadcrumbList","@id":"https:\/\/pensium.es\/ecosistema-residencias-ancianos\/#breadcrumb","itemListElement":[{"@type":"ListItem","position":1,"name":"Inicio","item":"https:\/\/pensium.es\/gl\/"},{"@type":"ListItem","position":2,"name":"El ecosistema del sector de las residencias en Espa\u00f1a"}]},{"@type":"WebSite","@id":"https:\/\/pensium.es\/gl\/#website","url":"https:\/\/pensium.es\/gl\/","name":"Pensium","description":"Pagar a residencia de maiores co pago anticipado do alugueiro","potentialAction":[{"@type":"SearchAction","target":{"@type":"EntryPoint","urlTemplate":"https:\/\/pensium.es\/gl\/?s={search_term_string}"},"query-input":{"@type":"PropertyValueSpecification","valueRequired":true,"valueName":"search_term_string"}}],"inLanguage":"gl-ES"},{"@type":"Person","@id":"https:\/\/pensium.es\/gl\/#\/schema\/person\/3b2c54086c781c3b9d4903a784f4049f","name":"Pensium","image":{"@type":"ImageObject","inLanguage":"gl-ES","@id":"https:\/\/secure.gravatar.com\/avatar\/676b3457f9f57981f28982fb1f950341359281c6cba0f3f7366cd94ca4f532bd?s=96&d=mm&r=g","url":"https:\/\/secure.gravatar.com\/avatar\/676b3457f9f57981f28982fb1f950341359281c6cba0f3f7366cd94ca4f532bd?s=96&d=mm&r=g","contentUrl":"https:\/\/secure.gravatar.com\/avatar\/676b3457f9f57981f28982fb1f950341359281c6cba0f3f7366cd94ca4f532bd?s=96&d=mm&r=g","caption":"Pensium"},"url":"https:\/\/pensium.es\/gl\/author\/pensium-2\/"}]}},"_links":{"self":[{"href":"https:\/\/pensium.es\/gl\/wp-json\/wp\/v2\/posts\/13863","targetHints":{"allow":["GET"]}}],"collection":[{"href":"https:\/\/pensium.es\/gl\/wp-json\/wp\/v2\/posts"}],"about":[{"href":"https:\/\/pensium.es\/gl\/wp-json\/wp\/v2\/types\/post"}],"author":[{"embeddable":true,"href":"https:\/\/pensium.es\/gl\/wp-json\/wp\/v2\/users\/4"}],"replies":[{"embeddable":true,"href":"https:\/\/pensium.es\/gl\/wp-json\/wp\/v2\/comments?post=13863"}],"version-history":[{"count":1,"href":"https:\/\/pensium.es\/gl\/wp-json\/wp\/v2\/posts\/13863\/revisions"}],"predecessor-version":[{"id":13864,"href":"https:\/\/pensium.es\/gl\/wp-json\/wp\/v2\/posts\/13863\/revisions\/13864"}],"wp:featuredmedia":[{"embeddable":true,"href":"https:\/\/pensium.es\/gl\/wp-json\/wp\/v2\/media\/13858"}],"wp:attachment":[{"href":"https:\/\/pensium.es\/gl\/wp-json\/wp\/v2\/media?parent=13863"}],"wp:term":[{"taxonomy":"category","embeddable":true,"href":"https:\/\/pensium.es\/gl\/wp-json\/wp\/v2\/categories?post=13863"},{"taxonomy":"post_tag","embeddable":true,"href":"https:\/\/pensium.es\/gl\/wp-json\/wp\/v2\/tags?post=13863"}],"curies":[{"name":"wp","href":"https:\/\/api.w.org\/{rel}","templated":true}]}}