{"id":13944,"date":"2023-10-19T10:00:41","date_gmt":"2023-10-19T08:00:41","guid":{"rendered":"https:\/\/pensium.es\/?p=13944"},"modified":"2023-10-18T19:35:16","modified_gmt":"2023-10-18T17:35:16","slug":"trabajador-social-cuidado-personas-mayores","status":"publish","type":"post","link":"https:\/\/pensium.es\/gl\/trabajador-social-cuidado-personas-mayores\/","title":{"rendered":"La funci\u00f3n de los profesionales del trabajo social en el cuidado de las personas mayores"},"content":{"rendered":"\n\n<div class=\"kk-star-ratings kksr-auto kksr-align-left kksr-valign-top\"\n    data-payload='{&quot;align&quot;:&quot;left&quot;,&quot;id&quot;:&quot;13944&quot;,&quot;slug&quot;:&quot;default&quot;,&quot;valign&quot;:&quot;top&quot;,&quot;ignore&quot;:&quot;&quot;,&quot;reference&quot;:&quot;auto&quot;,&quot;class&quot;:&quot;&quot;,&quot;count&quot;:&quot;0&quot;,&quot;legendonly&quot;:&quot;&quot;,&quot;readonly&quot;:&quot;&quot;,&quot;score&quot;:&quot;0&quot;,&quot;starsonly&quot;:&quot;&quot;,&quot;best&quot;:&quot;5&quot;,&quot;gap&quot;:&quot;5&quot;,&quot;greet&quot;:&quot;Rate this post&quot;,&quot;legend&quot;:&quot;0\\\/5 - (0 votes)&quot;,&quot;size&quot;:&quot;24&quot;,&quot;title&quot;:&quot;La funci\u00f3n de los profesionales del trabajo social en el cuidado de las personas mayores&quot;,&quot;width&quot;:&quot;0&quot;,&quot;_legend&quot;:&quot;{score}\\\/{best} - ({count} {votes})&quot;,&quot;font_factor&quot;:&quot;1.25&quot;}'>\n            \n<div class=\"kksr-stars\">\n    \n<div class=\"kksr-stars-inactive\">\n            <div class=\"kksr-star\" data-star=\"1\" style=\"padding-right: 5px\">\n            \n\n<div class=\"kksr-icon\" style=\"width: 24px; height: 24px;\"><\/div>\n        <\/div>\n            <div class=\"kksr-star\" data-star=\"2\" style=\"padding-right: 5px\">\n            \n\n<div class=\"kksr-icon\" style=\"width: 24px; height: 24px;\"><\/div>\n        <\/div>\n            <div class=\"kksr-star\" data-star=\"3\" style=\"padding-right: 5px\">\n            \n\n<div class=\"kksr-icon\" style=\"width: 24px; height: 24px;\"><\/div>\n        <\/div>\n            <div class=\"kksr-star\" data-star=\"4\" style=\"padding-right: 5px\">\n            \n\n<div class=\"kksr-icon\" style=\"width: 24px; height: 24px;\"><\/div>\n        <\/div>\n            <div class=\"kksr-star\" data-star=\"5\" style=\"padding-right: 5px\">\n            \n\n<div class=\"kksr-icon\" style=\"width: 24px; height: 24px;\"><\/div>\n        <\/div>\n    <\/div>\n    \n<div class=\"kksr-stars-active\" style=\"width: 0px;\">\n            <div class=\"kksr-star\" style=\"padding-right: 5px\">\n            \n\n<div class=\"kksr-icon\" style=\"width: 24px; height: 24px;\"><\/div>\n        <\/div>\n            <div class=\"kksr-star\" style=\"padding-right: 5px\">\n            \n\n<div class=\"kksr-icon\" style=\"width: 24px; height: 24px;\"><\/div>\n        <\/div>\n            <div class=\"kksr-star\" style=\"padding-right: 5px\">\n            \n\n<div class=\"kksr-icon\" style=\"width: 24px; height: 24px;\"><\/div>\n        <\/div>\n            <div class=\"kksr-star\" style=\"padding-right: 5px\">\n            \n\n<div class=\"kksr-icon\" style=\"width: 24px; height: 24px;\"><\/div>\n        <\/div>\n            <div class=\"kksr-star\" style=\"padding-right: 5px\">\n            \n\n<div class=\"kksr-icon\" style=\"width: 24px; height: 24px;\"><\/div>\n        <\/div>\n    <\/div>\n<\/div>\n                \n\n<div class=\"kksr-legend\" style=\"font-size: 19.2px;\">\n            <span class=\"kksr-muted\">Rate this post<\/span>\n    <\/div>\n    <\/div>\n<p>El envejecimiento de la poblaci\u00f3n es una realidad global que presenta desaf\u00edos significativos en t\u00e9rminos de cuidado y atenci\u00f3n a las personas mayores.<\/p>\n<p>Los profesionales del trabajo social desempe\u00f1an un papel vital en este proceso, ya que su experiencia y habilidades se enfocan en mejorar la calidad de vida de los adultos mayores y apoyarlos en su bienestar general.<\/p>\n<p>En los \u00faltimos a\u00f1os, se ha incrementado el n\u00famero de personas que eligen el trabajo social como ocupaci\u00f3n. Seg\u00fan datos del <span style=\"text-decoration: underline;\"><span style=\"color: #e86322; text-decoration: underline;\"><a style=\"color: #e86322; text-decoration: underline;\" href=\"https:\/\/www.cgtrabajosocial.es\/cifras\">Consejo General de Trabajo Social<\/a>,<\/span><\/span> durante el periodo de 2000 a 2022, el n\u00famero de colegiados se ha incrementado de 19.264 a 46.000.<\/p>\n<p>Los profesionales del\u00a0<span style=\"text-decoration: underline;\"><span style=\"color: #e86322;\"><a style=\"color: #e86322; text-decoration: underline;\" href=\"https:\/\/www.unir.net\/ciencias-sociales\/revista\/que-es-trabajo-social\/\">trabajo social<\/a><\/span><\/span>\u00a0pueden llegar a desempe\u00f1ar su actividad profesional en m\u00faltiples \u00e1mbitos de actuaci\u00f3n:<\/p>\n<p><span style=\"color: #e86322;\"><strong>Evaluaci\u00f3n de las necesidades individuales<\/strong><\/span><\/p>\n<p>Uno de los primeros roles de los profesionales del trabajo social en el cuidado de las personas mayores es llevar a cabo evaluaciones exhaustivas de las necesidades individuales. Cada persona mayor es \u00fanica, con sus propias condiciones de salud, situaciones econ\u00f3micas, redes de apoyo y desaf\u00edos emocionales. Trabajan en estrecha colaboraci\u00f3n con los adultos mayores y sus familias para determinar las \u00e1reas en las que se necesita apoyo. Esto puede incluir la evaluaci\u00f3n de la vivienda, la asistencia m\u00e9dica, las necesidades emocionales y sociales, y la planificaci\u00f3n financiera.<\/p>\n<p><span style=\"color: #e86322;\"><strong>Desarrollo de planes de atenci\u00f3n personalizados<\/strong><\/span><\/p>\n<p>Una vez que se ha realizado una evaluaci\u00f3n adecuada, los profesionales del trabajo social desempe\u00f1an un papel fundamental en el desarrollo de planes de atenci\u00f3n personalizados. Estos planes est\u00e1n dise\u00f1ados para abordar las necesidades espec\u00edficas de cada persona mayor y pueden incluir servicios de atenci\u00f3n m\u00e9dica, servicios de apoyo social, servicios de cuidado a domicilio y otras intervenciones necesarias para mejorar su calidad de vida. Colaboran estrechamente con otros profesionales de la salud, como m\u00e9dicos y enfermeras, para garantizar que estos planes sean efectivos y completos.<\/p>\n<p><span style=\"color: #e86322;\"><strong>Acceso a recursos y servicios<\/strong><\/span><\/p>\n<p>Los profesionales del trabajo social son expertos en la identificaci\u00f3n y el acceso a recursos y servicios disponibles para las personas mayores. Ayudan a los adultos mayores a navegar por un sistema de atenci\u00f3n m\u00e9dica y social a menudo complejo y burocr\u00e1tico. Esto puede incluir la orientaci\u00f3n sobre programas gubernamentales, asistencia financiera, programas de alimentaci\u00f3n y vivienda asequible. Tienen un rol esencial para garantizar que las personas mayores tengan acceso a los servicios y recursos que necesitan para mantener una calidad de vida \u00f3ptima.<\/p>\n<p><span style=\"color: #e86322;\"><strong>Apoyo emocional y psicol\u00f3gico<\/strong><\/span><\/p>\n<p>El envejecimiento puede estar acompa\u00f1ado de desaf\u00edos emocionales y psicol\u00f3gicos. Los profesionales del trabajo social ayudan a proporcionar apoyo emocional a las personas mayores y sus familias. Dan apoyo para lidiar con la soledad, la depresi\u00f3n, la ansiedad y el duelo que a menudo se experimentan en la vejez. Ofrecen asesoramiento y recursos para ayudar a las personas mayores a mantener una salud mental positiva y una sensaci\u00f3n de bienestar general.<\/p>\n<p><span style=\"color: #e86322;\"><strong>Abogac\u00eda y defensa de los derechos<\/strong><\/span><\/p>\n<p>Juegan un papel muy importante en la defensa de los derechos de las personas mayores. Abogan por las personas mayores, asegur\u00e1ndose de que reciban un trato justo y adecuado en todos los aspectos de su atenci\u00f3n y vida cotidiana. Esto puede incluir la defensa de los derechos de vivienda, atenci\u00f3n m\u00e9dica adecuada y la protecci\u00f3n contra el abuso y el maltrato. Son una voz poderosa que defiende a las personas mayores en situaciones vulnerables.<\/p>\n<p><span style=\"color: #e86322;\"><strong>Educaci\u00f3n y capacitaci\u00f3n<\/strong><\/span><\/p>\n<p>Adem\u00e1s de su papel directo en la atenci\u00f3n de las personas mayores, los profesionales del trabajo social tambi\u00e9n se ocupan de forma activa en la educaci\u00f3n y capacitaci\u00f3n de las familias y cuidadores. Ofrecen orientaci\u00f3n sobre c\u00f3mo brindar el mejor cuidado posible a las personas mayores y c\u00f3mo manejar los desaf\u00edos que surgen en el camino.<\/p>\n<p>En resumen, la figura del trabajador social juega un papel cr\u00edtico en el cuidado y el bienestar de las personas mayores. Su experiencia en la evaluaci\u00f3n de necesidades, el desarrollo de planes de atenci\u00f3n personalizados, el acceso a recursos, el apoyo emocional y la defensa de los derechos contribuye en gran medida a mejorar la calidad de vida de las personas mayores y garantizar que reciban la atenci\u00f3n y el respeto que merecen en la etapa final de sus vidas. Su labor es fundamental en una sociedad que valora y respeta a sus ciudadanos mayores.<\/p>\n<p>&nbsp;<\/p>\n","protected":false},"excerpt":{"rendered":"<p>El envejecimiento de la poblaci\u00f3n es una realidad global que presenta desaf\u00edos significativos en t\u00e9rminos de cuidado y atenci\u00f3n a las personas mayores. Los profesionales del trabajo social desempe\u00f1an un papel vital en este proceso, ya que su experiencia y habilidades se enfocan en mejorar la calidad de vida de los adultos mayores y apoyarlos &#8230; <a class=\"excerpt-readmore\" href=\"https:\/\/pensium.es\/gl\/trabajador-social-cuidado-personas-mayores\/\">Read More<\/a><\/p>\n","protected":false},"author":4,"featured_media":13939,"comment_status":"open","ping_status":"closed","sticky":false,"template":"","format":"standard","meta":{"footnotes":""},"categories":[325],"tags":[],"class_list":["post-13944","post","type-post","status-publish","format-standard","has-post-thumbnail","hentry","category-residencias-para-persoas-maiores"],"yoast_head":"<!-- This site is optimized with the Yoast SEO plugin v27.3 - https:\/\/yoast.com\/product\/yoast-seo-wordpress\/ -->\n<title>El trabajador social en el cuidado de los mayores<\/title>\n<meta name=\"description\" content=\"Los profesionales del\u00a0trabajo social\u00a0pueden desempe\u00f1ar su actividad profesional en m\u00faltiples \u00e1mbitos relacionados con los mayores.\" \/>\n<meta name=\"robots\" content=\"index, follow, max-snippet:-1, max-image-preview:large, max-video-preview:-1\" \/>\n<link rel=\"canonical\" href=\"https:\/\/pensium.es\/gl\/trabajador-social-cuidado-personas-mayores\/\" \/>\n<meta property=\"og:locale\" content=\"gl_ES\" \/>\n<meta property=\"og:type\" content=\"article\" \/>\n<meta property=\"og:title\" content=\"El trabajador social en el cuidado de los mayores\" \/>\n<meta property=\"og:description\" content=\"Los profesionales del\u00a0trabajo social\u00a0pueden desempe\u00f1ar su actividad profesional en m\u00faltiples \u00e1mbitos relacionados con los mayores.\" \/>\n<meta property=\"og:url\" content=\"https:\/\/pensium.es\/trabajador-social-cuidado-personas-mayores\/\" \/>\n<meta property=\"og:site_name\" content=\"Pensium\" \/>\n<meta property=\"article:publisher\" content=\"https:\/\/www.facebook.com\/pensium.es\/\" \/>\n<meta property=\"article:published_time\" content=\"2023-10-19T08:00:41+00:00\" \/>\n<meta property=\"og:image\" content=\"https:\/\/pensium.es\/wp-content\/uploads\/2023\/10\/Trabajador-social.jpg\" \/>\n\t<meta property=\"og:image:width\" content=\"945\" \/>\n\t<meta property=\"og:image:height\" content=\"454\" \/>\n\t<meta property=\"og:image:type\" content=\"image\/jpeg\" \/>\n<meta name=\"author\" content=\"Pensium\" \/>\n<meta name=\"twitter:card\" content=\"summary_large_image\" \/>\n<meta name=\"twitter:label1\" content=\"Escrito por\" \/>\n\t<meta name=\"twitter:data1\" content=\"Pensium\" \/>\n\t<meta name=\"twitter:label2\" content=\"Tempo de lectura\" \/>\n\t<meta name=\"twitter:data2\" content=\"4 minutos\" \/>\n<script type=\"application\/ld+json\" class=\"yoast-schema-graph\">{\"@context\":\"https:\\\/\\\/schema.org\",\"@graph\":[{\"@type\":\"Article\",\"@id\":\"https:\\\/\\\/pensium.es\\\/trabajador-social-cuidado-personas-mayores\\\/#article\",\"isPartOf\":{\"@id\":\"https:\\\/\\\/pensium.es\\\/gl\\\/trabajador-social-cuidado-personas-mayores\\\/\"},\"author\":{\"name\":\"Pensium\",\"@id\":\"https:\\\/\\\/pensium.es\\\/gl\\\/#\\\/schema\\\/person\\\/3b2c54086c781c3b9d4903a784f4049f\"},\"headline\":\"La funci\u00f3n de los profesionales del trabajo social en el cuidado de las personas mayores\",\"datePublished\":\"2023-10-19T08:00:41+00:00\",\"mainEntityOfPage\":{\"@id\":\"https:\\\/\\\/pensium.es\\\/gl\\\/trabajador-social-cuidado-personas-mayores\\\/\"},\"wordCount\":779,\"commentCount\":0,\"image\":{\"@id\":\"https:\\\/\\\/pensium.es\\\/trabajador-social-cuidado-personas-mayores\\\/#primaryimage\"},\"thumbnailUrl\":\"https:\\\/\\\/pensium.es\\\/wp-content\\\/uploads\\\/2023\\\/10\\\/Trabajador-social.jpg\",\"articleSection\":[\"Residencias para persoas maiores\"],\"inLanguage\":\"gl-ES\",\"potentialAction\":[{\"@type\":\"CommentAction\",\"name\":\"Comment\",\"target\":[\"https:\\\/\\\/pensium.es\\\/trabajador-social-cuidado-personas-mayores\\\/#respond\"]}]},{\"@type\":\"WebPage\",\"@id\":\"https:\\\/\\\/pensium.es\\\/gl\\\/trabajador-social-cuidado-personas-mayores\\\/\",\"url\":\"https:\\\/\\\/pensium.es\\\/trabajador-social-cuidado-personas-mayores\\\/\",\"name\":\"El trabajador social en el cuidado de los mayores\",\"isPartOf\":{\"@id\":\"https:\\\/\\\/pensium.es\\\/gl\\\/#website\"},\"primaryImageOfPage\":{\"@id\":\"https:\\\/\\\/pensium.es\\\/trabajador-social-cuidado-personas-mayores\\\/#primaryimage\"},\"image\":{\"@id\":\"https:\\\/\\\/pensium.es\\\/trabajador-social-cuidado-personas-mayores\\\/#primaryimage\"},\"thumbnailUrl\":\"https:\\\/\\\/pensium.es\\\/wp-content\\\/uploads\\\/2023\\\/10\\\/Trabajador-social.jpg\",\"datePublished\":\"2023-10-19T08:00:41+00:00\",\"author\":{\"@id\":\"https:\\\/\\\/pensium.es\\\/gl\\\/#\\\/schema\\\/person\\\/3b2c54086c781c3b9d4903a784f4049f\"},\"description\":\"Los profesionales del\u00a0trabajo social\u00a0pueden desempe\u00f1ar su actividad profesional en m\u00faltiples \u00e1mbitos relacionados con los mayores.\",\"breadcrumb\":{\"@id\":\"https:\\\/\\\/pensium.es\\\/trabajador-social-cuidado-personas-mayores\\\/#breadcrumb\"},\"inLanguage\":\"gl-ES\",\"potentialAction\":[{\"@type\":\"ReadAction\",\"target\":[\"https:\\\/\\\/pensium.es\\\/trabajador-social-cuidado-personas-mayores\\\/\"]}]},{\"@type\":\"ImageObject\",\"inLanguage\":\"gl-ES\",\"@id\":\"https:\\\/\\\/pensium.es\\\/trabajador-social-cuidado-personas-mayores\\\/#primaryimage\",\"url\":\"https:\\\/\\\/pensium.es\\\/wp-content\\\/uploads\\\/2023\\\/10\\\/Trabajador-social.jpg\",\"contentUrl\":\"https:\\\/\\\/pensium.es\\\/wp-content\\\/uploads\\\/2023\\\/10\\\/Trabajador-social.jpg\",\"width\":945,\"height\":454,\"caption\":\"Trabajador social cuidado de mayores\"},{\"@type\":\"BreadcrumbList\",\"@id\":\"https:\\\/\\\/pensium.es\\\/trabajador-social-cuidado-personas-mayores\\\/#breadcrumb\",\"itemListElement\":[{\"@type\":\"ListItem\",\"position\":1,\"name\":\"Inicio\",\"item\":\"https:\\\/\\\/pensium.es\\\/gl\\\/\"},{\"@type\":\"ListItem\",\"position\":2,\"name\":\"La funci\u00f3n de los profesionales del trabajo social en el cuidado de las personas mayores\"}]},{\"@type\":\"WebSite\",\"@id\":\"https:\\\/\\\/pensium.es\\\/gl\\\/#website\",\"url\":\"https:\\\/\\\/pensium.es\\\/gl\\\/\",\"name\":\"Pensium\",\"description\":\"Pagar a residencia de maiores co pago anticipado do alugueiro\",\"potentialAction\":[{\"@type\":\"SearchAction\",\"target\":{\"@type\":\"EntryPoint\",\"urlTemplate\":\"https:\\\/\\\/pensium.es\\\/gl\\\/?s={search_term_string}\"},\"query-input\":{\"@type\":\"PropertyValueSpecification\",\"valueRequired\":true,\"valueName\":\"search_term_string\"}}],\"inLanguage\":\"gl-ES\"},{\"@type\":\"Person\",\"@id\":\"https:\\\/\\\/pensium.es\\\/gl\\\/#\\\/schema\\\/person\\\/3b2c54086c781c3b9d4903a784f4049f\",\"name\":\"Pensium\",\"image\":{\"@type\":\"ImageObject\",\"inLanguage\":\"gl-ES\",\"@id\":\"https:\\\/\\\/secure.gravatar.com\\\/avatar\\\/676b3457f9f57981f28982fb1f950341359281c6cba0f3f7366cd94ca4f532bd?s=96&d=mm&r=g\",\"url\":\"https:\\\/\\\/secure.gravatar.com\\\/avatar\\\/676b3457f9f57981f28982fb1f950341359281c6cba0f3f7366cd94ca4f532bd?s=96&d=mm&r=g\",\"contentUrl\":\"https:\\\/\\\/secure.gravatar.com\\\/avatar\\\/676b3457f9f57981f28982fb1f950341359281c6cba0f3f7366cd94ca4f532bd?s=96&d=mm&r=g\",\"caption\":\"Pensium\"},\"url\":\"https:\\\/\\\/pensium.es\\\/gl\\\/author\\\/pensium-2\\\/\"}]}<\/script>\n<!-- \/ Yoast SEO plugin. -->","yoast_head_json":{"title":"El trabajador social en el cuidado de los mayores","description":"Los profesionales del\u00a0trabajo social\u00a0pueden desempe\u00f1ar su actividad profesional en m\u00faltiples \u00e1mbitos relacionados con los mayores.","robots":{"index":"index","follow":"follow","max-snippet":"max-snippet:-1","max-image-preview":"max-image-preview:large","max-video-preview":"max-video-preview:-1"},"canonical":"https:\/\/pensium.es\/gl\/trabajador-social-cuidado-personas-mayores\/","og_locale":"gl_ES","og_type":"article","og_title":"El trabajador social en el cuidado de los mayores","og_description":"Los profesionales del\u00a0trabajo social\u00a0pueden desempe\u00f1ar su actividad profesional en m\u00faltiples \u00e1mbitos relacionados con los mayores.","og_url":"https:\/\/pensium.es\/trabajador-social-cuidado-personas-mayores\/","og_site_name":"Pensium","article_publisher":"https:\/\/www.facebook.com\/pensium.es\/","article_published_time":"2023-10-19T08:00:41+00:00","og_image":[{"width":945,"height":454,"url":"https:\/\/pensium.es\/wp-content\/uploads\/2023\/10\/Trabajador-social.jpg","type":"image\/jpeg"}],"author":"Pensium","twitter_card":"summary_large_image","twitter_misc":{"Escrito por":"Pensium","Tempo de lectura":"4 minutos"},"schema":{"@context":"https:\/\/schema.org","@graph":[{"@type":"Article","@id":"https:\/\/pensium.es\/trabajador-social-cuidado-personas-mayores\/#article","isPartOf":{"@id":"https:\/\/pensium.es\/gl\/trabajador-social-cuidado-personas-mayores\/"},"author":{"name":"Pensium","@id":"https:\/\/pensium.es\/gl\/#\/schema\/person\/3b2c54086c781c3b9d4903a784f4049f"},"headline":"La funci\u00f3n de los profesionales del trabajo social en el cuidado de las personas mayores","datePublished":"2023-10-19T08:00:41+00:00","mainEntityOfPage":{"@id":"https:\/\/pensium.es\/gl\/trabajador-social-cuidado-personas-mayores\/"},"wordCount":779,"commentCount":0,"image":{"@id":"https:\/\/pensium.es\/trabajador-social-cuidado-personas-mayores\/#primaryimage"},"thumbnailUrl":"https:\/\/pensium.es\/wp-content\/uploads\/2023\/10\/Trabajador-social.jpg","articleSection":["Residencias para persoas maiores"],"inLanguage":"gl-ES","potentialAction":[{"@type":"CommentAction","name":"Comment","target":["https:\/\/pensium.es\/trabajador-social-cuidado-personas-mayores\/#respond"]}]},{"@type":"WebPage","@id":"https:\/\/pensium.es\/gl\/trabajador-social-cuidado-personas-mayores\/","url":"https:\/\/pensium.es\/trabajador-social-cuidado-personas-mayores\/","name":"El trabajador social en el cuidado de los mayores","isPartOf":{"@id":"https:\/\/pensium.es\/gl\/#website"},"primaryImageOfPage":{"@id":"https:\/\/pensium.es\/trabajador-social-cuidado-personas-mayores\/#primaryimage"},"image":{"@id":"https:\/\/pensium.es\/trabajador-social-cuidado-personas-mayores\/#primaryimage"},"thumbnailUrl":"https:\/\/pensium.es\/wp-content\/uploads\/2023\/10\/Trabajador-social.jpg","datePublished":"2023-10-19T08:00:41+00:00","author":{"@id":"https:\/\/pensium.es\/gl\/#\/schema\/person\/3b2c54086c781c3b9d4903a784f4049f"},"description":"Los profesionales del\u00a0trabajo social\u00a0pueden desempe\u00f1ar su actividad profesional en m\u00faltiples \u00e1mbitos relacionados con los mayores.","breadcrumb":{"@id":"https:\/\/pensium.es\/trabajador-social-cuidado-personas-mayores\/#breadcrumb"},"inLanguage":"gl-ES","potentialAction":[{"@type":"ReadAction","target":["https:\/\/pensium.es\/trabajador-social-cuidado-personas-mayores\/"]}]},{"@type":"ImageObject","inLanguage":"gl-ES","@id":"https:\/\/pensium.es\/trabajador-social-cuidado-personas-mayores\/#primaryimage","url":"https:\/\/pensium.es\/wp-content\/uploads\/2023\/10\/Trabajador-social.jpg","contentUrl":"https:\/\/pensium.es\/wp-content\/uploads\/2023\/10\/Trabajador-social.jpg","width":945,"height":454,"caption":"Trabajador social cuidado de mayores"},{"@type":"BreadcrumbList","@id":"https:\/\/pensium.es\/trabajador-social-cuidado-personas-mayores\/#breadcrumb","itemListElement":[{"@type":"ListItem","position":1,"name":"Inicio","item":"https:\/\/pensium.es\/gl\/"},{"@type":"ListItem","position":2,"name":"La funci\u00f3n de los profesionales del trabajo social en el cuidado de las personas mayores"}]},{"@type":"WebSite","@id":"https:\/\/pensium.es\/gl\/#website","url":"https:\/\/pensium.es\/gl\/","name":"Pensium","description":"Pagar a residencia de maiores co pago anticipado do alugueiro","potentialAction":[{"@type":"SearchAction","target":{"@type":"EntryPoint","urlTemplate":"https:\/\/pensium.es\/gl\/?s={search_term_string}"},"query-input":{"@type":"PropertyValueSpecification","valueRequired":true,"valueName":"search_term_string"}}],"inLanguage":"gl-ES"},{"@type":"Person","@id":"https:\/\/pensium.es\/gl\/#\/schema\/person\/3b2c54086c781c3b9d4903a784f4049f","name":"Pensium","image":{"@type":"ImageObject","inLanguage":"gl-ES","@id":"https:\/\/secure.gravatar.com\/avatar\/676b3457f9f57981f28982fb1f950341359281c6cba0f3f7366cd94ca4f532bd?s=96&d=mm&r=g","url":"https:\/\/secure.gravatar.com\/avatar\/676b3457f9f57981f28982fb1f950341359281c6cba0f3f7366cd94ca4f532bd?s=96&d=mm&r=g","contentUrl":"https:\/\/secure.gravatar.com\/avatar\/676b3457f9f57981f28982fb1f950341359281c6cba0f3f7366cd94ca4f532bd?s=96&d=mm&r=g","caption":"Pensium"},"url":"https:\/\/pensium.es\/gl\/author\/pensium-2\/"}]}},"_links":{"self":[{"href":"https:\/\/pensium.es\/gl\/wp-json\/wp\/v2\/posts\/13944","targetHints":{"allow":["GET"]}}],"collection":[{"href":"https:\/\/pensium.es\/gl\/wp-json\/wp\/v2\/posts"}],"about":[{"href":"https:\/\/pensium.es\/gl\/wp-json\/wp\/v2\/types\/post"}],"author":[{"embeddable":true,"href":"https:\/\/pensium.es\/gl\/wp-json\/wp\/v2\/users\/4"}],"replies":[{"embeddable":true,"href":"https:\/\/pensium.es\/gl\/wp-json\/wp\/v2\/comments?post=13944"}],"version-history":[{"count":1,"href":"https:\/\/pensium.es\/gl\/wp-json\/wp\/v2\/posts\/13944\/revisions"}],"predecessor-version":[{"id":13946,"href":"https:\/\/pensium.es\/gl\/wp-json\/wp\/v2\/posts\/13944\/revisions\/13946"}],"wp:featuredmedia":[{"embeddable":true,"href":"https:\/\/pensium.es\/gl\/wp-json\/wp\/v2\/media\/13939"}],"wp:attachment":[{"href":"https:\/\/pensium.es\/gl\/wp-json\/wp\/v2\/media?parent=13944"}],"wp:term":[{"taxonomy":"category","embeddable":true,"href":"https:\/\/pensium.es\/gl\/wp-json\/wp\/v2\/categories?post=13944"},{"taxonomy":"post_tag","embeddable":true,"href":"https:\/\/pensium.es\/gl\/wp-json\/wp\/v2\/tags?post=13944"}],"curies":[{"name":"wp","href":"https:\/\/api.w.org\/{rel}","templated":true}]}}