{"id":18454,"date":"2025-10-27T20:31:45","date_gmt":"2025-10-27T18:31:45","guid":{"rendered":"https:\/\/pensium.es\/?p=18454"},"modified":"2025-10-27T20:31:45","modified_gmt":"2025-10-27T18:31:45","slug":"o-valor-do-impacto-social-como-pensium-transforma-o-coidado-das-persoas-maiores","status":"publish","type":"post","link":"https:\/\/pensium.es\/gl\/o-valor-do-impacto-social-como-pensium-transforma-o-coidado-das-persoas-maiores\/","title":{"rendered":"O valor do impacto social: como Pensium transforma o coidado das persoas maiores"},"content":{"rendered":"\n\n<div class=\"kk-star-ratings kksr-auto kksr-align-left kksr-valign-top\"\n    data-payload='{&quot;align&quot;:&quot;left&quot;,&quot;id&quot;:&quot;18454&quot;,&quot;slug&quot;:&quot;default&quot;,&quot;valign&quot;:&quot;top&quot;,&quot;ignore&quot;:&quot;&quot;,&quot;reference&quot;:&quot;auto&quot;,&quot;class&quot;:&quot;&quot;,&quot;count&quot;:&quot;1&quot;,&quot;legendonly&quot;:&quot;&quot;,&quot;readonly&quot;:&quot;&quot;,&quot;score&quot;:&quot;5&quot;,&quot;starsonly&quot;:&quot;&quot;,&quot;best&quot;:&quot;5&quot;,&quot;gap&quot;:&quot;5&quot;,&quot;greet&quot;:&quot;Rate this post&quot;,&quot;legend&quot;:&quot;5\\\/5 - (1 vote)&quot;,&quot;size&quot;:&quot;24&quot;,&quot;title&quot;:&quot;O valor do impacto social: como Pensium transforma o coidado das persoas maiores&quot;,&quot;width&quot;:&quot;142.5&quot;,&quot;_legend&quot;:&quot;{score}\\\/{best} - ({count} {votes})&quot;,&quot;font_factor&quot;:&quot;1.25&quot;}'>\n            \n<div class=\"kksr-stars\">\n    \n<div class=\"kksr-stars-inactive\">\n            <div class=\"kksr-star\" data-star=\"1\" style=\"padding-right: 5px\">\n            \n\n<div class=\"kksr-icon\" style=\"width: 24px; height: 24px;\"><\/div>\n        <\/div>\n            <div class=\"kksr-star\" data-star=\"2\" style=\"padding-right: 5px\">\n            \n\n<div class=\"kksr-icon\" style=\"width: 24px; height: 24px;\"><\/div>\n        <\/div>\n            <div class=\"kksr-star\" data-star=\"3\" style=\"padding-right: 5px\">\n            \n\n<div class=\"kksr-icon\" style=\"width: 24px; height: 24px;\"><\/div>\n        <\/div>\n            <div class=\"kksr-star\" data-star=\"4\" style=\"padding-right: 5px\">\n            \n\n<div class=\"kksr-icon\" style=\"width: 24px; height: 24px;\"><\/div>\n        <\/div>\n            <div class=\"kksr-star\" data-star=\"5\" style=\"padding-right: 5px\">\n            \n\n<div class=\"kksr-icon\" style=\"width: 24px; height: 24px;\"><\/div>\n        <\/div>\n    <\/div>\n    \n<div class=\"kksr-stars-active\" style=\"width: 142.5px;\">\n            <div class=\"kksr-star\" style=\"padding-right: 5px\">\n            \n\n<div class=\"kksr-icon\" style=\"width: 24px; height: 24px;\"><\/div>\n        <\/div>\n            <div class=\"kksr-star\" style=\"padding-right: 5px\">\n            \n\n<div class=\"kksr-icon\" style=\"width: 24px; height: 24px;\"><\/div>\n        <\/div>\n            <div class=\"kksr-star\" style=\"padding-right: 5px\">\n            \n\n<div class=\"kksr-icon\" style=\"width: 24px; height: 24px;\"><\/div>\n        <\/div>\n            <div class=\"kksr-star\" style=\"padding-right: 5px\">\n            \n\n<div class=\"kksr-icon\" style=\"width: 24px; height: 24px;\"><\/div>\n        <\/div>\n            <div class=\"kksr-star\" style=\"padding-right: 5px\">\n            \n\n<div class=\"kksr-icon\" style=\"width: 24px; height: 24px;\"><\/div>\n        <\/div>\n    <\/div>\n<\/div>\n                \n\n<div class=\"kksr-legend\" style=\"font-size: 19.2px;\">\n            5\/5 - (1 vote)    <\/div>\n    <\/div>\n<p data-start=\"191\" data-end=\"583\">Nun momento no que o envellecemento da poboaci\u00f3n presenta grandes desaf\u00edos para as familias e o sistema de coidados, o <strong data-start=\"310\" data-end=\"330\">Programa Pensium<\/strong> consol\u00eddase como unha soluci\u00f3n innovadora que une sustentabilidade, dignidade e benestar. A s\u00faa proposta vai m\u00e1is al\u00e1 do apoio financeiro: impulsa un verdadeiro <strong data-start=\"492\" data-end=\"510\">impacto social<\/strong>, mellorando a calidade de vida das persoas maiores e de quen as rodea.<\/p>\n<h3 data-start=\"585\" data-end=\"632\"><span style=\"color: #ff6600;\">Coidar das persoas, preservar o seu fogar<\/span><\/h3>\n<p data-start=\"634\" data-end=\"823\">O fogar \u00e9 m\u00e1is ca un espazo f\u00edsico: representa unha historia, unha seguridade e un v\u00ednculo emocional. Por\u00e9n, para moitas familias, o custo dos coidados pode po\u00f1er en risco ese patrimonio.<\/p>\n<p data-start=\"825\" data-end=\"1008\"><strong data-start=\"825\" data-end=\"836\">Pensium<\/strong> rompe ese c\u00edrculo de vulnerabilidade ao converter a vivenda familiar nunha fonte de benestar, permitindo afrontar os gastos derivados da atenci\u00f3n <strong data-start=\"983\" data-end=\"1005\">sen perder o fogar<\/strong>.<\/p>\n<p data-start=\"1010\" data-end=\"1279\">Deste xeito, cada programa non s\u00f3 facilita o acceso a servizos de coidado profesional, sen\u00f3n que tam\u00e9n preserva o legado de toda unha vida. Esta combinaci\u00f3n entre <strong data-start=\"1173\" data-end=\"1220\">apoio social e sustentabilidade patrimonial<\/strong> trad\u00facese nun beneficio directo para centos de familias.<\/p>\n<h3 data-start=\"1281\" data-end=\"1330\"><span style=\"color: #ff6600;\">Un impacto real nas persoas e na comunidade<\/span><\/h3>\n<p data-start=\"1332\" data-end=\"1531\">O impacto social de <strong data-start=\"1352\" data-end=\"1363\">Pensium<\/strong> m\u00eddese en <strong data-start=\"1374\" data-end=\"1397\">vidas transformadas<\/strong>. Detr\u00e1s de cada programa hai unha persoa maior que pode recibir os coidados axeitados, e unha familia que recupera a tranquilidade.<\/p>\n<p data-start=\"1533\" data-end=\"1785\">A maior\u00eda das persoas que acceden ao programa te\u00f1en ingresos modestos, moi por debaixo da media estatal. <strong data-start=\"1638\" data-end=\"1649\">Pensium<\/strong> chega precisamente onde m\u00e1is se necesita, ofrecendo unha alternativa viable a quen non atopa soluci\u00f3ns dentro do sistema tradicional.<\/p>\n<p data-start=\"1787\" data-end=\"2083\">Mais o impacto non se limita aos beneficiarios directos. Cada vivenda xestionada xera <strong data-start=\"1873\" data-end=\"1919\">actividade econ\u00f3mica e mellora do contorno<\/strong>. Moitas delas precisan rehabilitaci\u00f3n e posta ao d\u00eda, o que impulsa a econom\u00eda local, dinamiza o sector inmobiliario e contrib\u00fae a <strong data-start=\"2051\" data-end=\"2080\">rexenerar espazos urbanos<\/strong>.<\/p>\n<h3 data-start=\"2085\" data-end=\"2132\"><span style=\"color: #ff6600;\">Sustentabilidade e crecemento responsable<\/span><\/h3>\n<p data-start=\"2134\" data-end=\"2282\">O <strong data-start=\"2136\" data-end=\"2154\">modelo Pensium<\/strong> non s\u00f3 demostra solidez financeira, sen\u00f3n que tam\u00e9n medra cun prop\u00f3sito claro: <strong data-start=\"2234\" data-end=\"2279\">reverter os beneficios en benestar social<\/strong>.<\/p>\n<p data-start=\"2284\" data-end=\"2480\">Cada euro mobilizado no programa representa un <strong data-start=\"2331\" data-end=\"2388\">investimento en coidado, dignidade e calidade de vida<\/strong>. E cada vivenda rehabilitada \u00e9 un paso m\u00e1is cara a un contorno m\u00e1is humano e sustentable.<\/p>\n<h3 data-start=\"2482\" data-end=\"2521\"><span style=\"color: #ff6600;\">Transformar o futuro dos coidados<\/span><\/h3>\n<p data-start=\"2523\" data-end=\"2767\">O impacto de <strong data-start=\"2536\" data-end=\"2547\">Pensium<\/strong> non pode medirse unicamente con cifras. Est\u00e1 nas historias de quen volven sorrir ao saber que a s\u00faa nai ou o seu pai reciben a atenci\u00f3n que merecen. Est\u00e1 na tranquilidade de saber que o fogar familiar segue a ser seu.<\/p>\n<p data-start=\"2769\" data-end=\"2937\">Porque <strong data-start=\"2776\" data-end=\"2787\">Pensium<\/strong> non s\u00f3 financia coidados: transforma a maneira en que entendemos <strong data-start=\"2853\" data-end=\"2934\">o envellecemento, a solidariedade e o valor do constru\u00eddo ao longo dunha vida<\/strong>.<\/p>\n<p data-start=\"2939\" data-end=\"3102\">Coidar das persoas e preservar o seu fogar non \u00e9 s\u00f3 unha misi\u00f3n: \u00e9 unha maneira de constru\u00edr un <strong data-start=\"3035\" data-end=\"3099\">futuro m\u00e1is xusto, m\u00e1is humano e m\u00e1is sustentable para todos<\/strong>.<\/p>\n","protected":false},"excerpt":{"rendered":"<p>Nun momento no que o envellecemento da poboaci\u00f3n presenta grandes desaf\u00edos para as familias e o sistema de coidados, o Programa Pensium consol\u00eddase como unha soluci\u00f3n innovadora que une sustentabilidade, dignidade e benestar. A s\u00faa proposta vai m\u00e1is al\u00e1 do apoio financeiro: impulsa un verdadeiro impacto social, mellorando a calidade de vida das persoas maiores &#8230; <a class=\"excerpt-readmore\" href=\"https:\/\/pensium.es\/gl\/o-valor-do-impacto-social-como-pensium-transforma-o-coidado-das-persoas-maiores\/\">Read More<\/a><\/p>\n","protected":false},"author":1,"featured_media":0,"comment_status":"open","ping_status":"closed","sticky":false,"template":"","format":"standard","meta":{"footnotes":""},"categories":[],"tags":[],"class_list":["post-18454","post","type-post","status-publish","format-standard","hentry"],"yoast_head":"<!-- This site is optimized with the Yoast SEO plugin v27.3 - https:\/\/yoast.com\/product\/yoast-seo-wordpress\/ -->\n<title>O impacto social de Pensium<\/title>\n<meta name=\"description\" content=\"Nun momento no que o envellecemento da poboaci\u00f3n presenta grandes desaf\u00edos para as familias e o sistema de coidados, o Programa Pensium consol\u00eddase como unha soluci\u00f3n innovadora que une sustentabilidade, dignidade e benestar. A s\u00faa proposta vai m\u00e1is al\u00e1 do apoio financeiro: impulsa un verdadeiro impacto social, mellorando a calidade de vida das persoas maiores e de quen as rodea.\" \/>\n<meta name=\"robots\" content=\"index, follow, max-snippet:-1, max-image-preview:large, max-video-preview:-1\" \/>\n<link rel=\"canonical\" href=\"https:\/\/pensium.es\/gl\/o-valor-do-impacto-social-como-pensium-transforma-o-coidado-das-persoas-maiores\/\" \/>\n<meta property=\"og:locale\" content=\"gl_ES\" \/>\n<meta property=\"og:type\" content=\"article\" \/>\n<meta property=\"og:title\" content=\"O impacto social de Pensium\" \/>\n<meta property=\"og:description\" content=\"Nun momento no que o envellecemento da poboaci\u00f3n presenta grandes desaf\u00edos para as familias e o sistema de coidados, o Programa Pensium consol\u00eddase como unha soluci\u00f3n innovadora que une sustentabilidade, dignidade e benestar. A s\u00faa proposta vai m\u00e1is al\u00e1 do apoio financeiro: impulsa un verdadeiro impacto social, mellorando a calidade de vida das persoas maiores e de quen as rodea.\" \/>\n<meta property=\"og:url\" content=\"https:\/\/pensium.es\/gl\/o-valor-do-impacto-social-como-pensium-transforma-o-coidado-das-persoas-maiores\/\" \/>\n<meta property=\"og:site_name\" content=\"Pensium\" \/>\n<meta property=\"article:publisher\" content=\"https:\/\/www.facebook.com\/pensium.es\/\" \/>\n<meta property=\"article:published_time\" content=\"2025-10-27T18:31:45+00:00\" \/>\n<meta name=\"author\" content=\"Pensium\" \/>\n<meta name=\"twitter:card\" content=\"summary_large_image\" \/>\n<meta name=\"twitter:label1\" content=\"Escrito por\" \/>\n\t<meta name=\"twitter:data1\" content=\"Pensium\" \/>\n\t<meta name=\"twitter:label2\" content=\"Tempo de lectura\" \/>\n\t<meta name=\"twitter:data2\" content=\"3 minutos\" \/>\n<script type=\"application\/ld+json\" class=\"yoast-schema-graph\">{\"@context\":\"https:\\\/\\\/schema.org\",\"@graph\":[{\"@type\":\"Article\",\"@id\":\"https:\\\/\\\/pensium.es\\\/gl\\\/o-valor-do-impacto-social-como-pensium-transforma-o-coidado-das-persoas-maiores\\\/#article\",\"isPartOf\":{\"@id\":\"https:\\\/\\\/pensium.es\\\/gl\\\/o-valor-do-impacto-social-como-pensium-transforma-o-coidado-das-persoas-maiores\\\/\"},\"author\":{\"name\":\"Pensium\",\"@id\":\"https:\\\/\\\/pensium.es\\\/gl\\\/#\\\/schema\\\/person\\\/218909f91cb22b48c6447224ae9e09c0\"},\"headline\":\"O valor do impacto social: como Pensium transforma o coidado das persoas maiores\",\"datePublished\":\"2025-10-27T18:31:45+00:00\",\"mainEntityOfPage\":{\"@id\":\"https:\\\/\\\/pensium.es\\\/gl\\\/o-valor-do-impacto-social-como-pensium-transforma-o-coidado-das-persoas-maiores\\\/\"},\"wordCount\":492,\"commentCount\":0,\"inLanguage\":\"gl-ES\",\"potentialAction\":[{\"@type\":\"CommentAction\",\"name\":\"Comment\",\"target\":[\"https:\\\/\\\/pensium.es\\\/gl\\\/o-valor-do-impacto-social-como-pensium-transforma-o-coidado-das-persoas-maiores\\\/#respond\"]}]},{\"@type\":\"WebPage\",\"@id\":\"https:\\\/\\\/pensium.es\\\/gl\\\/o-valor-do-impacto-social-como-pensium-transforma-o-coidado-das-persoas-maiores\\\/\",\"url\":\"https:\\\/\\\/pensium.es\\\/gl\\\/o-valor-do-impacto-social-como-pensium-transforma-o-coidado-das-persoas-maiores\\\/\",\"name\":\"O impacto social de Pensium\",\"isPartOf\":{\"@id\":\"https:\\\/\\\/pensium.es\\\/gl\\\/#website\"},\"datePublished\":\"2025-10-27T18:31:45+00:00\",\"author\":{\"@id\":\"https:\\\/\\\/pensium.es\\\/gl\\\/#\\\/schema\\\/person\\\/218909f91cb22b48c6447224ae9e09c0\"},\"description\":\"Nun momento no que o envellecemento da poboaci\u00f3n presenta grandes desaf\u00edos para as familias e o sistema de coidados, o Programa Pensium consol\u00eddase como unha soluci\u00f3n innovadora que une sustentabilidade, dignidade e benestar. A s\u00faa proposta vai m\u00e1is al\u00e1 do apoio financeiro: impulsa un verdadeiro impacto social, mellorando a calidade de vida das persoas maiores e de quen as rodea.\",\"breadcrumb\":{\"@id\":\"https:\\\/\\\/pensium.es\\\/gl\\\/o-valor-do-impacto-social-como-pensium-transforma-o-coidado-das-persoas-maiores\\\/#breadcrumb\"},\"inLanguage\":\"gl-ES\",\"potentialAction\":[{\"@type\":\"ReadAction\",\"target\":[\"https:\\\/\\\/pensium.es\\\/gl\\\/o-valor-do-impacto-social-como-pensium-transforma-o-coidado-das-persoas-maiores\\\/\"]}]},{\"@type\":\"BreadcrumbList\",\"@id\":\"https:\\\/\\\/pensium.es\\\/gl\\\/o-valor-do-impacto-social-como-pensium-transforma-o-coidado-das-persoas-maiores\\\/#breadcrumb\",\"itemListElement\":[{\"@type\":\"ListItem\",\"position\":1,\"name\":\"Inicio\",\"item\":\"https:\\\/\\\/pensium.es\\\/gl\\\/\"},{\"@type\":\"ListItem\",\"position\":2,\"name\":\"O valor do impacto social: como Pensium transforma o coidado das persoas maiores\"}]},{\"@type\":\"WebSite\",\"@id\":\"https:\\\/\\\/pensium.es\\\/gl\\\/#website\",\"url\":\"https:\\\/\\\/pensium.es\\\/gl\\\/\",\"name\":\"Pensium\",\"description\":\"Pagar a residencia de maiores co pago anticipado do alugueiro\",\"potentialAction\":[{\"@type\":\"SearchAction\",\"target\":{\"@type\":\"EntryPoint\",\"urlTemplate\":\"https:\\\/\\\/pensium.es\\\/gl\\\/?s={search_term_string}\"},\"query-input\":{\"@type\":\"PropertyValueSpecification\",\"valueRequired\":true,\"valueName\":\"search_term_string\"}}],\"inLanguage\":\"gl-ES\"},{\"@type\":\"Person\",\"@id\":\"https:\\\/\\\/pensium.es\\\/gl\\\/#\\\/schema\\\/person\\\/218909f91cb22b48c6447224ae9e09c0\",\"name\":\"Pensium\",\"image\":{\"@type\":\"ImageObject\",\"inLanguage\":\"gl-ES\",\"@id\":\"https:\\\/\\\/secure.gravatar.com\\\/avatar\\\/d13bfc4fd39fc3ca713b011400396dd93bc20b2f8d09ed1ba605f5bd287a3365?s=96&d=mm&r=g\",\"url\":\"https:\\\/\\\/secure.gravatar.com\\\/avatar\\\/d13bfc4fd39fc3ca713b011400396dd93bc20b2f8d09ed1ba605f5bd287a3365?s=96&d=mm&r=g\",\"contentUrl\":\"https:\\\/\\\/secure.gravatar.com\\\/avatar\\\/d13bfc4fd39fc3ca713b011400396dd93bc20b2f8d09ed1ba605f5bd287a3365?s=96&d=mm&r=g\",\"caption\":\"Pensium\"},\"url\":\"https:\\\/\\\/pensium.es\\\/gl\\\/author\\\/pensium\\\/\"}]}<\/script>\n<!-- \/ Yoast SEO plugin. -->","yoast_head_json":{"title":"O impacto social de Pensium","description":"Nun momento no que o envellecemento da poboaci\u00f3n presenta grandes desaf\u00edos para as familias e o sistema de coidados, o Programa Pensium consol\u00eddase como unha soluci\u00f3n innovadora que une sustentabilidade, dignidade e benestar. A s\u00faa proposta vai m\u00e1is al\u00e1 do apoio financeiro: impulsa un verdadeiro impacto social, mellorando a calidade de vida das persoas maiores e de quen as rodea.","robots":{"index":"index","follow":"follow","max-snippet":"max-snippet:-1","max-image-preview":"max-image-preview:large","max-video-preview":"max-video-preview:-1"},"canonical":"https:\/\/pensium.es\/gl\/o-valor-do-impacto-social-como-pensium-transforma-o-coidado-das-persoas-maiores\/","og_locale":"gl_ES","og_type":"article","og_title":"O impacto social de Pensium","og_description":"Nun momento no que o envellecemento da poboaci\u00f3n presenta grandes desaf\u00edos para as familias e o sistema de coidados, o Programa Pensium consol\u00eddase como unha soluci\u00f3n innovadora que une sustentabilidade, dignidade e benestar. A s\u00faa proposta vai m\u00e1is al\u00e1 do apoio financeiro: impulsa un verdadeiro impacto social, mellorando a calidade de vida das persoas maiores e de quen as rodea.","og_url":"https:\/\/pensium.es\/gl\/o-valor-do-impacto-social-como-pensium-transforma-o-coidado-das-persoas-maiores\/","og_site_name":"Pensium","article_publisher":"https:\/\/www.facebook.com\/pensium.es\/","article_published_time":"2025-10-27T18:31:45+00:00","author":"Pensium","twitter_card":"summary_large_image","twitter_misc":{"Escrito por":"Pensium","Tempo de lectura":"3 minutos"},"schema":{"@context":"https:\/\/schema.org","@graph":[{"@type":"Article","@id":"https:\/\/pensium.es\/gl\/o-valor-do-impacto-social-como-pensium-transforma-o-coidado-das-persoas-maiores\/#article","isPartOf":{"@id":"https:\/\/pensium.es\/gl\/o-valor-do-impacto-social-como-pensium-transforma-o-coidado-das-persoas-maiores\/"},"author":{"name":"Pensium","@id":"https:\/\/pensium.es\/gl\/#\/schema\/person\/218909f91cb22b48c6447224ae9e09c0"},"headline":"O valor do impacto social: como Pensium transforma o coidado das persoas maiores","datePublished":"2025-10-27T18:31:45+00:00","mainEntityOfPage":{"@id":"https:\/\/pensium.es\/gl\/o-valor-do-impacto-social-como-pensium-transforma-o-coidado-das-persoas-maiores\/"},"wordCount":492,"commentCount":0,"inLanguage":"gl-ES","potentialAction":[{"@type":"CommentAction","name":"Comment","target":["https:\/\/pensium.es\/gl\/o-valor-do-impacto-social-como-pensium-transforma-o-coidado-das-persoas-maiores\/#respond"]}]},{"@type":"WebPage","@id":"https:\/\/pensium.es\/gl\/o-valor-do-impacto-social-como-pensium-transforma-o-coidado-das-persoas-maiores\/","url":"https:\/\/pensium.es\/gl\/o-valor-do-impacto-social-como-pensium-transforma-o-coidado-das-persoas-maiores\/","name":"O impacto social de Pensium","isPartOf":{"@id":"https:\/\/pensium.es\/gl\/#website"},"datePublished":"2025-10-27T18:31:45+00:00","author":{"@id":"https:\/\/pensium.es\/gl\/#\/schema\/person\/218909f91cb22b48c6447224ae9e09c0"},"description":"Nun momento no que o envellecemento da poboaci\u00f3n presenta grandes desaf\u00edos para as familias e o sistema de coidados, o Programa Pensium consol\u00eddase como unha soluci\u00f3n innovadora que une sustentabilidade, dignidade e benestar. A s\u00faa proposta vai m\u00e1is al\u00e1 do apoio financeiro: impulsa un verdadeiro impacto social, mellorando a calidade de vida das persoas maiores e de quen as rodea.","breadcrumb":{"@id":"https:\/\/pensium.es\/gl\/o-valor-do-impacto-social-como-pensium-transforma-o-coidado-das-persoas-maiores\/#breadcrumb"},"inLanguage":"gl-ES","potentialAction":[{"@type":"ReadAction","target":["https:\/\/pensium.es\/gl\/o-valor-do-impacto-social-como-pensium-transforma-o-coidado-das-persoas-maiores\/"]}]},{"@type":"BreadcrumbList","@id":"https:\/\/pensium.es\/gl\/o-valor-do-impacto-social-como-pensium-transforma-o-coidado-das-persoas-maiores\/#breadcrumb","itemListElement":[{"@type":"ListItem","position":1,"name":"Inicio","item":"https:\/\/pensium.es\/gl\/"},{"@type":"ListItem","position":2,"name":"O valor do impacto social: como Pensium transforma o coidado das persoas maiores"}]},{"@type":"WebSite","@id":"https:\/\/pensium.es\/gl\/#website","url":"https:\/\/pensium.es\/gl\/","name":"Pensium","description":"Pagar a residencia de maiores co pago anticipado do alugueiro","potentialAction":[{"@type":"SearchAction","target":{"@type":"EntryPoint","urlTemplate":"https:\/\/pensium.es\/gl\/?s={search_term_string}"},"query-input":{"@type":"PropertyValueSpecification","valueRequired":true,"valueName":"search_term_string"}}],"inLanguage":"gl-ES"},{"@type":"Person","@id":"https:\/\/pensium.es\/gl\/#\/schema\/person\/218909f91cb22b48c6447224ae9e09c0","name":"Pensium","image":{"@type":"ImageObject","inLanguage":"gl-ES","@id":"https:\/\/secure.gravatar.com\/avatar\/d13bfc4fd39fc3ca713b011400396dd93bc20b2f8d09ed1ba605f5bd287a3365?s=96&d=mm&r=g","url":"https:\/\/secure.gravatar.com\/avatar\/d13bfc4fd39fc3ca713b011400396dd93bc20b2f8d09ed1ba605f5bd287a3365?s=96&d=mm&r=g","contentUrl":"https:\/\/secure.gravatar.com\/avatar\/d13bfc4fd39fc3ca713b011400396dd93bc20b2f8d09ed1ba605f5bd287a3365?s=96&d=mm&r=g","caption":"Pensium"},"url":"https:\/\/pensium.es\/gl\/author\/pensium\/"}]}},"_links":{"self":[{"href":"https:\/\/pensium.es\/gl\/wp-json\/wp\/v2\/posts\/18454","targetHints":{"allow":["GET"]}}],"collection":[{"href":"https:\/\/pensium.es\/gl\/wp-json\/wp\/v2\/posts"}],"about":[{"href":"https:\/\/pensium.es\/gl\/wp-json\/wp\/v2\/types\/post"}],"author":[{"embeddable":true,"href":"https:\/\/pensium.es\/gl\/wp-json\/wp\/v2\/users\/1"}],"replies":[{"embeddable":true,"href":"https:\/\/pensium.es\/gl\/wp-json\/wp\/v2\/comments?post=18454"}],"version-history":[{"count":1,"href":"https:\/\/pensium.es\/gl\/wp-json\/wp\/v2\/posts\/18454\/revisions"}],"predecessor-version":[{"id":18455,"href":"https:\/\/pensium.es\/gl\/wp-json\/wp\/v2\/posts\/18454\/revisions\/18455"}],"wp:attachment":[{"href":"https:\/\/pensium.es\/gl\/wp-json\/wp\/v2\/media?parent=18454"}],"wp:term":[{"taxonomy":"category","embeddable":true,"href":"https:\/\/pensium.es\/gl\/wp-json\/wp\/v2\/categories?post=18454"},{"taxonomy":"post_tag","embeddable":true,"href":"https:\/\/pensium.es\/gl\/wp-json\/wp\/v2\/tags?post=18454"}],"curies":[{"name":"wp","href":"https:\/\/api.w.org\/{rel}","templated":true}]}}